{"id":13007061,"date":"2024-05-28T12:48:56","date_gmt":"2024-05-28T11:48:56","guid":{"rendered":"https:\/\/kapitalis.com\/tunisie\/?p=13007061"},"modified":"2024-05-28T12:48:58","modified_gmt":"2024-05-28T11:48:58","slug":"blu-tunisi-tunis-une-ville-qui-respire-des-siecles-dhistoire","status":"publish","type":"post","link":"https:\/\/kapitalis.com\/tunisie\/2024\/05\/28\/blu-tunisi-tunis-une-ville-qui-respire-des-siecles-dhistoire\/","title":{"rendered":"\u2018\u2018Blu Tunisi\u2019\u2019: Tunis, une ville qui respire des si\u00e8cles d\u2019histoire"},"content":{"rendered":"\n<p><strong><em>\u00abRendre aux lecteurs, \u00e0 travers l\u2019histoire du pass\u00e9 et du pr\u00e9sent de Tunis, ce sentiment de localisme qui leur permet de se sentir partie int\u00e9grante de la ville et non seulement observateurs ext\u00e9rieurs\u00bb. C\u2019est l\u2019objectif principal de <a href=\"https:\/\/www.infinitoedizioni.it\/prodotto\/blu-tunisi\/\" target=\"_blank\" rel=\"noreferrer noopener\">\u2018\u2018Blu Tunisi\u2019\u2019<\/a>, dernier livre de Francesca Spinola, r\u00e9cemment \u00e9dit\u00e9 par Infinito Edizioni : un voyage dans la ville et les cinq villages historiques de la capitale tunisienne.<\/em><\/strong><\/p>\n\n\n\n<!--more-->\n\n\n\n<p>En proposant l\u2019histoire de ses quartiers \u2013 v\u00e9ritables villages qui respirent des si\u00e8cles d\u2019histoire et qui t\u00e9moignent du passage de nombreuses civilisations et r\u00e9v\u00e9lant leurs particularit\u00e9s \u2013 l\u2019ouvrage vise \u00e0 inciter les habitants, les voyageurs, les expatri\u00e9s et les visiteurs occasionnels \u00e0 profiter pleinement des particularit\u00e9s du territoire.<\/p>\n\n\n\n<p>Capitale tunisienne, explique Spinola, auteur d\u2019essais et ancien journaliste. Coinc\u00e9e entre l\u2019immense <em>\u00ablac\u00bb<\/em> m\u00e9diterran\u00e9en, espace qui a toujours uni et divis\u00e9 les peuples qui surplombent ses rives, et les zones humides qui se trouvent derri\u00e8re elle, Tunis est une ville capable d\u2019offrir des \u00e9motions que nous avons tent\u00e9 d\u2019enfermer dans ces pages.<\/p>\n\n\n\n<p>Le lecteur trouvera ici un choix de lieux historiques et artistiques &#8211; certains cach\u00e9s et oubli\u00e9s, d&rsquo;autres branch\u00e9s &#8211; et des notes historiques, culturelles et architecturales qui les d\u00e9crivent. Des destinations connues ou des perles \u00e0 d\u00e9couvrir, toutes \u00e9galement fascinantes et chacune capable de renfermer, \u00e0 sa mani\u00e8re unique ou particuli\u00e8re, l\u2019essence de la ville.<\/p>\n\n\n\n<p>Le livre raconte magistralement un monde qui respire des si\u00e8cles d\u2019histoire et t\u00e9moigne encore aujourd\u2019hui du passage de nombreuses civilisations. Avec des itin\u00e9raires ponctuels entre des destinations connues et m\u00e9connues et une s\u00e9lection de lieux d\u2019achat et de restauration, <em>\u2018\u2018Blu Tunisi\u2019\u2019<\/em> parvient \u00e0 faire vivre pleinement au lecteur l\u2019essence de la ville et de ses <em>\u00abvillages\u00bb<\/em>, la M\u00e9dina, La Goulette, Carthage, La Marsa, Sidi Bou Sa\u00efd.<\/p>\n\n\n\n<p>Le 8 juin \u00e0 Milan, Spinola pr\u00e9sentera son <em>\u2018\u2018Blu Tunisi\u2019\u2019<\/em> dans le cadre du festival Africa Rivista 100 Afriche.<\/p>\n\n\n\n<p><strong><em>D&rsquo;apr\u00e8s <a href=\"https:\/\/www.ansa.it\/ansamed\/it\/notizie\/rubriche\/cultura\/2024\/05\/28\/blu-tunisi-un-viaggio-di-spinola-in-citta-e-nei-suoi-villaggi_bfec3c0b-1127-40e2-83c7-4dc4996e5a69.html\" target=\"_blank\" rel=\"noreferrer noopener\">Ansamed<\/a>. <\/em><\/strong><\/p>\n","protected":false},"excerpt":{"rendered":"<p>\u2018\u2018Blu Tunisi\u2019\u2019 de Francesca Spinola est un voyage dans la ville et les cinq villages historiques de la capitale tunisienne.<\/p>\n","protected":false},"author":8,"featured_media":13007114,"comment_status":"closed","ping_status":"open","sticky":false,"template":"","format":"standard","meta":{"footnotes":""},"categories":[994,2433],"tags":[115913,1234,115914,2917,2991,2096,827,64491],"class_list":["post-13007061","post","type-post","status-publish","format-standard","has-post-thumbnail","hentry","category-culture","category-tunisie","tag-blu-tunisi","tag-carthage","tag-francesca-spinola","tag-la-goulette","tag-la-marsa","tag-medina","tag-sidi-bou-said","tag-tunis"],"yoast_head":"<!-- This site is optimized with the Yoast SEO plugin v26.6 - https:\/\/yoast.com\/wordpress\/plugins\/seo\/ -->\n<title>\u2018\u2018Blu Tunisi\u2019\u2019: Tunis, une ville qui respire des si\u00e8cles d\u2019histoire - Kapitalis<\/title>\n<meta name=\"robots\" content=\"index, follow, max-snippet:-1, max-image-preview:large, max-video-preview:-1\" \/>\n<link rel=\"canonical\" href=\"https:\/\/kapitalis.com\/tunisie\/2024\/05\/28\/blu-tunisi-tunis-une-ville-qui-respire-des-siecles-dhistoire\/\" \/>\n<meta property=\"og:locale\" content=\"fr_FR\" \/>\n<meta property=\"og:type\" content=\"article\" \/>\n<meta property=\"og:title\" content=\"\u2018\u2018Blu Tunisi\u2019\u2019: Tunis, une ville qui respire des si\u00e8cles d\u2019histoire - Kapitalis\" \/>\n<meta property=\"og:description\" content=\"\u2018\u2018Blu Tunisi\u2019\u2019 de Francesca Spinola est un voyage dans la ville et les cinq villages historiques de la capitale tunisienne.\" \/>\n<meta property=\"og:url\" content=\"https:\/\/kapitalis.com\/tunisie\/2024\/05\/28\/blu-tunisi-tunis-une-ville-qui-respire-des-siecles-dhistoire\/\" \/>\n<meta property=\"og:site_name\" content=\"Kapitalis\" \/>\n<meta property=\"article:publisher\" content=\"https:\/\/www.facebook.com\/KapitalisInfo\/\" \/>\n<meta property=\"article:published_time\" content=\"2024-05-28T11:48:56+00:00\" \/>\n<meta property=\"article:modified_time\" content=\"2024-05-28T11:48:58+00:00\" \/>\n<meta property=\"og:image\" content=\"https:\/\/kapitalis.com\/tunisie\/wp-content\/uploads\/2024\/05\/Blu-Tunisi-Francesca-Spinola.jpg\" \/>\n\t<meta property=\"og:image:width\" content=\"1200\" \/>\n\t<meta property=\"og:image:height\" content=\"630\" \/>\n\t<meta property=\"og:image:type\" content=\"image\/jpeg\" \/>\n<meta name=\"author\" content=\"webmaster kapitalis\" \/>\n<meta name=\"twitter:card\" content=\"summary_large_image\" \/>\n<meta name=\"twitter:creator\" content=\"@KapitalisInfo\" \/>\n<meta name=\"twitter:site\" content=\"@KapitalisInfo\" \/>\n<meta name=\"twitter:label1\" content=\"\u00c9crit par\" \/>\n\t<meta name=\"twitter:data1\" content=\"webmaster kapitalis\" \/>\n\t<meta name=\"twitter:label2\" content=\"Dur\u00e9e de lecture estim\u00e9e\" \/>\n\t<meta name=\"twitter:data2\" content=\"2 minutes\" \/>\n<script type=\"application\/ld+json\" class=\"yoast-schema-graph\">{\"@context\":\"https:\/\/schema.org\",\"@graph\":[{\"@type\":\"Article\",\"@id\":\"https:\/\/kapitalis.com\/tunisie\/2024\/05\/28\/blu-tunisi-tunis-une-ville-qui-respire-des-siecles-dhistoire\/#article\",\"isPartOf\":{\"@id\":\"https:\/\/kapitalis.com\/tunisie\/2024\/05\/28\/blu-tunisi-tunis-une-ville-qui-respire-des-siecles-dhistoire\/\"},\"author\":{\"name\":\"webmaster kapitalis\",\"@id\":\"https:\/\/kapitalis.com\/tunisie\/#\/schema\/person\/d71f33a9ca44f7bad4698210b480c8e9\"},\"headline\":\"\u2018\u2018Blu Tunisi\u2019\u2019: Tunis, une ville qui respire des si\u00e8cles d\u2019histoire\",\"datePublished\":\"2024-05-28T11:48:56+00:00\",\"dateModified\":\"2024-05-28T11:48:58+00:00\",\"mainEntityOfPage\":{\"@id\":\"https:\/\/kapitalis.com\/tunisie\/2024\/05\/28\/blu-tunisi-tunis-une-ville-qui-respire-des-siecles-dhistoire\/\"},\"wordCount\":353,\"publisher\":{\"@id\":\"https:\/\/kapitalis.com\/tunisie\/#organization\"},\"image\":{\"@id\":\"https:\/\/kapitalis.com\/tunisie\/2024\/05\/28\/blu-tunisi-tunis-une-ville-qui-respire-des-siecles-dhistoire\/#primaryimage\"},\"thumbnailUrl\":\"https:\/\/kapitalis.com\/tunisie\/wp-content\/uploads\/2024\/05\/Blu-Tunisi-Francesca-Spinola.jpg\",\"keywords\":[\"Blu Tunisi\",\"Carthage\",\"Francesca Spinola\",\"La Goulette\",\"La Marsa\",\"M\u00e9dina\",\"Sidi Bou Sa\u00efd\",\"Tunis\"],\"articleSection\":[\"CULTURE\",\"Tunisie\"],\"inLanguage\":\"fr-FR\"},{\"@type\":\"WebPage\",\"@id\":\"https:\/\/kapitalis.com\/tunisie\/2024\/05\/28\/blu-tunisi-tunis-une-ville-qui-respire-des-siecles-dhistoire\/\",\"url\":\"https:\/\/kapitalis.com\/tunisie\/2024\/05\/28\/blu-tunisi-tunis-une-ville-qui-respire-des-siecles-dhistoire\/\",\"name\":\"\u2018\u2018Blu Tunisi\u2019\u2019: Tunis, une ville qui respire des si\u00e8cles d\u2019histoire - Kapitalis\",\"isPartOf\":{\"@id\":\"https:\/\/kapitalis.com\/tunisie\/#website\"},\"primaryImageOfPage\":{\"@id\":\"https:\/\/kapitalis.com\/tunisie\/2024\/05\/28\/blu-tunisi-tunis-une-ville-qui-respire-des-siecles-dhistoire\/#primaryimage\"},\"image\":{\"@id\":\"https:\/\/kapitalis.com\/tunisie\/2024\/05\/28\/blu-tunisi-tunis-une-ville-qui-respire-des-siecles-dhistoire\/#primaryimage\"},\"thumbnailUrl\":\"https:\/\/kapitalis.com\/tunisie\/wp-content\/uploads\/2024\/05\/Blu-Tunisi-Francesca-Spinola.jpg\",\"datePublished\":\"2024-05-28T11:48:56+00:00\",\"dateModified\":\"2024-05-28T11:48:58+00:00\",\"breadcrumb\":{\"@id\":\"https:\/\/kapitalis.com\/tunisie\/2024\/05\/28\/blu-tunisi-tunis-une-ville-qui-respire-des-siecles-dhistoire\/#breadcrumb\"},\"inLanguage\":\"fr-FR\",\"potentialAction\":[{\"@type\":\"ReadAction\",\"target\":[\"https:\/\/kapitalis.com\/tunisie\/2024\/05\/28\/blu-tunisi-tunis-une-ville-qui-respire-des-siecles-dhistoire\/\"]}]},{\"@type\":\"ImageObject\",\"inLanguage\":\"fr-FR\",\"@id\":\"https:\/\/kapitalis.com\/tunisie\/2024\/05\/28\/blu-tunisi-tunis-une-ville-qui-respire-des-siecles-dhistoire\/#primaryimage\",\"url\":\"https:\/\/kapitalis.com\/tunisie\/wp-content\/uploads\/2024\/05\/Blu-Tunisi-Francesca-Spinola.jpg\",\"contentUrl\":\"https:\/\/kapitalis.com\/tunisie\/wp-content\/uploads\/2024\/05\/Blu-Tunisi-Francesca-Spinola.jpg\",\"width\":1200,\"height\":630},{\"@type\":\"BreadcrumbList\",\"@id\":\"https:\/\/kapitalis.com\/tunisie\/2024\/05\/28\/blu-tunisi-tunis-une-ville-qui-respire-des-siecles-dhistoire\/#breadcrumb\",\"itemListElement\":[{\"@type\":\"ListItem\",\"position\":1,\"name\":\"Accueil\",\"item\":\"https:\/\/kapitalis.com\/tunisie\/\"},{\"@type\":\"ListItem\",\"position\":2,\"name\":\"\u2018\u2018Blu Tunisi\u2019\u2019: Tunis, une ville qui respire des si\u00e8cles d\u2019histoire\"}]},{\"@type\":\"WebSite\",\"@id\":\"https:\/\/kapitalis.com\/tunisie\/#website\",\"url\":\"https:\/\/kapitalis.com\/tunisie\/\",\"name\":\"Kapitalis\",\"description\":\"L&#039;actualit\u00e9 en Tunisie et dans le monde\",\"publisher\":{\"@id\":\"https:\/\/kapitalis.com\/tunisie\/#organization\"},\"potentialAction\":[{\"@type\":\"SearchAction\",\"target\":{\"@type\":\"EntryPoint\",\"urlTemplate\":\"https:\/\/kapitalis.com\/tunisie\/?s={search_term_string}\"},\"query-input\":{\"@type\":\"PropertyValueSpecification\",\"valueRequired\":true,\"valueName\":\"search_term_string\"}}],\"inLanguage\":\"fr-FR\"},{\"@type\":\"Organization\",\"@id\":\"https:\/\/kapitalis.com\/tunisie\/#organization\",\"name\":\"Kapitalis\",\"url\":\"https:\/\/kapitalis.com\/tunisie\/\",\"logo\":{\"@type\":\"ImageObject\",\"inLanguage\":\"fr-FR\",\"@id\":\"https:\/\/kapitalis.com\/tunisie\/#\/schema\/logo\/image\/\",\"url\":\"https:\/\/kapitalis.com\/tunisie\/wp-content\/uploads\/2022\/05\/Kapitalis-big-size.png\",\"contentUrl\":\"https:\/\/kapitalis.com\/tunisie\/wp-content\/uploads\/2022\/05\/Kapitalis-big-size.png\",\"width\":5000,\"height\":1500,\"caption\":\"Kapitalis\"},\"image\":{\"@id\":\"https:\/\/kapitalis.com\/tunisie\/#\/schema\/logo\/image\/\"},\"sameAs\":[\"https:\/\/www.facebook.com\/KapitalisInfo\/\",\"https:\/\/x.com\/KapitalisInfo\",\"https:\/\/www.youtube.com\/channel\/UC-yDYrHyfFBWWZaOw3FPg9Q\"]},{\"@type\":\"Person\",\"@id\":\"https:\/\/kapitalis.com\/tunisie\/#\/schema\/person\/d71f33a9ca44f7bad4698210b480c8e9\",\"name\":\"webmaster kapitalis\",\"url\":\"https:\/\/kapitalis.com\/tunisie\/author\/webmaster-kapitalis\/\"}]}<\/script>\n<!-- \/ Yoast SEO plugin. -->","yoast_head_json":{"title":"\u2018\u2018Blu Tunisi\u2019\u2019: Tunis, une ville qui respire des si\u00e8cles d\u2019histoire - Kapitalis","robots":{"index":"index","follow":"follow","max-snippet":"max-snippet:-1","max-image-preview":"max-image-preview:large","max-video-preview":"max-video-preview:-1"},"canonical":"https:\/\/kapitalis.com\/tunisie\/2024\/05\/28\/blu-tunisi-tunis-une-ville-qui-respire-des-siecles-dhistoire\/","og_locale":"fr_FR","og_type":"article","og_title":"\u2018\u2018Blu Tunisi\u2019\u2019: Tunis, une ville qui respire des si\u00e8cles d\u2019histoire - Kapitalis","og_description":"\u2018\u2018Blu Tunisi\u2019\u2019 de Francesca Spinola est un voyage dans la ville et les cinq villages historiques de la capitale tunisienne.","og_url":"https:\/\/kapitalis.com\/tunisie\/2024\/05\/28\/blu-tunisi-tunis-une-ville-qui-respire-des-siecles-dhistoire\/","og_site_name":"Kapitalis","article_publisher":"https:\/\/www.facebook.com\/KapitalisInfo\/","article_published_time":"2024-05-28T11:48:56+00:00","article_modified_time":"2024-05-28T11:48:58+00:00","og_image":[{"width":1200,"height":630,"url":"https:\/\/kapitalis.com\/tunisie\/wp-content\/uploads\/2024\/05\/Blu-Tunisi-Francesca-Spinola.jpg","type":"image\/jpeg"}],"author":"webmaster kapitalis","twitter_card":"summary_large_image","twitter_creator":"@KapitalisInfo","twitter_site":"@KapitalisInfo","twitter_misc":{"\u00c9crit par":"webmaster kapitalis","Dur\u00e9e de lecture estim\u00e9e":"2 minutes"},"schema":{"@context":"https:\/\/schema.org","@graph":[{"@type":"Article","@id":"https:\/\/kapitalis.com\/tunisie\/2024\/05\/28\/blu-tunisi-tunis-une-ville-qui-respire-des-siecles-dhistoire\/#article","isPartOf":{"@id":"https:\/\/kapitalis.com\/tunisie\/2024\/05\/28\/blu-tunisi-tunis-une-ville-qui-respire-des-siecles-dhistoire\/"},"author":{"name":"webmaster kapitalis","@id":"https:\/\/kapitalis.com\/tunisie\/#\/schema\/person\/d71f33a9ca44f7bad4698210b480c8e9"},"headline":"\u2018\u2018Blu Tunisi\u2019\u2019: Tunis, une ville qui respire des si\u00e8cles d\u2019histoire","datePublished":"2024-05-28T11:48:56+00:00","dateModified":"2024-05-28T11:48:58+00:00","mainEntityOfPage":{"@id":"https:\/\/kapitalis.com\/tunisie\/2024\/05\/28\/blu-tunisi-tunis-une-ville-qui-respire-des-siecles-dhistoire\/"},"wordCount":353,"publisher":{"@id":"https:\/\/kapitalis.com\/tunisie\/#organization"},"image":{"@id":"https:\/\/kapitalis.com\/tunisie\/2024\/05\/28\/blu-tunisi-tunis-une-ville-qui-respire-des-siecles-dhistoire\/#primaryimage"},"thumbnailUrl":"https:\/\/kapitalis.com\/tunisie\/wp-content\/uploads\/2024\/05\/Blu-Tunisi-Francesca-Spinola.jpg","keywords":["Blu Tunisi","Carthage","Francesca Spinola","La Goulette","La Marsa","M\u00e9dina","Sidi Bou Sa\u00efd","Tunis"],"articleSection":["CULTURE","Tunisie"],"inLanguage":"fr-FR"},{"@type":"WebPage","@id":"https:\/\/kapitalis.com\/tunisie\/2024\/05\/28\/blu-tunisi-tunis-une-ville-qui-respire-des-siecles-dhistoire\/","url":"https:\/\/kapitalis.com\/tunisie\/2024\/05\/28\/blu-tunisi-tunis-une-ville-qui-respire-des-siecles-dhistoire\/","name":"\u2018\u2018Blu Tunisi\u2019\u2019: Tunis, une ville qui respire des si\u00e8cles d\u2019histoire - Kapitalis","isPartOf":{"@id":"https:\/\/kapitalis.com\/tunisie\/#website"},"primaryImageOfPage":{"@id":"https:\/\/kapitalis.com\/tunisie\/2024\/05\/28\/blu-tunisi-tunis-une-ville-qui-respire-des-siecles-dhistoire\/#primaryimage"},"image":{"@id":"https:\/\/kapitalis.com\/tunisie\/2024\/05\/28\/blu-tunisi-tunis-une-ville-qui-respire-des-siecles-dhistoire\/#primaryimage"},"thumbnailUrl":"https:\/\/kapitalis.com\/tunisie\/wp-content\/uploads\/2024\/05\/Blu-Tunisi-Francesca-Spinola.jpg","datePublished":"2024-05-28T11:48:56+00:00","dateModified":"2024-05-28T11:48:58+00:00","breadcrumb":{"@id":"https:\/\/kapitalis.com\/tunisie\/2024\/05\/28\/blu-tunisi-tunis-une-ville-qui-respire-des-siecles-dhistoire\/#breadcrumb"},"inLanguage":"fr-FR","potentialAction":[{"@type":"ReadAction","target":["https:\/\/kapitalis.com\/tunisie\/2024\/05\/28\/blu-tunisi-tunis-une-ville-qui-respire-des-siecles-dhistoire\/"]}]},{"@type":"ImageObject","inLanguage":"fr-FR","@id":"https:\/\/kapitalis.com\/tunisie\/2024\/05\/28\/blu-tunisi-tunis-une-ville-qui-respire-des-siecles-dhistoire\/#primaryimage","url":"https:\/\/kapitalis.com\/tunisie\/wp-content\/uploads\/2024\/05\/Blu-Tunisi-Francesca-Spinola.jpg","contentUrl":"https:\/\/kapitalis.com\/tunisie\/wp-content\/uploads\/2024\/05\/Blu-Tunisi-Francesca-Spinola.jpg","width":1200,"height":630},{"@type":"BreadcrumbList","@id":"https:\/\/kapitalis.com\/tunisie\/2024\/05\/28\/blu-tunisi-tunis-une-ville-qui-respire-des-siecles-dhistoire\/#breadcrumb","itemListElement":[{"@type":"ListItem","position":1,"name":"Accueil","item":"https:\/\/kapitalis.com\/tunisie\/"},{"@type":"ListItem","position":2,"name":"\u2018\u2018Blu Tunisi\u2019\u2019: Tunis, une ville qui respire des si\u00e8cles d\u2019histoire"}]},{"@type":"WebSite","@id":"https:\/\/kapitalis.com\/tunisie\/#website","url":"https:\/\/kapitalis.com\/tunisie\/","name":"Kapitalis","description":"L&#039;actualit\u00e9 en Tunisie et dans le monde","publisher":{"@id":"https:\/\/kapitalis.com\/tunisie\/#organization"},"potentialAction":[{"@type":"SearchAction","target":{"@type":"EntryPoint","urlTemplate":"https:\/\/kapitalis.com\/tunisie\/?s={search_term_string}"},"query-input":{"@type":"PropertyValueSpecification","valueRequired":true,"valueName":"search_term_string"}}],"inLanguage":"fr-FR"},{"@type":"Organization","@id":"https:\/\/kapitalis.com\/tunisie\/#organization","name":"Kapitalis","url":"https:\/\/kapitalis.com\/tunisie\/","logo":{"@type":"ImageObject","inLanguage":"fr-FR","@id":"https:\/\/kapitalis.com\/tunisie\/#\/schema\/logo\/image\/","url":"https:\/\/kapitalis.com\/tunisie\/wp-content\/uploads\/2022\/05\/Kapitalis-big-size.png","contentUrl":"https:\/\/kapitalis.com\/tunisie\/wp-content\/uploads\/2022\/05\/Kapitalis-big-size.png","width":5000,"height":1500,"caption":"Kapitalis"},"image":{"@id":"https:\/\/kapitalis.com\/tunisie\/#\/schema\/logo\/image\/"},"sameAs":["https:\/\/www.facebook.com\/KapitalisInfo\/","https:\/\/x.com\/KapitalisInfo","https:\/\/www.youtube.com\/channel\/UC-yDYrHyfFBWWZaOw3FPg9Q"]},{"@type":"Person","@id":"https:\/\/kapitalis.com\/tunisie\/#\/schema\/person\/d71f33a9ca44f7bad4698210b480c8e9","name":"webmaster kapitalis","url":"https:\/\/kapitalis.com\/tunisie\/author\/webmaster-kapitalis\/"}]}},"_links":{"self":[{"href":"https:\/\/kapitalis.com\/tunisie\/wp-json\/wp\/v2\/posts\/13007061","targetHints":{"allow":["GET"]}}],"collection":[{"href":"https:\/\/kapitalis.com\/tunisie\/wp-json\/wp\/v2\/posts"}],"about":[{"href":"https:\/\/kapitalis.com\/tunisie\/wp-json\/wp\/v2\/types\/post"}],"author":[{"embeddable":true,"href":"https:\/\/kapitalis.com\/tunisie\/wp-json\/wp\/v2\/users\/8"}],"replies":[{"embeddable":true,"href":"https:\/\/kapitalis.com\/tunisie\/wp-json\/wp\/v2\/comments?post=13007061"}],"version-history":[{"count":1,"href":"https:\/\/kapitalis.com\/tunisie\/wp-json\/wp\/v2\/posts\/13007061\/revisions"}],"predecessor-version":[{"id":13007119,"href":"https:\/\/kapitalis.com\/tunisie\/wp-json\/wp\/v2\/posts\/13007061\/revisions\/13007119"}],"wp:featuredmedia":[{"embeddable":true,"href":"https:\/\/kapitalis.com\/tunisie\/wp-json\/wp\/v2\/media\/13007114"}],"wp:attachment":[{"href":"https:\/\/kapitalis.com\/tunisie\/wp-json\/wp\/v2\/media?parent=13007061"}],"wp:term":[{"taxonomy":"category","embeddable":true,"href":"https:\/\/kapitalis.com\/tunisie\/wp-json\/wp\/v2\/categories?post=13007061"},{"taxonomy":"post_tag","embeddable":true,"href":"https:\/\/kapitalis.com\/tunisie\/wp-json\/wp\/v2\/tags?post=13007061"}],"curies":[{"name":"wp","href":"https:\/\/api.w.org\/{rel}","templated":true}]}}