{"id":1300859,"date":"2022-06-07T08:02:58","date_gmt":"2022-06-07T07:02:58","guid":{"rendered":"https:\/\/kapitalis.com\/tunisie\/?p=1300859"},"modified":"2022-06-07T08:02:59","modified_gmt":"2022-06-07T07:02:59","slug":"tunisie-les-juges-se-lancent-dans-un-bras-de-fer-avec-le-president-saied","status":"publish","type":"post","link":"https:\/\/kapitalis.com\/tunisie\/2022\/06\/07\/tunisie-les-juges-se-lancent-dans-un-bras-de-fer-avec-le-president-saied\/","title":{"rendered":"Tunisie\u00a0: les juges se lancent dans un bras de fer avec le pr\u00e9sident Sa\u00efed"},"content":{"rendered":"\n<p><strong><em>Le pr\u00e9sident de l\u2019Association des magistrats tunisiens (AMT), Anas Hmaidi, a \u00e9t\u00e9 content de d\u00e9clarer que 99% des magistrats ont pris part \u00e0 la gr\u00e8ve g\u00e9n\u00e9rale observ\u00e9e lundi 6 juin 2022, pour protester contre le limogeage de 57 juges accus\u00e9s de corruption et de divers crimes et d\u00e9lits. \u00abC\u2019est un taux de participation jamais atteint\u00bb, s&rsquo;est-il f\u00e9licit\u00e9 dans plusieurs m\u00e9dias de la place.<\/em><\/strong><\/p>\n\n\n\n<!--more-->\n\n\n\n<p><em>\u00abDes pressions ont \u00e9t\u00e9 exerc\u00e9es sur les magistrats pour les dissuader de participer \u00e0 la gr\u00e8ve. Nous sommes attach\u00e9s \u00e0 l\u2019unit\u00e9 de nos rangs\u00bb<\/em>, a aussi d\u00e9clar\u00e9 Anas Hmaidi, dont l&rsquo;association avait d\u00e9cid\u00e9 de suspendre, pendant une semaine, les activit\u00e9s de tous les tribunaux et ce, \u00e0 partir du lundi 6 juin, en mena\u00e7ant de poursuivre la gr\u00e8ve au-del\u00e0 de cette date <em>\u00abtant que le pr\u00e9sident de la r\u00e9publique ne reviendra pas sur sa d\u00e9cision de r\u00e9voquer les 57 juges\u00bb<\/em>, a-t-il lanc\u00e9.<\/p>\n\n\n\n<p>La r\u00e9ponse des autorit\u00e9s n&rsquo;a pas tard\u00e9, puisque la pr\u00e9sidence de la r\u00e9publique a indiqu\u00e9, dans un communiqu\u00e9 publi\u00e9 dans la soir\u00e9e, \u00e0 la suite d&rsquo;une rencontre entre le pr\u00e9sident Ka\u00efs Sa\u00efed et la ministre de la Justice, Leila Jaffel, que la continuit\u00e9 du service public est garantie par la loi et que le gouvernement va recourir aux pr\u00e9l\u00e8vements sur salaires des gr\u00e9vistes pour qu\u2019il n\u2019y ait pas atteinte aux int\u00e9r\u00eats des justiciables.<\/p>\n\n\n\n<p>Ces pr\u00e9l\u00e8vementsn rappelons-le, sont inscrits dans les lois de la r\u00e9publique que les juges, pas plus que les autres salari\u00e9s du secteur public, sont tenus de respecter. Peuvent-ils compter, cette fois encore, sur l&rsquo;indulgence des autorit\u00e9s publiques, qui, dans une volont\u00e9 d&rsquo;apaisement, recourent rarement \u00e0 l&rsquo;application de cette loi.<\/p>\n\n\n\n<p>Qu&rsquo;on nous permette d&rsquo;en douter, car on ne voit pas comment le pr\u00e9sident Sa\u00efed pourrait accepter de c\u00e9der devant le bras-de-fer que cherche \u00e0 lui imposer un corps de m\u00e9tier qui s&rsquo;est cru, jusque-l\u00e0, au dessus des lois, alors qu&rsquo;il est cens\u00e9 veiller \u00e0 son respect.<\/p>\n\n\n\n<p class=\"has-text-align-right\"><strong>I. B.<\/strong><\/p>\n\n\n\n<h4 class=\"wp-block-heading\"><em>Articles li\u00e9s : <\/em><\/h4>\n\n\n\n<figure class=\"wp-block-embed is-type-wp-embed is-provider-kapitalis wp-block-embed-kapitalis\"><div class=\"wp-block-embed__wrapper\">\n<blockquote class=\"wp-embedded-content\" data-secret=\"7J5Dyb9HvY\"><a href=\"https:\/\/kapitalis.com\/tunisie\/2022\/06\/07\/tunisie-presidence-les-juges-en-greve-ne-seront-pas-payes-pour-les-jours-non-travailles\/\">Tunisie-Pr\u00e9sidence : Les juges en gr\u00e8ve ne seront pas pay\u00e9s pour les jours non-travaill\u00e9s<\/a><\/blockquote><iframe loading=\"lazy\" class=\"wp-embedded-content\" sandbox=\"allow-scripts\" security=\"restricted\" style=\"position: absolute; clip: rect(1px, 1px, 1px, 1px);\" title=\"\u00ab\u00a0Tunisie-Pr\u00e9sidence : Les juges en gr\u00e8ve ne seront pas pay\u00e9s pour les jours non-travaill\u00e9s\u00a0\u00bb &#8212; Kapitalis\" src=\"https:\/\/kapitalis.com\/tunisie\/2022\/06\/07\/tunisie-presidence-les-juges-en-greve-ne-seront-pas-payes-pour-les-jours-non-travailles\/embed\/#?secret=8HZOafF0sy#?secret=7J5Dyb9HvY\" data-secret=\"7J5Dyb9HvY\" width=\"600\" height=\"338\" frameborder=\"0\" marginwidth=\"0\" marginheight=\"0\" scrolling=\"no\"><\/iframe>\n<\/div><\/figure>\n\n\n\n<figure class=\"wp-block-embed is-type-wp-embed is-provider-kapitalis wp-block-embed-kapitalis\"><div class=\"wp-block-embed__wrapper\">\n<blockquote class=\"wp-embedded-content\" data-secret=\"22i1vgBhcU\"><a href=\"https:\/\/kapitalis.com\/tunisie\/2022\/06\/06\/tunisie-les-magistrats-grevistes-vont-ils-etre-payes-pour-les-jours-non-travailles\/\">Tunisie : les magistrats gr\u00e9vistes vont-ils \u00eatre pay\u00e9s pour les jours non-travaill\u00e9s?<\/a><\/blockquote><iframe loading=\"lazy\" class=\"wp-embedded-content\" sandbox=\"allow-scripts\" security=\"restricted\" style=\"position: absolute; clip: rect(1px, 1px, 1px, 1px);\" title=\"\u00ab\u00a0Tunisie : les magistrats gr\u00e9vistes vont-ils \u00eatre pay\u00e9s pour les jours non-travaill\u00e9s?\u00a0\u00bb &#8212; Kapitalis\" src=\"https:\/\/kapitalis.com\/tunisie\/2022\/06\/06\/tunisie-les-magistrats-grevistes-vont-ils-etre-payes-pour-les-jours-non-travailles\/embed\/#?secret=FnDfiNZ74a#?secret=22i1vgBhcU\" data-secret=\"22i1vgBhcU\" width=\"600\" height=\"338\" frameborder=\"0\" marginwidth=\"0\" marginheight=\"0\" scrolling=\"no\"><\/iframe>\n<\/div><\/figure>\n\n\n\n<figure class=\"wp-block-embed is-type-wp-embed is-provider-kapitalis wp-block-embed-kapitalis\"><div class=\"wp-block-embed__wrapper\">\n<blockquote class=\"wp-embedded-content\" data-secret=\"1xv7l85V3Z\"><a href=\"https:\/\/kapitalis.com\/tunisie\/2022\/06\/02\/tunisie-remarques-preliminaires-sur-les-57-juges-revoques\/\">Tunisie\u00a0: remarques pr\u00e9liminaires sur les 57 juges r\u00e9voqu\u00e9s<\/a><\/blockquote><iframe loading=\"lazy\" class=\"wp-embedded-content\" sandbox=\"allow-scripts\" security=\"restricted\" style=\"position: absolute; clip: rect(1px, 1px, 1px, 1px);\" title=\"\u00ab\u00a0Tunisie\u00a0: remarques pr\u00e9liminaires sur les 57 juges r\u00e9voqu\u00e9s\u00a0\u00bb &#8212; Kapitalis\" src=\"https:\/\/kapitalis.com\/tunisie\/2022\/06\/02\/tunisie-remarques-preliminaires-sur-les-57-juges-revoques\/embed\/#?secret=5fl9Tc9jyj#?secret=1xv7l85V3Z\" data-secret=\"1xv7l85V3Z\" width=\"600\" height=\"338\" frameborder=\"0\" marginwidth=\"0\" marginheight=\"0\" scrolling=\"no\"><\/iframe>\n<\/div><\/figure>\n","protected":false},"excerpt":{"rendered":"<p>Le pr\u00e9sident de l\u2019Association des magistrats tunisiens (AMT), Anas Hmaidi, a \u00e9t\u00e9 content de d\u00e9clarer que 99% des magistrats ont pris part \u00e0 la gr\u00e8ve g\u00e9n\u00e9rale observ\u00e9e lundi 6 juin 2022, pour protester contre le limogeage de 57 juges accus\u00e9s de corruption et de divers crimes et d\u00e9lits. \u00abC\u2019est un taux de participation jamais atteint\u00bb,&#8230;<\/p>\n","protected":false},"author":8,"featured_media":1300915,"comment_status":"open","ping_status":"open","sticky":false,"template":"","format":"standard","meta":{"footnotes":""},"categories":[994,2433],"tags":[65936,76012,87491,100374,62643],"class_list":["post-1300859","post","type-post","status-publish","format-standard","has-post-thumbnail","hentry","category-culture","category-tunisie","tag-anas-hmaidi","tag-kais-saied-2","tag-leila-jaffel-2","tag-magistrats-revoques","tag-tunisie"],"yoast_head":"<!-- This site is optimized with the Yoast SEO plugin v26.6 - https:\/\/yoast.com\/wordpress\/plugins\/seo\/ -->\n<title>Tunisie\u00a0: les juges se lancent dans un bras de fer avec le pr\u00e9sident Sa\u00efed - Kapitalis<\/title>\n<meta name=\"robots\" content=\"index, follow, max-snippet:-1, max-image-preview:large, max-video-preview:-1\" \/>\n<link rel=\"canonical\" href=\"https:\/\/kapitalis.com\/tunisie\/2022\/06\/07\/tunisie-les-juges-se-lancent-dans-un-bras-de-fer-avec-le-president-saied\/\" \/>\n<meta property=\"og:locale\" content=\"fr_FR\" \/>\n<meta property=\"og:type\" content=\"article\" \/>\n<meta property=\"og:title\" content=\"Tunisie\u00a0: les juges se lancent dans un bras de fer avec le pr\u00e9sident Sa\u00efed - Kapitalis\" \/>\n<meta property=\"og:description\" content=\"Le pr\u00e9sident de l\u2019Association des magistrats tunisiens (AMT), Anas Hmaidi, a \u00e9t\u00e9 content de d\u00e9clarer que 99% des magistrats ont pris part \u00e0 la gr\u00e8ve g\u00e9n\u00e9rale observ\u00e9e lundi 6 juin 2022, pour protester contre le limogeage de 57 juges accus\u00e9s de corruption et de divers crimes et d\u00e9lits. \u00abC\u2019est un taux de participation jamais atteint\u00bb,...\" \/>\n<meta property=\"og:url\" content=\"https:\/\/kapitalis.com\/tunisie\/2022\/06\/07\/tunisie-les-juges-se-lancent-dans-un-bras-de-fer-avec-le-president-saied\/\" \/>\n<meta property=\"og:site_name\" content=\"Kapitalis\" \/>\n<meta property=\"article:publisher\" content=\"https:\/\/www.facebook.com\/KapitalisInfo\/\" \/>\n<meta property=\"article:published_time\" content=\"2022-06-07T07:02:58+00:00\" \/>\n<meta property=\"article:modified_time\" content=\"2022-06-07T07:02:59+00:00\" \/>\n<meta property=\"og:image\" content=\"https:\/\/kapitalis.com\/tunisie\/wp-content\/uploads\/2022\/06\/Anas-Hmaidi.jpg\" \/>\n\t<meta property=\"og:image:width\" content=\"1200\" \/>\n\t<meta property=\"og:image:height\" content=\"630\" \/>\n\t<meta property=\"og:image:type\" content=\"image\/jpeg\" \/>\n<meta name=\"author\" content=\"webmaster kapitalis\" \/>\n<meta name=\"twitter:card\" content=\"summary_large_image\" \/>\n<meta name=\"twitter:creator\" content=\"@KapitalisInfo\" \/>\n<meta name=\"twitter:site\" content=\"@KapitalisInfo\" \/>\n<meta name=\"twitter:label1\" content=\"\u00c9crit par\" \/>\n\t<meta name=\"twitter:data1\" content=\"webmaster kapitalis\" \/>\n\t<meta name=\"twitter:label2\" content=\"Dur\u00e9e de lecture estim\u00e9e\" \/>\n\t<meta name=\"twitter:data2\" content=\"2 minutes\" \/>\n<script type=\"application\/ld+json\" class=\"yoast-schema-graph\">{\"@context\":\"https:\/\/schema.org\",\"@graph\":[{\"@type\":\"Article\",\"@id\":\"https:\/\/kapitalis.com\/tunisie\/2022\/06\/07\/tunisie-les-juges-se-lancent-dans-un-bras-de-fer-avec-le-president-saied\/#article\",\"isPartOf\":{\"@id\":\"https:\/\/kapitalis.com\/tunisie\/2022\/06\/07\/tunisie-les-juges-se-lancent-dans-un-bras-de-fer-avec-le-president-saied\/\"},\"author\":{\"name\":\"webmaster kapitalis\",\"@id\":\"https:\/\/kapitalis.com\/tunisie\/#\/schema\/person\/d71f33a9ca44f7bad4698210b480c8e9\"},\"headline\":\"Tunisie\u00a0: les juges se lancent dans un bras de fer avec le pr\u00e9sident Sa\u00efed\",\"datePublished\":\"2022-06-07T07:02:58+00:00\",\"dateModified\":\"2022-06-07T07:02:59+00:00\",\"mainEntityOfPage\":{\"@id\":\"https:\/\/kapitalis.com\/tunisie\/2022\/06\/07\/tunisie-les-juges-se-lancent-dans-un-bras-de-fer-avec-le-president-saied\/\"},\"wordCount\":385,\"commentCount\":1,\"publisher\":{\"@id\":\"https:\/\/kapitalis.com\/tunisie\/#organization\"},\"image\":{\"@id\":\"https:\/\/kapitalis.com\/tunisie\/2022\/06\/07\/tunisie-les-juges-se-lancent-dans-un-bras-de-fer-avec-le-president-saied\/#primaryimage\"},\"thumbnailUrl\":\"https:\/\/kapitalis.com\/tunisie\/wp-content\/uploads\/2022\/06\/Anas-Hmaidi.jpg\",\"keywords\":[\"Anas Hmaidi\",\"Ka\u00efs Sa\u00efed\",\"Leila Jaffel\",\"magistrats r\u00e9voqu\u00e9s\",\"Tunisie\"],\"articleSection\":[\"CULTURE\",\"Tunisie\"],\"inLanguage\":\"fr-FR\",\"potentialAction\":[{\"@type\":\"CommentAction\",\"name\":\"Comment\",\"target\":[\"https:\/\/kapitalis.com\/tunisie\/2022\/06\/07\/tunisie-les-juges-se-lancent-dans-un-bras-de-fer-avec-le-president-saied\/#respond\"]}]},{\"@type\":\"WebPage\",\"@id\":\"https:\/\/kapitalis.com\/tunisie\/2022\/06\/07\/tunisie-les-juges-se-lancent-dans-un-bras-de-fer-avec-le-president-saied\/\",\"url\":\"https:\/\/kapitalis.com\/tunisie\/2022\/06\/07\/tunisie-les-juges-se-lancent-dans-un-bras-de-fer-avec-le-president-saied\/\",\"name\":\"Tunisie\u00a0: les juges se lancent dans un bras de fer avec le pr\u00e9sident Sa\u00efed - Kapitalis\",\"isPartOf\":{\"@id\":\"https:\/\/kapitalis.com\/tunisie\/#website\"},\"primaryImageOfPage\":{\"@id\":\"https:\/\/kapitalis.com\/tunisie\/2022\/06\/07\/tunisie-les-juges-se-lancent-dans-un-bras-de-fer-avec-le-president-saied\/#primaryimage\"},\"image\":{\"@id\":\"https:\/\/kapitalis.com\/tunisie\/2022\/06\/07\/tunisie-les-juges-se-lancent-dans-un-bras-de-fer-avec-le-president-saied\/#primaryimage\"},\"thumbnailUrl\":\"https:\/\/kapitalis.com\/tunisie\/wp-content\/uploads\/2022\/06\/Anas-Hmaidi.jpg\",\"datePublished\":\"2022-06-07T07:02:58+00:00\",\"dateModified\":\"2022-06-07T07:02:59+00:00\",\"breadcrumb\":{\"@id\":\"https:\/\/kapitalis.com\/tunisie\/2022\/06\/07\/tunisie-les-juges-se-lancent-dans-un-bras-de-fer-avec-le-president-saied\/#breadcrumb\"},\"inLanguage\":\"fr-FR\",\"potentialAction\":[{\"@type\":\"ReadAction\",\"target\":[\"https:\/\/kapitalis.com\/tunisie\/2022\/06\/07\/tunisie-les-juges-se-lancent-dans-un-bras-de-fer-avec-le-president-saied\/\"]}]},{\"@type\":\"ImageObject\",\"inLanguage\":\"fr-FR\",\"@id\":\"https:\/\/kapitalis.com\/tunisie\/2022\/06\/07\/tunisie-les-juges-se-lancent-dans-un-bras-de-fer-avec-le-president-saied\/#primaryimage\",\"url\":\"https:\/\/kapitalis.com\/tunisie\/wp-content\/uploads\/2022\/06\/Anas-Hmaidi.jpg\",\"contentUrl\":\"https:\/\/kapitalis.com\/tunisie\/wp-content\/uploads\/2022\/06\/Anas-Hmaidi.jpg\",\"width\":1200,\"height\":630},{\"@type\":\"BreadcrumbList\",\"@id\":\"https:\/\/kapitalis.com\/tunisie\/2022\/06\/07\/tunisie-les-juges-se-lancent-dans-un-bras-de-fer-avec-le-president-saied\/#breadcrumb\",\"itemListElement\":[{\"@type\":\"ListItem\",\"position\":1,\"name\":\"Accueil\",\"item\":\"https:\/\/kapitalis.com\/tunisie\/\"},{\"@type\":\"ListItem\",\"position\":2,\"name\":\"Tunisie\u00a0: les juges se lancent dans un bras de fer avec le pr\u00e9sident Sa\u00efed\"}]},{\"@type\":\"WebSite\",\"@id\":\"https:\/\/kapitalis.com\/tunisie\/#website\",\"url\":\"https:\/\/kapitalis.com\/tunisie\/\",\"name\":\"Kapitalis\",\"description\":\"L&#039;actualit\u00e9 en Tunisie et dans le monde\",\"publisher\":{\"@id\":\"https:\/\/kapitalis.com\/tunisie\/#organization\"},\"potentialAction\":[{\"@type\":\"SearchAction\",\"target\":{\"@type\":\"EntryPoint\",\"urlTemplate\":\"https:\/\/kapitalis.com\/tunisie\/?s={search_term_string}\"},\"query-input\":{\"@type\":\"PropertyValueSpecification\",\"valueRequired\":true,\"valueName\":\"search_term_string\"}}],\"inLanguage\":\"fr-FR\"},{\"@type\":\"Organization\",\"@id\":\"https:\/\/kapitalis.com\/tunisie\/#organization\",\"name\":\"Kapitalis\",\"url\":\"https:\/\/kapitalis.com\/tunisie\/\",\"logo\":{\"@type\":\"ImageObject\",\"inLanguage\":\"fr-FR\",\"@id\":\"https:\/\/kapitalis.com\/tunisie\/#\/schema\/logo\/image\/\",\"url\":\"https:\/\/kapitalis.com\/tunisie\/wp-content\/uploads\/2022\/05\/Kapitalis-big-size.png\",\"contentUrl\":\"https:\/\/kapitalis.com\/tunisie\/wp-content\/uploads\/2022\/05\/Kapitalis-big-size.png\",\"width\":5000,\"height\":1500,\"caption\":\"Kapitalis\"},\"image\":{\"@id\":\"https:\/\/kapitalis.com\/tunisie\/#\/schema\/logo\/image\/\"},\"sameAs\":[\"https:\/\/www.facebook.com\/KapitalisInfo\/\",\"https:\/\/x.com\/KapitalisInfo\",\"https:\/\/www.youtube.com\/channel\/UC-yDYrHyfFBWWZaOw3FPg9Q\"]},{\"@type\":\"Person\",\"@id\":\"https:\/\/kapitalis.com\/tunisie\/#\/schema\/person\/d71f33a9ca44f7bad4698210b480c8e9\",\"name\":\"webmaster kapitalis\",\"url\":\"https:\/\/kapitalis.com\/tunisie\/author\/webmaster-kapitalis\/\"}]}<\/script>\n<!-- \/ Yoast SEO plugin. -->","yoast_head_json":{"title":"Tunisie\u00a0: les juges se lancent dans un bras de fer avec le pr\u00e9sident Sa\u00efed - Kapitalis","robots":{"index":"index","follow":"follow","max-snippet":"max-snippet:-1","max-image-preview":"max-image-preview:large","max-video-preview":"max-video-preview:-1"},"canonical":"https:\/\/kapitalis.com\/tunisie\/2022\/06\/07\/tunisie-les-juges-se-lancent-dans-un-bras-de-fer-avec-le-president-saied\/","og_locale":"fr_FR","og_type":"article","og_title":"Tunisie\u00a0: les juges se lancent dans un bras de fer avec le pr\u00e9sident Sa\u00efed - Kapitalis","og_description":"Le pr\u00e9sident de l\u2019Association des magistrats tunisiens (AMT), Anas Hmaidi, a \u00e9t\u00e9 content de d\u00e9clarer que 99% des magistrats ont pris part \u00e0 la gr\u00e8ve g\u00e9n\u00e9rale observ\u00e9e lundi 6 juin 2022, pour protester contre le limogeage de 57 juges accus\u00e9s de corruption et de divers crimes et d\u00e9lits. \u00abC\u2019est un taux de participation jamais atteint\u00bb,...","og_url":"https:\/\/kapitalis.com\/tunisie\/2022\/06\/07\/tunisie-les-juges-se-lancent-dans-un-bras-de-fer-avec-le-president-saied\/","og_site_name":"Kapitalis","article_publisher":"https:\/\/www.facebook.com\/KapitalisInfo\/","article_published_time":"2022-06-07T07:02:58+00:00","article_modified_time":"2022-06-07T07:02:59+00:00","og_image":[{"width":1200,"height":630,"url":"https:\/\/kapitalis.com\/tunisie\/wp-content\/uploads\/2022\/06\/Anas-Hmaidi.jpg","type":"image\/jpeg"}],"author":"webmaster kapitalis","twitter_card":"summary_large_image","twitter_creator":"@KapitalisInfo","twitter_site":"@KapitalisInfo","twitter_misc":{"\u00c9crit par":"webmaster kapitalis","Dur\u00e9e de lecture estim\u00e9e":"2 minutes"},"schema":{"@context":"https:\/\/schema.org","@graph":[{"@type":"Article","@id":"https:\/\/kapitalis.com\/tunisie\/2022\/06\/07\/tunisie-les-juges-se-lancent-dans-un-bras-de-fer-avec-le-president-saied\/#article","isPartOf":{"@id":"https:\/\/kapitalis.com\/tunisie\/2022\/06\/07\/tunisie-les-juges-se-lancent-dans-un-bras-de-fer-avec-le-president-saied\/"},"author":{"name":"webmaster kapitalis","@id":"https:\/\/kapitalis.com\/tunisie\/#\/schema\/person\/d71f33a9ca44f7bad4698210b480c8e9"},"headline":"Tunisie\u00a0: les juges se lancent dans un bras de fer avec le pr\u00e9sident Sa\u00efed","datePublished":"2022-06-07T07:02:58+00:00","dateModified":"2022-06-07T07:02:59+00:00","mainEntityOfPage":{"@id":"https:\/\/kapitalis.com\/tunisie\/2022\/06\/07\/tunisie-les-juges-se-lancent-dans-un-bras-de-fer-avec-le-president-saied\/"},"wordCount":385,"commentCount":1,"publisher":{"@id":"https:\/\/kapitalis.com\/tunisie\/#organization"},"image":{"@id":"https:\/\/kapitalis.com\/tunisie\/2022\/06\/07\/tunisie-les-juges-se-lancent-dans-un-bras-de-fer-avec-le-president-saied\/#primaryimage"},"thumbnailUrl":"https:\/\/kapitalis.com\/tunisie\/wp-content\/uploads\/2022\/06\/Anas-Hmaidi.jpg","keywords":["Anas Hmaidi","Ka\u00efs Sa\u00efed","Leila Jaffel","magistrats r\u00e9voqu\u00e9s","Tunisie"],"articleSection":["CULTURE","Tunisie"],"inLanguage":"fr-FR","potentialAction":[{"@type":"CommentAction","name":"Comment","target":["https:\/\/kapitalis.com\/tunisie\/2022\/06\/07\/tunisie-les-juges-se-lancent-dans-un-bras-de-fer-avec-le-president-saied\/#respond"]}]},{"@type":"WebPage","@id":"https:\/\/kapitalis.com\/tunisie\/2022\/06\/07\/tunisie-les-juges-se-lancent-dans-un-bras-de-fer-avec-le-president-saied\/","url":"https:\/\/kapitalis.com\/tunisie\/2022\/06\/07\/tunisie-les-juges-se-lancent-dans-un-bras-de-fer-avec-le-president-saied\/","name":"Tunisie\u00a0: les juges se lancent dans un bras de fer avec le pr\u00e9sident Sa\u00efed - Kapitalis","isPartOf":{"@id":"https:\/\/kapitalis.com\/tunisie\/#website"},"primaryImageOfPage":{"@id":"https:\/\/kapitalis.com\/tunisie\/2022\/06\/07\/tunisie-les-juges-se-lancent-dans-un-bras-de-fer-avec-le-president-saied\/#primaryimage"},"image":{"@id":"https:\/\/kapitalis.com\/tunisie\/2022\/06\/07\/tunisie-les-juges-se-lancent-dans-un-bras-de-fer-avec-le-president-saied\/#primaryimage"},"thumbnailUrl":"https:\/\/kapitalis.com\/tunisie\/wp-content\/uploads\/2022\/06\/Anas-Hmaidi.jpg","datePublished":"2022-06-07T07:02:58+00:00","dateModified":"2022-06-07T07:02:59+00:00","breadcrumb":{"@id":"https:\/\/kapitalis.com\/tunisie\/2022\/06\/07\/tunisie-les-juges-se-lancent-dans-un-bras-de-fer-avec-le-president-saied\/#breadcrumb"},"inLanguage":"fr-FR","potentialAction":[{"@type":"ReadAction","target":["https:\/\/kapitalis.com\/tunisie\/2022\/06\/07\/tunisie-les-juges-se-lancent-dans-un-bras-de-fer-avec-le-president-saied\/"]}]},{"@type":"ImageObject","inLanguage":"fr-FR","@id":"https:\/\/kapitalis.com\/tunisie\/2022\/06\/07\/tunisie-les-juges-se-lancent-dans-un-bras-de-fer-avec-le-president-saied\/#primaryimage","url":"https:\/\/kapitalis.com\/tunisie\/wp-content\/uploads\/2022\/06\/Anas-Hmaidi.jpg","contentUrl":"https:\/\/kapitalis.com\/tunisie\/wp-content\/uploads\/2022\/06\/Anas-Hmaidi.jpg","width":1200,"height":630},{"@type":"BreadcrumbList","@id":"https:\/\/kapitalis.com\/tunisie\/2022\/06\/07\/tunisie-les-juges-se-lancent-dans-un-bras-de-fer-avec-le-president-saied\/#breadcrumb","itemListElement":[{"@type":"ListItem","position":1,"name":"Accueil","item":"https:\/\/kapitalis.com\/tunisie\/"},{"@type":"ListItem","position":2,"name":"Tunisie\u00a0: les juges se lancent dans un bras de fer avec le pr\u00e9sident Sa\u00efed"}]},{"@type":"WebSite","@id":"https:\/\/kapitalis.com\/tunisie\/#website","url":"https:\/\/kapitalis.com\/tunisie\/","name":"Kapitalis","description":"L&#039;actualit\u00e9 en Tunisie et dans le monde","publisher":{"@id":"https:\/\/kapitalis.com\/tunisie\/#organization"},"potentialAction":[{"@type":"SearchAction","target":{"@type":"EntryPoint","urlTemplate":"https:\/\/kapitalis.com\/tunisie\/?s={search_term_string}"},"query-input":{"@type":"PropertyValueSpecification","valueRequired":true,"valueName":"search_term_string"}}],"inLanguage":"fr-FR"},{"@type":"Organization","@id":"https:\/\/kapitalis.com\/tunisie\/#organization","name":"Kapitalis","url":"https:\/\/kapitalis.com\/tunisie\/","logo":{"@type":"ImageObject","inLanguage":"fr-FR","@id":"https:\/\/kapitalis.com\/tunisie\/#\/schema\/logo\/image\/","url":"https:\/\/kapitalis.com\/tunisie\/wp-content\/uploads\/2022\/05\/Kapitalis-big-size.png","contentUrl":"https:\/\/kapitalis.com\/tunisie\/wp-content\/uploads\/2022\/05\/Kapitalis-big-size.png","width":5000,"height":1500,"caption":"Kapitalis"},"image":{"@id":"https:\/\/kapitalis.com\/tunisie\/#\/schema\/logo\/image\/"},"sameAs":["https:\/\/www.facebook.com\/KapitalisInfo\/","https:\/\/x.com\/KapitalisInfo","https:\/\/www.youtube.com\/channel\/UC-yDYrHyfFBWWZaOw3FPg9Q"]},{"@type":"Person","@id":"https:\/\/kapitalis.com\/tunisie\/#\/schema\/person\/d71f33a9ca44f7bad4698210b480c8e9","name":"webmaster kapitalis","url":"https:\/\/kapitalis.com\/tunisie\/author\/webmaster-kapitalis\/"}]}},"_links":{"self":[{"href":"https:\/\/kapitalis.com\/tunisie\/wp-json\/wp\/v2\/posts\/1300859","targetHints":{"allow":["GET"]}}],"collection":[{"href":"https:\/\/kapitalis.com\/tunisie\/wp-json\/wp\/v2\/posts"}],"about":[{"href":"https:\/\/kapitalis.com\/tunisie\/wp-json\/wp\/v2\/types\/post"}],"author":[{"embeddable":true,"href":"https:\/\/kapitalis.com\/tunisie\/wp-json\/wp\/v2\/users\/8"}],"replies":[{"embeddable":true,"href":"https:\/\/kapitalis.com\/tunisie\/wp-json\/wp\/v2\/comments?post=1300859"}],"version-history":[{"count":0,"href":"https:\/\/kapitalis.com\/tunisie\/wp-json\/wp\/v2\/posts\/1300859\/revisions"}],"wp:featuredmedia":[{"embeddable":true,"href":"https:\/\/kapitalis.com\/tunisie\/wp-json\/wp\/v2\/media\/1300915"}],"wp:attachment":[{"href":"https:\/\/kapitalis.com\/tunisie\/wp-json\/wp\/v2\/media?parent=1300859"}],"wp:term":[{"taxonomy":"category","embeddable":true,"href":"https:\/\/kapitalis.com\/tunisie\/wp-json\/wp\/v2\/categories?post=1300859"},{"taxonomy":"post_tag","embeddable":true,"href":"https:\/\/kapitalis.com\/tunisie\/wp-json\/wp\/v2\/tags?post=1300859"}],"curies":[{"name":"wp","href":"https:\/\/api.w.org\/{rel}","templated":true}]}}