{"id":130098,"date":"2017-12-26T09:08:55","date_gmt":"2017-12-26T08:08:55","guid":{"rendered":"http:\/\/kapitalis.com\/tunisie\/?p=130098"},"modified":"2017-12-26T09:08:55","modified_gmt":"2017-12-26T08:08:55","slug":"esperance-deux-mois-de-repos-fakhreddine-ben-youssef","status":"publish","type":"post","link":"https:\/\/kapitalis.com\/tunisie\/2017\/12\/26\/esperance-deux-mois-de-repos-fakhreddine-ben-youssef\/","title":{"rendered":"Esp\u00e9rance : Deux mois de repos pour Fakhreddine Ben Youssef"},"content":{"rendered":"<p style=\"text-align: center;\"><img loading=\"lazy\" decoding=\"async\" class=\"alignnone size-full wp-image-53922\" src=\"http:\/\/kapitalis.com\/tunisie\/wp-content\/uploads\/2016\/06\/Fakhreddine-Ben-Youssef-Esperance.jpg\" alt=\"\" width=\"626\" height=\"380\" \/><\/p>\n<p><em><strong>La blessure contract\u00e9e par Fakhreddine Ben Youssef, dimanche dernier, 24 d\u00e9cembre 2017, contre le Club sportif sfaxien (CSS) s\u2019est av\u00e9r\u00e9e s\u00e9rieuse.<\/strong><\/em><\/p>\n<p><!--more--><\/p>\n<p>Les examens radiologiques ont confirm\u00e9 ce que l\u2019on craignait : l\u2019attaquant de l\u2019Esp\u00e9rance sportive de Tunis (EST) souffre d\u2019une fracture d\u2019un orteil.<\/p>\n<p>Sa convalescence prendra deux mois, indique-t-on au club <em>\u00absang et or\u00bb<\/em>. Il sera donc forfait pour le prochain match de championnat, demain, mercredi 27 d\u00e9cembre, contre le Club olympique Medenine (COM), tout comme Ghailene Chaalali et Khalil Chammam, tous les deux suspendus pour avoir totalis\u00e9 3 avertissements chacun.<\/p>\n<p>L\u2019absence de Fakhreddine Ben Youssef, auteur de l\u2019unique but face au CSS, en forme ces derniers temps, privera l\u2019EST d\u2019un atout offensif mais Taha Yassine Khenissi, Haythem Jouini, Anis Ben Hatira, Adem Rejaibi, Bilel Mejri et Michael Eneramo sont l\u00e0 pour tenir la maison.<\/p>\n<p style=\"text-align: right;\"><strong>H. M.<\/strong><\/p>\n","protected":false},"excerpt":{"rendered":"<p>La blessure contract\u00e9e par Fakhreddine Ben Youssef, dimanche dernier, 24 d\u00e9cembre 2017, contre le Club sportif sfaxien (CSS) s\u2019est av\u00e9r\u00e9e s\u00e9rieuse.<\/p>\n","protected":false},"author":8,"featured_media":0,"comment_status":"open","ping_status":"open","sticky":false,"template":"","format":"standard","meta":{"footnotes":""},"categories":[999,2433],"tags":[4268,3190,34986,40569],"class_list":["post-130098","post","type-post","status-publish","format-standard","hentry","category-sport","category-tunisie","tag-club-sportif-sfaxien","tag-fakhreddine-ben-youssef","tag-ghailene-chaalali","tag-khalil-chammam"],"yoast_head":"<!-- This site is optimized with the Yoast SEO plugin v26.6 - https:\/\/yoast.com\/wordpress\/plugins\/seo\/ -->\n<title>Esp\u00e9rance : Deux mois de repos pour Fakhreddine Ben Youssef - Kapitalis<\/title>\n<meta name=\"robots\" content=\"index, follow, max-snippet:-1, max-image-preview:large, max-video-preview:-1\" \/>\n<link rel=\"canonical\" href=\"https:\/\/kapitalis.com\/tunisie\/2017\/12\/26\/esperance-deux-mois-de-repos-fakhreddine-ben-youssef\/\" \/>\n<meta property=\"og:locale\" content=\"fr_FR\" \/>\n<meta property=\"og:type\" content=\"article\" \/>\n<meta property=\"og:title\" content=\"Esp\u00e9rance : Deux mois de repos pour Fakhreddine Ben Youssef - Kapitalis\" \/>\n<meta property=\"og:description\" content=\"La blessure contract\u00e9e par Fakhreddine Ben Youssef, dimanche dernier, 24 d\u00e9cembre 2017, contre le Club sportif sfaxien (CSS) s\u2019est av\u00e9r\u00e9e s\u00e9rieuse.\" \/>\n<meta property=\"og:url\" content=\"https:\/\/kapitalis.com\/tunisie\/2017\/12\/26\/esperance-deux-mois-de-repos-fakhreddine-ben-youssef\/\" \/>\n<meta property=\"og:site_name\" content=\"Kapitalis\" \/>\n<meta property=\"article:publisher\" content=\"https:\/\/www.facebook.com\/KapitalisInfo\/\" \/>\n<meta property=\"article:published_time\" content=\"2017-12-26T08:08:55+00:00\" \/>\n<meta property=\"og:image\" content=\"http:\/\/kapitalis.com\/tunisie\/wp-content\/uploads\/2016\/06\/Fakhreddine-Ben-Youssef-Esperance.jpg\" \/>\n<meta name=\"author\" content=\"webmaster kapitalis\" \/>\n<meta name=\"twitter:card\" content=\"summary_large_image\" \/>\n<meta name=\"twitter:creator\" content=\"@KapitalisInfo\" \/>\n<meta name=\"twitter:site\" content=\"@KapitalisInfo\" \/>\n<meta name=\"twitter:label1\" content=\"\u00c9crit par\" \/>\n\t<meta name=\"twitter:data1\" content=\"webmaster kapitalis\" \/>\n\t<meta name=\"twitter:label2\" content=\"Dur\u00e9e de lecture estim\u00e9e\" \/>\n\t<meta name=\"twitter:data2\" content=\"1 minute\" \/>\n<script type=\"application\/ld+json\" class=\"yoast-schema-graph\">{\"@context\":\"https:\/\/schema.org\",\"@graph\":[{\"@type\":\"Article\",\"@id\":\"https:\/\/kapitalis.com\/tunisie\/2017\/12\/26\/esperance-deux-mois-de-repos-fakhreddine-ben-youssef\/#article\",\"isPartOf\":{\"@id\":\"https:\/\/kapitalis.com\/tunisie\/2017\/12\/26\/esperance-deux-mois-de-repos-fakhreddine-ben-youssef\/\"},\"author\":{\"name\":\"webmaster kapitalis\",\"@id\":\"https:\/\/kapitalis.com\/tunisie\/#\/schema\/person\/d71f33a9ca44f7bad4698210b480c8e9\"},\"headline\":\"Esp\u00e9rance : Deux mois de repos pour Fakhreddine Ben Youssef\",\"datePublished\":\"2017-12-26T08:08:55+00:00\",\"mainEntityOfPage\":{\"@id\":\"https:\/\/kapitalis.com\/tunisie\/2017\/12\/26\/esperance-deux-mois-de-repos-fakhreddine-ben-youssef\/\"},\"wordCount\":159,\"commentCount\":0,\"publisher\":{\"@id\":\"https:\/\/kapitalis.com\/tunisie\/#organization\"},\"image\":{\"@id\":\"https:\/\/kapitalis.com\/tunisie\/2017\/12\/26\/esperance-deux-mois-de-repos-fakhreddine-ben-youssef\/#primaryimage\"},\"thumbnailUrl\":\"http:\/\/kapitalis.com\/tunisie\/wp-content\/uploads\/2016\/06\/Fakhreddine-Ben-Youssef-Esperance.jpg\",\"keywords\":[\"Club sportif sfaxien\",\"Fakhreddine Ben Youssef\",\"Ghailene Chaalali\",\"Khalil Chammam\"],\"articleSection\":[\"SPORT\",\"Tunisie\"],\"inLanguage\":\"fr-FR\",\"potentialAction\":[{\"@type\":\"CommentAction\",\"name\":\"Comment\",\"target\":[\"https:\/\/kapitalis.com\/tunisie\/2017\/12\/26\/esperance-deux-mois-de-repos-fakhreddine-ben-youssef\/#respond\"]}]},{\"@type\":\"WebPage\",\"@id\":\"https:\/\/kapitalis.com\/tunisie\/2017\/12\/26\/esperance-deux-mois-de-repos-fakhreddine-ben-youssef\/\",\"url\":\"https:\/\/kapitalis.com\/tunisie\/2017\/12\/26\/esperance-deux-mois-de-repos-fakhreddine-ben-youssef\/\",\"name\":\"Esp\u00e9rance : Deux mois de repos pour Fakhreddine Ben Youssef - Kapitalis\",\"isPartOf\":{\"@id\":\"https:\/\/kapitalis.com\/tunisie\/#website\"},\"primaryImageOfPage\":{\"@id\":\"https:\/\/kapitalis.com\/tunisie\/2017\/12\/26\/esperance-deux-mois-de-repos-fakhreddine-ben-youssef\/#primaryimage\"},\"image\":{\"@id\":\"https:\/\/kapitalis.com\/tunisie\/2017\/12\/26\/esperance-deux-mois-de-repos-fakhreddine-ben-youssef\/#primaryimage\"},\"thumbnailUrl\":\"http:\/\/kapitalis.com\/tunisie\/wp-content\/uploads\/2016\/06\/Fakhreddine-Ben-Youssef-Esperance.jpg\",\"datePublished\":\"2017-12-26T08:08:55+00:00\",\"breadcrumb\":{\"@id\":\"https:\/\/kapitalis.com\/tunisie\/2017\/12\/26\/esperance-deux-mois-de-repos-fakhreddine-ben-youssef\/#breadcrumb\"},\"inLanguage\":\"fr-FR\",\"potentialAction\":[{\"@type\":\"ReadAction\",\"target\":[\"https:\/\/kapitalis.com\/tunisie\/2017\/12\/26\/esperance-deux-mois-de-repos-fakhreddine-ben-youssef\/\"]}]},{\"@type\":\"ImageObject\",\"inLanguage\":\"fr-FR\",\"@id\":\"https:\/\/kapitalis.com\/tunisie\/2017\/12\/26\/esperance-deux-mois-de-repos-fakhreddine-ben-youssef\/#primaryimage\",\"url\":\"http:\/\/kapitalis.com\/tunisie\/wp-content\/uploads\/2016\/06\/Fakhreddine-Ben-Youssef-Esperance.jpg\",\"contentUrl\":\"http:\/\/kapitalis.com\/tunisie\/wp-content\/uploads\/2016\/06\/Fakhreddine-Ben-Youssef-Esperance.jpg\"},{\"@type\":\"BreadcrumbList\",\"@id\":\"https:\/\/kapitalis.com\/tunisie\/2017\/12\/26\/esperance-deux-mois-de-repos-fakhreddine-ben-youssef\/#breadcrumb\",\"itemListElement\":[{\"@type\":\"ListItem\",\"position\":1,\"name\":\"Accueil\",\"item\":\"https:\/\/kapitalis.com\/tunisie\/\"},{\"@type\":\"ListItem\",\"position\":2,\"name\":\"Esp\u00e9rance : Deux mois de repos pour Fakhreddine Ben Youssef\"}]},{\"@type\":\"WebSite\",\"@id\":\"https:\/\/kapitalis.com\/tunisie\/#website\",\"url\":\"https:\/\/kapitalis.com\/tunisie\/\",\"name\":\"Kapitalis\",\"description\":\"L&#039;actualit\u00e9 en Tunisie et dans le monde\",\"publisher\":{\"@id\":\"https:\/\/kapitalis.com\/tunisie\/#organization\"},\"potentialAction\":[{\"@type\":\"SearchAction\",\"target\":{\"@type\":\"EntryPoint\",\"urlTemplate\":\"https:\/\/kapitalis.com\/tunisie\/?s={search_term_string}\"},\"query-input\":{\"@type\":\"PropertyValueSpecification\",\"valueRequired\":true,\"valueName\":\"search_term_string\"}}],\"inLanguage\":\"fr-FR\"},{\"@type\":\"Organization\",\"@id\":\"https:\/\/kapitalis.com\/tunisie\/#organization\",\"name\":\"Kapitalis\",\"url\":\"https:\/\/kapitalis.com\/tunisie\/\",\"logo\":{\"@type\":\"ImageObject\",\"inLanguage\":\"fr-FR\",\"@id\":\"https:\/\/kapitalis.com\/tunisie\/#\/schema\/logo\/image\/\",\"url\":\"https:\/\/kapitalis.com\/tunisie\/wp-content\/uploads\/2022\/05\/Kapitalis-big-size.png\",\"contentUrl\":\"https:\/\/kapitalis.com\/tunisie\/wp-content\/uploads\/2022\/05\/Kapitalis-big-size.png\",\"width\":5000,\"height\":1500,\"caption\":\"Kapitalis\"},\"image\":{\"@id\":\"https:\/\/kapitalis.com\/tunisie\/#\/schema\/logo\/image\/\"},\"sameAs\":[\"https:\/\/www.facebook.com\/KapitalisInfo\/\",\"https:\/\/x.com\/KapitalisInfo\",\"https:\/\/www.youtube.com\/channel\/UC-yDYrHyfFBWWZaOw3FPg9Q\"]},{\"@type\":\"Person\",\"@id\":\"https:\/\/kapitalis.com\/tunisie\/#\/schema\/person\/d71f33a9ca44f7bad4698210b480c8e9\",\"name\":\"webmaster kapitalis\",\"url\":\"https:\/\/kapitalis.com\/tunisie\/author\/webmaster-kapitalis\/\"}]}<\/script>\n<!-- \/ Yoast SEO plugin. -->","yoast_head_json":{"title":"Esp\u00e9rance : Deux mois de repos pour Fakhreddine Ben Youssef - Kapitalis","robots":{"index":"index","follow":"follow","max-snippet":"max-snippet:-1","max-image-preview":"max-image-preview:large","max-video-preview":"max-video-preview:-1"},"canonical":"https:\/\/kapitalis.com\/tunisie\/2017\/12\/26\/esperance-deux-mois-de-repos-fakhreddine-ben-youssef\/","og_locale":"fr_FR","og_type":"article","og_title":"Esp\u00e9rance : Deux mois de repos pour Fakhreddine Ben Youssef - Kapitalis","og_description":"La blessure contract\u00e9e par Fakhreddine Ben Youssef, dimanche dernier, 24 d\u00e9cembre 2017, contre le Club sportif sfaxien (CSS) s\u2019est av\u00e9r\u00e9e s\u00e9rieuse.","og_url":"https:\/\/kapitalis.com\/tunisie\/2017\/12\/26\/esperance-deux-mois-de-repos-fakhreddine-ben-youssef\/","og_site_name":"Kapitalis","article_publisher":"https:\/\/www.facebook.com\/KapitalisInfo\/","article_published_time":"2017-12-26T08:08:55+00:00","og_image":[{"url":"http:\/\/kapitalis.com\/tunisie\/wp-content\/uploads\/2016\/06\/Fakhreddine-Ben-Youssef-Esperance.jpg","type":"","width":"","height":""}],"author":"webmaster kapitalis","twitter_card":"summary_large_image","twitter_creator":"@KapitalisInfo","twitter_site":"@KapitalisInfo","twitter_misc":{"\u00c9crit par":"webmaster kapitalis","Dur\u00e9e de lecture estim\u00e9e":"1 minute"},"schema":{"@context":"https:\/\/schema.org","@graph":[{"@type":"Article","@id":"https:\/\/kapitalis.com\/tunisie\/2017\/12\/26\/esperance-deux-mois-de-repos-fakhreddine-ben-youssef\/#article","isPartOf":{"@id":"https:\/\/kapitalis.com\/tunisie\/2017\/12\/26\/esperance-deux-mois-de-repos-fakhreddine-ben-youssef\/"},"author":{"name":"webmaster kapitalis","@id":"https:\/\/kapitalis.com\/tunisie\/#\/schema\/person\/d71f33a9ca44f7bad4698210b480c8e9"},"headline":"Esp\u00e9rance : Deux mois de repos pour Fakhreddine Ben Youssef","datePublished":"2017-12-26T08:08:55+00:00","mainEntityOfPage":{"@id":"https:\/\/kapitalis.com\/tunisie\/2017\/12\/26\/esperance-deux-mois-de-repos-fakhreddine-ben-youssef\/"},"wordCount":159,"commentCount":0,"publisher":{"@id":"https:\/\/kapitalis.com\/tunisie\/#organization"},"image":{"@id":"https:\/\/kapitalis.com\/tunisie\/2017\/12\/26\/esperance-deux-mois-de-repos-fakhreddine-ben-youssef\/#primaryimage"},"thumbnailUrl":"http:\/\/kapitalis.com\/tunisie\/wp-content\/uploads\/2016\/06\/Fakhreddine-Ben-Youssef-Esperance.jpg","keywords":["Club sportif sfaxien","Fakhreddine Ben Youssef","Ghailene Chaalali","Khalil Chammam"],"articleSection":["SPORT","Tunisie"],"inLanguage":"fr-FR","potentialAction":[{"@type":"CommentAction","name":"Comment","target":["https:\/\/kapitalis.com\/tunisie\/2017\/12\/26\/esperance-deux-mois-de-repos-fakhreddine-ben-youssef\/#respond"]}]},{"@type":"WebPage","@id":"https:\/\/kapitalis.com\/tunisie\/2017\/12\/26\/esperance-deux-mois-de-repos-fakhreddine-ben-youssef\/","url":"https:\/\/kapitalis.com\/tunisie\/2017\/12\/26\/esperance-deux-mois-de-repos-fakhreddine-ben-youssef\/","name":"Esp\u00e9rance : Deux mois de repos pour Fakhreddine Ben Youssef - Kapitalis","isPartOf":{"@id":"https:\/\/kapitalis.com\/tunisie\/#website"},"primaryImageOfPage":{"@id":"https:\/\/kapitalis.com\/tunisie\/2017\/12\/26\/esperance-deux-mois-de-repos-fakhreddine-ben-youssef\/#primaryimage"},"image":{"@id":"https:\/\/kapitalis.com\/tunisie\/2017\/12\/26\/esperance-deux-mois-de-repos-fakhreddine-ben-youssef\/#primaryimage"},"thumbnailUrl":"http:\/\/kapitalis.com\/tunisie\/wp-content\/uploads\/2016\/06\/Fakhreddine-Ben-Youssef-Esperance.jpg","datePublished":"2017-12-26T08:08:55+00:00","breadcrumb":{"@id":"https:\/\/kapitalis.com\/tunisie\/2017\/12\/26\/esperance-deux-mois-de-repos-fakhreddine-ben-youssef\/#breadcrumb"},"inLanguage":"fr-FR","potentialAction":[{"@type":"ReadAction","target":["https:\/\/kapitalis.com\/tunisie\/2017\/12\/26\/esperance-deux-mois-de-repos-fakhreddine-ben-youssef\/"]}]},{"@type":"ImageObject","inLanguage":"fr-FR","@id":"https:\/\/kapitalis.com\/tunisie\/2017\/12\/26\/esperance-deux-mois-de-repos-fakhreddine-ben-youssef\/#primaryimage","url":"http:\/\/kapitalis.com\/tunisie\/wp-content\/uploads\/2016\/06\/Fakhreddine-Ben-Youssef-Esperance.jpg","contentUrl":"http:\/\/kapitalis.com\/tunisie\/wp-content\/uploads\/2016\/06\/Fakhreddine-Ben-Youssef-Esperance.jpg"},{"@type":"BreadcrumbList","@id":"https:\/\/kapitalis.com\/tunisie\/2017\/12\/26\/esperance-deux-mois-de-repos-fakhreddine-ben-youssef\/#breadcrumb","itemListElement":[{"@type":"ListItem","position":1,"name":"Accueil","item":"https:\/\/kapitalis.com\/tunisie\/"},{"@type":"ListItem","position":2,"name":"Esp\u00e9rance : Deux mois de repos pour Fakhreddine Ben Youssef"}]},{"@type":"WebSite","@id":"https:\/\/kapitalis.com\/tunisie\/#website","url":"https:\/\/kapitalis.com\/tunisie\/","name":"Kapitalis","description":"L&#039;actualit\u00e9 en Tunisie et dans le monde","publisher":{"@id":"https:\/\/kapitalis.com\/tunisie\/#organization"},"potentialAction":[{"@type":"SearchAction","target":{"@type":"EntryPoint","urlTemplate":"https:\/\/kapitalis.com\/tunisie\/?s={search_term_string}"},"query-input":{"@type":"PropertyValueSpecification","valueRequired":true,"valueName":"search_term_string"}}],"inLanguage":"fr-FR"},{"@type":"Organization","@id":"https:\/\/kapitalis.com\/tunisie\/#organization","name":"Kapitalis","url":"https:\/\/kapitalis.com\/tunisie\/","logo":{"@type":"ImageObject","inLanguage":"fr-FR","@id":"https:\/\/kapitalis.com\/tunisie\/#\/schema\/logo\/image\/","url":"https:\/\/kapitalis.com\/tunisie\/wp-content\/uploads\/2022\/05\/Kapitalis-big-size.png","contentUrl":"https:\/\/kapitalis.com\/tunisie\/wp-content\/uploads\/2022\/05\/Kapitalis-big-size.png","width":5000,"height":1500,"caption":"Kapitalis"},"image":{"@id":"https:\/\/kapitalis.com\/tunisie\/#\/schema\/logo\/image\/"},"sameAs":["https:\/\/www.facebook.com\/KapitalisInfo\/","https:\/\/x.com\/KapitalisInfo","https:\/\/www.youtube.com\/channel\/UC-yDYrHyfFBWWZaOw3FPg9Q"]},{"@type":"Person","@id":"https:\/\/kapitalis.com\/tunisie\/#\/schema\/person\/d71f33a9ca44f7bad4698210b480c8e9","name":"webmaster kapitalis","url":"https:\/\/kapitalis.com\/tunisie\/author\/webmaster-kapitalis\/"}]}},"_links":{"self":[{"href":"https:\/\/kapitalis.com\/tunisie\/wp-json\/wp\/v2\/posts\/130098","targetHints":{"allow":["GET"]}}],"collection":[{"href":"https:\/\/kapitalis.com\/tunisie\/wp-json\/wp\/v2\/posts"}],"about":[{"href":"https:\/\/kapitalis.com\/tunisie\/wp-json\/wp\/v2\/types\/post"}],"author":[{"embeddable":true,"href":"https:\/\/kapitalis.com\/tunisie\/wp-json\/wp\/v2\/users\/8"}],"replies":[{"embeddable":true,"href":"https:\/\/kapitalis.com\/tunisie\/wp-json\/wp\/v2\/comments?post=130098"}],"version-history":[{"count":0,"href":"https:\/\/kapitalis.com\/tunisie\/wp-json\/wp\/v2\/posts\/130098\/revisions"}],"wp:attachment":[{"href":"https:\/\/kapitalis.com\/tunisie\/wp-json\/wp\/v2\/media?parent=130098"}],"wp:term":[{"taxonomy":"category","embeddable":true,"href":"https:\/\/kapitalis.com\/tunisie\/wp-json\/wp\/v2\/categories?post=130098"},{"taxonomy":"post_tag","embeddable":true,"href":"https:\/\/kapitalis.com\/tunisie\/wp-json\/wp\/v2\/tags?post=130098"}],"curies":[{"name":"wp","href":"https:\/\/api.w.org\/{rel}","templated":true}]}}