{"id":13013001,"date":"2024-05-29T07:33:14","date_gmt":"2024-05-29T06:33:14","guid":{"rendered":"https:\/\/kapitalis.com\/tunisie\/?p=13013001"},"modified":"2024-05-29T07:33:15","modified_gmt":"2024-05-29T06:33:15","slug":"nabil-frini-pdg-par-interim-de-la-stb","status":"publish","type":"post","link":"https:\/\/kapitalis.com\/tunisie\/2024\/05\/29\/nabil-frini-pdg-par-interim-de-la-stb\/","title":{"rendered":"Nabil Frini, PDG par int\u00e9rim de la STB"},"content":{"rendered":"\n<p><strong><em>Le conseil d\u2019administration de la Soci\u00e9t\u00e9 tunisienne de banque (STB), r\u00e9uni lundi 27 mai 2024, a nomm\u00e9 Nabil Frini au poste de PDG par int\u00e9rim de la banque.<\/em><\/strong> <strong><em>Il remplace Lassaad Jouini, qui occupait le poste depuis le limogeage de Mohamed Chouikha en octobre 2022. <\/em><\/strong><\/p>\n\n\n\n<!--more-->\n\n\n\n<p>Frini, membre de la direction g\u00e9n\u00e9rale, occupait le poste de secr\u00e9taire g\u00e9n\u00e9ral de la banque depuis juin 2020, a indiqu\u00e9 \u00e0 l\u2019agence Tap Mourad Hattab, charg\u00e9 de communication \u00e0 la direction g\u00e9n\u00e9rale de la STB.<\/p>\n\n\n\n<p>Frini a occup\u00e9 plusieurs postes au sein de la banque, notamment celui de directeur du contentieux d\u00e9centralis\u00e9 (2012\/2013) et de directeur central en charge de la gouvernance (2013\/2017), avant de diriger la cellule de gouvernance et de contr\u00f4le jusqu\u2019\u00e0 mi-2020.<\/p>\n","protected":false},"excerpt":{"rendered":"<p>Nabil Frini remplace Lassaad Jouini au poste de PDG par int\u00e9rim de la STB. <\/p>\n","protected":false},"author":8,"featured_media":13013043,"comment_status":"closed","ping_status":"open","sticky":false,"template":"","format":"standard","meta":{"footnotes":""},"categories":[995,2433],"tags":[115924,88625,640,115923,860,62643],"class_list":["post-13013001","post","type-post","status-publish","format-standard","has-post-thumbnail","hentry","category-economie","category-tunisie","tag-lassaad-jouini","tag-mohamed-chouikha","tag-mourad-hattab","tag-nabil-frini","tag-stb","tag-tunisie"],"yoast_head":"<!-- This site is optimized with the Yoast SEO plugin v26.6 - https:\/\/yoast.com\/wordpress\/plugins\/seo\/ -->\n<title>Nabil Frini, PDG par int\u00e9rim de la STB - Kapitalis<\/title>\n<meta name=\"robots\" content=\"index, follow, max-snippet:-1, max-image-preview:large, max-video-preview:-1\" \/>\n<link rel=\"canonical\" href=\"https:\/\/kapitalis.com\/tunisie\/2024\/05\/29\/nabil-frini-pdg-par-interim-de-la-stb\/\" \/>\n<meta property=\"og:locale\" content=\"fr_FR\" \/>\n<meta property=\"og:type\" content=\"article\" \/>\n<meta property=\"og:title\" content=\"Nabil Frini, PDG par int\u00e9rim de la STB - Kapitalis\" \/>\n<meta property=\"og:description\" content=\"Nabil Frini remplace Lassaad Jouini au poste de PDG par int\u00e9rim de la STB.\" \/>\n<meta property=\"og:url\" content=\"https:\/\/kapitalis.com\/tunisie\/2024\/05\/29\/nabil-frini-pdg-par-interim-de-la-stb\/\" \/>\n<meta property=\"og:site_name\" content=\"Kapitalis\" \/>\n<meta property=\"article:publisher\" content=\"https:\/\/www.facebook.com\/KapitalisInfo\/\" \/>\n<meta property=\"article:published_time\" content=\"2024-05-29T06:33:14+00:00\" \/>\n<meta property=\"article:modified_time\" content=\"2024-05-29T06:33:15+00:00\" \/>\n<meta property=\"og:image\" content=\"https:\/\/kapitalis.com\/tunisie\/wp-content\/uploads\/2024\/05\/Nabil-Frini.jpg\" \/>\n\t<meta property=\"og:image:width\" content=\"1200\" \/>\n\t<meta property=\"og:image:height\" content=\"630\" \/>\n\t<meta property=\"og:image:type\" content=\"image\/jpeg\" \/>\n<meta name=\"author\" content=\"webmaster kapitalis\" \/>\n<meta name=\"twitter:card\" content=\"summary_large_image\" \/>\n<meta name=\"twitter:creator\" content=\"@KapitalisInfo\" \/>\n<meta name=\"twitter:site\" content=\"@KapitalisInfo\" \/>\n<meta name=\"twitter:label1\" content=\"\u00c9crit par\" \/>\n\t<meta name=\"twitter:data1\" content=\"webmaster kapitalis\" \/>\n\t<meta name=\"twitter:label2\" content=\"Dur\u00e9e de lecture estim\u00e9e\" \/>\n\t<meta name=\"twitter:data2\" content=\"1 minute\" \/>\n<script type=\"application\/ld+json\" class=\"yoast-schema-graph\">{\"@context\":\"https:\/\/schema.org\",\"@graph\":[{\"@type\":\"Article\",\"@id\":\"https:\/\/kapitalis.com\/tunisie\/2024\/05\/29\/nabil-frini-pdg-par-interim-de-la-stb\/#article\",\"isPartOf\":{\"@id\":\"https:\/\/kapitalis.com\/tunisie\/2024\/05\/29\/nabil-frini-pdg-par-interim-de-la-stb\/\"},\"author\":{\"name\":\"webmaster kapitalis\",\"@id\":\"https:\/\/kapitalis.com\/tunisie\/#\/schema\/person\/d71f33a9ca44f7bad4698210b480c8e9\"},\"headline\":\"Nabil Frini, PDG par int\u00e9rim de la STB\",\"datePublished\":\"2024-05-29T06:33:14+00:00\",\"dateModified\":\"2024-05-29T06:33:15+00:00\",\"mainEntityOfPage\":{\"@id\":\"https:\/\/kapitalis.com\/tunisie\/2024\/05\/29\/nabil-frini-pdg-par-interim-de-la-stb\/\"},\"wordCount\":135,\"publisher\":{\"@id\":\"https:\/\/kapitalis.com\/tunisie\/#organization\"},\"image\":{\"@id\":\"https:\/\/kapitalis.com\/tunisie\/2024\/05\/29\/nabil-frini-pdg-par-interim-de-la-stb\/#primaryimage\"},\"thumbnailUrl\":\"https:\/\/kapitalis.com\/tunisie\/wp-content\/uploads\/2024\/05\/Nabil-Frini.jpg\",\"keywords\":[\"Lassaad Jouini\",\"Mohamed Chouikha\",\"Mourad Hattab\",\"Nabil Frini\",\"STB\",\"Tunisie\"],\"articleSection\":[\"ECONOMIE\",\"Tunisie\"],\"inLanguage\":\"fr-FR\"},{\"@type\":\"WebPage\",\"@id\":\"https:\/\/kapitalis.com\/tunisie\/2024\/05\/29\/nabil-frini-pdg-par-interim-de-la-stb\/\",\"url\":\"https:\/\/kapitalis.com\/tunisie\/2024\/05\/29\/nabil-frini-pdg-par-interim-de-la-stb\/\",\"name\":\"Nabil Frini, PDG par int\u00e9rim de la STB - Kapitalis\",\"isPartOf\":{\"@id\":\"https:\/\/kapitalis.com\/tunisie\/#website\"},\"primaryImageOfPage\":{\"@id\":\"https:\/\/kapitalis.com\/tunisie\/2024\/05\/29\/nabil-frini-pdg-par-interim-de-la-stb\/#primaryimage\"},\"image\":{\"@id\":\"https:\/\/kapitalis.com\/tunisie\/2024\/05\/29\/nabil-frini-pdg-par-interim-de-la-stb\/#primaryimage\"},\"thumbnailUrl\":\"https:\/\/kapitalis.com\/tunisie\/wp-content\/uploads\/2024\/05\/Nabil-Frini.jpg\",\"datePublished\":\"2024-05-29T06:33:14+00:00\",\"dateModified\":\"2024-05-29T06:33:15+00:00\",\"breadcrumb\":{\"@id\":\"https:\/\/kapitalis.com\/tunisie\/2024\/05\/29\/nabil-frini-pdg-par-interim-de-la-stb\/#breadcrumb\"},\"inLanguage\":\"fr-FR\",\"potentialAction\":[{\"@type\":\"ReadAction\",\"target\":[\"https:\/\/kapitalis.com\/tunisie\/2024\/05\/29\/nabil-frini-pdg-par-interim-de-la-stb\/\"]}]},{\"@type\":\"ImageObject\",\"inLanguage\":\"fr-FR\",\"@id\":\"https:\/\/kapitalis.com\/tunisie\/2024\/05\/29\/nabil-frini-pdg-par-interim-de-la-stb\/#primaryimage\",\"url\":\"https:\/\/kapitalis.com\/tunisie\/wp-content\/uploads\/2024\/05\/Nabil-Frini.jpg\",\"contentUrl\":\"https:\/\/kapitalis.com\/tunisie\/wp-content\/uploads\/2024\/05\/Nabil-Frini.jpg\",\"width\":1200,\"height\":630},{\"@type\":\"BreadcrumbList\",\"@id\":\"https:\/\/kapitalis.com\/tunisie\/2024\/05\/29\/nabil-frini-pdg-par-interim-de-la-stb\/#breadcrumb\",\"itemListElement\":[{\"@type\":\"ListItem\",\"position\":1,\"name\":\"Accueil\",\"item\":\"https:\/\/kapitalis.com\/tunisie\/\"},{\"@type\":\"ListItem\",\"position\":2,\"name\":\"Nabil Frini, PDG par int\u00e9rim de la STB\"}]},{\"@type\":\"WebSite\",\"@id\":\"https:\/\/kapitalis.com\/tunisie\/#website\",\"url\":\"https:\/\/kapitalis.com\/tunisie\/\",\"name\":\"Kapitalis\",\"description\":\"L&#039;actualit\u00e9 en Tunisie et dans le monde\",\"publisher\":{\"@id\":\"https:\/\/kapitalis.com\/tunisie\/#organization\"},\"potentialAction\":[{\"@type\":\"SearchAction\",\"target\":{\"@type\":\"EntryPoint\",\"urlTemplate\":\"https:\/\/kapitalis.com\/tunisie\/?s={search_term_string}\"},\"query-input\":{\"@type\":\"PropertyValueSpecification\",\"valueRequired\":true,\"valueName\":\"search_term_string\"}}],\"inLanguage\":\"fr-FR\"},{\"@type\":\"Organization\",\"@id\":\"https:\/\/kapitalis.com\/tunisie\/#organization\",\"name\":\"Kapitalis\",\"url\":\"https:\/\/kapitalis.com\/tunisie\/\",\"logo\":{\"@type\":\"ImageObject\",\"inLanguage\":\"fr-FR\",\"@id\":\"https:\/\/kapitalis.com\/tunisie\/#\/schema\/logo\/image\/\",\"url\":\"https:\/\/kapitalis.com\/tunisie\/wp-content\/uploads\/2022\/05\/Kapitalis-big-size.png\",\"contentUrl\":\"https:\/\/kapitalis.com\/tunisie\/wp-content\/uploads\/2022\/05\/Kapitalis-big-size.png\",\"width\":5000,\"height\":1500,\"caption\":\"Kapitalis\"},\"image\":{\"@id\":\"https:\/\/kapitalis.com\/tunisie\/#\/schema\/logo\/image\/\"},\"sameAs\":[\"https:\/\/www.facebook.com\/KapitalisInfo\/\",\"https:\/\/x.com\/KapitalisInfo\",\"https:\/\/www.youtube.com\/channel\/UC-yDYrHyfFBWWZaOw3FPg9Q\"]},{\"@type\":\"Person\",\"@id\":\"https:\/\/kapitalis.com\/tunisie\/#\/schema\/person\/d71f33a9ca44f7bad4698210b480c8e9\",\"name\":\"webmaster kapitalis\",\"url\":\"https:\/\/kapitalis.com\/tunisie\/author\/webmaster-kapitalis\/\"}]}<\/script>\n<!-- \/ Yoast SEO plugin. -->","yoast_head_json":{"title":"Nabil Frini, PDG par int\u00e9rim de la STB - Kapitalis","robots":{"index":"index","follow":"follow","max-snippet":"max-snippet:-1","max-image-preview":"max-image-preview:large","max-video-preview":"max-video-preview:-1"},"canonical":"https:\/\/kapitalis.com\/tunisie\/2024\/05\/29\/nabil-frini-pdg-par-interim-de-la-stb\/","og_locale":"fr_FR","og_type":"article","og_title":"Nabil Frini, PDG par int\u00e9rim de la STB - Kapitalis","og_description":"Nabil Frini remplace Lassaad Jouini au poste de PDG par int\u00e9rim de la STB.","og_url":"https:\/\/kapitalis.com\/tunisie\/2024\/05\/29\/nabil-frini-pdg-par-interim-de-la-stb\/","og_site_name":"Kapitalis","article_publisher":"https:\/\/www.facebook.com\/KapitalisInfo\/","article_published_time":"2024-05-29T06:33:14+00:00","article_modified_time":"2024-05-29T06:33:15+00:00","og_image":[{"width":1200,"height":630,"url":"https:\/\/kapitalis.com\/tunisie\/wp-content\/uploads\/2024\/05\/Nabil-Frini.jpg","type":"image\/jpeg"}],"author":"webmaster kapitalis","twitter_card":"summary_large_image","twitter_creator":"@KapitalisInfo","twitter_site":"@KapitalisInfo","twitter_misc":{"\u00c9crit par":"webmaster kapitalis","Dur\u00e9e de lecture estim\u00e9e":"1 minute"},"schema":{"@context":"https:\/\/schema.org","@graph":[{"@type":"Article","@id":"https:\/\/kapitalis.com\/tunisie\/2024\/05\/29\/nabil-frini-pdg-par-interim-de-la-stb\/#article","isPartOf":{"@id":"https:\/\/kapitalis.com\/tunisie\/2024\/05\/29\/nabil-frini-pdg-par-interim-de-la-stb\/"},"author":{"name":"webmaster kapitalis","@id":"https:\/\/kapitalis.com\/tunisie\/#\/schema\/person\/d71f33a9ca44f7bad4698210b480c8e9"},"headline":"Nabil Frini, PDG par int\u00e9rim de la STB","datePublished":"2024-05-29T06:33:14+00:00","dateModified":"2024-05-29T06:33:15+00:00","mainEntityOfPage":{"@id":"https:\/\/kapitalis.com\/tunisie\/2024\/05\/29\/nabil-frini-pdg-par-interim-de-la-stb\/"},"wordCount":135,"publisher":{"@id":"https:\/\/kapitalis.com\/tunisie\/#organization"},"image":{"@id":"https:\/\/kapitalis.com\/tunisie\/2024\/05\/29\/nabil-frini-pdg-par-interim-de-la-stb\/#primaryimage"},"thumbnailUrl":"https:\/\/kapitalis.com\/tunisie\/wp-content\/uploads\/2024\/05\/Nabil-Frini.jpg","keywords":["Lassaad Jouini","Mohamed Chouikha","Mourad Hattab","Nabil Frini","STB","Tunisie"],"articleSection":["ECONOMIE","Tunisie"],"inLanguage":"fr-FR"},{"@type":"WebPage","@id":"https:\/\/kapitalis.com\/tunisie\/2024\/05\/29\/nabil-frini-pdg-par-interim-de-la-stb\/","url":"https:\/\/kapitalis.com\/tunisie\/2024\/05\/29\/nabil-frini-pdg-par-interim-de-la-stb\/","name":"Nabil Frini, PDG par int\u00e9rim de la STB - Kapitalis","isPartOf":{"@id":"https:\/\/kapitalis.com\/tunisie\/#website"},"primaryImageOfPage":{"@id":"https:\/\/kapitalis.com\/tunisie\/2024\/05\/29\/nabil-frini-pdg-par-interim-de-la-stb\/#primaryimage"},"image":{"@id":"https:\/\/kapitalis.com\/tunisie\/2024\/05\/29\/nabil-frini-pdg-par-interim-de-la-stb\/#primaryimage"},"thumbnailUrl":"https:\/\/kapitalis.com\/tunisie\/wp-content\/uploads\/2024\/05\/Nabil-Frini.jpg","datePublished":"2024-05-29T06:33:14+00:00","dateModified":"2024-05-29T06:33:15+00:00","breadcrumb":{"@id":"https:\/\/kapitalis.com\/tunisie\/2024\/05\/29\/nabil-frini-pdg-par-interim-de-la-stb\/#breadcrumb"},"inLanguage":"fr-FR","potentialAction":[{"@type":"ReadAction","target":["https:\/\/kapitalis.com\/tunisie\/2024\/05\/29\/nabil-frini-pdg-par-interim-de-la-stb\/"]}]},{"@type":"ImageObject","inLanguage":"fr-FR","@id":"https:\/\/kapitalis.com\/tunisie\/2024\/05\/29\/nabil-frini-pdg-par-interim-de-la-stb\/#primaryimage","url":"https:\/\/kapitalis.com\/tunisie\/wp-content\/uploads\/2024\/05\/Nabil-Frini.jpg","contentUrl":"https:\/\/kapitalis.com\/tunisie\/wp-content\/uploads\/2024\/05\/Nabil-Frini.jpg","width":1200,"height":630},{"@type":"BreadcrumbList","@id":"https:\/\/kapitalis.com\/tunisie\/2024\/05\/29\/nabil-frini-pdg-par-interim-de-la-stb\/#breadcrumb","itemListElement":[{"@type":"ListItem","position":1,"name":"Accueil","item":"https:\/\/kapitalis.com\/tunisie\/"},{"@type":"ListItem","position":2,"name":"Nabil Frini, PDG par int\u00e9rim de la STB"}]},{"@type":"WebSite","@id":"https:\/\/kapitalis.com\/tunisie\/#website","url":"https:\/\/kapitalis.com\/tunisie\/","name":"Kapitalis","description":"L&#039;actualit\u00e9 en Tunisie et dans le monde","publisher":{"@id":"https:\/\/kapitalis.com\/tunisie\/#organization"},"potentialAction":[{"@type":"SearchAction","target":{"@type":"EntryPoint","urlTemplate":"https:\/\/kapitalis.com\/tunisie\/?s={search_term_string}"},"query-input":{"@type":"PropertyValueSpecification","valueRequired":true,"valueName":"search_term_string"}}],"inLanguage":"fr-FR"},{"@type":"Organization","@id":"https:\/\/kapitalis.com\/tunisie\/#organization","name":"Kapitalis","url":"https:\/\/kapitalis.com\/tunisie\/","logo":{"@type":"ImageObject","inLanguage":"fr-FR","@id":"https:\/\/kapitalis.com\/tunisie\/#\/schema\/logo\/image\/","url":"https:\/\/kapitalis.com\/tunisie\/wp-content\/uploads\/2022\/05\/Kapitalis-big-size.png","contentUrl":"https:\/\/kapitalis.com\/tunisie\/wp-content\/uploads\/2022\/05\/Kapitalis-big-size.png","width":5000,"height":1500,"caption":"Kapitalis"},"image":{"@id":"https:\/\/kapitalis.com\/tunisie\/#\/schema\/logo\/image\/"},"sameAs":["https:\/\/www.facebook.com\/KapitalisInfo\/","https:\/\/x.com\/KapitalisInfo","https:\/\/www.youtube.com\/channel\/UC-yDYrHyfFBWWZaOw3FPg9Q"]},{"@type":"Person","@id":"https:\/\/kapitalis.com\/tunisie\/#\/schema\/person\/d71f33a9ca44f7bad4698210b480c8e9","name":"webmaster kapitalis","url":"https:\/\/kapitalis.com\/tunisie\/author\/webmaster-kapitalis\/"}]}},"_links":{"self":[{"href":"https:\/\/kapitalis.com\/tunisie\/wp-json\/wp\/v2\/posts\/13013001","targetHints":{"allow":["GET"]}}],"collection":[{"href":"https:\/\/kapitalis.com\/tunisie\/wp-json\/wp\/v2\/posts"}],"about":[{"href":"https:\/\/kapitalis.com\/tunisie\/wp-json\/wp\/v2\/types\/post"}],"author":[{"embeddable":true,"href":"https:\/\/kapitalis.com\/tunisie\/wp-json\/wp\/v2\/users\/8"}],"replies":[{"embeddable":true,"href":"https:\/\/kapitalis.com\/tunisie\/wp-json\/wp\/v2\/comments?post=13013001"}],"version-history":[{"count":1,"href":"https:\/\/kapitalis.com\/tunisie\/wp-json\/wp\/v2\/posts\/13013001\/revisions"}],"predecessor-version":[{"id":13013047,"href":"https:\/\/kapitalis.com\/tunisie\/wp-json\/wp\/v2\/posts\/13013001\/revisions\/13013047"}],"wp:featuredmedia":[{"embeddable":true,"href":"https:\/\/kapitalis.com\/tunisie\/wp-json\/wp\/v2\/media\/13013043"}],"wp:attachment":[{"href":"https:\/\/kapitalis.com\/tunisie\/wp-json\/wp\/v2\/media?parent=13013001"}],"wp:term":[{"taxonomy":"category","embeddable":true,"href":"https:\/\/kapitalis.com\/tunisie\/wp-json\/wp\/v2\/categories?post=13013001"},{"taxonomy":"post_tag","embeddable":true,"href":"https:\/\/kapitalis.com\/tunisie\/wp-json\/wp\/v2\/tags?post=13013001"}],"curies":[{"name":"wp","href":"https:\/\/api.w.org\/{rel}","templated":true}]}}