{"id":13013301,"date":"2024-05-29T08:09:48","date_gmt":"2024-05-29T07:09:48","guid":{"rendered":"https:\/\/kapitalis.com\/tunisie\/?p=13013301"},"modified":"2024-05-29T08:09:50","modified_gmt":"2024-05-29T07:09:50","slug":"tunisie-italie-accord-sur-le-numerique-et-ses-applications-industrielles","status":"publish","type":"post","link":"https:\/\/kapitalis.com\/tunisie\/2024\/05\/29\/tunisie-italie-accord-sur-le-numerique-et-ses-applications-industrielles\/","title":{"rendered":"Tunisie &#8211; Italie\u00a0: accord sur le num\u00e9rique et ses applications industrielles"},"content":{"rendered":"\n<p><strong><em>La Tunisie et l\u2019Italie ont sign\u00e9, lundi 27 mai 2024, un protocole d\u2019accord (MoU) dans le domaine du num\u00e9rique et de ses applications dans l\u2019industrie.<\/em><\/strong><\/p>\n\n\n\n<!--more-->\n\n\n\n<p>Sign\u00e9 par le ministre des Technologies de la communication, Nizar Ben Neji, et le ministre italien des Entreprises et du Made in Italy, <a href=\"https:\/\/kapitalis.com\/tunisie\/2024\/05\/28\/adolfo-urso-la-tunisie-est-un-partenaire-strategique-de-litalie\/\" target=\"_blank\" rel=\"noreferrer noopener\">Adolfo Urso<\/a>, ce protocole d\u2019accord pr\u00e9voit la cr\u00e9ation de deux points focaux nationaux dans les deux pays et la mise en place d\u2019une \u00e9quipe commune.<\/p>\n\n\n\n<p>Ce protocole d\u2019accord refl\u00e8te la volont\u00e9 commune de dynamiser les initiatives de coop\u00e9ration \u00e9conomique et industrielle et de faciliter les investissements et les initiatives des entreprises tunisiennes et italiennes \u00e0 travers l\u2019organisation de forums d\u2019affaires, de conf\u00e9rences et d\u2019ateliers.<\/p>\n\n\n\n<p>Cela d\u00e9montre \u00e9galement l\u2019int\u00e9r\u00eat manifest\u00e9 pour l\u2019intensification de la coop\u00e9ration en mati\u00e8re de transfert de technologie par le partage d\u2019exp\u00e9riences et d\u2019expertise en mati\u00e8re de recherche, d\u2019innovation et de formation. Ceci en plus de faciliter l\u2019acc\u00e8s et la mise en \u0153uvre de projets dans les secteurs public et priv\u00e9 dans les domaines de l\u2019IA.<\/p>\n\n\n\n<p>Le ministre a soulign\u00e9 l\u2019importance de la coop\u00e9ration entre la Tunisie et l\u2019Italie, partenaire strat\u00e9gique de notre pays, notamment dans le domaine du num\u00e9rique et de l\u2019entrepreneuriat.<\/p>\n\n\n\n<p>Urso a exprim\u00e9 la volont\u00e9 de son pays d\u2019accompagner la Tunisie dans sa transition num\u00e9rique \u00e0 travers l\u2019\u00e9change d\u2019exp\u00e9riences et d\u2019expertises dans le d\u00e9veloppement des infrastructures num\u00e9riques, de l\u2019intelligence artificielle et des activit\u00e9s a\u00e9rospatiales.<\/p>\n\n\n\n<p><em>D\u2019apr\u00e8s Tap.<\/em><\/p>\n\n\n\n<figure class=\"wp-block-embed is-type-wp-embed is-provider-kapitalis wp-block-embed-kapitalis\"><div class=\"wp-block-embed__wrapper\">\n<blockquote class=\"wp-embedded-content\" data-secret=\"mb705H5KFE\"><a href=\"https:\/\/kapitalis.com\/tunisie\/2024\/05\/28\/adolfo-urso-la-tunisie-est-un-partenaire-strategique-de-litalie\/\">Adolfo Urso\u00a0: \u00abLa Tunisie est un partenaire strat\u00e9gique de l\u2019Italie\u00bb<\/a><\/blockquote><iframe loading=\"lazy\" class=\"wp-embedded-content\" sandbox=\"allow-scripts\" security=\"restricted\" style=\"position: absolute; clip: rect(1px, 1px, 1px, 1px);\" title=\"\u00ab\u00a0Adolfo Urso\u00a0: \u00abLa Tunisie est un partenaire strat\u00e9gique de l\u2019Italie\u00bb\u00a0\u00bb &#8212; Kapitalis\" src=\"https:\/\/kapitalis.com\/tunisie\/2024\/05\/28\/adolfo-urso-la-tunisie-est-un-partenaire-strategique-de-litalie\/embed\/#?secret=GQdzhBGaQW#?secret=mb705H5KFE\" data-secret=\"mb705H5KFE\" width=\"600\" height=\"338\" frameborder=\"0\" marginwidth=\"0\" marginheight=\"0\" scrolling=\"no\"><\/iframe>\n<\/div><\/figure>\n","protected":false},"excerpt":{"rendered":"<p>Protocole d\u2019accord tuniso-italien dans le domaine du num\u00e9rique et de ses applications dans l\u2019industrie. <\/p>\n","protected":false},"author":8,"featured_media":13013342,"comment_status":"closed","ping_status":"open","sticky":false,"template":"","format":"standard","meta":{"footnotes":""},"categories":[995,2433],"tags":[115915,115928,475,36826,505,97463,10040,62643],"class_list":["post-13013301","post","type-post","status-publish","format-standard","has-post-thumbnail","hentry","category-economie","category-tunisie","tag-adolfo-urso","tag-aerospatiale","tag-industrie","tag-intelligence-artificielle","tag-italie","tag-nizar-ben-neji","tag-numerique","tag-tunisie"],"yoast_head":"<!-- This site is optimized with the Yoast SEO plugin v26.6 - https:\/\/yoast.com\/wordpress\/plugins\/seo\/ -->\n<title>Tunisie - Italie\u00a0: accord sur le num\u00e9rique et ses applications industrielles - Kapitalis<\/title>\n<meta name=\"robots\" content=\"index, follow, max-snippet:-1, max-image-preview:large, max-video-preview:-1\" \/>\n<link rel=\"canonical\" href=\"https:\/\/kapitalis.com\/tunisie\/2024\/05\/29\/tunisie-italie-accord-sur-le-numerique-et-ses-applications-industrielles\/\" \/>\n<meta property=\"og:locale\" content=\"fr_FR\" \/>\n<meta property=\"og:type\" content=\"article\" \/>\n<meta property=\"og:title\" content=\"Tunisie - Italie\u00a0: accord sur le num\u00e9rique et ses applications industrielles - Kapitalis\" \/>\n<meta property=\"og:description\" content=\"Protocole d\u2019accord tuniso-italien dans le domaine du num\u00e9rique et de ses applications dans l\u2019industrie.\" \/>\n<meta property=\"og:url\" content=\"https:\/\/kapitalis.com\/tunisie\/2024\/05\/29\/tunisie-italie-accord-sur-le-numerique-et-ses-applications-industrielles\/\" \/>\n<meta property=\"og:site_name\" content=\"Kapitalis\" \/>\n<meta property=\"article:publisher\" content=\"https:\/\/www.facebook.com\/KapitalisInfo\/\" \/>\n<meta property=\"article:published_time\" content=\"2024-05-29T07:09:48+00:00\" \/>\n<meta property=\"article:modified_time\" content=\"2024-05-29T07:09:50+00:00\" \/>\n<meta property=\"og:image\" content=\"https:\/\/kapitalis.com\/tunisie\/wp-content\/uploads\/2024\/05\/Adolfo-Urso-Nizar-Ben-Neji-Otalie-Tunisie.jpg\" \/>\n\t<meta property=\"og:image:width\" content=\"1200\" \/>\n\t<meta property=\"og:image:height\" content=\"630\" \/>\n\t<meta property=\"og:image:type\" content=\"image\/jpeg\" \/>\n<meta name=\"author\" content=\"webmaster kapitalis\" \/>\n<meta name=\"twitter:card\" content=\"summary_large_image\" \/>\n<meta name=\"twitter:creator\" content=\"@KapitalisInfo\" \/>\n<meta name=\"twitter:site\" content=\"@KapitalisInfo\" \/>\n<meta name=\"twitter:label1\" content=\"\u00c9crit par\" \/>\n\t<meta name=\"twitter:data1\" content=\"webmaster kapitalis\" \/>\n\t<meta name=\"twitter:label2\" content=\"Dur\u00e9e de lecture estim\u00e9e\" \/>\n\t<meta name=\"twitter:data2\" content=\"2 minutes\" \/>\n<script type=\"application\/ld+json\" class=\"yoast-schema-graph\">{\"@context\":\"https:\/\/schema.org\",\"@graph\":[{\"@type\":\"Article\",\"@id\":\"https:\/\/kapitalis.com\/tunisie\/2024\/05\/29\/tunisie-italie-accord-sur-le-numerique-et-ses-applications-industrielles\/#article\",\"isPartOf\":{\"@id\":\"https:\/\/kapitalis.com\/tunisie\/2024\/05\/29\/tunisie-italie-accord-sur-le-numerique-et-ses-applications-industrielles\/\"},\"author\":{\"name\":\"webmaster kapitalis\",\"@id\":\"https:\/\/kapitalis.com\/tunisie\/#\/schema\/person\/d71f33a9ca44f7bad4698210b480c8e9\"},\"headline\":\"Tunisie &#8211; Italie\u00a0: accord sur le num\u00e9rique et ses applications industrielles\",\"datePublished\":\"2024-05-29T07:09:48+00:00\",\"dateModified\":\"2024-05-29T07:09:50+00:00\",\"mainEntityOfPage\":{\"@id\":\"https:\/\/kapitalis.com\/tunisie\/2024\/05\/29\/tunisie-italie-accord-sur-le-numerique-et-ses-applications-industrielles\/\"},\"wordCount\":291,\"publisher\":{\"@id\":\"https:\/\/kapitalis.com\/tunisie\/#organization\"},\"image\":{\"@id\":\"https:\/\/kapitalis.com\/tunisie\/2024\/05\/29\/tunisie-italie-accord-sur-le-numerique-et-ses-applications-industrielles\/#primaryimage\"},\"thumbnailUrl\":\"https:\/\/kapitalis.com\/tunisie\/wp-content\/uploads\/2024\/05\/Adolfo-Urso-Nizar-Ben-Neji-Otalie-Tunisie.jpg\",\"keywords\":[\"Adolfo Urso\",\"a\u00e9rospatiale\",\"industrie\",\"intelligence artificielle\",\"Italie\",\"Nizar Ben Neji\",\"num\u00e9rique\",\"Tunisie\"],\"articleSection\":[\"ECONOMIE\",\"Tunisie\"],\"inLanguage\":\"fr-FR\"},{\"@type\":\"WebPage\",\"@id\":\"https:\/\/kapitalis.com\/tunisie\/2024\/05\/29\/tunisie-italie-accord-sur-le-numerique-et-ses-applications-industrielles\/\",\"url\":\"https:\/\/kapitalis.com\/tunisie\/2024\/05\/29\/tunisie-italie-accord-sur-le-numerique-et-ses-applications-industrielles\/\",\"name\":\"Tunisie - Italie\u00a0: accord sur le num\u00e9rique et ses applications industrielles - Kapitalis\",\"isPartOf\":{\"@id\":\"https:\/\/kapitalis.com\/tunisie\/#website\"},\"primaryImageOfPage\":{\"@id\":\"https:\/\/kapitalis.com\/tunisie\/2024\/05\/29\/tunisie-italie-accord-sur-le-numerique-et-ses-applications-industrielles\/#primaryimage\"},\"image\":{\"@id\":\"https:\/\/kapitalis.com\/tunisie\/2024\/05\/29\/tunisie-italie-accord-sur-le-numerique-et-ses-applications-industrielles\/#primaryimage\"},\"thumbnailUrl\":\"https:\/\/kapitalis.com\/tunisie\/wp-content\/uploads\/2024\/05\/Adolfo-Urso-Nizar-Ben-Neji-Otalie-Tunisie.jpg\",\"datePublished\":\"2024-05-29T07:09:48+00:00\",\"dateModified\":\"2024-05-29T07:09:50+00:00\",\"breadcrumb\":{\"@id\":\"https:\/\/kapitalis.com\/tunisie\/2024\/05\/29\/tunisie-italie-accord-sur-le-numerique-et-ses-applications-industrielles\/#breadcrumb\"},\"inLanguage\":\"fr-FR\",\"potentialAction\":[{\"@type\":\"ReadAction\",\"target\":[\"https:\/\/kapitalis.com\/tunisie\/2024\/05\/29\/tunisie-italie-accord-sur-le-numerique-et-ses-applications-industrielles\/\"]}]},{\"@type\":\"ImageObject\",\"inLanguage\":\"fr-FR\",\"@id\":\"https:\/\/kapitalis.com\/tunisie\/2024\/05\/29\/tunisie-italie-accord-sur-le-numerique-et-ses-applications-industrielles\/#primaryimage\",\"url\":\"https:\/\/kapitalis.com\/tunisie\/wp-content\/uploads\/2024\/05\/Adolfo-Urso-Nizar-Ben-Neji-Otalie-Tunisie.jpg\",\"contentUrl\":\"https:\/\/kapitalis.com\/tunisie\/wp-content\/uploads\/2024\/05\/Adolfo-Urso-Nizar-Ben-Neji-Otalie-Tunisie.jpg\",\"width\":1200,\"height\":630},{\"@type\":\"BreadcrumbList\",\"@id\":\"https:\/\/kapitalis.com\/tunisie\/2024\/05\/29\/tunisie-italie-accord-sur-le-numerique-et-ses-applications-industrielles\/#breadcrumb\",\"itemListElement\":[{\"@type\":\"ListItem\",\"position\":1,\"name\":\"Accueil\",\"item\":\"https:\/\/kapitalis.com\/tunisie\/\"},{\"@type\":\"ListItem\",\"position\":2,\"name\":\"Tunisie &#8211; Italie\u00a0: accord sur le num\u00e9rique et ses applications industrielles\"}]},{\"@type\":\"WebSite\",\"@id\":\"https:\/\/kapitalis.com\/tunisie\/#website\",\"url\":\"https:\/\/kapitalis.com\/tunisie\/\",\"name\":\"Kapitalis\",\"description\":\"L&#039;actualit\u00e9 en Tunisie et dans le monde\",\"publisher\":{\"@id\":\"https:\/\/kapitalis.com\/tunisie\/#organization\"},\"potentialAction\":[{\"@type\":\"SearchAction\",\"target\":{\"@type\":\"EntryPoint\",\"urlTemplate\":\"https:\/\/kapitalis.com\/tunisie\/?s={search_term_string}\"},\"query-input\":{\"@type\":\"PropertyValueSpecification\",\"valueRequired\":true,\"valueName\":\"search_term_string\"}}],\"inLanguage\":\"fr-FR\"},{\"@type\":\"Organization\",\"@id\":\"https:\/\/kapitalis.com\/tunisie\/#organization\",\"name\":\"Kapitalis\",\"url\":\"https:\/\/kapitalis.com\/tunisie\/\",\"logo\":{\"@type\":\"ImageObject\",\"inLanguage\":\"fr-FR\",\"@id\":\"https:\/\/kapitalis.com\/tunisie\/#\/schema\/logo\/image\/\",\"url\":\"https:\/\/kapitalis.com\/tunisie\/wp-content\/uploads\/2022\/05\/Kapitalis-big-size.png\",\"contentUrl\":\"https:\/\/kapitalis.com\/tunisie\/wp-content\/uploads\/2022\/05\/Kapitalis-big-size.png\",\"width\":5000,\"height\":1500,\"caption\":\"Kapitalis\"},\"image\":{\"@id\":\"https:\/\/kapitalis.com\/tunisie\/#\/schema\/logo\/image\/\"},\"sameAs\":[\"https:\/\/www.facebook.com\/KapitalisInfo\/\",\"https:\/\/x.com\/KapitalisInfo\",\"https:\/\/www.youtube.com\/channel\/UC-yDYrHyfFBWWZaOw3FPg9Q\"]},{\"@type\":\"Person\",\"@id\":\"https:\/\/kapitalis.com\/tunisie\/#\/schema\/person\/d71f33a9ca44f7bad4698210b480c8e9\",\"name\":\"webmaster kapitalis\",\"url\":\"https:\/\/kapitalis.com\/tunisie\/author\/webmaster-kapitalis\/\"}]}<\/script>\n<!-- \/ Yoast SEO plugin. -->","yoast_head_json":{"title":"Tunisie - Italie\u00a0: accord sur le num\u00e9rique et ses applications industrielles - Kapitalis","robots":{"index":"index","follow":"follow","max-snippet":"max-snippet:-1","max-image-preview":"max-image-preview:large","max-video-preview":"max-video-preview:-1"},"canonical":"https:\/\/kapitalis.com\/tunisie\/2024\/05\/29\/tunisie-italie-accord-sur-le-numerique-et-ses-applications-industrielles\/","og_locale":"fr_FR","og_type":"article","og_title":"Tunisie - Italie\u00a0: accord sur le num\u00e9rique et ses applications industrielles - Kapitalis","og_description":"Protocole d\u2019accord tuniso-italien dans le domaine du num\u00e9rique et de ses applications dans l\u2019industrie.","og_url":"https:\/\/kapitalis.com\/tunisie\/2024\/05\/29\/tunisie-italie-accord-sur-le-numerique-et-ses-applications-industrielles\/","og_site_name":"Kapitalis","article_publisher":"https:\/\/www.facebook.com\/KapitalisInfo\/","article_published_time":"2024-05-29T07:09:48+00:00","article_modified_time":"2024-05-29T07:09:50+00:00","og_image":[{"width":1200,"height":630,"url":"https:\/\/kapitalis.com\/tunisie\/wp-content\/uploads\/2024\/05\/Adolfo-Urso-Nizar-Ben-Neji-Otalie-Tunisie.jpg","type":"image\/jpeg"}],"author":"webmaster kapitalis","twitter_card":"summary_large_image","twitter_creator":"@KapitalisInfo","twitter_site":"@KapitalisInfo","twitter_misc":{"\u00c9crit par":"webmaster kapitalis","Dur\u00e9e de lecture estim\u00e9e":"2 minutes"},"schema":{"@context":"https:\/\/schema.org","@graph":[{"@type":"Article","@id":"https:\/\/kapitalis.com\/tunisie\/2024\/05\/29\/tunisie-italie-accord-sur-le-numerique-et-ses-applications-industrielles\/#article","isPartOf":{"@id":"https:\/\/kapitalis.com\/tunisie\/2024\/05\/29\/tunisie-italie-accord-sur-le-numerique-et-ses-applications-industrielles\/"},"author":{"name":"webmaster kapitalis","@id":"https:\/\/kapitalis.com\/tunisie\/#\/schema\/person\/d71f33a9ca44f7bad4698210b480c8e9"},"headline":"Tunisie &#8211; Italie\u00a0: accord sur le num\u00e9rique et ses applications industrielles","datePublished":"2024-05-29T07:09:48+00:00","dateModified":"2024-05-29T07:09:50+00:00","mainEntityOfPage":{"@id":"https:\/\/kapitalis.com\/tunisie\/2024\/05\/29\/tunisie-italie-accord-sur-le-numerique-et-ses-applications-industrielles\/"},"wordCount":291,"publisher":{"@id":"https:\/\/kapitalis.com\/tunisie\/#organization"},"image":{"@id":"https:\/\/kapitalis.com\/tunisie\/2024\/05\/29\/tunisie-italie-accord-sur-le-numerique-et-ses-applications-industrielles\/#primaryimage"},"thumbnailUrl":"https:\/\/kapitalis.com\/tunisie\/wp-content\/uploads\/2024\/05\/Adolfo-Urso-Nizar-Ben-Neji-Otalie-Tunisie.jpg","keywords":["Adolfo Urso","a\u00e9rospatiale","industrie","intelligence artificielle","Italie","Nizar Ben Neji","num\u00e9rique","Tunisie"],"articleSection":["ECONOMIE","Tunisie"],"inLanguage":"fr-FR"},{"@type":"WebPage","@id":"https:\/\/kapitalis.com\/tunisie\/2024\/05\/29\/tunisie-italie-accord-sur-le-numerique-et-ses-applications-industrielles\/","url":"https:\/\/kapitalis.com\/tunisie\/2024\/05\/29\/tunisie-italie-accord-sur-le-numerique-et-ses-applications-industrielles\/","name":"Tunisie - Italie\u00a0: accord sur le num\u00e9rique et ses applications industrielles - Kapitalis","isPartOf":{"@id":"https:\/\/kapitalis.com\/tunisie\/#website"},"primaryImageOfPage":{"@id":"https:\/\/kapitalis.com\/tunisie\/2024\/05\/29\/tunisie-italie-accord-sur-le-numerique-et-ses-applications-industrielles\/#primaryimage"},"image":{"@id":"https:\/\/kapitalis.com\/tunisie\/2024\/05\/29\/tunisie-italie-accord-sur-le-numerique-et-ses-applications-industrielles\/#primaryimage"},"thumbnailUrl":"https:\/\/kapitalis.com\/tunisie\/wp-content\/uploads\/2024\/05\/Adolfo-Urso-Nizar-Ben-Neji-Otalie-Tunisie.jpg","datePublished":"2024-05-29T07:09:48+00:00","dateModified":"2024-05-29T07:09:50+00:00","breadcrumb":{"@id":"https:\/\/kapitalis.com\/tunisie\/2024\/05\/29\/tunisie-italie-accord-sur-le-numerique-et-ses-applications-industrielles\/#breadcrumb"},"inLanguage":"fr-FR","potentialAction":[{"@type":"ReadAction","target":["https:\/\/kapitalis.com\/tunisie\/2024\/05\/29\/tunisie-italie-accord-sur-le-numerique-et-ses-applications-industrielles\/"]}]},{"@type":"ImageObject","inLanguage":"fr-FR","@id":"https:\/\/kapitalis.com\/tunisie\/2024\/05\/29\/tunisie-italie-accord-sur-le-numerique-et-ses-applications-industrielles\/#primaryimage","url":"https:\/\/kapitalis.com\/tunisie\/wp-content\/uploads\/2024\/05\/Adolfo-Urso-Nizar-Ben-Neji-Otalie-Tunisie.jpg","contentUrl":"https:\/\/kapitalis.com\/tunisie\/wp-content\/uploads\/2024\/05\/Adolfo-Urso-Nizar-Ben-Neji-Otalie-Tunisie.jpg","width":1200,"height":630},{"@type":"BreadcrumbList","@id":"https:\/\/kapitalis.com\/tunisie\/2024\/05\/29\/tunisie-italie-accord-sur-le-numerique-et-ses-applications-industrielles\/#breadcrumb","itemListElement":[{"@type":"ListItem","position":1,"name":"Accueil","item":"https:\/\/kapitalis.com\/tunisie\/"},{"@type":"ListItem","position":2,"name":"Tunisie &#8211; Italie\u00a0: accord sur le num\u00e9rique et ses applications industrielles"}]},{"@type":"WebSite","@id":"https:\/\/kapitalis.com\/tunisie\/#website","url":"https:\/\/kapitalis.com\/tunisie\/","name":"Kapitalis","description":"L&#039;actualit\u00e9 en Tunisie et dans le monde","publisher":{"@id":"https:\/\/kapitalis.com\/tunisie\/#organization"},"potentialAction":[{"@type":"SearchAction","target":{"@type":"EntryPoint","urlTemplate":"https:\/\/kapitalis.com\/tunisie\/?s={search_term_string}"},"query-input":{"@type":"PropertyValueSpecification","valueRequired":true,"valueName":"search_term_string"}}],"inLanguage":"fr-FR"},{"@type":"Organization","@id":"https:\/\/kapitalis.com\/tunisie\/#organization","name":"Kapitalis","url":"https:\/\/kapitalis.com\/tunisie\/","logo":{"@type":"ImageObject","inLanguage":"fr-FR","@id":"https:\/\/kapitalis.com\/tunisie\/#\/schema\/logo\/image\/","url":"https:\/\/kapitalis.com\/tunisie\/wp-content\/uploads\/2022\/05\/Kapitalis-big-size.png","contentUrl":"https:\/\/kapitalis.com\/tunisie\/wp-content\/uploads\/2022\/05\/Kapitalis-big-size.png","width":5000,"height":1500,"caption":"Kapitalis"},"image":{"@id":"https:\/\/kapitalis.com\/tunisie\/#\/schema\/logo\/image\/"},"sameAs":["https:\/\/www.facebook.com\/KapitalisInfo\/","https:\/\/x.com\/KapitalisInfo","https:\/\/www.youtube.com\/channel\/UC-yDYrHyfFBWWZaOw3FPg9Q"]},{"@type":"Person","@id":"https:\/\/kapitalis.com\/tunisie\/#\/schema\/person\/d71f33a9ca44f7bad4698210b480c8e9","name":"webmaster kapitalis","url":"https:\/\/kapitalis.com\/tunisie\/author\/webmaster-kapitalis\/"}]}},"_links":{"self":[{"href":"https:\/\/kapitalis.com\/tunisie\/wp-json\/wp\/v2\/posts\/13013301","targetHints":{"allow":["GET"]}}],"collection":[{"href":"https:\/\/kapitalis.com\/tunisie\/wp-json\/wp\/v2\/posts"}],"about":[{"href":"https:\/\/kapitalis.com\/tunisie\/wp-json\/wp\/v2\/types\/post"}],"author":[{"embeddable":true,"href":"https:\/\/kapitalis.com\/tunisie\/wp-json\/wp\/v2\/users\/8"}],"replies":[{"embeddable":true,"href":"https:\/\/kapitalis.com\/tunisie\/wp-json\/wp\/v2\/comments?post=13013301"}],"version-history":[{"count":1,"href":"https:\/\/kapitalis.com\/tunisie\/wp-json\/wp\/v2\/posts\/13013301\/revisions"}],"predecessor-version":[{"id":13013353,"href":"https:\/\/kapitalis.com\/tunisie\/wp-json\/wp\/v2\/posts\/13013301\/revisions\/13013353"}],"wp:featuredmedia":[{"embeddable":true,"href":"https:\/\/kapitalis.com\/tunisie\/wp-json\/wp\/v2\/media\/13013342"}],"wp:attachment":[{"href":"https:\/\/kapitalis.com\/tunisie\/wp-json\/wp\/v2\/media?parent=13013301"}],"wp:term":[{"taxonomy":"category","embeddable":true,"href":"https:\/\/kapitalis.com\/tunisie\/wp-json\/wp\/v2\/categories?post=13013301"},{"taxonomy":"post_tag","embeddable":true,"href":"https:\/\/kapitalis.com\/tunisie\/wp-json\/wp\/v2\/tags?post=13013301"}],"curies":[{"name":"wp","href":"https:\/\/api.w.org\/{rel}","templated":true}]}}