{"id":130194,"date":"2017-12-27T08:22:59","date_gmt":"2017-12-27T07:22:59","guid":{"rendered":"http:\/\/kapitalis.com\/tunisie\/?p=130194"},"modified":"2017-12-27T08:22:59","modified_gmt":"2017-12-27T07:22:59","slug":"club-africain-cinq-plaintes-aupres-de-commission-de-litiges","status":"publish","type":"post","link":"https:\/\/kapitalis.com\/tunisie\/2017\/12\/27\/club-africain-cinq-plaintes-aupres-de-commission-de-litiges\/","title":{"rendered":"Club africain : Cinq plaintes aupr\u00e8s de la commission de litiges"},"content":{"rendered":"<p style=\"text-align: center;\"><img loading=\"lazy\" decoding=\"async\" class=\"alignnone size-full wp-image-120709\" src=\"http:\/\/kapitalis.com\/tunisie\/wp-content\/uploads\/2017\/10\/Chiheb-Ellili-Club-africain.jpg\" alt=\"\" width=\"626\" height=\"380\" \/><\/p>\n<p style=\"text-align: center;\"><em>L&rsquo;ex-coach Chiheb Ellili r\u00e9clame son d\u00fb.<\/em><\/p>\n<p><em><strong>Le Club africain (CA) devra faire face \u00e0 plusieurs plaintes d\u00e9pos\u00e9es ces derniers jours aupr\u00e8s de la commission des litiges de la F\u00e9d\u00e9ration tunisienne de football (FTF).<\/strong><\/em><\/p>\n<p><!--more--><\/p>\n<p>Le comit\u00e9 provisoire de direction du Club africain a re\u00e7u une correspondance de la FTF selon laquelle 5 joueurs et techniciens actuels et anciens ont d\u00e9pos\u00e9 des dossiers aupr\u00e8s la commission de litiges f\u00e9d\u00e9rale pour r\u00e9cup\u00e9rer leurs dus.<\/p>\n<p>Bilel Ifa a \u00e9t\u00e9 le premier \u00e0 solliciter l\u2019arbitrage de la commission comp\u00e9tente. Puis d\u2019autres plaintes sont parvenues ces derni\u00e8res heures \u00e0 la FTF de la part du gardien Farouk Ben Mustapha, actuellement au club Chabab (Arabie saoudite) et de l\u2019attaquant Imed Miniaoui aujourd\u2019hui \u00e0 l\u2019Etoile sportive de Metlaoui (ESM), ainsi que de l\u2019ex-coach Chiheb Ellili, qui entra\u00eene Ramtha (Jordanie), et Samir Sellimi, ex-directeur sportif et actuel entra\u00eeneur de l\u2019Union sportive de Ben Guerdane (USBG).<\/p>\n<p>Ces plaignants ont d\u00e9pos\u00e9 leurs dossiers avant le 26 d\u00e9cembre pour r\u00e9clamer leurs dus, faute de quoi, ils ne pourront plus les r\u00e9clamer apr\u00e8s cette date.<\/p>\n<p style=\"text-align: right;\"><strong>H. M.<\/strong><\/p>\n","protected":false},"excerpt":{"rendered":"<p>L&rsquo;ex-coach Chiheb Ellili r\u00e9clame son d\u00fb. Le Club africain (CA) devra faire face \u00e0 plusieurs plaintes d\u00e9pos\u00e9es ces derniers jours aupr\u00e8s de la commission des litiges de la F\u00e9d\u00e9ration tunisienne de football (FTF).<\/p>\n","protected":false},"author":8,"featured_media":0,"comment_status":"open","ping_status":"open","sticky":false,"template":"","format":"standard","meta":{"footnotes":""},"categories":[999,2433],"tags":[36310,23182,32318,376],"class_list":["post-130194","post","type-post","status-publish","format-standard","hentry","category-sport","category-tunisie","tag-bilel-ifa","tag-chiheb-ellili","tag-farouk-ben-mustapha","tag-federation-tunisienne-de-football"],"yoast_head":"<!-- This site is optimized with the Yoast SEO plugin v26.6 - https:\/\/yoast.com\/wordpress\/plugins\/seo\/ -->\n<title>Club africain : Cinq plaintes aupr\u00e8s de la commission de litiges - Kapitalis<\/title>\n<meta name=\"robots\" content=\"index, follow, max-snippet:-1, max-image-preview:large, max-video-preview:-1\" \/>\n<link rel=\"canonical\" href=\"https:\/\/kapitalis.com\/tunisie\/2017\/12\/27\/club-africain-cinq-plaintes-aupres-de-commission-de-litiges\/\" \/>\n<meta property=\"og:locale\" content=\"fr_FR\" \/>\n<meta property=\"og:type\" content=\"article\" \/>\n<meta property=\"og:title\" content=\"Club africain : Cinq plaintes aupr\u00e8s de la commission de litiges - Kapitalis\" \/>\n<meta property=\"og:description\" content=\"L&rsquo;ex-coach Chiheb Ellili r\u00e9clame son d\u00fb. Le Club africain (CA) devra faire face \u00e0 plusieurs plaintes d\u00e9pos\u00e9es ces derniers jours aupr\u00e8s de la commission des litiges de la F\u00e9d\u00e9ration tunisienne de football (FTF).\" \/>\n<meta property=\"og:url\" content=\"https:\/\/kapitalis.com\/tunisie\/2017\/12\/27\/club-africain-cinq-plaintes-aupres-de-commission-de-litiges\/\" \/>\n<meta property=\"og:site_name\" content=\"Kapitalis\" \/>\n<meta property=\"article:publisher\" content=\"https:\/\/www.facebook.com\/KapitalisInfo\/\" \/>\n<meta property=\"article:published_time\" content=\"2017-12-27T07:22:59+00:00\" \/>\n<meta property=\"og:image\" content=\"http:\/\/kapitalis.com\/tunisie\/wp-content\/uploads\/2017\/10\/Chiheb-Ellili-Club-africain.jpg\" \/>\n<meta name=\"author\" content=\"webmaster kapitalis\" \/>\n<meta name=\"twitter:card\" content=\"summary_large_image\" \/>\n<meta name=\"twitter:creator\" content=\"@KapitalisInfo\" \/>\n<meta name=\"twitter:site\" content=\"@KapitalisInfo\" \/>\n<meta name=\"twitter:label1\" content=\"\u00c9crit par\" \/>\n\t<meta name=\"twitter:data1\" content=\"webmaster kapitalis\" \/>\n\t<meta name=\"twitter:label2\" content=\"Dur\u00e9e de lecture estim\u00e9e\" \/>\n\t<meta name=\"twitter:data2\" content=\"1 minute\" \/>\n<script type=\"application\/ld+json\" class=\"yoast-schema-graph\">{\"@context\":\"https:\/\/schema.org\",\"@graph\":[{\"@type\":\"Article\",\"@id\":\"https:\/\/kapitalis.com\/tunisie\/2017\/12\/27\/club-africain-cinq-plaintes-aupres-de-commission-de-litiges\/#article\",\"isPartOf\":{\"@id\":\"https:\/\/kapitalis.com\/tunisie\/2017\/12\/27\/club-africain-cinq-plaintes-aupres-de-commission-de-litiges\/\"},\"author\":{\"name\":\"webmaster kapitalis\",\"@id\":\"https:\/\/kapitalis.com\/tunisie\/#\/schema\/person\/d71f33a9ca44f7bad4698210b480c8e9\"},\"headline\":\"Club africain : Cinq plaintes aupr\u00e8s de la commission de litiges\",\"datePublished\":\"2017-12-27T07:22:59+00:00\",\"mainEntityOfPage\":{\"@id\":\"https:\/\/kapitalis.com\/tunisie\/2017\/12\/27\/club-africain-cinq-plaintes-aupres-de-commission-de-litiges\/\"},\"wordCount\":208,\"commentCount\":0,\"publisher\":{\"@id\":\"https:\/\/kapitalis.com\/tunisie\/#organization\"},\"image\":{\"@id\":\"https:\/\/kapitalis.com\/tunisie\/2017\/12\/27\/club-africain-cinq-plaintes-aupres-de-commission-de-litiges\/#primaryimage\"},\"thumbnailUrl\":\"http:\/\/kapitalis.com\/tunisie\/wp-content\/uploads\/2017\/10\/Chiheb-Ellili-Club-africain.jpg\",\"keywords\":[\"Bilel Ifa\",\"Chiheb Ellili\",\"Farouk Ben Mustapha\",\"F\u00e9d\u00e9ration tunisienne de football\"],\"articleSection\":[\"SPORT\",\"Tunisie\"],\"inLanguage\":\"fr-FR\",\"potentialAction\":[{\"@type\":\"CommentAction\",\"name\":\"Comment\",\"target\":[\"https:\/\/kapitalis.com\/tunisie\/2017\/12\/27\/club-africain-cinq-plaintes-aupres-de-commission-de-litiges\/#respond\"]}]},{\"@type\":\"WebPage\",\"@id\":\"https:\/\/kapitalis.com\/tunisie\/2017\/12\/27\/club-africain-cinq-plaintes-aupres-de-commission-de-litiges\/\",\"url\":\"https:\/\/kapitalis.com\/tunisie\/2017\/12\/27\/club-africain-cinq-plaintes-aupres-de-commission-de-litiges\/\",\"name\":\"Club africain : Cinq plaintes aupr\u00e8s de la commission de litiges - Kapitalis\",\"isPartOf\":{\"@id\":\"https:\/\/kapitalis.com\/tunisie\/#website\"},\"primaryImageOfPage\":{\"@id\":\"https:\/\/kapitalis.com\/tunisie\/2017\/12\/27\/club-africain-cinq-plaintes-aupres-de-commission-de-litiges\/#primaryimage\"},\"image\":{\"@id\":\"https:\/\/kapitalis.com\/tunisie\/2017\/12\/27\/club-africain-cinq-plaintes-aupres-de-commission-de-litiges\/#primaryimage\"},\"thumbnailUrl\":\"http:\/\/kapitalis.com\/tunisie\/wp-content\/uploads\/2017\/10\/Chiheb-Ellili-Club-africain.jpg\",\"datePublished\":\"2017-12-27T07:22:59+00:00\",\"breadcrumb\":{\"@id\":\"https:\/\/kapitalis.com\/tunisie\/2017\/12\/27\/club-africain-cinq-plaintes-aupres-de-commission-de-litiges\/#breadcrumb\"},\"inLanguage\":\"fr-FR\",\"potentialAction\":[{\"@type\":\"ReadAction\",\"target\":[\"https:\/\/kapitalis.com\/tunisie\/2017\/12\/27\/club-africain-cinq-plaintes-aupres-de-commission-de-litiges\/\"]}]},{\"@type\":\"ImageObject\",\"inLanguage\":\"fr-FR\",\"@id\":\"https:\/\/kapitalis.com\/tunisie\/2017\/12\/27\/club-africain-cinq-plaintes-aupres-de-commission-de-litiges\/#primaryimage\",\"url\":\"http:\/\/kapitalis.com\/tunisie\/wp-content\/uploads\/2017\/10\/Chiheb-Ellili-Club-africain.jpg\",\"contentUrl\":\"http:\/\/kapitalis.com\/tunisie\/wp-content\/uploads\/2017\/10\/Chiheb-Ellili-Club-africain.jpg\"},{\"@type\":\"BreadcrumbList\",\"@id\":\"https:\/\/kapitalis.com\/tunisie\/2017\/12\/27\/club-africain-cinq-plaintes-aupres-de-commission-de-litiges\/#breadcrumb\",\"itemListElement\":[{\"@type\":\"ListItem\",\"position\":1,\"name\":\"Accueil\",\"item\":\"https:\/\/kapitalis.com\/tunisie\/\"},{\"@type\":\"ListItem\",\"position\":2,\"name\":\"Club africain : Cinq plaintes aupr\u00e8s de la commission de litiges\"}]},{\"@type\":\"WebSite\",\"@id\":\"https:\/\/kapitalis.com\/tunisie\/#website\",\"url\":\"https:\/\/kapitalis.com\/tunisie\/\",\"name\":\"Kapitalis\",\"description\":\"L&#039;actualit\u00e9 en Tunisie et dans le monde\",\"publisher\":{\"@id\":\"https:\/\/kapitalis.com\/tunisie\/#organization\"},\"potentialAction\":[{\"@type\":\"SearchAction\",\"target\":{\"@type\":\"EntryPoint\",\"urlTemplate\":\"https:\/\/kapitalis.com\/tunisie\/?s={search_term_string}\"},\"query-input\":{\"@type\":\"PropertyValueSpecification\",\"valueRequired\":true,\"valueName\":\"search_term_string\"}}],\"inLanguage\":\"fr-FR\"},{\"@type\":\"Organization\",\"@id\":\"https:\/\/kapitalis.com\/tunisie\/#organization\",\"name\":\"Kapitalis\",\"url\":\"https:\/\/kapitalis.com\/tunisie\/\",\"logo\":{\"@type\":\"ImageObject\",\"inLanguage\":\"fr-FR\",\"@id\":\"https:\/\/kapitalis.com\/tunisie\/#\/schema\/logo\/image\/\",\"url\":\"https:\/\/kapitalis.com\/tunisie\/wp-content\/uploads\/2022\/05\/Kapitalis-big-size.png\",\"contentUrl\":\"https:\/\/kapitalis.com\/tunisie\/wp-content\/uploads\/2022\/05\/Kapitalis-big-size.png\",\"width\":5000,\"height\":1500,\"caption\":\"Kapitalis\"},\"image\":{\"@id\":\"https:\/\/kapitalis.com\/tunisie\/#\/schema\/logo\/image\/\"},\"sameAs\":[\"https:\/\/www.facebook.com\/KapitalisInfo\/\",\"https:\/\/x.com\/KapitalisInfo\",\"https:\/\/www.youtube.com\/channel\/UC-yDYrHyfFBWWZaOw3FPg9Q\"]},{\"@type\":\"Person\",\"@id\":\"https:\/\/kapitalis.com\/tunisie\/#\/schema\/person\/d71f33a9ca44f7bad4698210b480c8e9\",\"name\":\"webmaster kapitalis\",\"url\":\"https:\/\/kapitalis.com\/tunisie\/author\/webmaster-kapitalis\/\"}]}<\/script>\n<!-- \/ Yoast SEO plugin. -->","yoast_head_json":{"title":"Club africain : Cinq plaintes aupr\u00e8s de la commission de litiges - Kapitalis","robots":{"index":"index","follow":"follow","max-snippet":"max-snippet:-1","max-image-preview":"max-image-preview:large","max-video-preview":"max-video-preview:-1"},"canonical":"https:\/\/kapitalis.com\/tunisie\/2017\/12\/27\/club-africain-cinq-plaintes-aupres-de-commission-de-litiges\/","og_locale":"fr_FR","og_type":"article","og_title":"Club africain : Cinq plaintes aupr\u00e8s de la commission de litiges - Kapitalis","og_description":"L&rsquo;ex-coach Chiheb Ellili r\u00e9clame son d\u00fb. Le Club africain (CA) devra faire face \u00e0 plusieurs plaintes d\u00e9pos\u00e9es ces derniers jours aupr\u00e8s de la commission des litiges de la F\u00e9d\u00e9ration tunisienne de football (FTF).","og_url":"https:\/\/kapitalis.com\/tunisie\/2017\/12\/27\/club-africain-cinq-plaintes-aupres-de-commission-de-litiges\/","og_site_name":"Kapitalis","article_publisher":"https:\/\/www.facebook.com\/KapitalisInfo\/","article_published_time":"2017-12-27T07:22:59+00:00","og_image":[{"url":"http:\/\/kapitalis.com\/tunisie\/wp-content\/uploads\/2017\/10\/Chiheb-Ellili-Club-africain.jpg","type":"","width":"","height":""}],"author":"webmaster kapitalis","twitter_card":"summary_large_image","twitter_creator":"@KapitalisInfo","twitter_site":"@KapitalisInfo","twitter_misc":{"\u00c9crit par":"webmaster kapitalis","Dur\u00e9e de lecture estim\u00e9e":"1 minute"},"schema":{"@context":"https:\/\/schema.org","@graph":[{"@type":"Article","@id":"https:\/\/kapitalis.com\/tunisie\/2017\/12\/27\/club-africain-cinq-plaintes-aupres-de-commission-de-litiges\/#article","isPartOf":{"@id":"https:\/\/kapitalis.com\/tunisie\/2017\/12\/27\/club-africain-cinq-plaintes-aupres-de-commission-de-litiges\/"},"author":{"name":"webmaster kapitalis","@id":"https:\/\/kapitalis.com\/tunisie\/#\/schema\/person\/d71f33a9ca44f7bad4698210b480c8e9"},"headline":"Club africain : Cinq plaintes aupr\u00e8s de la commission de litiges","datePublished":"2017-12-27T07:22:59+00:00","mainEntityOfPage":{"@id":"https:\/\/kapitalis.com\/tunisie\/2017\/12\/27\/club-africain-cinq-plaintes-aupres-de-commission-de-litiges\/"},"wordCount":208,"commentCount":0,"publisher":{"@id":"https:\/\/kapitalis.com\/tunisie\/#organization"},"image":{"@id":"https:\/\/kapitalis.com\/tunisie\/2017\/12\/27\/club-africain-cinq-plaintes-aupres-de-commission-de-litiges\/#primaryimage"},"thumbnailUrl":"http:\/\/kapitalis.com\/tunisie\/wp-content\/uploads\/2017\/10\/Chiheb-Ellili-Club-africain.jpg","keywords":["Bilel Ifa","Chiheb Ellili","Farouk Ben Mustapha","F\u00e9d\u00e9ration tunisienne de football"],"articleSection":["SPORT","Tunisie"],"inLanguage":"fr-FR","potentialAction":[{"@type":"CommentAction","name":"Comment","target":["https:\/\/kapitalis.com\/tunisie\/2017\/12\/27\/club-africain-cinq-plaintes-aupres-de-commission-de-litiges\/#respond"]}]},{"@type":"WebPage","@id":"https:\/\/kapitalis.com\/tunisie\/2017\/12\/27\/club-africain-cinq-plaintes-aupres-de-commission-de-litiges\/","url":"https:\/\/kapitalis.com\/tunisie\/2017\/12\/27\/club-africain-cinq-plaintes-aupres-de-commission-de-litiges\/","name":"Club africain : Cinq plaintes aupr\u00e8s de la commission de litiges - Kapitalis","isPartOf":{"@id":"https:\/\/kapitalis.com\/tunisie\/#website"},"primaryImageOfPage":{"@id":"https:\/\/kapitalis.com\/tunisie\/2017\/12\/27\/club-africain-cinq-plaintes-aupres-de-commission-de-litiges\/#primaryimage"},"image":{"@id":"https:\/\/kapitalis.com\/tunisie\/2017\/12\/27\/club-africain-cinq-plaintes-aupres-de-commission-de-litiges\/#primaryimage"},"thumbnailUrl":"http:\/\/kapitalis.com\/tunisie\/wp-content\/uploads\/2017\/10\/Chiheb-Ellili-Club-africain.jpg","datePublished":"2017-12-27T07:22:59+00:00","breadcrumb":{"@id":"https:\/\/kapitalis.com\/tunisie\/2017\/12\/27\/club-africain-cinq-plaintes-aupres-de-commission-de-litiges\/#breadcrumb"},"inLanguage":"fr-FR","potentialAction":[{"@type":"ReadAction","target":["https:\/\/kapitalis.com\/tunisie\/2017\/12\/27\/club-africain-cinq-plaintes-aupres-de-commission-de-litiges\/"]}]},{"@type":"ImageObject","inLanguage":"fr-FR","@id":"https:\/\/kapitalis.com\/tunisie\/2017\/12\/27\/club-africain-cinq-plaintes-aupres-de-commission-de-litiges\/#primaryimage","url":"http:\/\/kapitalis.com\/tunisie\/wp-content\/uploads\/2017\/10\/Chiheb-Ellili-Club-africain.jpg","contentUrl":"http:\/\/kapitalis.com\/tunisie\/wp-content\/uploads\/2017\/10\/Chiheb-Ellili-Club-africain.jpg"},{"@type":"BreadcrumbList","@id":"https:\/\/kapitalis.com\/tunisie\/2017\/12\/27\/club-africain-cinq-plaintes-aupres-de-commission-de-litiges\/#breadcrumb","itemListElement":[{"@type":"ListItem","position":1,"name":"Accueil","item":"https:\/\/kapitalis.com\/tunisie\/"},{"@type":"ListItem","position":2,"name":"Club africain : Cinq plaintes aupr\u00e8s de la commission de litiges"}]},{"@type":"WebSite","@id":"https:\/\/kapitalis.com\/tunisie\/#website","url":"https:\/\/kapitalis.com\/tunisie\/","name":"Kapitalis","description":"L&#039;actualit\u00e9 en Tunisie et dans le monde","publisher":{"@id":"https:\/\/kapitalis.com\/tunisie\/#organization"},"potentialAction":[{"@type":"SearchAction","target":{"@type":"EntryPoint","urlTemplate":"https:\/\/kapitalis.com\/tunisie\/?s={search_term_string}"},"query-input":{"@type":"PropertyValueSpecification","valueRequired":true,"valueName":"search_term_string"}}],"inLanguage":"fr-FR"},{"@type":"Organization","@id":"https:\/\/kapitalis.com\/tunisie\/#organization","name":"Kapitalis","url":"https:\/\/kapitalis.com\/tunisie\/","logo":{"@type":"ImageObject","inLanguage":"fr-FR","@id":"https:\/\/kapitalis.com\/tunisie\/#\/schema\/logo\/image\/","url":"https:\/\/kapitalis.com\/tunisie\/wp-content\/uploads\/2022\/05\/Kapitalis-big-size.png","contentUrl":"https:\/\/kapitalis.com\/tunisie\/wp-content\/uploads\/2022\/05\/Kapitalis-big-size.png","width":5000,"height":1500,"caption":"Kapitalis"},"image":{"@id":"https:\/\/kapitalis.com\/tunisie\/#\/schema\/logo\/image\/"},"sameAs":["https:\/\/www.facebook.com\/KapitalisInfo\/","https:\/\/x.com\/KapitalisInfo","https:\/\/www.youtube.com\/channel\/UC-yDYrHyfFBWWZaOw3FPg9Q"]},{"@type":"Person","@id":"https:\/\/kapitalis.com\/tunisie\/#\/schema\/person\/d71f33a9ca44f7bad4698210b480c8e9","name":"webmaster kapitalis","url":"https:\/\/kapitalis.com\/tunisie\/author\/webmaster-kapitalis\/"}]}},"_links":{"self":[{"href":"https:\/\/kapitalis.com\/tunisie\/wp-json\/wp\/v2\/posts\/130194","targetHints":{"allow":["GET"]}}],"collection":[{"href":"https:\/\/kapitalis.com\/tunisie\/wp-json\/wp\/v2\/posts"}],"about":[{"href":"https:\/\/kapitalis.com\/tunisie\/wp-json\/wp\/v2\/types\/post"}],"author":[{"embeddable":true,"href":"https:\/\/kapitalis.com\/tunisie\/wp-json\/wp\/v2\/users\/8"}],"replies":[{"embeddable":true,"href":"https:\/\/kapitalis.com\/tunisie\/wp-json\/wp\/v2\/comments?post=130194"}],"version-history":[{"count":0,"href":"https:\/\/kapitalis.com\/tunisie\/wp-json\/wp\/v2\/posts\/130194\/revisions"}],"wp:attachment":[{"href":"https:\/\/kapitalis.com\/tunisie\/wp-json\/wp\/v2\/media?parent=130194"}],"wp:term":[{"taxonomy":"category","embeddable":true,"href":"https:\/\/kapitalis.com\/tunisie\/wp-json\/wp\/v2\/categories?post=130194"},{"taxonomy":"post_tag","embeddable":true,"href":"https:\/\/kapitalis.com\/tunisie\/wp-json\/wp\/v2\/tags?post=130194"}],"curies":[{"name":"wp","href":"https:\/\/api.w.org\/{rel}","templated":true}]}}