{"id":1302576,"date":"2022-06-07T10:41:01","date_gmt":"2022-06-07T09:41:01","guid":{"rendered":"https:\/\/kapitalis.com\/tunisie\/?p=1302576"},"modified":"2022-06-07T10:41:04","modified_gmt":"2022-06-07T09:41:04","slug":"kelibia-retour-du-fifak-cet-ete-apres-trois-ans-dabsence","status":"publish","type":"post","link":"https:\/\/kapitalis.com\/tunisie\/2022\/06\/07\/kelibia-retour-du-fifak-cet-ete-apres-trois-ans-dabsence\/","title":{"rendered":"K\u00e9libia\u00a0: Retour du FIFAK cet \u00e9t\u00e9 apr\u00e8s trois ans d\u2019absence"},"content":{"rendered":"\n<p><strong><em>Apr\u00e8s une absence de trois ans \u00e0 cause de la pand\u00e9mie du Coronavirus, Le Festival international du Film amateur de K\u00e9libia marque cet \u00e9t\u00e9 son grand retour. La\u00a0 35<sup>e<\/sup> \u00e9dition aura lieu du 13 au 20 ao\u00fbt.<\/em><\/strong><\/p>\n\n\n\n<!--more-->\n\n\n\n<p>Organis\u00e9 par la F\u00e9d\u00e9ration Tunisienne des Cin\u00e9astes Amateurs (FTCA) et soutenu par le minist\u00e8re des Affaires culturelles, en collaboration avec le Centre National du Cin\u00e9ma et de l\u2019Image (CNCI) et la Municipalit\u00e9 de la ville de K\u00e9libia, le FIFAK promeut la diffusion des \u0153uvres du cin\u00e9ma amateur, ind\u00e9pendant et d\u2019\u00e9cole, et permet aux cin\u00e9astes amateurs, ind\u00e9pendants et \u00e9tudiants de confronter leurs exp\u00e9riences notamment par les d\u00e9bats consacr\u00e9s aux films participants.<\/p>\n\n\n\n<p>Apr\u00e8s deux \u00e9ditions annul\u00e9es \u00e0 cause de la crise sanitaire mondiale li\u00e9e \u00e0 la propagation du Coronavirus (Covid-19), le festival sera de retour cette ann\u00e9e avec une belle programmation festive et plurielle, dont le comit\u00e9 directeur vient d\u2019annoncer les grandes lignes.<\/p>\n\n\n\n<p class=\"has-text-align-right\">La c\u00e9r\u00e9monie d&rsquo;ouverture aura lieu au Th\u00e9\u00e2tre en plein air Zin Essafi de K\u00e9libia le 13 Ao\u00fbt, et en plus de la comp\u00e9tition officielle nationale et internationale, le festival proposera comme \u00e0 chaque \u00e9dition des s\u00e9ances sp\u00e9ciales d\u00e9di\u00e9es \u00e0 un pays en particulier, des films d\u2019enfants, des ateliers, des colloques, des d\u00e9bats et des concours d\u2019\u00e9criture de sc\u00e9narios et de photographie.<br><strong>F.B<\/strong><\/p>\n","protected":false},"excerpt":{"rendered":"<p>Apr\u00e8s une absence de trois ans \u00e0 cause de la pand\u00e9mie du Coronavirus, Le Festival international du Film amateur de K\u00e9libia marque cet \u00e9t\u00e9 son grand retour. La\u00a0 35e \u00e9dition aura lieu du 13 au 20 ao\u00fbt.<\/p>\n","protected":false},"author":26,"featured_media":1303179,"comment_status":"open","ping_status":"open","sticky":false,"template":"","format":"standard","meta":{"footnotes":""},"categories":[994,2433],"tags":[100387,20974,79815,62643],"class_list":["post-1302576","post","type-post","status-publish","format-standard","has-post-thumbnail","hentry","category-culture","category-tunisie","tag-fifak-2022","tag-ftca","tag-kelibia-2","tag-tunisie"],"yoast_head":"<!-- This site is optimized with the Yoast SEO plugin v26.6 - https:\/\/yoast.com\/wordpress\/plugins\/seo\/ -->\n<title>K\u00e9libia\u00a0: Retour du FIFAK cet \u00e9t\u00e9 apr\u00e8s trois ans d\u2019absence - Kapitalis<\/title>\n<meta name=\"robots\" content=\"index, follow, max-snippet:-1, max-image-preview:large, max-video-preview:-1\" \/>\n<link rel=\"canonical\" href=\"https:\/\/kapitalis.com\/tunisie\/2022\/06\/07\/kelibia-retour-du-fifak-cet-ete-apres-trois-ans-dabsence\/\" \/>\n<meta property=\"og:locale\" content=\"fr_FR\" \/>\n<meta property=\"og:type\" content=\"article\" \/>\n<meta property=\"og:title\" content=\"K\u00e9libia\u00a0: Retour du FIFAK cet \u00e9t\u00e9 apr\u00e8s trois ans d\u2019absence - Kapitalis\" \/>\n<meta property=\"og:description\" content=\"Apr\u00e8s une absence de trois ans \u00e0 cause de la pand\u00e9mie du Coronavirus, Le Festival international du Film amateur de K\u00e9libia marque cet \u00e9t\u00e9 son grand retour. La\u00a0 35e \u00e9dition aura lieu du 13 au 20 ao\u00fbt.\" \/>\n<meta property=\"og:url\" content=\"https:\/\/kapitalis.com\/tunisie\/2022\/06\/07\/kelibia-retour-du-fifak-cet-ete-apres-trois-ans-dabsence\/\" \/>\n<meta property=\"og:site_name\" content=\"Kapitalis\" \/>\n<meta property=\"article:publisher\" content=\"https:\/\/www.facebook.com\/KapitalisInfo\/\" \/>\n<meta property=\"article:published_time\" content=\"2022-06-07T09:41:01+00:00\" \/>\n<meta property=\"article:modified_time\" content=\"2022-06-07T09:41:04+00:00\" \/>\n<meta property=\"og:image\" content=\"https:\/\/kapitalis.com\/tunisie\/wp-content\/uploads\/2022\/06\/FIFAK-2022.jpg\" \/>\n\t<meta property=\"og:image:width\" content=\"1200\" \/>\n\t<meta property=\"og:image:height\" content=\"630\" \/>\n\t<meta property=\"og:image:type\" content=\"image\/jpeg\" \/>\n<meta name=\"author\" content=\"Fawz BenAli\" \/>\n<meta name=\"twitter:card\" content=\"summary_large_image\" \/>\n<meta name=\"twitter:creator\" content=\"@KapitalisInfo\" \/>\n<meta name=\"twitter:site\" content=\"@KapitalisInfo\" \/>\n<meta name=\"twitter:label1\" content=\"\u00c9crit par\" \/>\n\t<meta name=\"twitter:data1\" content=\"Fawz BenAli\" \/>\n\t<meta name=\"twitter:label2\" content=\"Dur\u00e9e de lecture estim\u00e9e\" \/>\n\t<meta name=\"twitter:data2\" content=\"2 minutes\" \/>\n<script type=\"application\/ld+json\" class=\"yoast-schema-graph\">{\"@context\":\"https:\/\/schema.org\",\"@graph\":[{\"@type\":\"Article\",\"@id\":\"https:\/\/kapitalis.com\/tunisie\/2022\/06\/07\/kelibia-retour-du-fifak-cet-ete-apres-trois-ans-dabsence\/#article\",\"isPartOf\":{\"@id\":\"https:\/\/kapitalis.com\/tunisie\/2022\/06\/07\/kelibia-retour-du-fifak-cet-ete-apres-trois-ans-dabsence\/\"},\"author\":{\"name\":\"Fawz BenAli\",\"@id\":\"https:\/\/kapitalis.com\/tunisie\/#\/schema\/person\/73a5ecc1f6ae540c6ed91342eadca948\"},\"headline\":\"K\u00e9libia\u00a0: Retour du FIFAK cet \u00e9t\u00e9 apr\u00e8s trois ans d\u2019absence\",\"datePublished\":\"2022-06-07T09:41:01+00:00\",\"dateModified\":\"2022-06-07T09:41:04+00:00\",\"mainEntityOfPage\":{\"@id\":\"https:\/\/kapitalis.com\/tunisie\/2022\/06\/07\/kelibia-retour-du-fifak-cet-ete-apres-trois-ans-dabsence\/\"},\"wordCount\":254,\"commentCount\":0,\"publisher\":{\"@id\":\"https:\/\/kapitalis.com\/tunisie\/#organization\"},\"image\":{\"@id\":\"https:\/\/kapitalis.com\/tunisie\/2022\/06\/07\/kelibia-retour-du-fifak-cet-ete-apres-trois-ans-dabsence\/#primaryimage\"},\"thumbnailUrl\":\"https:\/\/kapitalis.com\/tunisie\/wp-content\/uploads\/2022\/06\/FIFAK-2022.jpg\",\"keywords\":[\"FIFAK 2022\",\"FTCA\",\"Kelibia\",\"Tunisie\"],\"articleSection\":[\"CULTURE\",\"Tunisie\"],\"inLanguage\":\"fr-FR\",\"potentialAction\":[{\"@type\":\"CommentAction\",\"name\":\"Comment\",\"target\":[\"https:\/\/kapitalis.com\/tunisie\/2022\/06\/07\/kelibia-retour-du-fifak-cet-ete-apres-trois-ans-dabsence\/#respond\"]}]},{\"@type\":\"WebPage\",\"@id\":\"https:\/\/kapitalis.com\/tunisie\/2022\/06\/07\/kelibia-retour-du-fifak-cet-ete-apres-trois-ans-dabsence\/\",\"url\":\"https:\/\/kapitalis.com\/tunisie\/2022\/06\/07\/kelibia-retour-du-fifak-cet-ete-apres-trois-ans-dabsence\/\",\"name\":\"K\u00e9libia\u00a0: Retour du FIFAK cet \u00e9t\u00e9 apr\u00e8s trois ans d\u2019absence - Kapitalis\",\"isPartOf\":{\"@id\":\"https:\/\/kapitalis.com\/tunisie\/#website\"},\"primaryImageOfPage\":{\"@id\":\"https:\/\/kapitalis.com\/tunisie\/2022\/06\/07\/kelibia-retour-du-fifak-cet-ete-apres-trois-ans-dabsence\/#primaryimage\"},\"image\":{\"@id\":\"https:\/\/kapitalis.com\/tunisie\/2022\/06\/07\/kelibia-retour-du-fifak-cet-ete-apres-trois-ans-dabsence\/#primaryimage\"},\"thumbnailUrl\":\"https:\/\/kapitalis.com\/tunisie\/wp-content\/uploads\/2022\/06\/FIFAK-2022.jpg\",\"datePublished\":\"2022-06-07T09:41:01+00:00\",\"dateModified\":\"2022-06-07T09:41:04+00:00\",\"breadcrumb\":{\"@id\":\"https:\/\/kapitalis.com\/tunisie\/2022\/06\/07\/kelibia-retour-du-fifak-cet-ete-apres-trois-ans-dabsence\/#breadcrumb\"},\"inLanguage\":\"fr-FR\",\"potentialAction\":[{\"@type\":\"ReadAction\",\"target\":[\"https:\/\/kapitalis.com\/tunisie\/2022\/06\/07\/kelibia-retour-du-fifak-cet-ete-apres-trois-ans-dabsence\/\"]}]},{\"@type\":\"ImageObject\",\"inLanguage\":\"fr-FR\",\"@id\":\"https:\/\/kapitalis.com\/tunisie\/2022\/06\/07\/kelibia-retour-du-fifak-cet-ete-apres-trois-ans-dabsence\/#primaryimage\",\"url\":\"https:\/\/kapitalis.com\/tunisie\/wp-content\/uploads\/2022\/06\/FIFAK-2022.jpg\",\"contentUrl\":\"https:\/\/kapitalis.com\/tunisie\/wp-content\/uploads\/2022\/06\/FIFAK-2022.jpg\",\"width\":1200,\"height\":630},{\"@type\":\"BreadcrumbList\",\"@id\":\"https:\/\/kapitalis.com\/tunisie\/2022\/06\/07\/kelibia-retour-du-fifak-cet-ete-apres-trois-ans-dabsence\/#breadcrumb\",\"itemListElement\":[{\"@type\":\"ListItem\",\"position\":1,\"name\":\"Accueil\",\"item\":\"https:\/\/kapitalis.com\/tunisie\/\"},{\"@type\":\"ListItem\",\"position\":2,\"name\":\"K\u00e9libia\u00a0: Retour du FIFAK cet \u00e9t\u00e9 apr\u00e8s trois ans d\u2019absence\"}]},{\"@type\":\"WebSite\",\"@id\":\"https:\/\/kapitalis.com\/tunisie\/#website\",\"url\":\"https:\/\/kapitalis.com\/tunisie\/\",\"name\":\"Kapitalis\",\"description\":\"L&#039;actualit\u00e9 en Tunisie et dans le monde\",\"publisher\":{\"@id\":\"https:\/\/kapitalis.com\/tunisie\/#organization\"},\"potentialAction\":[{\"@type\":\"SearchAction\",\"target\":{\"@type\":\"EntryPoint\",\"urlTemplate\":\"https:\/\/kapitalis.com\/tunisie\/?s={search_term_string}\"},\"query-input\":{\"@type\":\"PropertyValueSpecification\",\"valueRequired\":true,\"valueName\":\"search_term_string\"}}],\"inLanguage\":\"fr-FR\"},{\"@type\":\"Organization\",\"@id\":\"https:\/\/kapitalis.com\/tunisie\/#organization\",\"name\":\"Kapitalis\",\"url\":\"https:\/\/kapitalis.com\/tunisie\/\",\"logo\":{\"@type\":\"ImageObject\",\"inLanguage\":\"fr-FR\",\"@id\":\"https:\/\/kapitalis.com\/tunisie\/#\/schema\/logo\/image\/\",\"url\":\"https:\/\/kapitalis.com\/tunisie\/wp-content\/uploads\/2022\/05\/Kapitalis-big-size.png\",\"contentUrl\":\"https:\/\/kapitalis.com\/tunisie\/wp-content\/uploads\/2022\/05\/Kapitalis-big-size.png\",\"width\":5000,\"height\":1500,\"caption\":\"Kapitalis\"},\"image\":{\"@id\":\"https:\/\/kapitalis.com\/tunisie\/#\/schema\/logo\/image\/\"},\"sameAs\":[\"https:\/\/www.facebook.com\/KapitalisInfo\/\",\"https:\/\/x.com\/KapitalisInfo\",\"https:\/\/www.youtube.com\/channel\/UC-yDYrHyfFBWWZaOw3FPg9Q\"]},{\"@type\":\"Person\",\"@id\":\"https:\/\/kapitalis.com\/tunisie\/#\/schema\/person\/73a5ecc1f6ae540c6ed91342eadca948\",\"name\":\"Fawz BenAli\",\"url\":\"https:\/\/kapitalis.com\/tunisie\/author\/fawz\/\"}]}<\/script>\n<!-- \/ Yoast SEO plugin. -->","yoast_head_json":{"title":"K\u00e9libia\u00a0: Retour du FIFAK cet \u00e9t\u00e9 apr\u00e8s trois ans d\u2019absence - Kapitalis","robots":{"index":"index","follow":"follow","max-snippet":"max-snippet:-1","max-image-preview":"max-image-preview:large","max-video-preview":"max-video-preview:-1"},"canonical":"https:\/\/kapitalis.com\/tunisie\/2022\/06\/07\/kelibia-retour-du-fifak-cet-ete-apres-trois-ans-dabsence\/","og_locale":"fr_FR","og_type":"article","og_title":"K\u00e9libia\u00a0: Retour du FIFAK cet \u00e9t\u00e9 apr\u00e8s trois ans d\u2019absence - Kapitalis","og_description":"Apr\u00e8s une absence de trois ans \u00e0 cause de la pand\u00e9mie du Coronavirus, Le Festival international du Film amateur de K\u00e9libia marque cet \u00e9t\u00e9 son grand retour. La\u00a0 35e \u00e9dition aura lieu du 13 au 20 ao\u00fbt.","og_url":"https:\/\/kapitalis.com\/tunisie\/2022\/06\/07\/kelibia-retour-du-fifak-cet-ete-apres-trois-ans-dabsence\/","og_site_name":"Kapitalis","article_publisher":"https:\/\/www.facebook.com\/KapitalisInfo\/","article_published_time":"2022-06-07T09:41:01+00:00","article_modified_time":"2022-06-07T09:41:04+00:00","og_image":[{"width":1200,"height":630,"url":"https:\/\/kapitalis.com\/tunisie\/wp-content\/uploads\/2022\/06\/FIFAK-2022.jpg","type":"image\/jpeg"}],"author":"Fawz BenAli","twitter_card":"summary_large_image","twitter_creator":"@KapitalisInfo","twitter_site":"@KapitalisInfo","twitter_misc":{"\u00c9crit par":"Fawz BenAli","Dur\u00e9e de lecture estim\u00e9e":"2 minutes"},"schema":{"@context":"https:\/\/schema.org","@graph":[{"@type":"Article","@id":"https:\/\/kapitalis.com\/tunisie\/2022\/06\/07\/kelibia-retour-du-fifak-cet-ete-apres-trois-ans-dabsence\/#article","isPartOf":{"@id":"https:\/\/kapitalis.com\/tunisie\/2022\/06\/07\/kelibia-retour-du-fifak-cet-ete-apres-trois-ans-dabsence\/"},"author":{"name":"Fawz BenAli","@id":"https:\/\/kapitalis.com\/tunisie\/#\/schema\/person\/73a5ecc1f6ae540c6ed91342eadca948"},"headline":"K\u00e9libia\u00a0: Retour du FIFAK cet \u00e9t\u00e9 apr\u00e8s trois ans d\u2019absence","datePublished":"2022-06-07T09:41:01+00:00","dateModified":"2022-06-07T09:41:04+00:00","mainEntityOfPage":{"@id":"https:\/\/kapitalis.com\/tunisie\/2022\/06\/07\/kelibia-retour-du-fifak-cet-ete-apres-trois-ans-dabsence\/"},"wordCount":254,"commentCount":0,"publisher":{"@id":"https:\/\/kapitalis.com\/tunisie\/#organization"},"image":{"@id":"https:\/\/kapitalis.com\/tunisie\/2022\/06\/07\/kelibia-retour-du-fifak-cet-ete-apres-trois-ans-dabsence\/#primaryimage"},"thumbnailUrl":"https:\/\/kapitalis.com\/tunisie\/wp-content\/uploads\/2022\/06\/FIFAK-2022.jpg","keywords":["FIFAK 2022","FTCA","Kelibia","Tunisie"],"articleSection":["CULTURE","Tunisie"],"inLanguage":"fr-FR","potentialAction":[{"@type":"CommentAction","name":"Comment","target":["https:\/\/kapitalis.com\/tunisie\/2022\/06\/07\/kelibia-retour-du-fifak-cet-ete-apres-trois-ans-dabsence\/#respond"]}]},{"@type":"WebPage","@id":"https:\/\/kapitalis.com\/tunisie\/2022\/06\/07\/kelibia-retour-du-fifak-cet-ete-apres-trois-ans-dabsence\/","url":"https:\/\/kapitalis.com\/tunisie\/2022\/06\/07\/kelibia-retour-du-fifak-cet-ete-apres-trois-ans-dabsence\/","name":"K\u00e9libia\u00a0: Retour du FIFAK cet \u00e9t\u00e9 apr\u00e8s trois ans d\u2019absence - Kapitalis","isPartOf":{"@id":"https:\/\/kapitalis.com\/tunisie\/#website"},"primaryImageOfPage":{"@id":"https:\/\/kapitalis.com\/tunisie\/2022\/06\/07\/kelibia-retour-du-fifak-cet-ete-apres-trois-ans-dabsence\/#primaryimage"},"image":{"@id":"https:\/\/kapitalis.com\/tunisie\/2022\/06\/07\/kelibia-retour-du-fifak-cet-ete-apres-trois-ans-dabsence\/#primaryimage"},"thumbnailUrl":"https:\/\/kapitalis.com\/tunisie\/wp-content\/uploads\/2022\/06\/FIFAK-2022.jpg","datePublished":"2022-06-07T09:41:01+00:00","dateModified":"2022-06-07T09:41:04+00:00","breadcrumb":{"@id":"https:\/\/kapitalis.com\/tunisie\/2022\/06\/07\/kelibia-retour-du-fifak-cet-ete-apres-trois-ans-dabsence\/#breadcrumb"},"inLanguage":"fr-FR","potentialAction":[{"@type":"ReadAction","target":["https:\/\/kapitalis.com\/tunisie\/2022\/06\/07\/kelibia-retour-du-fifak-cet-ete-apres-trois-ans-dabsence\/"]}]},{"@type":"ImageObject","inLanguage":"fr-FR","@id":"https:\/\/kapitalis.com\/tunisie\/2022\/06\/07\/kelibia-retour-du-fifak-cet-ete-apres-trois-ans-dabsence\/#primaryimage","url":"https:\/\/kapitalis.com\/tunisie\/wp-content\/uploads\/2022\/06\/FIFAK-2022.jpg","contentUrl":"https:\/\/kapitalis.com\/tunisie\/wp-content\/uploads\/2022\/06\/FIFAK-2022.jpg","width":1200,"height":630},{"@type":"BreadcrumbList","@id":"https:\/\/kapitalis.com\/tunisie\/2022\/06\/07\/kelibia-retour-du-fifak-cet-ete-apres-trois-ans-dabsence\/#breadcrumb","itemListElement":[{"@type":"ListItem","position":1,"name":"Accueil","item":"https:\/\/kapitalis.com\/tunisie\/"},{"@type":"ListItem","position":2,"name":"K\u00e9libia\u00a0: Retour du FIFAK cet \u00e9t\u00e9 apr\u00e8s trois ans d\u2019absence"}]},{"@type":"WebSite","@id":"https:\/\/kapitalis.com\/tunisie\/#website","url":"https:\/\/kapitalis.com\/tunisie\/","name":"Kapitalis","description":"L&#039;actualit\u00e9 en Tunisie et dans le monde","publisher":{"@id":"https:\/\/kapitalis.com\/tunisie\/#organization"},"potentialAction":[{"@type":"SearchAction","target":{"@type":"EntryPoint","urlTemplate":"https:\/\/kapitalis.com\/tunisie\/?s={search_term_string}"},"query-input":{"@type":"PropertyValueSpecification","valueRequired":true,"valueName":"search_term_string"}}],"inLanguage":"fr-FR"},{"@type":"Organization","@id":"https:\/\/kapitalis.com\/tunisie\/#organization","name":"Kapitalis","url":"https:\/\/kapitalis.com\/tunisie\/","logo":{"@type":"ImageObject","inLanguage":"fr-FR","@id":"https:\/\/kapitalis.com\/tunisie\/#\/schema\/logo\/image\/","url":"https:\/\/kapitalis.com\/tunisie\/wp-content\/uploads\/2022\/05\/Kapitalis-big-size.png","contentUrl":"https:\/\/kapitalis.com\/tunisie\/wp-content\/uploads\/2022\/05\/Kapitalis-big-size.png","width":5000,"height":1500,"caption":"Kapitalis"},"image":{"@id":"https:\/\/kapitalis.com\/tunisie\/#\/schema\/logo\/image\/"},"sameAs":["https:\/\/www.facebook.com\/KapitalisInfo\/","https:\/\/x.com\/KapitalisInfo","https:\/\/www.youtube.com\/channel\/UC-yDYrHyfFBWWZaOw3FPg9Q"]},{"@type":"Person","@id":"https:\/\/kapitalis.com\/tunisie\/#\/schema\/person\/73a5ecc1f6ae540c6ed91342eadca948","name":"Fawz BenAli","url":"https:\/\/kapitalis.com\/tunisie\/author\/fawz\/"}]}},"_links":{"self":[{"href":"https:\/\/kapitalis.com\/tunisie\/wp-json\/wp\/v2\/posts\/1302576","targetHints":{"allow":["GET"]}}],"collection":[{"href":"https:\/\/kapitalis.com\/tunisie\/wp-json\/wp\/v2\/posts"}],"about":[{"href":"https:\/\/kapitalis.com\/tunisie\/wp-json\/wp\/v2\/types\/post"}],"author":[{"embeddable":true,"href":"https:\/\/kapitalis.com\/tunisie\/wp-json\/wp\/v2\/users\/26"}],"replies":[{"embeddable":true,"href":"https:\/\/kapitalis.com\/tunisie\/wp-json\/wp\/v2\/comments?post=1302576"}],"version-history":[{"count":0,"href":"https:\/\/kapitalis.com\/tunisie\/wp-json\/wp\/v2\/posts\/1302576\/revisions"}],"wp:featuredmedia":[{"embeddable":true,"href":"https:\/\/kapitalis.com\/tunisie\/wp-json\/wp\/v2\/media\/1303179"}],"wp:attachment":[{"href":"https:\/\/kapitalis.com\/tunisie\/wp-json\/wp\/v2\/media?parent=1302576"}],"wp:term":[{"taxonomy":"category","embeddable":true,"href":"https:\/\/kapitalis.com\/tunisie\/wp-json\/wp\/v2\/categories?post=1302576"},{"taxonomy":"post_tag","embeddable":true,"href":"https:\/\/kapitalis.com\/tunisie\/wp-json\/wp\/v2\/tags?post=1302576"}],"curies":[{"name":"wp","href":"https:\/\/api.w.org\/{rel}","templated":true}]}}