{"id":13035636,"date":"2024-05-30T09:20:31","date_gmt":"2024-05-30T08:20:31","guid":{"rendered":"https:\/\/kapitalis.com\/tunisie\/?p=13035636"},"modified":"2024-05-30T09:20:32","modified_gmt":"2024-05-30T08:20:32","slug":"tabarka-une-perle-oubliee","status":"publish","type":"post","link":"https:\/\/kapitalis.com\/tunisie\/2024\/05\/30\/tabarka-une-perle-oubliee\/","title":{"rendered":"Tabarka, une perle oubli\u00e9e \u00a0"},"content":{"rendered":"\n<p><strong><em>Avec ses sites naturels imprenables, ses vestiges arch\u00e9ologiques, ses nombreux h\u00f4tels, son port de plaisance, son parcours de golf et son a\u00e9roport international construit dans les ann\u00e9es 1990 **, Tabarka (Jendouba) ne parvient toujours pas \u00e0 d\u00e9coller comme une destination touristique \u00e0 part enti\u00e8re. Que lui manque-t-il\u00a0?<\/em><\/strong><\/p>\n\n\n\n<p><strong>Elyes Kasri <\/strong>*<\/p>\n\n\n\n<!--more-->\n\n\n<div class=\"wp-block-image\">\n<figure class=\"alignleft size-full\"><img decoding=\"async\" src=\"http:\/\/kapitalis.com\/tunisie\/wp-content\/uploads\/2021\/06\/Elyes-Kasri.jpg\" alt=\"\" class=\"wp-image-352204\"\/><\/figure>\n<\/div>\n\n\n<p>Magnifique coucher du soleil sur Tabarka, cit\u00e9 plurimill\u00e9naire (plus de 2800 ans d\u2019histoire) qui a suscit\u00e9 tant d\u2019espoirs et d\u2019engouement international dans les ann\u00e9es 70 avec son festival international du Jazz gr\u00e2ce \u00e0 la vision de pionniers comme Lotfi Belhassine.<\/p>\n\n\n\n<p>Un demi-si\u00e8cle plus tard, ces espoirs semblent s\u2019estomper malgr\u00e9 la beaut\u00e9 imprenable du site et la bont\u00e9 des autochtones.<\/p>\n\n\n\n<p>Ceux qui ont v\u00e9cu le Festival de Jazz de Tabarka \u00e0 son apog\u00e9e ne pourront s\u2019emp\u00eacher d\u2019avoir un pincement au c\u0153ur de voir une marina quasi d\u00e9sert\u00e9e par les touristes et des unit\u00e9s h\u00f4teli\u00e8res soit ferm\u00e9es ou tournant au ralenti.<\/p>\n\n\n\n<p>Il n\u2019est pas excessif de dire que la Tunisie est un pays spectaculairement beau mais malheureusement desservi par un manque d\u2019audace et de foi en ses qualit\u00e9s exceptionnelles.<\/p>\n\n\n\n<p>Lors de mon r\u00e9cent s\u00e9jour \u00e0 Tabarka, de nombreux autochtones m\u2019ont signal\u00e9 avec beaucoup d\u2019amertume que, si le centre de la Tunisie dispose de deux a\u00e9roports (Enfidha et Monastir) et le sud de quatre a\u00e9roports (Sfax, Gafsa, Nafta et Djerba), le nord de la Tunisie, avec ses sites naturels imprenables et ses nombreux vestiges arch\u00e9ologiques, ne dispose que d\u2019un a\u00e9roport (Tabarka) qui est presque \u00e0 l\u2019arr\u00eat.<\/p>\n\n\n\n<p>Alors que cette r\u00e9gion r\u00e9pond aux crit\u00e8res de diversification du produit touristique (tourisme baln\u00e9aire, d\u2019hiver, \u00e9cologique et culturel\u2026), il reste quand m\u00eame curieux que, faute d\u2019une autoroute ou d\u2019une route express menant de la capitale \u00e0 Tabarka-Ain Draham, l\u2019a\u00e9roport de Tabarka ne puisse pas jouer son r\u00f4le de d\u00e9veloppement \u00e9conomique et touristique dans une r\u00e9gion qui en a en m\u00eame temps un grand besoin et un potentiel incontestable.<\/p>\n\n\n\n<p>En fait, le sous-d\u00e9veloppement n\u2019est pas une fatalit\u00e9, mais la r\u00e9sultante d\u2019un d\u00e9ficit de courage, de vision et de volont\u00e9 de d\u00e9veloppement inclusif et durable.<\/p>\n\n\n\n<p>* <em>Ancien ambassadeur.<\/em> <\/p>\n\n\n\n<p><em>** NDLR: Ces infrastructures ont \u00e9t\u00e9 \u00e9rig\u00e9es dans les ann\u00e9es 1990 sous l&rsquo;impulsion personnelle de l&rsquo;ancien pr\u00e9sident Zine El-Abidine Ben Ali, qui croyait fermement en l&rsquo;avenir touristique de cette ville du nord-ouest. Mais les investissements consentis par l&rsquo;Etat et par les priv\u00e9s n&rsquo;ont pas \u00e9t\u00e9 rentabilis\u00e9s. Cherchez l&rsquo;erreur ! <\/em><\/p>\n\n\n\n<figure class=\"wp-block-embed is-type-wp-embed is-provider-kapitalis wp-block-embed-kapitalis\"><div class=\"wp-block-embed__wrapper\">\n<blockquote class=\"wp-embedded-content\" data-secret=\"8AMHrJba25\"><a href=\"https:\/\/kapitalis.com\/tunisie\/2024\/04\/22\/tunisie-visite-de-diplomates-dans-la-zone-touristique-ain-draham-tabarka\/\">Tunisie\u00a0: visite de diplomates dans la zone touristique Ain Draham &#8211; Tabarka<\/a><\/blockquote><iframe loading=\"lazy\" class=\"wp-embedded-content\" sandbox=\"allow-scripts\" security=\"restricted\" style=\"position: absolute; clip: rect(1px, 1px, 1px, 1px);\" title=\"\u00ab\u00a0Tunisie\u00a0: visite de diplomates dans la zone touristique Ain Draham &#8211; Tabarka\u00a0\u00bb &#8212; Kapitalis\" src=\"https:\/\/kapitalis.com\/tunisie\/2024\/04\/22\/tunisie-visite-de-diplomates-dans-la-zone-touristique-ain-draham-tabarka\/embed\/#?secret=PwnbMhfNl7#?secret=8AMHrJba25\" data-secret=\"8AMHrJba25\" width=\"600\" height=\"338\" frameborder=\"0\" marginwidth=\"0\" marginheight=\"0\" scrolling=\"no\"><\/iframe>\n<\/div><\/figure>\n","protected":false},"excerpt":{"rendered":"<p>Les investissements consentis par l&rsquo;Etat et par les priv\u00e9s dans la ville de Tabarka tardent \u00e0 \u00eatre rentabilis\u00e9s.<\/p>\n","protected":false},"author":8,"featured_media":13035683,"comment_status":"closed","ping_status":"open","sticky":false,"template":"","format":"standard","meta":{"footnotes":""},"categories":[992,1000,2433],"tags":[76221,82931,515,3699],"class_list":["post-13035636","post","type-post","status-publish","format-standard","has-post-thumbnail","hentry","category-a-la-une","category-tribune","category-tunisie","tag-ain-draham-2","tag-elyes-kasri-2","tag-jendouba","tag-tabarka"],"yoast_head":"<!-- This site is optimized with the Yoast SEO plugin v26.6 - https:\/\/yoast.com\/wordpress\/plugins\/seo\/ -->\n<title>Tabarka, une perle oubli\u00e9e \u00a0 - Kapitalis<\/title>\n<meta name=\"robots\" content=\"index, follow, max-snippet:-1, max-image-preview:large, max-video-preview:-1\" \/>\n<link rel=\"canonical\" href=\"https:\/\/kapitalis.com\/tunisie\/2024\/05\/30\/tabarka-une-perle-oubliee\/\" \/>\n<meta property=\"og:locale\" content=\"fr_FR\" \/>\n<meta property=\"og:type\" content=\"article\" \/>\n<meta property=\"og:title\" content=\"Tabarka, une perle oubli\u00e9e \u00a0 - Kapitalis\" \/>\n<meta property=\"og:description\" content=\"Les investissements consentis par l&#039;Etat et par les priv\u00e9s dans la ville de Tabarka tardent \u00e0 \u00eatre rentabilis\u00e9s.\" \/>\n<meta property=\"og:url\" content=\"https:\/\/kapitalis.com\/tunisie\/2024\/05\/30\/tabarka-une-perle-oubliee\/\" \/>\n<meta property=\"og:site_name\" content=\"Kapitalis\" \/>\n<meta property=\"article:publisher\" content=\"https:\/\/www.facebook.com\/KapitalisInfo\/\" \/>\n<meta property=\"article:published_time\" content=\"2024-05-30T08:20:31+00:00\" \/>\n<meta property=\"article:modified_time\" content=\"2024-05-30T08:20:32+00:00\" \/>\n<meta property=\"og:image\" content=\"https:\/\/kapitalis.com\/tunisie\/wp-content\/uploads\/2024\/05\/Coucher-de-soleil-Tabarka.jpg\" \/>\n\t<meta property=\"og:image:width\" content=\"1200\" \/>\n\t<meta property=\"og:image:height\" content=\"630\" \/>\n\t<meta property=\"og:image:type\" content=\"image\/jpeg\" \/>\n<meta name=\"author\" content=\"webmaster kapitalis\" \/>\n<meta name=\"twitter:card\" content=\"summary_large_image\" \/>\n<meta name=\"twitter:creator\" content=\"@KapitalisInfo\" \/>\n<meta name=\"twitter:site\" content=\"@KapitalisInfo\" \/>\n<meta name=\"twitter:label1\" content=\"\u00c9crit par\" \/>\n\t<meta name=\"twitter:data1\" content=\"webmaster kapitalis\" \/>\n\t<meta name=\"twitter:label2\" content=\"Dur\u00e9e de lecture estim\u00e9e\" \/>\n\t<meta name=\"twitter:data2\" content=\"3 minutes\" \/>\n<script type=\"application\/ld+json\" class=\"yoast-schema-graph\">{\"@context\":\"https:\/\/schema.org\",\"@graph\":[{\"@type\":\"Article\",\"@id\":\"https:\/\/kapitalis.com\/tunisie\/2024\/05\/30\/tabarka-une-perle-oubliee\/#article\",\"isPartOf\":{\"@id\":\"https:\/\/kapitalis.com\/tunisie\/2024\/05\/30\/tabarka-une-perle-oubliee\/\"},\"author\":{\"name\":\"webmaster kapitalis\",\"@id\":\"https:\/\/kapitalis.com\/tunisie\/#\/schema\/person\/d71f33a9ca44f7bad4698210b480c8e9\"},\"headline\":\"Tabarka, une perle oubli\u00e9e \u00a0\",\"datePublished\":\"2024-05-30T08:20:31+00:00\",\"dateModified\":\"2024-05-30T08:20:32+00:00\",\"mainEntityOfPage\":{\"@id\":\"https:\/\/kapitalis.com\/tunisie\/2024\/05\/30\/tabarka-une-perle-oubliee\/\"},\"wordCount\":447,\"publisher\":{\"@id\":\"https:\/\/kapitalis.com\/tunisie\/#organization\"},\"image\":{\"@id\":\"https:\/\/kapitalis.com\/tunisie\/2024\/05\/30\/tabarka-une-perle-oubliee\/#primaryimage\"},\"thumbnailUrl\":\"https:\/\/kapitalis.com\/tunisie\/wp-content\/uploads\/2024\/05\/Coucher-de-soleil-Tabarka.jpg\",\"keywords\":[\"Ain Draham\",\"Elyes Kasri\",\"Jendouba\",\"Tabarka\"],\"articleSection\":[\"A LA UNE\",\"TRIBUNE\",\"Tunisie\"],\"inLanguage\":\"fr-FR\"},{\"@type\":\"WebPage\",\"@id\":\"https:\/\/kapitalis.com\/tunisie\/2024\/05\/30\/tabarka-une-perle-oubliee\/\",\"url\":\"https:\/\/kapitalis.com\/tunisie\/2024\/05\/30\/tabarka-une-perle-oubliee\/\",\"name\":\"Tabarka, une perle oubli\u00e9e \u00a0 - Kapitalis\",\"isPartOf\":{\"@id\":\"https:\/\/kapitalis.com\/tunisie\/#website\"},\"primaryImageOfPage\":{\"@id\":\"https:\/\/kapitalis.com\/tunisie\/2024\/05\/30\/tabarka-une-perle-oubliee\/#primaryimage\"},\"image\":{\"@id\":\"https:\/\/kapitalis.com\/tunisie\/2024\/05\/30\/tabarka-une-perle-oubliee\/#primaryimage\"},\"thumbnailUrl\":\"https:\/\/kapitalis.com\/tunisie\/wp-content\/uploads\/2024\/05\/Coucher-de-soleil-Tabarka.jpg\",\"datePublished\":\"2024-05-30T08:20:31+00:00\",\"dateModified\":\"2024-05-30T08:20:32+00:00\",\"breadcrumb\":{\"@id\":\"https:\/\/kapitalis.com\/tunisie\/2024\/05\/30\/tabarka-une-perle-oubliee\/#breadcrumb\"},\"inLanguage\":\"fr-FR\",\"potentialAction\":[{\"@type\":\"ReadAction\",\"target\":[\"https:\/\/kapitalis.com\/tunisie\/2024\/05\/30\/tabarka-une-perle-oubliee\/\"]}]},{\"@type\":\"ImageObject\",\"inLanguage\":\"fr-FR\",\"@id\":\"https:\/\/kapitalis.com\/tunisie\/2024\/05\/30\/tabarka-une-perle-oubliee\/#primaryimage\",\"url\":\"https:\/\/kapitalis.com\/tunisie\/wp-content\/uploads\/2024\/05\/Coucher-de-soleil-Tabarka.jpg\",\"contentUrl\":\"https:\/\/kapitalis.com\/tunisie\/wp-content\/uploads\/2024\/05\/Coucher-de-soleil-Tabarka.jpg\",\"width\":1200,\"height\":630},{\"@type\":\"BreadcrumbList\",\"@id\":\"https:\/\/kapitalis.com\/tunisie\/2024\/05\/30\/tabarka-une-perle-oubliee\/#breadcrumb\",\"itemListElement\":[{\"@type\":\"ListItem\",\"position\":1,\"name\":\"Accueil\",\"item\":\"https:\/\/kapitalis.com\/tunisie\/\"},{\"@type\":\"ListItem\",\"position\":2,\"name\":\"Tabarka, une perle oubli\u00e9e \u00a0\"}]},{\"@type\":\"WebSite\",\"@id\":\"https:\/\/kapitalis.com\/tunisie\/#website\",\"url\":\"https:\/\/kapitalis.com\/tunisie\/\",\"name\":\"Kapitalis\",\"description\":\"L&#039;actualit\u00e9 en Tunisie et dans le monde\",\"publisher\":{\"@id\":\"https:\/\/kapitalis.com\/tunisie\/#organization\"},\"potentialAction\":[{\"@type\":\"SearchAction\",\"target\":{\"@type\":\"EntryPoint\",\"urlTemplate\":\"https:\/\/kapitalis.com\/tunisie\/?s={search_term_string}\"},\"query-input\":{\"@type\":\"PropertyValueSpecification\",\"valueRequired\":true,\"valueName\":\"search_term_string\"}}],\"inLanguage\":\"fr-FR\"},{\"@type\":\"Organization\",\"@id\":\"https:\/\/kapitalis.com\/tunisie\/#organization\",\"name\":\"Kapitalis\",\"url\":\"https:\/\/kapitalis.com\/tunisie\/\",\"logo\":{\"@type\":\"ImageObject\",\"inLanguage\":\"fr-FR\",\"@id\":\"https:\/\/kapitalis.com\/tunisie\/#\/schema\/logo\/image\/\",\"url\":\"https:\/\/kapitalis.com\/tunisie\/wp-content\/uploads\/2022\/05\/Kapitalis-big-size.png\",\"contentUrl\":\"https:\/\/kapitalis.com\/tunisie\/wp-content\/uploads\/2022\/05\/Kapitalis-big-size.png\",\"width\":5000,\"height\":1500,\"caption\":\"Kapitalis\"},\"image\":{\"@id\":\"https:\/\/kapitalis.com\/tunisie\/#\/schema\/logo\/image\/\"},\"sameAs\":[\"https:\/\/www.facebook.com\/KapitalisInfo\/\",\"https:\/\/x.com\/KapitalisInfo\",\"https:\/\/www.youtube.com\/channel\/UC-yDYrHyfFBWWZaOw3FPg9Q\"]},{\"@type\":\"Person\",\"@id\":\"https:\/\/kapitalis.com\/tunisie\/#\/schema\/person\/d71f33a9ca44f7bad4698210b480c8e9\",\"name\":\"webmaster kapitalis\",\"url\":\"https:\/\/kapitalis.com\/tunisie\/author\/webmaster-kapitalis\/\"}]}<\/script>\n<!-- \/ Yoast SEO plugin. -->","yoast_head_json":{"title":"Tabarka, une perle oubli\u00e9e \u00a0 - Kapitalis","robots":{"index":"index","follow":"follow","max-snippet":"max-snippet:-1","max-image-preview":"max-image-preview:large","max-video-preview":"max-video-preview:-1"},"canonical":"https:\/\/kapitalis.com\/tunisie\/2024\/05\/30\/tabarka-une-perle-oubliee\/","og_locale":"fr_FR","og_type":"article","og_title":"Tabarka, une perle oubli\u00e9e \u00a0 - Kapitalis","og_description":"Les investissements consentis par l'Etat et par les priv\u00e9s dans la ville de Tabarka tardent \u00e0 \u00eatre rentabilis\u00e9s.","og_url":"https:\/\/kapitalis.com\/tunisie\/2024\/05\/30\/tabarka-une-perle-oubliee\/","og_site_name":"Kapitalis","article_publisher":"https:\/\/www.facebook.com\/KapitalisInfo\/","article_published_time":"2024-05-30T08:20:31+00:00","article_modified_time":"2024-05-30T08:20:32+00:00","og_image":[{"width":1200,"height":630,"url":"https:\/\/kapitalis.com\/tunisie\/wp-content\/uploads\/2024\/05\/Coucher-de-soleil-Tabarka.jpg","type":"image\/jpeg"}],"author":"webmaster kapitalis","twitter_card":"summary_large_image","twitter_creator":"@KapitalisInfo","twitter_site":"@KapitalisInfo","twitter_misc":{"\u00c9crit par":"webmaster kapitalis","Dur\u00e9e de lecture estim\u00e9e":"3 minutes"},"schema":{"@context":"https:\/\/schema.org","@graph":[{"@type":"Article","@id":"https:\/\/kapitalis.com\/tunisie\/2024\/05\/30\/tabarka-une-perle-oubliee\/#article","isPartOf":{"@id":"https:\/\/kapitalis.com\/tunisie\/2024\/05\/30\/tabarka-une-perle-oubliee\/"},"author":{"name":"webmaster kapitalis","@id":"https:\/\/kapitalis.com\/tunisie\/#\/schema\/person\/d71f33a9ca44f7bad4698210b480c8e9"},"headline":"Tabarka, une perle oubli\u00e9e \u00a0","datePublished":"2024-05-30T08:20:31+00:00","dateModified":"2024-05-30T08:20:32+00:00","mainEntityOfPage":{"@id":"https:\/\/kapitalis.com\/tunisie\/2024\/05\/30\/tabarka-une-perle-oubliee\/"},"wordCount":447,"publisher":{"@id":"https:\/\/kapitalis.com\/tunisie\/#organization"},"image":{"@id":"https:\/\/kapitalis.com\/tunisie\/2024\/05\/30\/tabarka-une-perle-oubliee\/#primaryimage"},"thumbnailUrl":"https:\/\/kapitalis.com\/tunisie\/wp-content\/uploads\/2024\/05\/Coucher-de-soleil-Tabarka.jpg","keywords":["Ain Draham","Elyes Kasri","Jendouba","Tabarka"],"articleSection":["A LA UNE","TRIBUNE","Tunisie"],"inLanguage":"fr-FR"},{"@type":"WebPage","@id":"https:\/\/kapitalis.com\/tunisie\/2024\/05\/30\/tabarka-une-perle-oubliee\/","url":"https:\/\/kapitalis.com\/tunisie\/2024\/05\/30\/tabarka-une-perle-oubliee\/","name":"Tabarka, une perle oubli\u00e9e \u00a0 - Kapitalis","isPartOf":{"@id":"https:\/\/kapitalis.com\/tunisie\/#website"},"primaryImageOfPage":{"@id":"https:\/\/kapitalis.com\/tunisie\/2024\/05\/30\/tabarka-une-perle-oubliee\/#primaryimage"},"image":{"@id":"https:\/\/kapitalis.com\/tunisie\/2024\/05\/30\/tabarka-une-perle-oubliee\/#primaryimage"},"thumbnailUrl":"https:\/\/kapitalis.com\/tunisie\/wp-content\/uploads\/2024\/05\/Coucher-de-soleil-Tabarka.jpg","datePublished":"2024-05-30T08:20:31+00:00","dateModified":"2024-05-30T08:20:32+00:00","breadcrumb":{"@id":"https:\/\/kapitalis.com\/tunisie\/2024\/05\/30\/tabarka-une-perle-oubliee\/#breadcrumb"},"inLanguage":"fr-FR","potentialAction":[{"@type":"ReadAction","target":["https:\/\/kapitalis.com\/tunisie\/2024\/05\/30\/tabarka-une-perle-oubliee\/"]}]},{"@type":"ImageObject","inLanguage":"fr-FR","@id":"https:\/\/kapitalis.com\/tunisie\/2024\/05\/30\/tabarka-une-perle-oubliee\/#primaryimage","url":"https:\/\/kapitalis.com\/tunisie\/wp-content\/uploads\/2024\/05\/Coucher-de-soleil-Tabarka.jpg","contentUrl":"https:\/\/kapitalis.com\/tunisie\/wp-content\/uploads\/2024\/05\/Coucher-de-soleil-Tabarka.jpg","width":1200,"height":630},{"@type":"BreadcrumbList","@id":"https:\/\/kapitalis.com\/tunisie\/2024\/05\/30\/tabarka-une-perle-oubliee\/#breadcrumb","itemListElement":[{"@type":"ListItem","position":1,"name":"Accueil","item":"https:\/\/kapitalis.com\/tunisie\/"},{"@type":"ListItem","position":2,"name":"Tabarka, une perle oubli\u00e9e \u00a0"}]},{"@type":"WebSite","@id":"https:\/\/kapitalis.com\/tunisie\/#website","url":"https:\/\/kapitalis.com\/tunisie\/","name":"Kapitalis","description":"L&#039;actualit\u00e9 en Tunisie et dans le monde","publisher":{"@id":"https:\/\/kapitalis.com\/tunisie\/#organization"},"potentialAction":[{"@type":"SearchAction","target":{"@type":"EntryPoint","urlTemplate":"https:\/\/kapitalis.com\/tunisie\/?s={search_term_string}"},"query-input":{"@type":"PropertyValueSpecification","valueRequired":true,"valueName":"search_term_string"}}],"inLanguage":"fr-FR"},{"@type":"Organization","@id":"https:\/\/kapitalis.com\/tunisie\/#organization","name":"Kapitalis","url":"https:\/\/kapitalis.com\/tunisie\/","logo":{"@type":"ImageObject","inLanguage":"fr-FR","@id":"https:\/\/kapitalis.com\/tunisie\/#\/schema\/logo\/image\/","url":"https:\/\/kapitalis.com\/tunisie\/wp-content\/uploads\/2022\/05\/Kapitalis-big-size.png","contentUrl":"https:\/\/kapitalis.com\/tunisie\/wp-content\/uploads\/2022\/05\/Kapitalis-big-size.png","width":5000,"height":1500,"caption":"Kapitalis"},"image":{"@id":"https:\/\/kapitalis.com\/tunisie\/#\/schema\/logo\/image\/"},"sameAs":["https:\/\/www.facebook.com\/KapitalisInfo\/","https:\/\/x.com\/KapitalisInfo","https:\/\/www.youtube.com\/channel\/UC-yDYrHyfFBWWZaOw3FPg9Q"]},{"@type":"Person","@id":"https:\/\/kapitalis.com\/tunisie\/#\/schema\/person\/d71f33a9ca44f7bad4698210b480c8e9","name":"webmaster kapitalis","url":"https:\/\/kapitalis.com\/tunisie\/author\/webmaster-kapitalis\/"}]}},"_links":{"self":[{"href":"https:\/\/kapitalis.com\/tunisie\/wp-json\/wp\/v2\/posts\/13035636","targetHints":{"allow":["GET"]}}],"collection":[{"href":"https:\/\/kapitalis.com\/tunisie\/wp-json\/wp\/v2\/posts"}],"about":[{"href":"https:\/\/kapitalis.com\/tunisie\/wp-json\/wp\/v2\/types\/post"}],"author":[{"embeddable":true,"href":"https:\/\/kapitalis.com\/tunisie\/wp-json\/wp\/v2\/users\/8"}],"replies":[{"embeddable":true,"href":"https:\/\/kapitalis.com\/tunisie\/wp-json\/wp\/v2\/comments?post=13035636"}],"version-history":[{"count":1,"href":"https:\/\/kapitalis.com\/tunisie\/wp-json\/wp\/v2\/posts\/13035636\/revisions"}],"predecessor-version":[{"id":13035729,"href":"https:\/\/kapitalis.com\/tunisie\/wp-json\/wp\/v2\/posts\/13035636\/revisions\/13035729"}],"wp:featuredmedia":[{"embeddable":true,"href":"https:\/\/kapitalis.com\/tunisie\/wp-json\/wp\/v2\/media\/13035683"}],"wp:attachment":[{"href":"https:\/\/kapitalis.com\/tunisie\/wp-json\/wp\/v2\/media?parent=13035636"}],"wp:term":[{"taxonomy":"category","embeddable":true,"href":"https:\/\/kapitalis.com\/tunisie\/wp-json\/wp\/v2\/categories?post=13035636"},{"taxonomy":"post_tag","embeddable":true,"href":"https:\/\/kapitalis.com\/tunisie\/wp-json\/wp\/v2\/tags?post=13035636"}],"curies":[{"name":"wp","href":"https:\/\/api.w.org\/{rel}","templated":true}]}}