{"id":130700,"date":"2017-12-30T08:55:39","date_gmt":"2017-12-30T07:55:39","guid":{"rendered":"http:\/\/kapitalis.com\/tunisie\/?p=130700"},"modified":"2017-12-30T08:55:39","modified_gmt":"2017-12-30T07:55:39","slug":"esperance-fakhreddine-ben-youssef-tres-convoite-europe","status":"publish","type":"post","link":"https:\/\/kapitalis.com\/tunisie\/2017\/12\/30\/esperance-fakhreddine-ben-youssef-tres-convoite-europe\/","title":{"rendered":"Esp\u00e9rance: Fakhreddine Ben Youssef tr\u00e8s convoit\u00e9 en Europe"},"content":{"rendered":"<p style=\"text-align: center;\"><img loading=\"lazy\" decoding=\"async\" class=\"alignnone size-full wp-image-6709\" src=\"http:\/\/kapitalis.com\/tunisie\/wp-content\/uploads\/2015\/07\/Fakhreddine-Ben-Youssef.jpg\" alt=\"\" width=\"626\" height=\"380\" \/><\/p>\n<p><em><strong>L\u2019entra\u00eeneur de FC Nantes Claudio Ranieri appr\u00e9cie le milieu offensif de l\u2019Esp\u00e9rance sportive de Tunis (EST) Fakhreddine Ben Youssef (26 ans).<\/strong> <\/em><\/p>\n<p><!--more--><\/p>\n<p>Selon certaines indiscr\u00e9tions, le transfert de l\u2019attaquant international tunisien pourrait avoir lieu d\u00e8s le mercato hivernal.<\/p>\n<p>Le technicien italien, champion d\u2019Angleterre avec Leicester en 2016, souhaite renforcer son attaque. Dans cette optique, le site sp\u00e9cialis\u00e9 <em>\u2018\u2018Foot Mercatoconfirme\u2019\u2019<\/em> un int\u00e9r\u00eat certain du FC Nantes pour l\u2019international tunisien.<\/p>\n<p>D\u2019ailleurs \u00e0 26 ans, l\u2019ancien ailier droit du FC Metz souhaiterait retenter sa chance en Europe. Le FC Nantes, mais aussi le SM Caen et le Toulouse FC s\u2019int\u00e9ressent \u00e0 lui, toujours d\u2019apr\u00e8s <em>\u2018\u2018FM\u2019\u2019<\/em>.<\/p>\n<p>L\u2019international tunisien (23 s\u00e9lections, 4 buts) a fait aussi l\u2019objet de plusieurs offres du Vit\u00f3ria Guimar\u00e3es SC et de deux clubs turcs, Sivasspor et Bursaspor. Au Portugal, le Sporting Lisbonne se serait \u00e9galement renseign\u00e9 \u00e0 son sujet.<\/p>\n<p>Sous contrat jusqu\u2019en juin 2018, Ben Youssef est estim\u00e9 \u00e0 environ 1 million d\u2019euros (2,455 millions de dinars tunisiens) par le site sp\u00e9cialis\u00e9 <em>\u2018\u2018Transfermarkt\u2019\u2019.<\/em><\/p>\n<p style=\"text-align: right;\"><strong>H. M.<\/strong><\/p>\n","protected":false},"excerpt":{"rendered":"<p>L\u2019entra\u00eeneur de FC Nantes Claudio Ranieri appr\u00e9cie le milieu offensif de l\u2019Esp\u00e9rance sportive de Tunis (EST) Fakhreddine Ben Youssef (26 ans).<\/p>\n","protected":false},"author":8,"featured_media":0,"comment_status":"open","ping_status":"open","sticky":false,"template":"","format":"standard","meta":{"footnotes":""},"categories":[999,2433],"tags":[3190,40685],"class_list":["post-130700","post","type-post","status-publish","format-standard","hentry","category-sport","category-tunisie","tag-fakhreddine-ben-youssef","tag-fc-metz"],"yoast_head":"<!-- This site is optimized with the Yoast SEO plugin v26.6 - https:\/\/yoast.com\/wordpress\/plugins\/seo\/ -->\n<title>Esp\u00e9rance: Fakhreddine Ben Youssef tr\u00e8s convoit\u00e9 en Europe - Kapitalis<\/title>\n<meta name=\"robots\" content=\"index, follow, max-snippet:-1, max-image-preview:large, max-video-preview:-1\" \/>\n<link rel=\"canonical\" href=\"https:\/\/kapitalis.com\/tunisie\/2017\/12\/30\/esperance-fakhreddine-ben-youssef-tres-convoite-europe\/\" \/>\n<meta property=\"og:locale\" content=\"fr_FR\" \/>\n<meta property=\"og:type\" content=\"article\" \/>\n<meta property=\"og:title\" content=\"Esp\u00e9rance: Fakhreddine Ben Youssef tr\u00e8s convoit\u00e9 en Europe - Kapitalis\" \/>\n<meta property=\"og:description\" content=\"L\u2019entra\u00eeneur de FC Nantes Claudio Ranieri appr\u00e9cie le milieu offensif de l\u2019Esp\u00e9rance sportive de Tunis (EST) Fakhreddine Ben Youssef (26 ans).\" \/>\n<meta property=\"og:url\" content=\"https:\/\/kapitalis.com\/tunisie\/2017\/12\/30\/esperance-fakhreddine-ben-youssef-tres-convoite-europe\/\" \/>\n<meta property=\"og:site_name\" content=\"Kapitalis\" \/>\n<meta property=\"article:publisher\" content=\"https:\/\/www.facebook.com\/KapitalisInfo\/\" \/>\n<meta property=\"article:published_time\" content=\"2017-12-30T07:55:39+00:00\" \/>\n<meta property=\"og:image\" content=\"http:\/\/kapitalis.com\/tunisie\/wp-content\/uploads\/2015\/07\/Fakhreddine-Ben-Youssef.jpg\" \/>\n<meta name=\"author\" content=\"webmaster kapitalis\" \/>\n<meta name=\"twitter:card\" content=\"summary_large_image\" \/>\n<meta name=\"twitter:creator\" content=\"@KapitalisInfo\" \/>\n<meta name=\"twitter:site\" content=\"@KapitalisInfo\" \/>\n<meta name=\"twitter:label1\" content=\"\u00c9crit par\" \/>\n\t<meta name=\"twitter:data1\" content=\"webmaster kapitalis\" \/>\n\t<meta name=\"twitter:label2\" content=\"Dur\u00e9e de lecture estim\u00e9e\" \/>\n\t<meta name=\"twitter:data2\" content=\"1 minute\" \/>\n<script type=\"application\/ld+json\" class=\"yoast-schema-graph\">{\"@context\":\"https:\/\/schema.org\",\"@graph\":[{\"@type\":\"Article\",\"@id\":\"https:\/\/kapitalis.com\/tunisie\/2017\/12\/30\/esperance-fakhreddine-ben-youssef-tres-convoite-europe\/#article\",\"isPartOf\":{\"@id\":\"https:\/\/kapitalis.com\/tunisie\/2017\/12\/30\/esperance-fakhreddine-ben-youssef-tres-convoite-europe\/\"},\"author\":{\"name\":\"webmaster kapitalis\",\"@id\":\"https:\/\/kapitalis.com\/tunisie\/#\/schema\/person\/d71f33a9ca44f7bad4698210b480c8e9\"},\"headline\":\"Esp\u00e9rance: Fakhreddine Ben Youssef tr\u00e8s convoit\u00e9 en Europe\",\"datePublished\":\"2017-12-30T07:55:39+00:00\",\"mainEntityOfPage\":{\"@id\":\"https:\/\/kapitalis.com\/tunisie\/2017\/12\/30\/esperance-fakhreddine-ben-youssef-tres-convoite-europe\/\"},\"wordCount\":189,\"commentCount\":0,\"publisher\":{\"@id\":\"https:\/\/kapitalis.com\/tunisie\/#organization\"},\"image\":{\"@id\":\"https:\/\/kapitalis.com\/tunisie\/2017\/12\/30\/esperance-fakhreddine-ben-youssef-tres-convoite-europe\/#primaryimage\"},\"thumbnailUrl\":\"http:\/\/kapitalis.com\/tunisie\/wp-content\/uploads\/2015\/07\/Fakhreddine-Ben-Youssef.jpg\",\"keywords\":[\"Fakhreddine Ben Youssef\",\"FC Metz\"],\"articleSection\":[\"SPORT\",\"Tunisie\"],\"inLanguage\":\"fr-FR\",\"potentialAction\":[{\"@type\":\"CommentAction\",\"name\":\"Comment\",\"target\":[\"https:\/\/kapitalis.com\/tunisie\/2017\/12\/30\/esperance-fakhreddine-ben-youssef-tres-convoite-europe\/#respond\"]}]},{\"@type\":\"WebPage\",\"@id\":\"https:\/\/kapitalis.com\/tunisie\/2017\/12\/30\/esperance-fakhreddine-ben-youssef-tres-convoite-europe\/\",\"url\":\"https:\/\/kapitalis.com\/tunisie\/2017\/12\/30\/esperance-fakhreddine-ben-youssef-tres-convoite-europe\/\",\"name\":\"Esp\u00e9rance: Fakhreddine Ben Youssef tr\u00e8s convoit\u00e9 en Europe - Kapitalis\",\"isPartOf\":{\"@id\":\"https:\/\/kapitalis.com\/tunisie\/#website\"},\"primaryImageOfPage\":{\"@id\":\"https:\/\/kapitalis.com\/tunisie\/2017\/12\/30\/esperance-fakhreddine-ben-youssef-tres-convoite-europe\/#primaryimage\"},\"image\":{\"@id\":\"https:\/\/kapitalis.com\/tunisie\/2017\/12\/30\/esperance-fakhreddine-ben-youssef-tres-convoite-europe\/#primaryimage\"},\"thumbnailUrl\":\"http:\/\/kapitalis.com\/tunisie\/wp-content\/uploads\/2015\/07\/Fakhreddine-Ben-Youssef.jpg\",\"datePublished\":\"2017-12-30T07:55:39+00:00\",\"breadcrumb\":{\"@id\":\"https:\/\/kapitalis.com\/tunisie\/2017\/12\/30\/esperance-fakhreddine-ben-youssef-tres-convoite-europe\/#breadcrumb\"},\"inLanguage\":\"fr-FR\",\"potentialAction\":[{\"@type\":\"ReadAction\",\"target\":[\"https:\/\/kapitalis.com\/tunisie\/2017\/12\/30\/esperance-fakhreddine-ben-youssef-tres-convoite-europe\/\"]}]},{\"@type\":\"ImageObject\",\"inLanguage\":\"fr-FR\",\"@id\":\"https:\/\/kapitalis.com\/tunisie\/2017\/12\/30\/esperance-fakhreddine-ben-youssef-tres-convoite-europe\/#primaryimage\",\"url\":\"http:\/\/kapitalis.com\/tunisie\/wp-content\/uploads\/2015\/07\/Fakhreddine-Ben-Youssef.jpg\",\"contentUrl\":\"http:\/\/kapitalis.com\/tunisie\/wp-content\/uploads\/2015\/07\/Fakhreddine-Ben-Youssef.jpg\"},{\"@type\":\"BreadcrumbList\",\"@id\":\"https:\/\/kapitalis.com\/tunisie\/2017\/12\/30\/esperance-fakhreddine-ben-youssef-tres-convoite-europe\/#breadcrumb\",\"itemListElement\":[{\"@type\":\"ListItem\",\"position\":1,\"name\":\"Accueil\",\"item\":\"https:\/\/kapitalis.com\/tunisie\/\"},{\"@type\":\"ListItem\",\"position\":2,\"name\":\"Esp\u00e9rance: Fakhreddine Ben Youssef tr\u00e8s convoit\u00e9 en Europe\"}]},{\"@type\":\"WebSite\",\"@id\":\"https:\/\/kapitalis.com\/tunisie\/#website\",\"url\":\"https:\/\/kapitalis.com\/tunisie\/\",\"name\":\"Kapitalis\",\"description\":\"L&#039;actualit\u00e9 en Tunisie et dans le monde\",\"publisher\":{\"@id\":\"https:\/\/kapitalis.com\/tunisie\/#organization\"},\"potentialAction\":[{\"@type\":\"SearchAction\",\"target\":{\"@type\":\"EntryPoint\",\"urlTemplate\":\"https:\/\/kapitalis.com\/tunisie\/?s={search_term_string}\"},\"query-input\":{\"@type\":\"PropertyValueSpecification\",\"valueRequired\":true,\"valueName\":\"search_term_string\"}}],\"inLanguage\":\"fr-FR\"},{\"@type\":\"Organization\",\"@id\":\"https:\/\/kapitalis.com\/tunisie\/#organization\",\"name\":\"Kapitalis\",\"url\":\"https:\/\/kapitalis.com\/tunisie\/\",\"logo\":{\"@type\":\"ImageObject\",\"inLanguage\":\"fr-FR\",\"@id\":\"https:\/\/kapitalis.com\/tunisie\/#\/schema\/logo\/image\/\",\"url\":\"https:\/\/kapitalis.com\/tunisie\/wp-content\/uploads\/2022\/05\/Kapitalis-big-size.png\",\"contentUrl\":\"https:\/\/kapitalis.com\/tunisie\/wp-content\/uploads\/2022\/05\/Kapitalis-big-size.png\",\"width\":5000,\"height\":1500,\"caption\":\"Kapitalis\"},\"image\":{\"@id\":\"https:\/\/kapitalis.com\/tunisie\/#\/schema\/logo\/image\/\"},\"sameAs\":[\"https:\/\/www.facebook.com\/KapitalisInfo\/\",\"https:\/\/x.com\/KapitalisInfo\",\"https:\/\/www.youtube.com\/channel\/UC-yDYrHyfFBWWZaOw3FPg9Q\"]},{\"@type\":\"Person\",\"@id\":\"https:\/\/kapitalis.com\/tunisie\/#\/schema\/person\/d71f33a9ca44f7bad4698210b480c8e9\",\"name\":\"webmaster kapitalis\",\"url\":\"https:\/\/kapitalis.com\/tunisie\/author\/webmaster-kapitalis\/\"}]}<\/script>\n<!-- \/ Yoast SEO plugin. -->","yoast_head_json":{"title":"Esp\u00e9rance: Fakhreddine Ben Youssef tr\u00e8s convoit\u00e9 en Europe - Kapitalis","robots":{"index":"index","follow":"follow","max-snippet":"max-snippet:-1","max-image-preview":"max-image-preview:large","max-video-preview":"max-video-preview:-1"},"canonical":"https:\/\/kapitalis.com\/tunisie\/2017\/12\/30\/esperance-fakhreddine-ben-youssef-tres-convoite-europe\/","og_locale":"fr_FR","og_type":"article","og_title":"Esp\u00e9rance: Fakhreddine Ben Youssef tr\u00e8s convoit\u00e9 en Europe - Kapitalis","og_description":"L\u2019entra\u00eeneur de FC Nantes Claudio Ranieri appr\u00e9cie le milieu offensif de l\u2019Esp\u00e9rance sportive de Tunis (EST) Fakhreddine Ben Youssef (26 ans).","og_url":"https:\/\/kapitalis.com\/tunisie\/2017\/12\/30\/esperance-fakhreddine-ben-youssef-tres-convoite-europe\/","og_site_name":"Kapitalis","article_publisher":"https:\/\/www.facebook.com\/KapitalisInfo\/","article_published_time":"2017-12-30T07:55:39+00:00","og_image":[{"url":"http:\/\/kapitalis.com\/tunisie\/wp-content\/uploads\/2015\/07\/Fakhreddine-Ben-Youssef.jpg","type":"","width":"","height":""}],"author":"webmaster kapitalis","twitter_card":"summary_large_image","twitter_creator":"@KapitalisInfo","twitter_site":"@KapitalisInfo","twitter_misc":{"\u00c9crit par":"webmaster kapitalis","Dur\u00e9e de lecture estim\u00e9e":"1 minute"},"schema":{"@context":"https:\/\/schema.org","@graph":[{"@type":"Article","@id":"https:\/\/kapitalis.com\/tunisie\/2017\/12\/30\/esperance-fakhreddine-ben-youssef-tres-convoite-europe\/#article","isPartOf":{"@id":"https:\/\/kapitalis.com\/tunisie\/2017\/12\/30\/esperance-fakhreddine-ben-youssef-tres-convoite-europe\/"},"author":{"name":"webmaster kapitalis","@id":"https:\/\/kapitalis.com\/tunisie\/#\/schema\/person\/d71f33a9ca44f7bad4698210b480c8e9"},"headline":"Esp\u00e9rance: Fakhreddine Ben Youssef tr\u00e8s convoit\u00e9 en Europe","datePublished":"2017-12-30T07:55:39+00:00","mainEntityOfPage":{"@id":"https:\/\/kapitalis.com\/tunisie\/2017\/12\/30\/esperance-fakhreddine-ben-youssef-tres-convoite-europe\/"},"wordCount":189,"commentCount":0,"publisher":{"@id":"https:\/\/kapitalis.com\/tunisie\/#organization"},"image":{"@id":"https:\/\/kapitalis.com\/tunisie\/2017\/12\/30\/esperance-fakhreddine-ben-youssef-tres-convoite-europe\/#primaryimage"},"thumbnailUrl":"http:\/\/kapitalis.com\/tunisie\/wp-content\/uploads\/2015\/07\/Fakhreddine-Ben-Youssef.jpg","keywords":["Fakhreddine Ben Youssef","FC Metz"],"articleSection":["SPORT","Tunisie"],"inLanguage":"fr-FR","potentialAction":[{"@type":"CommentAction","name":"Comment","target":["https:\/\/kapitalis.com\/tunisie\/2017\/12\/30\/esperance-fakhreddine-ben-youssef-tres-convoite-europe\/#respond"]}]},{"@type":"WebPage","@id":"https:\/\/kapitalis.com\/tunisie\/2017\/12\/30\/esperance-fakhreddine-ben-youssef-tres-convoite-europe\/","url":"https:\/\/kapitalis.com\/tunisie\/2017\/12\/30\/esperance-fakhreddine-ben-youssef-tres-convoite-europe\/","name":"Esp\u00e9rance: Fakhreddine Ben Youssef tr\u00e8s convoit\u00e9 en Europe - Kapitalis","isPartOf":{"@id":"https:\/\/kapitalis.com\/tunisie\/#website"},"primaryImageOfPage":{"@id":"https:\/\/kapitalis.com\/tunisie\/2017\/12\/30\/esperance-fakhreddine-ben-youssef-tres-convoite-europe\/#primaryimage"},"image":{"@id":"https:\/\/kapitalis.com\/tunisie\/2017\/12\/30\/esperance-fakhreddine-ben-youssef-tres-convoite-europe\/#primaryimage"},"thumbnailUrl":"http:\/\/kapitalis.com\/tunisie\/wp-content\/uploads\/2015\/07\/Fakhreddine-Ben-Youssef.jpg","datePublished":"2017-12-30T07:55:39+00:00","breadcrumb":{"@id":"https:\/\/kapitalis.com\/tunisie\/2017\/12\/30\/esperance-fakhreddine-ben-youssef-tres-convoite-europe\/#breadcrumb"},"inLanguage":"fr-FR","potentialAction":[{"@type":"ReadAction","target":["https:\/\/kapitalis.com\/tunisie\/2017\/12\/30\/esperance-fakhreddine-ben-youssef-tres-convoite-europe\/"]}]},{"@type":"ImageObject","inLanguage":"fr-FR","@id":"https:\/\/kapitalis.com\/tunisie\/2017\/12\/30\/esperance-fakhreddine-ben-youssef-tres-convoite-europe\/#primaryimage","url":"http:\/\/kapitalis.com\/tunisie\/wp-content\/uploads\/2015\/07\/Fakhreddine-Ben-Youssef.jpg","contentUrl":"http:\/\/kapitalis.com\/tunisie\/wp-content\/uploads\/2015\/07\/Fakhreddine-Ben-Youssef.jpg"},{"@type":"BreadcrumbList","@id":"https:\/\/kapitalis.com\/tunisie\/2017\/12\/30\/esperance-fakhreddine-ben-youssef-tres-convoite-europe\/#breadcrumb","itemListElement":[{"@type":"ListItem","position":1,"name":"Accueil","item":"https:\/\/kapitalis.com\/tunisie\/"},{"@type":"ListItem","position":2,"name":"Esp\u00e9rance: Fakhreddine Ben Youssef tr\u00e8s convoit\u00e9 en Europe"}]},{"@type":"WebSite","@id":"https:\/\/kapitalis.com\/tunisie\/#website","url":"https:\/\/kapitalis.com\/tunisie\/","name":"Kapitalis","description":"L&#039;actualit\u00e9 en Tunisie et dans le monde","publisher":{"@id":"https:\/\/kapitalis.com\/tunisie\/#organization"},"potentialAction":[{"@type":"SearchAction","target":{"@type":"EntryPoint","urlTemplate":"https:\/\/kapitalis.com\/tunisie\/?s={search_term_string}"},"query-input":{"@type":"PropertyValueSpecification","valueRequired":true,"valueName":"search_term_string"}}],"inLanguage":"fr-FR"},{"@type":"Organization","@id":"https:\/\/kapitalis.com\/tunisie\/#organization","name":"Kapitalis","url":"https:\/\/kapitalis.com\/tunisie\/","logo":{"@type":"ImageObject","inLanguage":"fr-FR","@id":"https:\/\/kapitalis.com\/tunisie\/#\/schema\/logo\/image\/","url":"https:\/\/kapitalis.com\/tunisie\/wp-content\/uploads\/2022\/05\/Kapitalis-big-size.png","contentUrl":"https:\/\/kapitalis.com\/tunisie\/wp-content\/uploads\/2022\/05\/Kapitalis-big-size.png","width":5000,"height":1500,"caption":"Kapitalis"},"image":{"@id":"https:\/\/kapitalis.com\/tunisie\/#\/schema\/logo\/image\/"},"sameAs":["https:\/\/www.facebook.com\/KapitalisInfo\/","https:\/\/x.com\/KapitalisInfo","https:\/\/www.youtube.com\/channel\/UC-yDYrHyfFBWWZaOw3FPg9Q"]},{"@type":"Person","@id":"https:\/\/kapitalis.com\/tunisie\/#\/schema\/person\/d71f33a9ca44f7bad4698210b480c8e9","name":"webmaster kapitalis","url":"https:\/\/kapitalis.com\/tunisie\/author\/webmaster-kapitalis\/"}]}},"_links":{"self":[{"href":"https:\/\/kapitalis.com\/tunisie\/wp-json\/wp\/v2\/posts\/130700","targetHints":{"allow":["GET"]}}],"collection":[{"href":"https:\/\/kapitalis.com\/tunisie\/wp-json\/wp\/v2\/posts"}],"about":[{"href":"https:\/\/kapitalis.com\/tunisie\/wp-json\/wp\/v2\/types\/post"}],"author":[{"embeddable":true,"href":"https:\/\/kapitalis.com\/tunisie\/wp-json\/wp\/v2\/users\/8"}],"replies":[{"embeddable":true,"href":"https:\/\/kapitalis.com\/tunisie\/wp-json\/wp\/v2\/comments?post=130700"}],"version-history":[{"count":0,"href":"https:\/\/kapitalis.com\/tunisie\/wp-json\/wp\/v2\/posts\/130700\/revisions"}],"wp:attachment":[{"href":"https:\/\/kapitalis.com\/tunisie\/wp-json\/wp\/v2\/media?parent=130700"}],"wp:term":[{"taxonomy":"category","embeddable":true,"href":"https:\/\/kapitalis.com\/tunisie\/wp-json\/wp\/v2\/categories?post=130700"},{"taxonomy":"post_tag","embeddable":true,"href":"https:\/\/kapitalis.com\/tunisie\/wp-json\/wp\/v2\/tags?post=130700"}],"curies":[{"name":"wp","href":"https:\/\/api.w.org\/{rel}","templated":true}]}}