{"id":13125717,"date":"2024-06-05T07:58:40","date_gmt":"2024-06-05T06:58:40","guid":{"rendered":"https:\/\/kapitalis.com\/tunisie\/?p=13125717"},"modified":"2024-06-05T07:58:41","modified_gmt":"2024-06-05T06:58:41","slug":"le-3e-forum-tunisie-france-du-codeveloppement-industriel","status":"publish","type":"post","link":"https:\/\/kapitalis.com\/tunisie\/2024\/06\/05\/le-3e-forum-tunisie-france-du-codeveloppement-industriel\/","title":{"rendered":"Le 3e Forum Tunisie-France du cod\u00e9veloppement industriel"},"content":{"rendered":"\n<p><strong><em>Le 3<sup>e<\/sup> Forum tuniso-fran\u00e7ais de cod\u00e9veloppement industriel se tiendra \u00e0 Tunis les 6 et 7 juin 2024 dans le but d\u2019\u00e9changer des exp\u00e9riences et d\u2019\u00e9valuer le secteur industriel en Tunisie. <\/em><\/strong><\/p>\n\n\n\n<!--more-->\n\n\n\n<p>C\u2019est ce qu\u2019a annonc\u00e9 mardi 4 juin l\u2019ambassade de France \u00e0 Tunis, en pr\u00e9cisant que plusieurs organisations fran\u00e7aises, europ\u00e9ennes et internationales emploient des milliers de personnes en Tunisie dans le cadre de la strat\u00e9gie de d\u00e9veloppement Afrique-Europe.<\/p>\n\n\n\n<p>Le forum mettra en lumi\u00e8re les enjeux de la d\u00e9carbonation, de la transformation num\u00e9rique et du financement pour am\u00e9liorer l\u2019efficacit\u00e9 du capital humain pour dix institutions fran\u00e7aises sp\u00e9cialis\u00e9es dans l\u2019offre de solutions r\u00e9pondant aux besoins des industriels tunisiens.<\/p>\n\n\n\n<p>Le forum, une initiative des services de l\u2019ambassade de France \u00e0 Tunis et de la marque fran\u00e7aise FAB, est ouvert \u00e0 toutes les organisations tunisiennes et \u00e9trang\u00e8res bas\u00e9es en Tunisie.<\/p>\n\n\n\n<p>Il comportera des t\u00e9moignages et des pr\u00e9sentations des parties fran\u00e7aise et tunisienne, suivis de rencontres professionnelles et de tables-rondes sur l\u2019investissement industriel, le d\u00e9veloppement de l\u2019industrie 4.0, la d\u00e9carbonation et les enjeux du capital humain entre les deux rives de la M\u00e9diterran\u00e9e. Il proposera \u00e9galement des rencontres d\u2019affaires entre experts et industriels fran\u00e7ais, ainsi qu\u2019un espace de vitrine des comp\u00e9tences des membres de la Chambre tuniso-fran\u00e7aise de commerce et d\u2019industrie (CTFCI) dans le secteur industriel.<\/p>\n\n\n\n<p>La derni\u00e8re \u00e9dition du Forum Tunisie-France du co-d\u00e9veloppement industriel, tenue \u00e0 Tunis les 13 et 14 juin 2023, a r\u00e9uni 250 industriels et une dizaine d\u2019institutions fran\u00e7aises.<\/p>\n","protected":false},"excerpt":{"rendered":"<p>Le 3e Forum tuniso-fran\u00e7ais de cod\u00e9veloppement industriel se tiendra \u00e0 Tunis les 6 et 7 juin 2024. <\/p>\n","protected":false},"author":8,"featured_media":13125740,"comment_status":"closed","ping_status":"open","sticky":false,"template":"","format":"standard","meta":{"footnotes":""},"categories":[995,2433],"tags":[116076,116075,8219,107056,395,73690,62643],"class_list":["post-13125717","post","type-post","status-publish","format-standard","has-post-thumbnail","hentry","category-economie","category-tunisie","tag-capital-humain","tag-codeveloppement-industriel","tag-ctfci","tag-decarbonation","tag-france","tag-transformation-numerique","tag-tunisie"],"yoast_head":"<!-- This site is optimized with the Yoast SEO plugin v26.6 - https:\/\/yoast.com\/wordpress\/plugins\/seo\/ -->\n<title>Le 3e Forum Tunisie-France du cod\u00e9veloppement industriel - Kapitalis<\/title>\n<meta name=\"robots\" content=\"index, follow, max-snippet:-1, max-image-preview:large, max-video-preview:-1\" \/>\n<link rel=\"canonical\" href=\"https:\/\/kapitalis.com\/tunisie\/2024\/06\/05\/le-3e-forum-tunisie-france-du-codeveloppement-industriel\/\" \/>\n<meta property=\"og:locale\" content=\"fr_FR\" \/>\n<meta property=\"og:type\" content=\"article\" \/>\n<meta property=\"og:title\" content=\"Le 3e Forum Tunisie-France du cod\u00e9veloppement industriel - Kapitalis\" \/>\n<meta property=\"og:description\" content=\"Le 3e Forum tuniso-fran\u00e7ais de cod\u00e9veloppement industriel se tiendra \u00e0 Tunis les 6 et 7 juin 2024.\" \/>\n<meta property=\"og:url\" content=\"https:\/\/kapitalis.com\/tunisie\/2024\/06\/05\/le-3e-forum-tunisie-france-du-codeveloppement-industriel\/\" \/>\n<meta property=\"og:site_name\" content=\"Kapitalis\" \/>\n<meta property=\"article:publisher\" content=\"https:\/\/www.facebook.com\/KapitalisInfo\/\" \/>\n<meta property=\"article:published_time\" content=\"2024-06-05T06:58:40+00:00\" \/>\n<meta property=\"article:modified_time\" content=\"2024-06-05T06:58:41+00:00\" \/>\n<meta property=\"og:image\" content=\"https:\/\/kapitalis.com\/tunisie\/wp-content\/uploads\/2024\/06\/Tunisie-France-Forum-du-Codeveloppement-industriel-.jpg\" \/>\n\t<meta property=\"og:image:width\" content=\"1200\" \/>\n\t<meta property=\"og:image:height\" content=\"630\" \/>\n\t<meta property=\"og:image:type\" content=\"image\/jpeg\" \/>\n<meta name=\"author\" content=\"webmaster kapitalis\" \/>\n<meta name=\"twitter:card\" content=\"summary_large_image\" \/>\n<meta name=\"twitter:creator\" content=\"@KapitalisInfo\" \/>\n<meta name=\"twitter:site\" content=\"@KapitalisInfo\" \/>\n<meta name=\"twitter:label1\" content=\"\u00c9crit par\" \/>\n\t<meta name=\"twitter:data1\" content=\"webmaster kapitalis\" \/>\n\t<meta name=\"twitter:label2\" content=\"Dur\u00e9e de lecture estim\u00e9e\" \/>\n\t<meta name=\"twitter:data2\" content=\"2 minutes\" \/>\n<script type=\"application\/ld+json\" class=\"yoast-schema-graph\">{\"@context\":\"https:\/\/schema.org\",\"@graph\":[{\"@type\":\"Article\",\"@id\":\"https:\/\/kapitalis.com\/tunisie\/2024\/06\/05\/le-3e-forum-tunisie-france-du-codeveloppement-industriel\/#article\",\"isPartOf\":{\"@id\":\"https:\/\/kapitalis.com\/tunisie\/2024\/06\/05\/le-3e-forum-tunisie-france-du-codeveloppement-industriel\/\"},\"author\":{\"name\":\"webmaster kapitalis\",\"@id\":\"https:\/\/kapitalis.com\/tunisie\/#\/schema\/person\/d71f33a9ca44f7bad4698210b480c8e9\"},\"headline\":\"Le 3e Forum Tunisie-France du cod\u00e9veloppement industriel\",\"datePublished\":\"2024-06-05T06:58:40+00:00\",\"dateModified\":\"2024-06-05T06:58:41+00:00\",\"mainEntityOfPage\":{\"@id\":\"https:\/\/kapitalis.com\/tunisie\/2024\/06\/05\/le-3e-forum-tunisie-france-du-codeveloppement-industriel\/\"},\"wordCount\":278,\"publisher\":{\"@id\":\"https:\/\/kapitalis.com\/tunisie\/#organization\"},\"image\":{\"@id\":\"https:\/\/kapitalis.com\/tunisie\/2024\/06\/05\/le-3e-forum-tunisie-france-du-codeveloppement-industriel\/#primaryimage\"},\"thumbnailUrl\":\"https:\/\/kapitalis.com\/tunisie\/wp-content\/uploads\/2024\/06\/Tunisie-France-Forum-du-Codeveloppement-industriel-.jpg\",\"keywords\":[\"capital humain\",\"cod\u00e9veloppement industriel\",\"CTFCI\",\"d\u00e9carbonation\",\"France\",\"transformation num\u00e9rique\",\"Tunisie\"],\"articleSection\":[\"ECONOMIE\",\"Tunisie\"],\"inLanguage\":\"fr-FR\"},{\"@type\":\"WebPage\",\"@id\":\"https:\/\/kapitalis.com\/tunisie\/2024\/06\/05\/le-3e-forum-tunisie-france-du-codeveloppement-industriel\/\",\"url\":\"https:\/\/kapitalis.com\/tunisie\/2024\/06\/05\/le-3e-forum-tunisie-france-du-codeveloppement-industriel\/\",\"name\":\"Le 3e Forum Tunisie-France du cod\u00e9veloppement industriel - Kapitalis\",\"isPartOf\":{\"@id\":\"https:\/\/kapitalis.com\/tunisie\/#website\"},\"primaryImageOfPage\":{\"@id\":\"https:\/\/kapitalis.com\/tunisie\/2024\/06\/05\/le-3e-forum-tunisie-france-du-codeveloppement-industriel\/#primaryimage\"},\"image\":{\"@id\":\"https:\/\/kapitalis.com\/tunisie\/2024\/06\/05\/le-3e-forum-tunisie-france-du-codeveloppement-industriel\/#primaryimage\"},\"thumbnailUrl\":\"https:\/\/kapitalis.com\/tunisie\/wp-content\/uploads\/2024\/06\/Tunisie-France-Forum-du-Codeveloppement-industriel-.jpg\",\"datePublished\":\"2024-06-05T06:58:40+00:00\",\"dateModified\":\"2024-06-05T06:58:41+00:00\",\"breadcrumb\":{\"@id\":\"https:\/\/kapitalis.com\/tunisie\/2024\/06\/05\/le-3e-forum-tunisie-france-du-codeveloppement-industriel\/#breadcrumb\"},\"inLanguage\":\"fr-FR\",\"potentialAction\":[{\"@type\":\"ReadAction\",\"target\":[\"https:\/\/kapitalis.com\/tunisie\/2024\/06\/05\/le-3e-forum-tunisie-france-du-codeveloppement-industriel\/\"]}]},{\"@type\":\"ImageObject\",\"inLanguage\":\"fr-FR\",\"@id\":\"https:\/\/kapitalis.com\/tunisie\/2024\/06\/05\/le-3e-forum-tunisie-france-du-codeveloppement-industriel\/#primaryimage\",\"url\":\"https:\/\/kapitalis.com\/tunisie\/wp-content\/uploads\/2024\/06\/Tunisie-France-Forum-du-Codeveloppement-industriel-.jpg\",\"contentUrl\":\"https:\/\/kapitalis.com\/tunisie\/wp-content\/uploads\/2024\/06\/Tunisie-France-Forum-du-Codeveloppement-industriel-.jpg\",\"width\":1200,\"height\":630},{\"@type\":\"BreadcrumbList\",\"@id\":\"https:\/\/kapitalis.com\/tunisie\/2024\/06\/05\/le-3e-forum-tunisie-france-du-codeveloppement-industriel\/#breadcrumb\",\"itemListElement\":[{\"@type\":\"ListItem\",\"position\":1,\"name\":\"Accueil\",\"item\":\"https:\/\/kapitalis.com\/tunisie\/\"},{\"@type\":\"ListItem\",\"position\":2,\"name\":\"Le 3e Forum Tunisie-France du cod\u00e9veloppement industriel\"}]},{\"@type\":\"WebSite\",\"@id\":\"https:\/\/kapitalis.com\/tunisie\/#website\",\"url\":\"https:\/\/kapitalis.com\/tunisie\/\",\"name\":\"Kapitalis\",\"description\":\"L&#039;actualit\u00e9 en Tunisie et dans le monde\",\"publisher\":{\"@id\":\"https:\/\/kapitalis.com\/tunisie\/#organization\"},\"potentialAction\":[{\"@type\":\"SearchAction\",\"target\":{\"@type\":\"EntryPoint\",\"urlTemplate\":\"https:\/\/kapitalis.com\/tunisie\/?s={search_term_string}\"},\"query-input\":{\"@type\":\"PropertyValueSpecification\",\"valueRequired\":true,\"valueName\":\"search_term_string\"}}],\"inLanguage\":\"fr-FR\"},{\"@type\":\"Organization\",\"@id\":\"https:\/\/kapitalis.com\/tunisie\/#organization\",\"name\":\"Kapitalis\",\"url\":\"https:\/\/kapitalis.com\/tunisie\/\",\"logo\":{\"@type\":\"ImageObject\",\"inLanguage\":\"fr-FR\",\"@id\":\"https:\/\/kapitalis.com\/tunisie\/#\/schema\/logo\/image\/\",\"url\":\"https:\/\/kapitalis.com\/tunisie\/wp-content\/uploads\/2022\/05\/Kapitalis-big-size.png\",\"contentUrl\":\"https:\/\/kapitalis.com\/tunisie\/wp-content\/uploads\/2022\/05\/Kapitalis-big-size.png\",\"width\":5000,\"height\":1500,\"caption\":\"Kapitalis\"},\"image\":{\"@id\":\"https:\/\/kapitalis.com\/tunisie\/#\/schema\/logo\/image\/\"},\"sameAs\":[\"https:\/\/www.facebook.com\/KapitalisInfo\/\",\"https:\/\/x.com\/KapitalisInfo\",\"https:\/\/www.youtube.com\/channel\/UC-yDYrHyfFBWWZaOw3FPg9Q\"]},{\"@type\":\"Person\",\"@id\":\"https:\/\/kapitalis.com\/tunisie\/#\/schema\/person\/d71f33a9ca44f7bad4698210b480c8e9\",\"name\":\"webmaster kapitalis\",\"url\":\"https:\/\/kapitalis.com\/tunisie\/author\/webmaster-kapitalis\/\"}]}<\/script>\n<!-- \/ Yoast SEO plugin. -->","yoast_head_json":{"title":"Le 3e Forum Tunisie-France du cod\u00e9veloppement industriel - Kapitalis","robots":{"index":"index","follow":"follow","max-snippet":"max-snippet:-1","max-image-preview":"max-image-preview:large","max-video-preview":"max-video-preview:-1"},"canonical":"https:\/\/kapitalis.com\/tunisie\/2024\/06\/05\/le-3e-forum-tunisie-france-du-codeveloppement-industriel\/","og_locale":"fr_FR","og_type":"article","og_title":"Le 3e Forum Tunisie-France du cod\u00e9veloppement industriel - Kapitalis","og_description":"Le 3e Forum tuniso-fran\u00e7ais de cod\u00e9veloppement industriel se tiendra \u00e0 Tunis les 6 et 7 juin 2024.","og_url":"https:\/\/kapitalis.com\/tunisie\/2024\/06\/05\/le-3e-forum-tunisie-france-du-codeveloppement-industriel\/","og_site_name":"Kapitalis","article_publisher":"https:\/\/www.facebook.com\/KapitalisInfo\/","article_published_time":"2024-06-05T06:58:40+00:00","article_modified_time":"2024-06-05T06:58:41+00:00","og_image":[{"width":1200,"height":630,"url":"https:\/\/kapitalis.com\/tunisie\/wp-content\/uploads\/2024\/06\/Tunisie-France-Forum-du-Codeveloppement-industriel-.jpg","type":"image\/jpeg"}],"author":"webmaster kapitalis","twitter_card":"summary_large_image","twitter_creator":"@KapitalisInfo","twitter_site":"@KapitalisInfo","twitter_misc":{"\u00c9crit par":"webmaster kapitalis","Dur\u00e9e de lecture estim\u00e9e":"2 minutes"},"schema":{"@context":"https:\/\/schema.org","@graph":[{"@type":"Article","@id":"https:\/\/kapitalis.com\/tunisie\/2024\/06\/05\/le-3e-forum-tunisie-france-du-codeveloppement-industriel\/#article","isPartOf":{"@id":"https:\/\/kapitalis.com\/tunisie\/2024\/06\/05\/le-3e-forum-tunisie-france-du-codeveloppement-industriel\/"},"author":{"name":"webmaster kapitalis","@id":"https:\/\/kapitalis.com\/tunisie\/#\/schema\/person\/d71f33a9ca44f7bad4698210b480c8e9"},"headline":"Le 3e Forum Tunisie-France du cod\u00e9veloppement industriel","datePublished":"2024-06-05T06:58:40+00:00","dateModified":"2024-06-05T06:58:41+00:00","mainEntityOfPage":{"@id":"https:\/\/kapitalis.com\/tunisie\/2024\/06\/05\/le-3e-forum-tunisie-france-du-codeveloppement-industriel\/"},"wordCount":278,"publisher":{"@id":"https:\/\/kapitalis.com\/tunisie\/#organization"},"image":{"@id":"https:\/\/kapitalis.com\/tunisie\/2024\/06\/05\/le-3e-forum-tunisie-france-du-codeveloppement-industriel\/#primaryimage"},"thumbnailUrl":"https:\/\/kapitalis.com\/tunisie\/wp-content\/uploads\/2024\/06\/Tunisie-France-Forum-du-Codeveloppement-industriel-.jpg","keywords":["capital humain","cod\u00e9veloppement industriel","CTFCI","d\u00e9carbonation","France","transformation num\u00e9rique","Tunisie"],"articleSection":["ECONOMIE","Tunisie"],"inLanguage":"fr-FR"},{"@type":"WebPage","@id":"https:\/\/kapitalis.com\/tunisie\/2024\/06\/05\/le-3e-forum-tunisie-france-du-codeveloppement-industriel\/","url":"https:\/\/kapitalis.com\/tunisie\/2024\/06\/05\/le-3e-forum-tunisie-france-du-codeveloppement-industriel\/","name":"Le 3e Forum Tunisie-France du cod\u00e9veloppement industriel - Kapitalis","isPartOf":{"@id":"https:\/\/kapitalis.com\/tunisie\/#website"},"primaryImageOfPage":{"@id":"https:\/\/kapitalis.com\/tunisie\/2024\/06\/05\/le-3e-forum-tunisie-france-du-codeveloppement-industriel\/#primaryimage"},"image":{"@id":"https:\/\/kapitalis.com\/tunisie\/2024\/06\/05\/le-3e-forum-tunisie-france-du-codeveloppement-industriel\/#primaryimage"},"thumbnailUrl":"https:\/\/kapitalis.com\/tunisie\/wp-content\/uploads\/2024\/06\/Tunisie-France-Forum-du-Codeveloppement-industriel-.jpg","datePublished":"2024-06-05T06:58:40+00:00","dateModified":"2024-06-05T06:58:41+00:00","breadcrumb":{"@id":"https:\/\/kapitalis.com\/tunisie\/2024\/06\/05\/le-3e-forum-tunisie-france-du-codeveloppement-industriel\/#breadcrumb"},"inLanguage":"fr-FR","potentialAction":[{"@type":"ReadAction","target":["https:\/\/kapitalis.com\/tunisie\/2024\/06\/05\/le-3e-forum-tunisie-france-du-codeveloppement-industriel\/"]}]},{"@type":"ImageObject","inLanguage":"fr-FR","@id":"https:\/\/kapitalis.com\/tunisie\/2024\/06\/05\/le-3e-forum-tunisie-france-du-codeveloppement-industriel\/#primaryimage","url":"https:\/\/kapitalis.com\/tunisie\/wp-content\/uploads\/2024\/06\/Tunisie-France-Forum-du-Codeveloppement-industriel-.jpg","contentUrl":"https:\/\/kapitalis.com\/tunisie\/wp-content\/uploads\/2024\/06\/Tunisie-France-Forum-du-Codeveloppement-industriel-.jpg","width":1200,"height":630},{"@type":"BreadcrumbList","@id":"https:\/\/kapitalis.com\/tunisie\/2024\/06\/05\/le-3e-forum-tunisie-france-du-codeveloppement-industriel\/#breadcrumb","itemListElement":[{"@type":"ListItem","position":1,"name":"Accueil","item":"https:\/\/kapitalis.com\/tunisie\/"},{"@type":"ListItem","position":2,"name":"Le 3e Forum Tunisie-France du cod\u00e9veloppement industriel"}]},{"@type":"WebSite","@id":"https:\/\/kapitalis.com\/tunisie\/#website","url":"https:\/\/kapitalis.com\/tunisie\/","name":"Kapitalis","description":"L&#039;actualit\u00e9 en Tunisie et dans le monde","publisher":{"@id":"https:\/\/kapitalis.com\/tunisie\/#organization"},"potentialAction":[{"@type":"SearchAction","target":{"@type":"EntryPoint","urlTemplate":"https:\/\/kapitalis.com\/tunisie\/?s={search_term_string}"},"query-input":{"@type":"PropertyValueSpecification","valueRequired":true,"valueName":"search_term_string"}}],"inLanguage":"fr-FR"},{"@type":"Organization","@id":"https:\/\/kapitalis.com\/tunisie\/#organization","name":"Kapitalis","url":"https:\/\/kapitalis.com\/tunisie\/","logo":{"@type":"ImageObject","inLanguage":"fr-FR","@id":"https:\/\/kapitalis.com\/tunisie\/#\/schema\/logo\/image\/","url":"https:\/\/kapitalis.com\/tunisie\/wp-content\/uploads\/2022\/05\/Kapitalis-big-size.png","contentUrl":"https:\/\/kapitalis.com\/tunisie\/wp-content\/uploads\/2022\/05\/Kapitalis-big-size.png","width":5000,"height":1500,"caption":"Kapitalis"},"image":{"@id":"https:\/\/kapitalis.com\/tunisie\/#\/schema\/logo\/image\/"},"sameAs":["https:\/\/www.facebook.com\/KapitalisInfo\/","https:\/\/x.com\/KapitalisInfo","https:\/\/www.youtube.com\/channel\/UC-yDYrHyfFBWWZaOw3FPg9Q"]},{"@type":"Person","@id":"https:\/\/kapitalis.com\/tunisie\/#\/schema\/person\/d71f33a9ca44f7bad4698210b480c8e9","name":"webmaster kapitalis","url":"https:\/\/kapitalis.com\/tunisie\/author\/webmaster-kapitalis\/"}]}},"_links":{"self":[{"href":"https:\/\/kapitalis.com\/tunisie\/wp-json\/wp\/v2\/posts\/13125717","targetHints":{"allow":["GET"]}}],"collection":[{"href":"https:\/\/kapitalis.com\/tunisie\/wp-json\/wp\/v2\/posts"}],"about":[{"href":"https:\/\/kapitalis.com\/tunisie\/wp-json\/wp\/v2\/types\/post"}],"author":[{"embeddable":true,"href":"https:\/\/kapitalis.com\/tunisie\/wp-json\/wp\/v2\/users\/8"}],"replies":[{"embeddable":true,"href":"https:\/\/kapitalis.com\/tunisie\/wp-json\/wp\/v2\/comments?post=13125717"}],"version-history":[{"count":1,"href":"https:\/\/kapitalis.com\/tunisie\/wp-json\/wp\/v2\/posts\/13125717\/revisions"}],"predecessor-version":[{"id":13125742,"href":"https:\/\/kapitalis.com\/tunisie\/wp-json\/wp\/v2\/posts\/13125717\/revisions\/13125742"}],"wp:featuredmedia":[{"embeddable":true,"href":"https:\/\/kapitalis.com\/tunisie\/wp-json\/wp\/v2\/media\/13125740"}],"wp:attachment":[{"href":"https:\/\/kapitalis.com\/tunisie\/wp-json\/wp\/v2\/media?parent=13125717"}],"wp:term":[{"taxonomy":"category","embeddable":true,"href":"https:\/\/kapitalis.com\/tunisie\/wp-json\/wp\/v2\/categories?post=13125717"},{"taxonomy":"post_tag","embeddable":true,"href":"https:\/\/kapitalis.com\/tunisie\/wp-json\/wp\/v2\/tags?post=13125717"}],"curies":[{"name":"wp","href":"https:\/\/api.w.org\/{rel}","templated":true}]}}