{"id":131301,"date":"2018-01-03T12:23:21","date_gmt":"2018-01-03T11:23:21","guid":{"rendered":"http:\/\/kapitalis.com\/tunisie\/?p=131301"},"modified":"2018-01-03T12:23:21","modified_gmt":"2018-01-03T11:23:21","slug":"tunisie-arrestation-de-4-personnes-en-lien-avec-un-terroriste-marocain","status":"publish","type":"post","link":"https:\/\/kapitalis.com\/tunisie\/2018\/01\/03\/tunisie-arrestation-de-4-personnes-en-lien-avec-un-terroriste-marocain\/","title":{"rendered":"Tunisie : Arrestation de 4 personnes en lien avec un terroriste marocain"},"content":{"rendered":"<p style=\"text-align: center;\"><img loading=\"lazy\" decoding=\"async\" class=\"alignnone size-full wp-image-65723\" src=\"http:\/\/kapitalis.com\/tunisie\/wp-content\/uploads\/2016\/09\/terroristes-police-Garde-nationale-arrestation.jpg\" alt=\"\" width=\"626\" height=\"380\" \/><\/p>\n<p><b><i>La police antiterroriste a arr\u00eat\u00e9 4 personnes qui auraient des liens au jihadiste marocain captur\u00e9 depuis hier, mardi 2 janvier 2017.<\/i><\/b><!--more--><\/p>\n<p>C&rsquo;est ce qu&rsquo;a indiqu\u00e9 un communiqu\u00e9 du minist\u00e8re de l&rsquo;Int\u00e9rieur publi\u00e9 aujourd&rsquo;hui, en pr\u00e9cisant que les unit\u00e9s s\u00e9curitaires sont parvenus \u00e0 arr\u00eater 2 individus originaires d&rsquo;un pays maghr\u00e9bin dont les noms ont \u00e9t\u00e9 cit\u00e9s par le jihadiste marocain arr\u00eat\u00e9 hier\u00a0et qui \u00e9tait recherch\u00e9\u00a0par son pays natal depuis 10 ans.<\/p>\n<p>L&rsquo;interrogatoire a aussi permis l&rsquo;arrestation de 2 Tunisiens suspect\u00e9s d&rsquo;avoir aid\u00e9 financi\u00e8rement le terroriste, pr\u00e9cise le communiqu\u00e9.<\/p>\n<p>L&rsquo;enqu\u00eate est toujours en cours.<\/p>\n<p style=\"text-align: right;\"><strong>E. B. A.<\/strong><\/p>\n<blockquote class=\"wp-embedded-content\" data-secret=\"2a0tLRyiIy\"><p><a href=\"https:\/\/kapitalis.com\/tunisie\/2018\/01\/02\/tunisie-arrestation-dun-terroriste-marocain-recherche-depuis-10-ans\/\">Tunisie : Arrestation d\u2019un terroriste marocain recherch\u00e9 depuis 10 ans<\/a><\/p><\/blockquote>\n<p><iframe loading=\"lazy\" class=\"wp-embedded-content\" sandbox=\"allow-scripts\" security=\"restricted\" style=\"position: absolute; clip: rect(1px, 1px, 1px, 1px);\" title=\"\u00ab\u00a0Tunisie : Arrestation d\u2019un terroriste marocain recherch\u00e9 depuis 10 ans\u00a0\u00bb &#8212; Kapitalis\" src=\"https:\/\/kapitalis.com\/tunisie\/2018\/01\/02\/tunisie-arrestation-dun-terroriste-marocain-recherche-depuis-10-ans\/embed\/#?secret=d8umrDdZaQ#?secret=2a0tLRyiIy\" data-secret=\"2a0tLRyiIy\" width=\"600\" height=\"338\" frameborder=\"0\" marginwidth=\"0\" marginheight=\"0\" scrolling=\"no\"><\/iframe><\/p>\n","protected":false},"excerpt":{"rendered":"<p>La police antiterroriste a arr\u00eat\u00e9 4 personnes qui auraient des liens au jihadiste marocain captur\u00e9 depuis hier, mardi 2 janvier 2017.<\/p>\n","protected":false},"author":16,"featured_media":0,"comment_status":"open","ping_status":"open","sticky":false,"template":"","format":"standard","meta":{"footnotes":""},"categories":[998,2433],"tags":[577,8169,24617,1117],"class_list":["post-131301","post","type-post","status-publish","format-standard","hentry","category-societe","category-tunisie","tag-maroc","tag-montagne","tag-police-antiterroriste","tag-tunisiens"],"yoast_head":"<!-- This site is optimized with the Yoast SEO plugin v26.6 - https:\/\/yoast.com\/wordpress\/plugins\/seo\/ -->\n<title>Tunisie : Arrestation de 4 personnes en lien avec un terroriste marocain - Kapitalis<\/title>\n<meta name=\"robots\" content=\"index, follow, max-snippet:-1, max-image-preview:large, max-video-preview:-1\" \/>\n<link rel=\"canonical\" href=\"https:\/\/kapitalis.com\/tunisie\/2018\/01\/03\/tunisie-arrestation-de-4-personnes-en-lien-avec-un-terroriste-marocain\/\" \/>\n<meta property=\"og:locale\" content=\"fr_FR\" \/>\n<meta property=\"og:type\" content=\"article\" \/>\n<meta property=\"og:title\" content=\"Tunisie : Arrestation de 4 personnes en lien avec un terroriste marocain - Kapitalis\" \/>\n<meta property=\"og:description\" content=\"La police antiterroriste a arr\u00eat\u00e9 4 personnes qui auraient des liens au jihadiste marocain captur\u00e9 depuis hier, mardi 2 janvier 2017.\" \/>\n<meta property=\"og:url\" content=\"https:\/\/kapitalis.com\/tunisie\/2018\/01\/03\/tunisie-arrestation-de-4-personnes-en-lien-avec-un-terroriste-marocain\/\" \/>\n<meta property=\"og:site_name\" content=\"Kapitalis\" \/>\n<meta property=\"article:publisher\" content=\"https:\/\/www.facebook.com\/KapitalisInfo\/\" \/>\n<meta property=\"article:published_time\" content=\"2018-01-03T11:23:21+00:00\" \/>\n<meta property=\"og:image\" content=\"http:\/\/kapitalis.com\/tunisie\/wp-content\/uploads\/2016\/09\/terroristes-police-Garde-nationale-arrestation.jpg\" \/>\n<meta name=\"author\" content=\"emna benabdallah\" \/>\n<meta name=\"twitter:card\" content=\"summary_large_image\" \/>\n<meta name=\"twitter:creator\" content=\"@KapitalisInfo\" \/>\n<meta name=\"twitter:site\" content=\"@KapitalisInfo\" \/>\n<meta name=\"twitter:label1\" content=\"\u00c9crit par\" \/>\n\t<meta name=\"twitter:data1\" content=\"emna benabdallah\" \/>\n\t<meta name=\"twitter:label2\" content=\"Dur\u00e9e de lecture estim\u00e9e\" \/>\n\t<meta name=\"twitter:data2\" content=\"1 minute\" \/>\n<script type=\"application\/ld+json\" class=\"yoast-schema-graph\">{\"@context\":\"https:\/\/schema.org\",\"@graph\":[{\"@type\":\"Article\",\"@id\":\"https:\/\/kapitalis.com\/tunisie\/2018\/01\/03\/tunisie-arrestation-de-4-personnes-en-lien-avec-un-terroriste-marocain\/#article\",\"isPartOf\":{\"@id\":\"https:\/\/kapitalis.com\/tunisie\/2018\/01\/03\/tunisie-arrestation-de-4-personnes-en-lien-avec-un-terroriste-marocain\/\"},\"author\":{\"name\":\"emna benabdallah\",\"@id\":\"https:\/\/kapitalis.com\/tunisie\/#\/schema\/person\/2c6e134b2f3369dffcd1daf5f087d28b\"},\"headline\":\"Tunisie : Arrestation de 4 personnes en lien avec un terroriste marocain\",\"datePublished\":\"2018-01-03T11:23:21+00:00\",\"mainEntityOfPage\":{\"@id\":\"https:\/\/kapitalis.com\/tunisie\/2018\/01\/03\/tunisie-arrestation-de-4-personnes-en-lien-avec-un-terroriste-marocain\/\"},\"wordCount\":120,\"commentCount\":0,\"publisher\":{\"@id\":\"https:\/\/kapitalis.com\/tunisie\/#organization\"},\"image\":{\"@id\":\"https:\/\/kapitalis.com\/tunisie\/2018\/01\/03\/tunisie-arrestation-de-4-personnes-en-lien-avec-un-terroriste-marocain\/#primaryimage\"},\"thumbnailUrl\":\"http:\/\/kapitalis.com\/tunisie\/wp-content\/uploads\/2016\/09\/terroristes-police-Garde-nationale-arrestation.jpg\",\"keywords\":[\"Maroc\",\"montagne\",\"police antiterroriste\",\"tunisiens\"],\"articleSection\":[\"SOCIETE\",\"Tunisie\"],\"inLanguage\":\"fr-FR\",\"potentialAction\":[{\"@type\":\"CommentAction\",\"name\":\"Comment\",\"target\":[\"https:\/\/kapitalis.com\/tunisie\/2018\/01\/03\/tunisie-arrestation-de-4-personnes-en-lien-avec-un-terroriste-marocain\/#respond\"]}]},{\"@type\":\"WebPage\",\"@id\":\"https:\/\/kapitalis.com\/tunisie\/2018\/01\/03\/tunisie-arrestation-de-4-personnes-en-lien-avec-un-terroriste-marocain\/\",\"url\":\"https:\/\/kapitalis.com\/tunisie\/2018\/01\/03\/tunisie-arrestation-de-4-personnes-en-lien-avec-un-terroriste-marocain\/\",\"name\":\"Tunisie : Arrestation de 4 personnes en lien avec un terroriste marocain - Kapitalis\",\"isPartOf\":{\"@id\":\"https:\/\/kapitalis.com\/tunisie\/#website\"},\"primaryImageOfPage\":{\"@id\":\"https:\/\/kapitalis.com\/tunisie\/2018\/01\/03\/tunisie-arrestation-de-4-personnes-en-lien-avec-un-terroriste-marocain\/#primaryimage\"},\"image\":{\"@id\":\"https:\/\/kapitalis.com\/tunisie\/2018\/01\/03\/tunisie-arrestation-de-4-personnes-en-lien-avec-un-terroriste-marocain\/#primaryimage\"},\"thumbnailUrl\":\"http:\/\/kapitalis.com\/tunisie\/wp-content\/uploads\/2016\/09\/terroristes-police-Garde-nationale-arrestation.jpg\",\"datePublished\":\"2018-01-03T11:23:21+00:00\",\"breadcrumb\":{\"@id\":\"https:\/\/kapitalis.com\/tunisie\/2018\/01\/03\/tunisie-arrestation-de-4-personnes-en-lien-avec-un-terroriste-marocain\/#breadcrumb\"},\"inLanguage\":\"fr-FR\",\"potentialAction\":[{\"@type\":\"ReadAction\",\"target\":[\"https:\/\/kapitalis.com\/tunisie\/2018\/01\/03\/tunisie-arrestation-de-4-personnes-en-lien-avec-un-terroriste-marocain\/\"]}]},{\"@type\":\"ImageObject\",\"inLanguage\":\"fr-FR\",\"@id\":\"https:\/\/kapitalis.com\/tunisie\/2018\/01\/03\/tunisie-arrestation-de-4-personnes-en-lien-avec-un-terroriste-marocain\/#primaryimage\",\"url\":\"http:\/\/kapitalis.com\/tunisie\/wp-content\/uploads\/2016\/09\/terroristes-police-Garde-nationale-arrestation.jpg\",\"contentUrl\":\"http:\/\/kapitalis.com\/tunisie\/wp-content\/uploads\/2016\/09\/terroristes-police-Garde-nationale-arrestation.jpg\"},{\"@type\":\"BreadcrumbList\",\"@id\":\"https:\/\/kapitalis.com\/tunisie\/2018\/01\/03\/tunisie-arrestation-de-4-personnes-en-lien-avec-un-terroriste-marocain\/#breadcrumb\",\"itemListElement\":[{\"@type\":\"ListItem\",\"position\":1,\"name\":\"Accueil\",\"item\":\"https:\/\/kapitalis.com\/tunisie\/\"},{\"@type\":\"ListItem\",\"position\":2,\"name\":\"Tunisie : Arrestation de 4 personnes en lien avec un terroriste marocain\"}]},{\"@type\":\"WebSite\",\"@id\":\"https:\/\/kapitalis.com\/tunisie\/#website\",\"url\":\"https:\/\/kapitalis.com\/tunisie\/\",\"name\":\"Kapitalis\",\"description\":\"L&#039;actualit\u00e9 en Tunisie et dans le monde\",\"publisher\":{\"@id\":\"https:\/\/kapitalis.com\/tunisie\/#organization\"},\"potentialAction\":[{\"@type\":\"SearchAction\",\"target\":{\"@type\":\"EntryPoint\",\"urlTemplate\":\"https:\/\/kapitalis.com\/tunisie\/?s={search_term_string}\"},\"query-input\":{\"@type\":\"PropertyValueSpecification\",\"valueRequired\":true,\"valueName\":\"search_term_string\"}}],\"inLanguage\":\"fr-FR\"},{\"@type\":\"Organization\",\"@id\":\"https:\/\/kapitalis.com\/tunisie\/#organization\",\"name\":\"Kapitalis\",\"url\":\"https:\/\/kapitalis.com\/tunisie\/\",\"logo\":{\"@type\":\"ImageObject\",\"inLanguage\":\"fr-FR\",\"@id\":\"https:\/\/kapitalis.com\/tunisie\/#\/schema\/logo\/image\/\",\"url\":\"https:\/\/kapitalis.com\/tunisie\/wp-content\/uploads\/2022\/05\/Kapitalis-big-size.png\",\"contentUrl\":\"https:\/\/kapitalis.com\/tunisie\/wp-content\/uploads\/2022\/05\/Kapitalis-big-size.png\",\"width\":5000,\"height\":1500,\"caption\":\"Kapitalis\"},\"image\":{\"@id\":\"https:\/\/kapitalis.com\/tunisie\/#\/schema\/logo\/image\/\"},\"sameAs\":[\"https:\/\/www.facebook.com\/KapitalisInfo\/\",\"https:\/\/x.com\/KapitalisInfo\",\"https:\/\/www.youtube.com\/channel\/UC-yDYrHyfFBWWZaOw3FPg9Q\"]},{\"@type\":\"Person\",\"@id\":\"https:\/\/kapitalis.com\/tunisie\/#\/schema\/person\/2c6e134b2f3369dffcd1daf5f087d28b\",\"name\":\"emna benabdallah\",\"url\":\"https:\/\/kapitalis.com\/tunisie\/author\/emna\/\"}]}<\/script>\n<!-- \/ Yoast SEO plugin. -->","yoast_head_json":{"title":"Tunisie : Arrestation de 4 personnes en lien avec un terroriste marocain - Kapitalis","robots":{"index":"index","follow":"follow","max-snippet":"max-snippet:-1","max-image-preview":"max-image-preview:large","max-video-preview":"max-video-preview:-1"},"canonical":"https:\/\/kapitalis.com\/tunisie\/2018\/01\/03\/tunisie-arrestation-de-4-personnes-en-lien-avec-un-terroriste-marocain\/","og_locale":"fr_FR","og_type":"article","og_title":"Tunisie : Arrestation de 4 personnes en lien avec un terroriste marocain - Kapitalis","og_description":"La police antiterroriste a arr\u00eat\u00e9 4 personnes qui auraient des liens au jihadiste marocain captur\u00e9 depuis hier, mardi 2 janvier 2017.","og_url":"https:\/\/kapitalis.com\/tunisie\/2018\/01\/03\/tunisie-arrestation-de-4-personnes-en-lien-avec-un-terroriste-marocain\/","og_site_name":"Kapitalis","article_publisher":"https:\/\/www.facebook.com\/KapitalisInfo\/","article_published_time":"2018-01-03T11:23:21+00:00","og_image":[{"url":"http:\/\/kapitalis.com\/tunisie\/wp-content\/uploads\/2016\/09\/terroristes-police-Garde-nationale-arrestation.jpg","type":"","width":"","height":""}],"author":"emna benabdallah","twitter_card":"summary_large_image","twitter_creator":"@KapitalisInfo","twitter_site":"@KapitalisInfo","twitter_misc":{"\u00c9crit par":"emna benabdallah","Dur\u00e9e de lecture estim\u00e9e":"1 minute"},"schema":{"@context":"https:\/\/schema.org","@graph":[{"@type":"Article","@id":"https:\/\/kapitalis.com\/tunisie\/2018\/01\/03\/tunisie-arrestation-de-4-personnes-en-lien-avec-un-terroriste-marocain\/#article","isPartOf":{"@id":"https:\/\/kapitalis.com\/tunisie\/2018\/01\/03\/tunisie-arrestation-de-4-personnes-en-lien-avec-un-terroriste-marocain\/"},"author":{"name":"emna benabdallah","@id":"https:\/\/kapitalis.com\/tunisie\/#\/schema\/person\/2c6e134b2f3369dffcd1daf5f087d28b"},"headline":"Tunisie : Arrestation de 4 personnes en lien avec un terroriste marocain","datePublished":"2018-01-03T11:23:21+00:00","mainEntityOfPage":{"@id":"https:\/\/kapitalis.com\/tunisie\/2018\/01\/03\/tunisie-arrestation-de-4-personnes-en-lien-avec-un-terroriste-marocain\/"},"wordCount":120,"commentCount":0,"publisher":{"@id":"https:\/\/kapitalis.com\/tunisie\/#organization"},"image":{"@id":"https:\/\/kapitalis.com\/tunisie\/2018\/01\/03\/tunisie-arrestation-de-4-personnes-en-lien-avec-un-terroriste-marocain\/#primaryimage"},"thumbnailUrl":"http:\/\/kapitalis.com\/tunisie\/wp-content\/uploads\/2016\/09\/terroristes-police-Garde-nationale-arrestation.jpg","keywords":["Maroc","montagne","police antiterroriste","tunisiens"],"articleSection":["SOCIETE","Tunisie"],"inLanguage":"fr-FR","potentialAction":[{"@type":"CommentAction","name":"Comment","target":["https:\/\/kapitalis.com\/tunisie\/2018\/01\/03\/tunisie-arrestation-de-4-personnes-en-lien-avec-un-terroriste-marocain\/#respond"]}]},{"@type":"WebPage","@id":"https:\/\/kapitalis.com\/tunisie\/2018\/01\/03\/tunisie-arrestation-de-4-personnes-en-lien-avec-un-terroriste-marocain\/","url":"https:\/\/kapitalis.com\/tunisie\/2018\/01\/03\/tunisie-arrestation-de-4-personnes-en-lien-avec-un-terroriste-marocain\/","name":"Tunisie : Arrestation de 4 personnes en lien avec un terroriste marocain - Kapitalis","isPartOf":{"@id":"https:\/\/kapitalis.com\/tunisie\/#website"},"primaryImageOfPage":{"@id":"https:\/\/kapitalis.com\/tunisie\/2018\/01\/03\/tunisie-arrestation-de-4-personnes-en-lien-avec-un-terroriste-marocain\/#primaryimage"},"image":{"@id":"https:\/\/kapitalis.com\/tunisie\/2018\/01\/03\/tunisie-arrestation-de-4-personnes-en-lien-avec-un-terroriste-marocain\/#primaryimage"},"thumbnailUrl":"http:\/\/kapitalis.com\/tunisie\/wp-content\/uploads\/2016\/09\/terroristes-police-Garde-nationale-arrestation.jpg","datePublished":"2018-01-03T11:23:21+00:00","breadcrumb":{"@id":"https:\/\/kapitalis.com\/tunisie\/2018\/01\/03\/tunisie-arrestation-de-4-personnes-en-lien-avec-un-terroriste-marocain\/#breadcrumb"},"inLanguage":"fr-FR","potentialAction":[{"@type":"ReadAction","target":["https:\/\/kapitalis.com\/tunisie\/2018\/01\/03\/tunisie-arrestation-de-4-personnes-en-lien-avec-un-terroriste-marocain\/"]}]},{"@type":"ImageObject","inLanguage":"fr-FR","@id":"https:\/\/kapitalis.com\/tunisie\/2018\/01\/03\/tunisie-arrestation-de-4-personnes-en-lien-avec-un-terroriste-marocain\/#primaryimage","url":"http:\/\/kapitalis.com\/tunisie\/wp-content\/uploads\/2016\/09\/terroristes-police-Garde-nationale-arrestation.jpg","contentUrl":"http:\/\/kapitalis.com\/tunisie\/wp-content\/uploads\/2016\/09\/terroristes-police-Garde-nationale-arrestation.jpg"},{"@type":"BreadcrumbList","@id":"https:\/\/kapitalis.com\/tunisie\/2018\/01\/03\/tunisie-arrestation-de-4-personnes-en-lien-avec-un-terroriste-marocain\/#breadcrumb","itemListElement":[{"@type":"ListItem","position":1,"name":"Accueil","item":"https:\/\/kapitalis.com\/tunisie\/"},{"@type":"ListItem","position":2,"name":"Tunisie : Arrestation de 4 personnes en lien avec un terroriste marocain"}]},{"@type":"WebSite","@id":"https:\/\/kapitalis.com\/tunisie\/#website","url":"https:\/\/kapitalis.com\/tunisie\/","name":"Kapitalis","description":"L&#039;actualit\u00e9 en Tunisie et dans le monde","publisher":{"@id":"https:\/\/kapitalis.com\/tunisie\/#organization"},"potentialAction":[{"@type":"SearchAction","target":{"@type":"EntryPoint","urlTemplate":"https:\/\/kapitalis.com\/tunisie\/?s={search_term_string}"},"query-input":{"@type":"PropertyValueSpecification","valueRequired":true,"valueName":"search_term_string"}}],"inLanguage":"fr-FR"},{"@type":"Organization","@id":"https:\/\/kapitalis.com\/tunisie\/#organization","name":"Kapitalis","url":"https:\/\/kapitalis.com\/tunisie\/","logo":{"@type":"ImageObject","inLanguage":"fr-FR","@id":"https:\/\/kapitalis.com\/tunisie\/#\/schema\/logo\/image\/","url":"https:\/\/kapitalis.com\/tunisie\/wp-content\/uploads\/2022\/05\/Kapitalis-big-size.png","contentUrl":"https:\/\/kapitalis.com\/tunisie\/wp-content\/uploads\/2022\/05\/Kapitalis-big-size.png","width":5000,"height":1500,"caption":"Kapitalis"},"image":{"@id":"https:\/\/kapitalis.com\/tunisie\/#\/schema\/logo\/image\/"},"sameAs":["https:\/\/www.facebook.com\/KapitalisInfo\/","https:\/\/x.com\/KapitalisInfo","https:\/\/www.youtube.com\/channel\/UC-yDYrHyfFBWWZaOw3FPg9Q"]},{"@type":"Person","@id":"https:\/\/kapitalis.com\/tunisie\/#\/schema\/person\/2c6e134b2f3369dffcd1daf5f087d28b","name":"emna benabdallah","url":"https:\/\/kapitalis.com\/tunisie\/author\/emna\/"}]}},"_links":{"self":[{"href":"https:\/\/kapitalis.com\/tunisie\/wp-json\/wp\/v2\/posts\/131301","targetHints":{"allow":["GET"]}}],"collection":[{"href":"https:\/\/kapitalis.com\/tunisie\/wp-json\/wp\/v2\/posts"}],"about":[{"href":"https:\/\/kapitalis.com\/tunisie\/wp-json\/wp\/v2\/types\/post"}],"author":[{"embeddable":true,"href":"https:\/\/kapitalis.com\/tunisie\/wp-json\/wp\/v2\/users\/16"}],"replies":[{"embeddable":true,"href":"https:\/\/kapitalis.com\/tunisie\/wp-json\/wp\/v2\/comments?post=131301"}],"version-history":[{"count":0,"href":"https:\/\/kapitalis.com\/tunisie\/wp-json\/wp\/v2\/posts\/131301\/revisions"}],"wp:attachment":[{"href":"https:\/\/kapitalis.com\/tunisie\/wp-json\/wp\/v2\/media?parent=131301"}],"wp:term":[{"taxonomy":"category","embeddable":true,"href":"https:\/\/kapitalis.com\/tunisie\/wp-json\/wp\/v2\/categories?post=131301"},{"taxonomy":"post_tag","embeddable":true,"href":"https:\/\/kapitalis.com\/tunisie\/wp-json\/wp\/v2\/tags?post=131301"}],"curies":[{"name":"wp","href":"https:\/\/api.w.org\/{rel}","templated":true}]}}