{"id":131367,"date":"2018-01-03T16:31:55","date_gmt":"2018-01-03T15:31:55","guid":{"rendered":"http:\/\/kapitalis.com\/tunisie\/?p=131367"},"modified":"2018-01-03T16:31:55","modified_gmt":"2018-01-03T15:31:55","slug":"consommer-tunisien-oui-vraiment-solution","status":"publish","type":"post","link":"https:\/\/kapitalis.com\/tunisie\/2018\/01\/03\/consommer-tunisien-oui-vraiment-solution\/","title":{"rendered":"Consommer tunisien, oui, mais est-ce vraiment la solution ?"},"content":{"rendered":"<p style=\"text-align: center;\"><img loading=\"lazy\" decoding=\"async\" class=\"alignnone size-full wp-image-126206\" src=\"http:\/\/kapitalis.com\/tunisie\/wp-content\/uploads\/2017\/11\/Produits-tunisiens-Carrefour-Mascate.jpg\" alt=\"\" width=\"626\" height=\"380\" \/><\/p>\n<p><em><strong>L\u2019appel \u00e0 acheter tunisien pour r\u00e9duire le d\u00e9ficit de la balance commerciale est compr\u00e9hensible, mais est-ce vraiment raisonnable ?<\/strong><\/em><\/p>\n<p>Par <strong>Salah El-Gharbi<\/strong><\/p>\n<p><!--more--><\/p>\n<p style=\"text-align: left;\">Le<a href=\"http:\/\/kapitalis.com\/tunisie\/2017\/10\/06\/tunisie-persistance-des-tensions-sur-la-balance-commerciale\/\"> d\u00e9ficit de la balance commerciale<\/a>, la d\u00e9pr\u00e9ciation du<a href=\"http:\/\/kapitalis.com\/tunisie\/2017\/08\/26\/tunisie-la-chute-du-dinar-ordonnee-par-fmi\/\"> dinar tunisien<\/a>, la hausse des prix et son corollaire, la baisse du pouvoir d\u2019achat des citoyens suscitent des r\u00e9actions en cha\u00eene dans les r\u00e9seaux sociaux et les m\u00e9dias. Ainsi, hommes politiques, repr\u00e9sentants de la soci\u00e9t\u00e9 civile et journalistes se pressent pour expliquer, commenter, s\u2019indigner, d\u00e9noncer et, rarement, pour proposer des solutions \u00e0 une crise \u00e9conomique qui, d\u2019ailleurs, n\u2019est pas l\u2019apanage de la Tunisie.<\/p>\n<h3>En deux temps trois mouvements<\/h3>\n<p>Chacun y va donc de sa petite musique. D\u2019abord, les dirigeants des mouvements de gauche sautent sur l\u2019occasion pour fustiger la politique lib\u00e9rale du gouvernement qui serait, selon eux, \u00e0 l\u2019origine de la crise. Et appellent \u00e0 changer de mod\u00e8le de d\u00e9veloppement, sans pour autant proposer de m\u00e9thode ou de recette, comme si une pareille op\u00e9ration, si tant est qu\u2019on a une id\u00e9e claire de ce qu\u2019il faut faire, pouvait \u00eatre men\u00e9e en deux temps trois mouvements.<\/p>\n<p>Sur les r\u00e9seaux sociaux, des activistes m\u00e8nent une campagne sur le th\u00e8me f\u00e9d\u00e9rateur du <em>\u00abconsommer tunisien\u00bb<\/em>, en s\u2019indignant, au passage, de voir le march\u00e9 tunisien envahi par les biens de consommation import\u00e9s, alors qu\u2019ils sont produits par l\u2019industrie locale. Un journaliste, un peu remont\u00e9, est all\u00e9 m\u00eame jusqu\u2019\u00e0 tacler, sans la nommer, une grande personnalit\u00e9 du monde de l\u2019entreprise, qui, selon lui, se targue <em>\u00abd\u2019agir dans l\u2019int\u00e9r\u00eat du pays, alors qu\u2019elle vient de lancer la franchise d\u2019une enseigne internationale sp\u00e9cialis\u00e9e dans le pr\u00eat- \u00e0-porter\u00bb<\/em>, concurren\u00e7ant ainsi la production<em> \u00abmade in Tunisia\u00bb<\/em>.<\/p>\n<p>D\u2019ailleurs, dans leurs argumentaires, certains vont jusqu\u2019\u00e0 invoquer en exemple le protectionnisme de Trump, devenu, paradoxalement, un mod\u00e8le pour certains dirigeants dits de gauche, qui feignent d\u2019oublier que les Etats Unis poss\u00e8dent un march\u00e9 de plus de 400 millions de consommateurs, qui pourrait se suffire \u00e0 lui-m\u00eame si les Am\u00e9ricains d\u00e9cidaient, un jour, de se passer du reste du monde.<\/p>\n<p>S\u2019il est sain de s\u2019inqui\u00e9ter pour le d\u00e9s\u00e9quilibre de notre balance commerciale et pour la d\u00e9pr\u00e9ciation de notre Dinar, il serait inefficace et inappropri\u00e9 de s\u2019enfermer dans des solutions faciles, aussi s\u00e9duisantes soient elles. Dire que l\u2019autarcie serait capable de prot\u00e9ger notre industrie, c\u2019est faire preuve d\u2019une m\u00e9connaissance de la r\u00e9alit\u00e9 dans monde dans lequel nous vivons.<\/p>\n<h3>Il n\u2019y a pas de solutions-miracles<\/h3>\n<p>En fait, dans un monde aussi globalis\u00e9 que le n\u00f4tre, les \u00e9conomistes sont presque unanimes pour dire que le repli sur soi ne saurait \u00eatre la solution pratique et efficace pour insuffler une r\u00e9elle dynamique \u00e0 l\u2019industrie nationale. Au contraire, <em>\u00abconsommer tunisien\u00bb<\/em> ne rendrait service ni au consommateur, lequel, dans un march\u00e9 non-concurrentiel, va voir les prix flamber et son pouvoir d\u2019achat se d\u00e9grader inexorablement, ni au producteur qui, en perdant de sa comp\u00e9titivit\u00e9, ne saurait \u00e9voluer et s\u2019adapter aux d\u00e9veloppements en cours, ne fut-ce que dans sa propre fili\u00e8re.<\/p>\n<p>De m\u00eame, est-il \u00e0 rappeler \u00e0 ceux qui appellent \u00e0 l\u2019autarcie que la Tunisie est li\u00e9e par des conventions de libre \u00e9change et que si nous refusons les produits des autres pays, ces derniers feraient de m\u00eame pour nos produits. Il faut admettre qu\u2019il n\u2019y a pas de solutions-miracles et que pour esp\u00e9rer am\u00e9liorer les exportations, on doit aider les industriels \u00e0 \u00eatre plus comp\u00e9titifs et plus performants et \u00e0 s\u2019adapter \u00e0 la mondialisation qu\u2019on diabolise, parfois, tout en profitant de ses avantages.<\/p>\n<p>Les solutions peuvent \u00eatre aussi politiques. Ainsi, et m\u00eame si les pouvoirs publics ont les mains li\u00e9s par les trait\u00e9s internationaux, des man\u0153uvres restent possibles pour circonscrire les m\u00e9faits du libre-\u00e9change. Il s\u2019agit de recourir aux mesures douani\u00e8res drastiques, non pas en augmentant les taxes, mais plut\u00f4t en jouant sur les mesures non-tarifaires, par exemple, en imposant des normes strictes (d\u2019ordre sanitaire) pour emp\u00eacher l\u2019importation de certaines marchandises turques, chinoises ou autres, souvent d\u2019ailleurs contrefaites et de tr\u00e8s mauvaise qualit\u00e9.<\/p>\n<p>Le d\u00e9bat sur l\u2019opportunit\u00e9 du <em>\u00abconsommer tunisien\u00bb<\/em> trahit un paradoxe constitutif de la personnalit\u00e9 du Tunisien. Au-del\u00e0 des discours et des postures diverses, l\u2019engouement de ce dernier pour les produits fabriqu\u00e9s en Occident est incommensurable. Et c\u2019est ce m\u00eame Tunisien qui bave devant un tee-shirt <em>\u00abgriff\u00e9\u00bb<\/em>, qui s\u2019indigne, sans transition, de l\u2019invasion des produits venus d\u2019ailleurs pour <em>\u00abtuer nos entreprises et briser nos emplois\u00bb<\/em>.<\/p>\n<p>Aussi, et m\u00eame si l\u2019appel \u00e0 <em>\u00abconsommer tunisien\u00bb<\/em>, dans ses motivations et objectifs, reste compr\u00e9hensible, il n\u2019en trahit pas moins une attitude incoh\u00e9rente et contradictoire, qui ne tient compte ni de la r\u00e9alit\u00e9 du monde ni des besoins et des comportements des consommateurs.<\/p>\n<blockquote class=\"wp-embedded-content\" data-secret=\"VCJzI3jLDN\"><p><a href=\"https:\/\/kapitalis.com\/tunisie\/2017\/05\/17\/linc-les-tunisiens-encourages-a-consommer-tunisien\/\">L&rsquo;INC : Les Tunisiens encourag\u00e9s \u00e0 consommer tunisien<\/a><\/p><\/blockquote>\n<p><iframe loading=\"lazy\" class=\"wp-embedded-content\" sandbox=\"allow-scripts\" security=\"restricted\" style=\"position: absolute; clip: rect(1px, 1px, 1px, 1px);\" title=\"\u00ab\u00a0L&rsquo;INC : Les Tunisiens encourag\u00e9s \u00e0 consommer tunisien\u00a0\u00bb &#8212; Kapitalis\" src=\"https:\/\/kapitalis.com\/tunisie\/2017\/05\/17\/linc-les-tunisiens-encourages-a-consommer-tunisien\/embed\/#?secret=xYzct2849w#?secret=VCJzI3jLDN\" data-secret=\"VCJzI3jLDN\" width=\"600\" height=\"338\" frameborder=\"0\" marginwidth=\"0\" marginheight=\"0\" scrolling=\"no\"><\/iframe><\/p>\n<blockquote class=\"wp-embedded-content\" data-secret=\"NxUSZmuFjR\"><p><a href=\"https:\/\/kapitalis.com\/tunisie\/2017\/06\/03\/createurs_619-expo-vente-pour-inciter-a-consommer-tunisien\/\">#Cr\u00e9ateurs_619 : Expo-vente pour inciter \u00e0 consommer tunisien<\/a><\/p><\/blockquote>\n<p><iframe loading=\"lazy\" class=\"wp-embedded-content\" sandbox=\"allow-scripts\" security=\"restricted\" style=\"position: absolute; clip: rect(1px, 1px, 1px, 1px);\" title=\"\u00ab\u00a0#Cr\u00e9ateurs_619 : Expo-vente pour inciter \u00e0 consommer tunisien\u00a0\u00bb &#8212; Kapitalis\" src=\"https:\/\/kapitalis.com\/tunisie\/2017\/06\/03\/createurs_619-expo-vente-pour-inciter-a-consommer-tunisien\/embed\/#?secret=2TLOhj1j9C#?secret=NxUSZmuFjR\" data-secret=\"NxUSZmuFjR\" width=\"600\" height=\"338\" frameborder=\"0\" marginwidth=\"0\" marginheight=\"0\" scrolling=\"no\"><\/iframe><\/p>\n<p>&nbsp;<\/p>\n","protected":false},"excerpt":{"rendered":"<p>L\u2019appel \u00e0 acheter tunisien pour r\u00e9duire le d\u00e9ficit de la balance commerciale est compr\u00e9hensible, mais est-ce vraiment raisonnable ? Par Salah El-Gharbi<\/p>\n","protected":false},"author":8,"featured_media":0,"comment_status":"open","ping_status":"open","sticky":false,"template":"","format":"standard","meta":{"footnotes":""},"categories":[992,995,2433],"tags":[3390,18684,234,1948],"class_list":["post-131367","post","type-post","status-publish","format-standard","hentry","category-a-la-une","category-economie","category-tunisie","tag-balance-commerciale","tag-consommer-tunisien","tag-contrefacon","tag-importation"],"yoast_head":"<!-- This site is optimized with the Yoast SEO plugin v26.6 - https:\/\/yoast.com\/wordpress\/plugins\/seo\/ -->\n<title>Consommer tunisien, oui, mais est-ce vraiment la solution ? - Kapitalis<\/title>\n<meta name=\"robots\" content=\"index, follow, max-snippet:-1, max-image-preview:large, max-video-preview:-1\" \/>\n<link rel=\"canonical\" href=\"https:\/\/kapitalis.com\/tunisie\/2018\/01\/03\/consommer-tunisien-oui-vraiment-solution\/\" \/>\n<meta property=\"og:locale\" content=\"fr_FR\" \/>\n<meta property=\"og:type\" content=\"article\" \/>\n<meta property=\"og:title\" content=\"Consommer tunisien, oui, mais est-ce vraiment la solution ? - Kapitalis\" \/>\n<meta property=\"og:description\" content=\"L\u2019appel \u00e0 acheter tunisien pour r\u00e9duire le d\u00e9ficit de la balance commerciale est compr\u00e9hensible, mais est-ce vraiment raisonnable ? Par Salah El-Gharbi\" \/>\n<meta property=\"og:url\" content=\"https:\/\/kapitalis.com\/tunisie\/2018\/01\/03\/consommer-tunisien-oui-vraiment-solution\/\" \/>\n<meta property=\"og:site_name\" content=\"Kapitalis\" \/>\n<meta property=\"article:publisher\" content=\"https:\/\/www.facebook.com\/KapitalisInfo\/\" \/>\n<meta property=\"article:published_time\" content=\"2018-01-03T15:31:55+00:00\" \/>\n<meta property=\"og:image\" content=\"http:\/\/kapitalis.com\/tunisie\/wp-content\/uploads\/2017\/11\/Produits-tunisiens-Carrefour-Mascate.jpg\" \/>\n<meta name=\"author\" content=\"webmaster kapitalis\" \/>\n<meta name=\"twitter:card\" content=\"summary_large_image\" \/>\n<meta name=\"twitter:creator\" content=\"@KapitalisInfo\" \/>\n<meta name=\"twitter:site\" content=\"@KapitalisInfo\" \/>\n<meta name=\"twitter:label1\" content=\"\u00c9crit par\" \/>\n\t<meta name=\"twitter:data1\" content=\"webmaster kapitalis\" \/>\n\t<meta name=\"twitter:label2\" content=\"Dur\u00e9e de lecture estim\u00e9e\" \/>\n\t<meta name=\"twitter:data2\" content=\"4 minutes\" \/>\n<script type=\"application\/ld+json\" class=\"yoast-schema-graph\">{\"@context\":\"https:\/\/schema.org\",\"@graph\":[{\"@type\":\"Article\",\"@id\":\"https:\/\/kapitalis.com\/tunisie\/2018\/01\/03\/consommer-tunisien-oui-vraiment-solution\/#article\",\"isPartOf\":{\"@id\":\"https:\/\/kapitalis.com\/tunisie\/2018\/01\/03\/consommer-tunisien-oui-vraiment-solution\/\"},\"author\":{\"name\":\"webmaster kapitalis\",\"@id\":\"https:\/\/kapitalis.com\/tunisie\/#\/schema\/person\/d71f33a9ca44f7bad4698210b480c8e9\"},\"headline\":\"Consommer tunisien, oui, mais est-ce vraiment la solution ?\",\"datePublished\":\"2018-01-03T15:31:55+00:00\",\"mainEntityOfPage\":{\"@id\":\"https:\/\/kapitalis.com\/tunisie\/2018\/01\/03\/consommer-tunisien-oui-vraiment-solution\/\"},\"wordCount\":879,\"commentCount\":9,\"publisher\":{\"@id\":\"https:\/\/kapitalis.com\/tunisie\/#organization\"},\"image\":{\"@id\":\"https:\/\/kapitalis.com\/tunisie\/2018\/01\/03\/consommer-tunisien-oui-vraiment-solution\/#primaryimage\"},\"thumbnailUrl\":\"http:\/\/kapitalis.com\/tunisie\/wp-content\/uploads\/2017\/11\/Produits-tunisiens-Carrefour-Mascate.jpg\",\"keywords\":[\"balance commerciale\",\"consommer tunisien\",\"contrefa\u00e7on\",\"importation\"],\"articleSection\":[\"A LA UNE\",\"ECONOMIE\",\"Tunisie\"],\"inLanguage\":\"fr-FR\",\"potentialAction\":[{\"@type\":\"CommentAction\",\"name\":\"Comment\",\"target\":[\"https:\/\/kapitalis.com\/tunisie\/2018\/01\/03\/consommer-tunisien-oui-vraiment-solution\/#respond\"]}]},{\"@type\":\"WebPage\",\"@id\":\"https:\/\/kapitalis.com\/tunisie\/2018\/01\/03\/consommer-tunisien-oui-vraiment-solution\/\",\"url\":\"https:\/\/kapitalis.com\/tunisie\/2018\/01\/03\/consommer-tunisien-oui-vraiment-solution\/\",\"name\":\"Consommer tunisien, oui, mais est-ce vraiment la solution ? - Kapitalis\",\"isPartOf\":{\"@id\":\"https:\/\/kapitalis.com\/tunisie\/#website\"},\"primaryImageOfPage\":{\"@id\":\"https:\/\/kapitalis.com\/tunisie\/2018\/01\/03\/consommer-tunisien-oui-vraiment-solution\/#primaryimage\"},\"image\":{\"@id\":\"https:\/\/kapitalis.com\/tunisie\/2018\/01\/03\/consommer-tunisien-oui-vraiment-solution\/#primaryimage\"},\"thumbnailUrl\":\"http:\/\/kapitalis.com\/tunisie\/wp-content\/uploads\/2017\/11\/Produits-tunisiens-Carrefour-Mascate.jpg\",\"datePublished\":\"2018-01-03T15:31:55+00:00\",\"breadcrumb\":{\"@id\":\"https:\/\/kapitalis.com\/tunisie\/2018\/01\/03\/consommer-tunisien-oui-vraiment-solution\/#breadcrumb\"},\"inLanguage\":\"fr-FR\",\"potentialAction\":[{\"@type\":\"ReadAction\",\"target\":[\"https:\/\/kapitalis.com\/tunisie\/2018\/01\/03\/consommer-tunisien-oui-vraiment-solution\/\"]}]},{\"@type\":\"ImageObject\",\"inLanguage\":\"fr-FR\",\"@id\":\"https:\/\/kapitalis.com\/tunisie\/2018\/01\/03\/consommer-tunisien-oui-vraiment-solution\/#primaryimage\",\"url\":\"http:\/\/kapitalis.com\/tunisie\/wp-content\/uploads\/2017\/11\/Produits-tunisiens-Carrefour-Mascate.jpg\",\"contentUrl\":\"http:\/\/kapitalis.com\/tunisie\/wp-content\/uploads\/2017\/11\/Produits-tunisiens-Carrefour-Mascate.jpg\"},{\"@type\":\"BreadcrumbList\",\"@id\":\"https:\/\/kapitalis.com\/tunisie\/2018\/01\/03\/consommer-tunisien-oui-vraiment-solution\/#breadcrumb\",\"itemListElement\":[{\"@type\":\"ListItem\",\"position\":1,\"name\":\"Accueil\",\"item\":\"https:\/\/kapitalis.com\/tunisie\/\"},{\"@type\":\"ListItem\",\"position\":2,\"name\":\"Consommer tunisien, oui, mais est-ce vraiment la solution ?\"}]},{\"@type\":\"WebSite\",\"@id\":\"https:\/\/kapitalis.com\/tunisie\/#website\",\"url\":\"https:\/\/kapitalis.com\/tunisie\/\",\"name\":\"Kapitalis\",\"description\":\"L&#039;actualit\u00e9 en Tunisie et dans le monde\",\"publisher\":{\"@id\":\"https:\/\/kapitalis.com\/tunisie\/#organization\"},\"potentialAction\":[{\"@type\":\"SearchAction\",\"target\":{\"@type\":\"EntryPoint\",\"urlTemplate\":\"https:\/\/kapitalis.com\/tunisie\/?s={search_term_string}\"},\"query-input\":{\"@type\":\"PropertyValueSpecification\",\"valueRequired\":true,\"valueName\":\"search_term_string\"}}],\"inLanguage\":\"fr-FR\"},{\"@type\":\"Organization\",\"@id\":\"https:\/\/kapitalis.com\/tunisie\/#organization\",\"name\":\"Kapitalis\",\"url\":\"https:\/\/kapitalis.com\/tunisie\/\",\"logo\":{\"@type\":\"ImageObject\",\"inLanguage\":\"fr-FR\",\"@id\":\"https:\/\/kapitalis.com\/tunisie\/#\/schema\/logo\/image\/\",\"url\":\"https:\/\/kapitalis.com\/tunisie\/wp-content\/uploads\/2022\/05\/Kapitalis-big-size.png\",\"contentUrl\":\"https:\/\/kapitalis.com\/tunisie\/wp-content\/uploads\/2022\/05\/Kapitalis-big-size.png\",\"width\":5000,\"height\":1500,\"caption\":\"Kapitalis\"},\"image\":{\"@id\":\"https:\/\/kapitalis.com\/tunisie\/#\/schema\/logo\/image\/\"},\"sameAs\":[\"https:\/\/www.facebook.com\/KapitalisInfo\/\",\"https:\/\/x.com\/KapitalisInfo\",\"https:\/\/www.youtube.com\/channel\/UC-yDYrHyfFBWWZaOw3FPg9Q\"]},{\"@type\":\"Person\",\"@id\":\"https:\/\/kapitalis.com\/tunisie\/#\/schema\/person\/d71f33a9ca44f7bad4698210b480c8e9\",\"name\":\"webmaster kapitalis\",\"url\":\"https:\/\/kapitalis.com\/tunisie\/author\/webmaster-kapitalis\/\"}]}<\/script>\n<!-- \/ Yoast SEO plugin. -->","yoast_head_json":{"title":"Consommer tunisien, oui, mais est-ce vraiment la solution ? - Kapitalis","robots":{"index":"index","follow":"follow","max-snippet":"max-snippet:-1","max-image-preview":"max-image-preview:large","max-video-preview":"max-video-preview:-1"},"canonical":"https:\/\/kapitalis.com\/tunisie\/2018\/01\/03\/consommer-tunisien-oui-vraiment-solution\/","og_locale":"fr_FR","og_type":"article","og_title":"Consommer tunisien, oui, mais est-ce vraiment la solution ? - Kapitalis","og_description":"L\u2019appel \u00e0 acheter tunisien pour r\u00e9duire le d\u00e9ficit de la balance commerciale est compr\u00e9hensible, mais est-ce vraiment raisonnable ? Par Salah El-Gharbi","og_url":"https:\/\/kapitalis.com\/tunisie\/2018\/01\/03\/consommer-tunisien-oui-vraiment-solution\/","og_site_name":"Kapitalis","article_publisher":"https:\/\/www.facebook.com\/KapitalisInfo\/","article_published_time":"2018-01-03T15:31:55+00:00","og_image":[{"url":"http:\/\/kapitalis.com\/tunisie\/wp-content\/uploads\/2017\/11\/Produits-tunisiens-Carrefour-Mascate.jpg","type":"","width":"","height":""}],"author":"webmaster kapitalis","twitter_card":"summary_large_image","twitter_creator":"@KapitalisInfo","twitter_site":"@KapitalisInfo","twitter_misc":{"\u00c9crit par":"webmaster kapitalis","Dur\u00e9e de lecture estim\u00e9e":"4 minutes"},"schema":{"@context":"https:\/\/schema.org","@graph":[{"@type":"Article","@id":"https:\/\/kapitalis.com\/tunisie\/2018\/01\/03\/consommer-tunisien-oui-vraiment-solution\/#article","isPartOf":{"@id":"https:\/\/kapitalis.com\/tunisie\/2018\/01\/03\/consommer-tunisien-oui-vraiment-solution\/"},"author":{"name":"webmaster kapitalis","@id":"https:\/\/kapitalis.com\/tunisie\/#\/schema\/person\/d71f33a9ca44f7bad4698210b480c8e9"},"headline":"Consommer tunisien, oui, mais est-ce vraiment la solution ?","datePublished":"2018-01-03T15:31:55+00:00","mainEntityOfPage":{"@id":"https:\/\/kapitalis.com\/tunisie\/2018\/01\/03\/consommer-tunisien-oui-vraiment-solution\/"},"wordCount":879,"commentCount":9,"publisher":{"@id":"https:\/\/kapitalis.com\/tunisie\/#organization"},"image":{"@id":"https:\/\/kapitalis.com\/tunisie\/2018\/01\/03\/consommer-tunisien-oui-vraiment-solution\/#primaryimage"},"thumbnailUrl":"http:\/\/kapitalis.com\/tunisie\/wp-content\/uploads\/2017\/11\/Produits-tunisiens-Carrefour-Mascate.jpg","keywords":["balance commerciale","consommer tunisien","contrefa\u00e7on","importation"],"articleSection":["A LA UNE","ECONOMIE","Tunisie"],"inLanguage":"fr-FR","potentialAction":[{"@type":"CommentAction","name":"Comment","target":["https:\/\/kapitalis.com\/tunisie\/2018\/01\/03\/consommer-tunisien-oui-vraiment-solution\/#respond"]}]},{"@type":"WebPage","@id":"https:\/\/kapitalis.com\/tunisie\/2018\/01\/03\/consommer-tunisien-oui-vraiment-solution\/","url":"https:\/\/kapitalis.com\/tunisie\/2018\/01\/03\/consommer-tunisien-oui-vraiment-solution\/","name":"Consommer tunisien, oui, mais est-ce vraiment la solution ? - Kapitalis","isPartOf":{"@id":"https:\/\/kapitalis.com\/tunisie\/#website"},"primaryImageOfPage":{"@id":"https:\/\/kapitalis.com\/tunisie\/2018\/01\/03\/consommer-tunisien-oui-vraiment-solution\/#primaryimage"},"image":{"@id":"https:\/\/kapitalis.com\/tunisie\/2018\/01\/03\/consommer-tunisien-oui-vraiment-solution\/#primaryimage"},"thumbnailUrl":"http:\/\/kapitalis.com\/tunisie\/wp-content\/uploads\/2017\/11\/Produits-tunisiens-Carrefour-Mascate.jpg","datePublished":"2018-01-03T15:31:55+00:00","breadcrumb":{"@id":"https:\/\/kapitalis.com\/tunisie\/2018\/01\/03\/consommer-tunisien-oui-vraiment-solution\/#breadcrumb"},"inLanguage":"fr-FR","potentialAction":[{"@type":"ReadAction","target":["https:\/\/kapitalis.com\/tunisie\/2018\/01\/03\/consommer-tunisien-oui-vraiment-solution\/"]}]},{"@type":"ImageObject","inLanguage":"fr-FR","@id":"https:\/\/kapitalis.com\/tunisie\/2018\/01\/03\/consommer-tunisien-oui-vraiment-solution\/#primaryimage","url":"http:\/\/kapitalis.com\/tunisie\/wp-content\/uploads\/2017\/11\/Produits-tunisiens-Carrefour-Mascate.jpg","contentUrl":"http:\/\/kapitalis.com\/tunisie\/wp-content\/uploads\/2017\/11\/Produits-tunisiens-Carrefour-Mascate.jpg"},{"@type":"BreadcrumbList","@id":"https:\/\/kapitalis.com\/tunisie\/2018\/01\/03\/consommer-tunisien-oui-vraiment-solution\/#breadcrumb","itemListElement":[{"@type":"ListItem","position":1,"name":"Accueil","item":"https:\/\/kapitalis.com\/tunisie\/"},{"@type":"ListItem","position":2,"name":"Consommer tunisien, oui, mais est-ce vraiment la solution ?"}]},{"@type":"WebSite","@id":"https:\/\/kapitalis.com\/tunisie\/#website","url":"https:\/\/kapitalis.com\/tunisie\/","name":"Kapitalis","description":"L&#039;actualit\u00e9 en Tunisie et dans le monde","publisher":{"@id":"https:\/\/kapitalis.com\/tunisie\/#organization"},"potentialAction":[{"@type":"SearchAction","target":{"@type":"EntryPoint","urlTemplate":"https:\/\/kapitalis.com\/tunisie\/?s={search_term_string}"},"query-input":{"@type":"PropertyValueSpecification","valueRequired":true,"valueName":"search_term_string"}}],"inLanguage":"fr-FR"},{"@type":"Organization","@id":"https:\/\/kapitalis.com\/tunisie\/#organization","name":"Kapitalis","url":"https:\/\/kapitalis.com\/tunisie\/","logo":{"@type":"ImageObject","inLanguage":"fr-FR","@id":"https:\/\/kapitalis.com\/tunisie\/#\/schema\/logo\/image\/","url":"https:\/\/kapitalis.com\/tunisie\/wp-content\/uploads\/2022\/05\/Kapitalis-big-size.png","contentUrl":"https:\/\/kapitalis.com\/tunisie\/wp-content\/uploads\/2022\/05\/Kapitalis-big-size.png","width":5000,"height":1500,"caption":"Kapitalis"},"image":{"@id":"https:\/\/kapitalis.com\/tunisie\/#\/schema\/logo\/image\/"},"sameAs":["https:\/\/www.facebook.com\/KapitalisInfo\/","https:\/\/x.com\/KapitalisInfo","https:\/\/www.youtube.com\/channel\/UC-yDYrHyfFBWWZaOw3FPg9Q"]},{"@type":"Person","@id":"https:\/\/kapitalis.com\/tunisie\/#\/schema\/person\/d71f33a9ca44f7bad4698210b480c8e9","name":"webmaster kapitalis","url":"https:\/\/kapitalis.com\/tunisie\/author\/webmaster-kapitalis\/"}]}},"_links":{"self":[{"href":"https:\/\/kapitalis.com\/tunisie\/wp-json\/wp\/v2\/posts\/131367","targetHints":{"allow":["GET"]}}],"collection":[{"href":"https:\/\/kapitalis.com\/tunisie\/wp-json\/wp\/v2\/posts"}],"about":[{"href":"https:\/\/kapitalis.com\/tunisie\/wp-json\/wp\/v2\/types\/post"}],"author":[{"embeddable":true,"href":"https:\/\/kapitalis.com\/tunisie\/wp-json\/wp\/v2\/users\/8"}],"replies":[{"embeddable":true,"href":"https:\/\/kapitalis.com\/tunisie\/wp-json\/wp\/v2\/comments?post=131367"}],"version-history":[{"count":0,"href":"https:\/\/kapitalis.com\/tunisie\/wp-json\/wp\/v2\/posts\/131367\/revisions"}],"wp:attachment":[{"href":"https:\/\/kapitalis.com\/tunisie\/wp-json\/wp\/v2\/media?parent=131367"}],"wp:term":[{"taxonomy":"category","embeddable":true,"href":"https:\/\/kapitalis.com\/tunisie\/wp-json\/wp\/v2\/categories?post=131367"},{"taxonomy":"post_tag","embeddable":true,"href":"https:\/\/kapitalis.com\/tunisie\/wp-json\/wp\/v2\/tags?post=131367"}],"curies":[{"name":"wp","href":"https:\/\/api.w.org\/{rel}","templated":true}]}}