{"id":13158001,"date":"2024-06-09T10:34:33","date_gmt":"2024-06-09T09:34:33","guid":{"rendered":"https:\/\/kapitalis.com\/tunisie\/?p=13158001"},"modified":"2024-06-09T10:34:35","modified_gmt":"2024-06-09T09:34:35","slug":"des-francais-continuent-de-marcher-pour-la-palestine","status":"publish","type":"post","link":"https:\/\/kapitalis.com\/tunisie\/2024\/06\/09\/des-francais-continuent-de-marcher-pour-la-palestine\/","title":{"rendered":"Des Fran\u00e7ais continuent de marcher pour la Palestine"},"content":{"rendered":"\n<p><strong><em>Les manifestations appelant \u00e0 la fin du g\u00e9nocide perp\u00e9tr\u00e9 par Isra\u00ebl dans les territoires palestiniens se poursuivent partout en Occident, notamment en France, o\u00f9 d\u2019importantes manifestations pro-palestiniennes ont eu lieu hier, samedi 8 juin 2024, \u00e0 Paris et Lyon, mais la plupart des Etats occidentaux continuent de soutenir aveugl\u00e9ment, politiquement et par les armes destructeurs, la machine de guerre de l\u2019Etat h\u00e9breu. \u00a0\u00a0<\/em><\/strong><\/p>\n\n\n\n<p>Reportage de <strong>Abdellatif Ben Salem<\/strong><\/p>\n\n\n\n<!--more-->\n\n\n\n<p>Hier, \u00e0 Paris, et pour le \u00e9ni\u00e8me samedi cons\u00e9cutif, depuis le d\u00e9but de la guerre isra\u00e9lienne contre Gaza, le 7 octobre dernier, plusieurs milliers de manifestants ont d\u00e9fil\u00e9 en agitant des drapeaux palestiniens &#8211; 5\u00a0600 selon les chiffres de la pr\u00e9fecture mais des organisateurs parlent d\u2019<em>\u00abau moins 10\u00a0000\u00bb<\/em>-, <em>\u00absans incident\u00bb<\/em>, ajoutera <em><a href=\"https:\/\/www.liberation.fr\/international\/moyen-orient\/manifestations-pro-gaza-des-milliers-de-personnes-a-nouveau-rassemblees-a-paris-et-a-lyon-20240608_NG3R77CPTZERHB5VUDZPOJ4FMQ\/#:~:text=Une%20for%C3%AAt%20de%20drapeaux%20palestiniens,soutien%20aux%20Palestiniens%2C%20sans%20incident\" target=\"_blank\" rel=\"noreferrer noopener\">Lib\u00e9ration<\/a><\/em>, l\u2019un des rares journaux de l\u2019Hexagone \u00e0 en avoir rendu compte. <\/p>\n\n\n\n<p>Cela en dit long sur le niveau d\u2019ind\u00e9pendance, d\u2019objectivit\u00e9 et de professionnalisme des m\u00e9dias fran\u00e7ais, en grande partie soumis aux lobbys d\u2019argent proches des milieux sionistes internationaux. Lesquels lobbys ont impos\u00e9, et c\u2019est le cas de le dire, ces derni\u00e8res semaines, aux cha\u00eenes de t\u00e9l\u00e9vision fran\u00e7aises et europ\u00e9ennes, une foule de programmes, de documentaires et de films sur la Shoa et le massacre des juifs pendant la seconde guerre mondiale. Comme si les crimes d\u2019hier pouvaient cacher ou justifier ceux qui sont perp\u00e9tr\u00e9s aujourd\u2019hui devant les cam\u00e9ras des t\u00e9l\u00e9visions du monde.<\/p>\n\n\n\n<figure class=\"wp-block-gallery aligncenter has-nested-images columns-default is-cropped wp-block-gallery-1 is-layout-flex wp-block-gallery-is-layout-flex\">\n<figure class=\"wp-block-image size-large\"><img loading=\"lazy\" decoding=\"async\" width=\"682\" height=\"910\" data-id=\"13158041\" src=\"https:\/\/kapitalis.com\/tunisie\/wp-content\/uploads\/2024\/06\/Manif-Palestine-Paris-8-juin-24-9.jpg\" alt=\"\" class=\"wp-image-13158041\" srcset=\"https:\/\/kapitalis.com\/tunisie\/wp-content\/uploads\/2024\/06\/Manif-Palestine-Paris-8-juin-24-9.jpg 682w, https:\/\/kapitalis.com\/tunisie\/wp-content\/uploads\/2024\/06\/Manif-Palestine-Paris-8-juin-24-9-225x300.jpg 225w, https:\/\/kapitalis.com\/tunisie\/wp-content\/uploads\/2024\/06\/Manif-Palestine-Paris-8-juin-24-9-580x774.jpg 580w\" sizes=\"auto, (max-width: 682px) 100vw, 682px\" \/><\/figure>\n\n\n\n<figure class=\"wp-block-image size-large\"><img loading=\"lazy\" decoding=\"async\" width=\"682\" height=\"910\" data-id=\"13158042\" src=\"https:\/\/kapitalis.com\/tunisie\/wp-content\/uploads\/2024\/06\/Manif-Palestine-Paris-8-juin-24-10.jpg\" alt=\"\" class=\"wp-image-13158042\" srcset=\"https:\/\/kapitalis.com\/tunisie\/wp-content\/uploads\/2024\/06\/Manif-Palestine-Paris-8-juin-24-10.jpg 682w, https:\/\/kapitalis.com\/tunisie\/wp-content\/uploads\/2024\/06\/Manif-Palestine-Paris-8-juin-24-10-225x300.jpg 225w, https:\/\/kapitalis.com\/tunisie\/wp-content\/uploads\/2024\/06\/Manif-Palestine-Paris-8-juin-24-10-580x774.jpg 580w\" sizes=\"auto, (max-width: 682px) 100vw, 682px\" \/><\/figure>\n\n\n\n<figure class=\"wp-block-image size-large\"><img loading=\"lazy\" decoding=\"async\" width=\"682\" height=\"910\" data-id=\"13158043\" src=\"https:\/\/kapitalis.com\/tunisie\/wp-content\/uploads\/2024\/06\/Manif-Palestine-Paris-8-juin-24-11.jpg\" alt=\"\" class=\"wp-image-13158043\" srcset=\"https:\/\/kapitalis.com\/tunisie\/wp-content\/uploads\/2024\/06\/Manif-Palestine-Paris-8-juin-24-11.jpg 682w, https:\/\/kapitalis.com\/tunisie\/wp-content\/uploads\/2024\/06\/Manif-Palestine-Paris-8-juin-24-11-225x300.jpg 225w, https:\/\/kapitalis.com\/tunisie\/wp-content\/uploads\/2024\/06\/Manif-Palestine-Paris-8-juin-24-11-580x774.jpg 580w\" sizes=\"auto, (max-width: 682px) 100vw, 682px\" \/><\/figure>\n<\/figure>\n\n\n\n<p>Parmi les slogans scand\u00e9s, on citera <em>\u00abVive la lutte du peuple palestinien\u00bb; \u00abIsra\u00ebl assassin, Macron complice\u00bb;\u00a0\u00abLa r\u00e9sistance est la cl\u00e9 du retour\u00bb, \u00abStop Biden\u00a0! Stop Genocide\u00a0! Global Intifada!\u00bb; \u00abLes Etats-Unis ont tu\u00e9 le droit\u00bb; \u00abBoycott Israel\u00bb; \u00abVive l\u2019Intifada \u00e9tudiante\u00bb; \u00abCitoyens isra\u00e9liens solidaires avec Gaza\u00bb; \u00abGaza\u00a0: Silence, on tue\u00bb<\/em> ou encore <em>\u00abGr\u00e8ve g\u00e9n\u00e9rale pour Gaza\u00bb<\/em>.<\/p>\n\n\n\n<p>Les manifestants semblent avoir profit\u00e9 du passage dans la capitale fran\u00e7aise du pr\u00e9sident am\u00e9ricain Joe Biden pour fustiger la politique des Etats-Unis dans la r\u00e9gion. Des pancartes demandaient l\u2019exclusion d\u2019Isra\u00ebl des Jeux olympiques de Paris (26&nbsp;juillet &#8211; 11&nbsp;ao\u00fbt) et la<em>&nbsp;\u00abfin de tous les accords\u00bb<\/em>&nbsp;commerciaux et culturels avec Isra\u00ebl.<\/p>\n\n\n\n<figure class=\"wp-block-gallery aligncenter has-nested-images columns-default is-cropped wp-block-gallery-2 is-layout-flex wp-block-gallery-is-layout-flex\">\n<figure class=\"wp-block-image size-large\"><img loading=\"lazy\" decoding=\"async\" width=\"682\" height=\"910\" data-id=\"13158046\" src=\"https:\/\/kapitalis.com\/tunisie\/wp-content\/uploads\/2024\/06\/Manif-Palestine-Paris-8-juin-24-6.jpg\" alt=\"\" class=\"wp-image-13158046\" srcset=\"https:\/\/kapitalis.com\/tunisie\/wp-content\/uploads\/2024\/06\/Manif-Palestine-Paris-8-juin-24-6.jpg 682w, https:\/\/kapitalis.com\/tunisie\/wp-content\/uploads\/2024\/06\/Manif-Palestine-Paris-8-juin-24-6-225x300.jpg 225w, https:\/\/kapitalis.com\/tunisie\/wp-content\/uploads\/2024\/06\/Manif-Palestine-Paris-8-juin-24-6-580x774.jpg 580w\" sizes=\"auto, (max-width: 682px) 100vw, 682px\" \/><\/figure>\n\n\n\n<figure class=\"wp-block-image size-large\"><img loading=\"lazy\" decoding=\"async\" width=\"682\" height=\"910\" data-id=\"13158045\" src=\"https:\/\/kapitalis.com\/tunisie\/wp-content\/uploads\/2024\/06\/Manif-Palestine-Paris-8-juin-24-7.jpg\" alt=\"\" class=\"wp-image-13158045\" srcset=\"https:\/\/kapitalis.com\/tunisie\/wp-content\/uploads\/2024\/06\/Manif-Palestine-Paris-8-juin-24-7.jpg 682w, https:\/\/kapitalis.com\/tunisie\/wp-content\/uploads\/2024\/06\/Manif-Palestine-Paris-8-juin-24-7-225x300.jpg 225w, https:\/\/kapitalis.com\/tunisie\/wp-content\/uploads\/2024\/06\/Manif-Palestine-Paris-8-juin-24-7-580x774.jpg 580w\" sizes=\"auto, (max-width: 682px) 100vw, 682px\" \/><\/figure>\n\n\n\n<figure class=\"wp-block-image size-large\"><img loading=\"lazy\" decoding=\"async\" width=\"682\" height=\"910\" data-id=\"13158047\" src=\"https:\/\/kapitalis.com\/tunisie\/wp-content\/uploads\/2024\/06\/Manif-Palestine-Paris-8-juin-24-8.jpg\" alt=\"\" class=\"wp-image-13158047\" srcset=\"https:\/\/kapitalis.com\/tunisie\/wp-content\/uploads\/2024\/06\/Manif-Palestine-Paris-8-juin-24-8.jpg 682w, https:\/\/kapitalis.com\/tunisie\/wp-content\/uploads\/2024\/06\/Manif-Palestine-Paris-8-juin-24-8-225x300.jpg 225w, https:\/\/kapitalis.com\/tunisie\/wp-content\/uploads\/2024\/06\/Manif-Palestine-Paris-8-juin-24-8-580x774.jpg 580w\" sizes=\"auto, (max-width: 682px) 100vw, 682px\" \/><\/figure>\n<\/figure>\n\n\n\n<p>Une figure politique importante de la sc\u00e8ne fran\u00e7aise \u00e9tait vue parmi les manifestants et qui s\u2019\u00e9tait distingu\u00e9e depuis le d\u00e9but de la guerre par ses positions justes, dignes et sans compromis en faveur du peuple palestinien martyris\u00e9 et contre la machine g\u00e9nocidaire isra\u00e9lienne. On a nomm\u00e9 Jean-Luc M\u00e9lenchon, le fondateur de La France insoumise (LFI) et la t\u00eate de liste LFI aux \u00e9lections europ\u00e9ennes, mais aussi la d\u00e9put\u00e9e europ\u00e9enne Manon Aubry, fille de l&rsquo;ancienne leader du parti socialiste Martine Aubry, et\u00a0Rima Hassan, la militante et juriste franco-palestinienne figurant sur la liste des Insoumis aux \u00e9lections europ\u00e9ennes.<\/p>\n\n\n\n<figure class=\"wp-block-gallery aligncenter has-nested-images columns-default is-cropped wp-block-gallery-3 is-layout-flex wp-block-gallery-is-layout-flex\">\n<figure class=\"wp-block-image size-large\"><img loading=\"lazy\" decoding=\"async\" width=\"682\" height=\"910\" data-id=\"13158051\" src=\"https:\/\/kapitalis.com\/tunisie\/wp-content\/uploads\/2024\/06\/Manif-Palestine-Paris-8-juin-24-3.jpg\" alt=\"\" class=\"wp-image-13158051\" srcset=\"https:\/\/kapitalis.com\/tunisie\/wp-content\/uploads\/2024\/06\/Manif-Palestine-Paris-8-juin-24-3.jpg 682w, https:\/\/kapitalis.com\/tunisie\/wp-content\/uploads\/2024\/06\/Manif-Palestine-Paris-8-juin-24-3-225x300.jpg 225w, https:\/\/kapitalis.com\/tunisie\/wp-content\/uploads\/2024\/06\/Manif-Palestine-Paris-8-juin-24-3-580x774.jpg 580w\" sizes=\"auto, (max-width: 682px) 100vw, 682px\" \/><\/figure>\n\n\n\n<figure class=\"wp-block-image size-large\"><img loading=\"lazy\" decoding=\"async\" width=\"682\" height=\"910\" data-id=\"13158053\" src=\"https:\/\/kapitalis.com\/tunisie\/wp-content\/uploads\/2024\/06\/Manif-Palestine-Paris-8-juin-24-4.jpg\" alt=\"\" class=\"wp-image-13158053\" srcset=\"https:\/\/kapitalis.com\/tunisie\/wp-content\/uploads\/2024\/06\/Manif-Palestine-Paris-8-juin-24-4.jpg 682w, https:\/\/kapitalis.com\/tunisie\/wp-content\/uploads\/2024\/06\/Manif-Palestine-Paris-8-juin-24-4-225x300.jpg 225w, https:\/\/kapitalis.com\/tunisie\/wp-content\/uploads\/2024\/06\/Manif-Palestine-Paris-8-juin-24-4-580x774.jpg 580w\" sizes=\"auto, (max-width: 682px) 100vw, 682px\" \/><\/figure>\n\n\n\n<figure class=\"wp-block-image size-large\"><img loading=\"lazy\" decoding=\"async\" width=\"682\" height=\"910\" data-id=\"13158052\" src=\"https:\/\/kapitalis.com\/tunisie\/wp-content\/uploads\/2024\/06\/Manif-Palestine-Paris-8-juin-24-5.jpg\" alt=\"\" class=\"wp-image-13158052\" srcset=\"https:\/\/kapitalis.com\/tunisie\/wp-content\/uploads\/2024\/06\/Manif-Palestine-Paris-8-juin-24-5.jpg 682w, https:\/\/kapitalis.com\/tunisie\/wp-content\/uploads\/2024\/06\/Manif-Palestine-Paris-8-juin-24-5-225x300.jpg 225w, https:\/\/kapitalis.com\/tunisie\/wp-content\/uploads\/2024\/06\/Manif-Palestine-Paris-8-juin-24-5-580x774.jpg 580w\" sizes=\"auto, (max-width: 682px) 100vw, 682px\" \/><\/figure>\n<\/figure>\n\n\n\n<p>Rappelons que la guerre que m\u00e8ne Isra\u00ebl \u00e0 Gaza a fait au moins 36\u00a0801 morts parmi les Palestiniens, essentiellement des civils, des femmes et des enfants, selon des donn\u00e9es du minist\u00e8re de la Sant\u00e9 local, qui estime que le chiffre r\u00e9el des victimes serait beaucoup plus \u00e9lev\u00e9 car des milliers de morts sont encore ensevelis sous les d\u00e9combres des b\u00e2timents d\u00e9truits par Isra\u00ebl et qui n\u2019ont pu encore \u00eatre d\u00e9blay\u00e9s.<\/p>\n\n\n\n<figure class=\"wp-block-gallery aligncenter has-nested-images columns-default is-cropped wp-block-gallery-4 is-layout-flex wp-block-gallery-is-layout-flex\">\n<figure class=\"wp-block-image size-large\"><img loading=\"lazy\" decoding=\"async\" width=\"682\" height=\"910\" data-id=\"13158056\" src=\"https:\/\/kapitalis.com\/tunisie\/wp-content\/uploads\/2024\/06\/Manif-Palestine-Paris-8-juin-24-0.jpg\" alt=\"\" class=\"wp-image-13158056\" srcset=\"https:\/\/kapitalis.com\/tunisie\/wp-content\/uploads\/2024\/06\/Manif-Palestine-Paris-8-juin-24-0.jpg 682w, https:\/\/kapitalis.com\/tunisie\/wp-content\/uploads\/2024\/06\/Manif-Palestine-Paris-8-juin-24-0-225x300.jpg 225w, https:\/\/kapitalis.com\/tunisie\/wp-content\/uploads\/2024\/06\/Manif-Palestine-Paris-8-juin-24-0-580x774.jpg 580w\" sizes=\"auto, (max-width: 682px) 100vw, 682px\" \/><\/figure>\n\n\n\n<figure class=\"wp-block-image size-large\"><img loading=\"lazy\" decoding=\"async\" width=\"682\" height=\"910\" data-id=\"13158057\" src=\"https:\/\/kapitalis.com\/tunisie\/wp-content\/uploads\/2024\/06\/Manif-Palestine-Paris-8-juin-24-1.jpg\" alt=\"\" class=\"wp-image-13158057\" srcset=\"https:\/\/kapitalis.com\/tunisie\/wp-content\/uploads\/2024\/06\/Manif-Palestine-Paris-8-juin-24-1.jpg 682w, https:\/\/kapitalis.com\/tunisie\/wp-content\/uploads\/2024\/06\/Manif-Palestine-Paris-8-juin-24-1-225x300.jpg 225w, https:\/\/kapitalis.com\/tunisie\/wp-content\/uploads\/2024\/06\/Manif-Palestine-Paris-8-juin-24-1-580x774.jpg 580w\" sizes=\"auto, (max-width: 682px) 100vw, 682px\" \/><\/figure>\n\n\n\n<figure class=\"wp-block-image size-large\"><img loading=\"lazy\" decoding=\"async\" width=\"682\" height=\"910\" data-id=\"13158058\" src=\"https:\/\/kapitalis.com\/tunisie\/wp-content\/uploads\/2024\/06\/Manif-Palestine-Paris-8-juin-24-2.jpg\" alt=\"\" class=\"wp-image-13158058\" srcset=\"https:\/\/kapitalis.com\/tunisie\/wp-content\/uploads\/2024\/06\/Manif-Palestine-Paris-8-juin-24-2.jpg 682w, https:\/\/kapitalis.com\/tunisie\/wp-content\/uploads\/2024\/06\/Manif-Palestine-Paris-8-juin-24-2-225x300.jpg 225w, https:\/\/kapitalis.com\/tunisie\/wp-content\/uploads\/2024\/06\/Manif-Palestine-Paris-8-juin-24-2-580x774.jpg 580w\" sizes=\"auto, (max-width: 682px) 100vw, 682px\" \/><\/figure>\n<\/figure>\n\n\n\n<p><\/p>\n","protected":false},"excerpt":{"rendered":"<p>Plusieurs milliers de manifestants ont d\u00e9fil\u00e9 hier \u00e0 Paris et Lyon en agitant des drapeaux palestiniens. <\/p>\n","protected":false},"author":8,"featured_media":13158037,"comment_status":"closed","ping_status":"open","sticky":false,"template":"","format":"standard","meta":{"footnotes":""},"categories":[992,997,2433],"tags":[75918,2444,111719,2478,99218,72144,5634,116156,4026,1364,114389],"class_list":["post-13158001","post","type-post","status-publish","format-standard","has-post-thumbnail","hentry","category-a-la-une","category-politique","category-tunisie","tag-etats-unis-2","tag-gaza","tag-genocide","tag-israel","tag-jean-luc-melenchon-2","tag-joe-biden","tag-lyon","tag-manon-aubry","tag-palestine","tag-paris","tag-rima-hassan"],"yoast_head":"<!-- This site is optimized with the Yoast SEO plugin v26.6 - https:\/\/yoast.com\/wordpress\/plugins\/seo\/ -->\n<title>Des Fran\u00e7ais continuent de marcher pour la Palestine - Kapitalis<\/title>\n<meta name=\"robots\" content=\"index, follow, max-snippet:-1, max-image-preview:large, max-video-preview:-1\" \/>\n<link rel=\"canonical\" href=\"https:\/\/kapitalis.com\/tunisie\/2024\/06\/09\/des-francais-continuent-de-marcher-pour-la-palestine\/\" \/>\n<meta property=\"og:locale\" content=\"fr_FR\" \/>\n<meta property=\"og:type\" content=\"article\" \/>\n<meta property=\"og:title\" content=\"Des Fran\u00e7ais continuent de marcher pour la Palestine - Kapitalis\" \/>\n<meta property=\"og:description\" content=\"Plusieurs milliers de manifestants ont d\u00e9fil\u00e9 hier \u00e0 Paris et Lyon en agitant des drapeaux palestiniens.\" \/>\n<meta property=\"og:url\" content=\"https:\/\/kapitalis.com\/tunisie\/2024\/06\/09\/des-francais-continuent-de-marcher-pour-la-palestine\/\" \/>\n<meta property=\"og:site_name\" content=\"Kapitalis\" \/>\n<meta property=\"article:publisher\" content=\"https:\/\/www.facebook.com\/KapitalisInfo\/\" \/>\n<meta property=\"article:published_time\" content=\"2024-06-09T09:34:33+00:00\" \/>\n<meta property=\"article:modified_time\" content=\"2024-06-09T09:34:35+00:00\" \/>\n<meta property=\"og:image\" content=\"https:\/\/kapitalis.com\/tunisie\/wp-content\/uploads\/2024\/06\/Manif-Palestine-Paris-8-juin-24-Ban.jpg\" \/>\n\t<meta property=\"og:image:width\" content=\"1200\" \/>\n\t<meta property=\"og:image:height\" content=\"630\" \/>\n\t<meta property=\"og:image:type\" content=\"image\/jpeg\" \/>\n<meta name=\"author\" content=\"webmaster kapitalis\" \/>\n<meta name=\"twitter:card\" content=\"summary_large_image\" \/>\n<meta name=\"twitter:creator\" content=\"@KapitalisInfo\" \/>\n<meta name=\"twitter:site\" content=\"@KapitalisInfo\" \/>\n<meta name=\"twitter:label1\" content=\"\u00c9crit par\" \/>\n\t<meta name=\"twitter:data1\" content=\"webmaster kapitalis\" \/>\n\t<meta name=\"twitter:label2\" content=\"Dur\u00e9e de lecture estim\u00e9e\" \/>\n\t<meta name=\"twitter:data2\" content=\"6 minutes\" \/>\n<script type=\"application\/ld+json\" class=\"yoast-schema-graph\">{\"@context\":\"https:\/\/schema.org\",\"@graph\":[{\"@type\":\"Article\",\"@id\":\"https:\/\/kapitalis.com\/tunisie\/2024\/06\/09\/des-francais-continuent-de-marcher-pour-la-palestine\/#article\",\"isPartOf\":{\"@id\":\"https:\/\/kapitalis.com\/tunisie\/2024\/06\/09\/des-francais-continuent-de-marcher-pour-la-palestine\/\"},\"author\":{\"name\":\"webmaster kapitalis\",\"@id\":\"https:\/\/kapitalis.com\/tunisie\/#\/schema\/person\/d71f33a9ca44f7bad4698210b480c8e9\"},\"headline\":\"Des Fran\u00e7ais continuent de marcher pour la Palestine\",\"datePublished\":\"2024-06-09T09:34:33+00:00\",\"dateModified\":\"2024-06-09T09:34:35+00:00\",\"mainEntityOfPage\":{\"@id\":\"https:\/\/kapitalis.com\/tunisie\/2024\/06\/09\/des-francais-continuent-de-marcher-pour-la-palestine\/\"},\"wordCount\":576,\"publisher\":{\"@id\":\"https:\/\/kapitalis.com\/tunisie\/#organization\"},\"image\":{\"@id\":\"https:\/\/kapitalis.com\/tunisie\/2024\/06\/09\/des-francais-continuent-de-marcher-pour-la-palestine\/#primaryimage\"},\"thumbnailUrl\":\"https:\/\/kapitalis.com\/tunisie\/wp-content\/uploads\/2024\/06\/Manif-Palestine-Paris-8-juin-24-Ban.jpg\",\"keywords\":[\"Etats-Unis\",\"Gaza\",\"g\u00e9nocide\",\"Isra\u00ebl\",\"Jean-Luc M\u00e9lenchon\",\"Joe Biden\",\"Lyon\",\"Manon Aubry\",\"Palestine\",\"Paris\",\"Rima Hassan\"],\"articleSection\":[\"A LA UNE\",\"POLITIQUE\",\"Tunisie\"],\"inLanguage\":\"fr-FR\"},{\"@type\":\"WebPage\",\"@id\":\"https:\/\/kapitalis.com\/tunisie\/2024\/06\/09\/des-francais-continuent-de-marcher-pour-la-palestine\/\",\"url\":\"https:\/\/kapitalis.com\/tunisie\/2024\/06\/09\/des-francais-continuent-de-marcher-pour-la-palestine\/\",\"name\":\"Des Fran\u00e7ais continuent de marcher pour la Palestine - Kapitalis\",\"isPartOf\":{\"@id\":\"https:\/\/kapitalis.com\/tunisie\/#website\"},\"primaryImageOfPage\":{\"@id\":\"https:\/\/kapitalis.com\/tunisie\/2024\/06\/09\/des-francais-continuent-de-marcher-pour-la-palestine\/#primaryimage\"},\"image\":{\"@id\":\"https:\/\/kapitalis.com\/tunisie\/2024\/06\/09\/des-francais-continuent-de-marcher-pour-la-palestine\/#primaryimage\"},\"thumbnailUrl\":\"https:\/\/kapitalis.com\/tunisie\/wp-content\/uploads\/2024\/06\/Manif-Palestine-Paris-8-juin-24-Ban.jpg\",\"datePublished\":\"2024-06-09T09:34:33+00:00\",\"dateModified\":\"2024-06-09T09:34:35+00:00\",\"breadcrumb\":{\"@id\":\"https:\/\/kapitalis.com\/tunisie\/2024\/06\/09\/des-francais-continuent-de-marcher-pour-la-palestine\/#breadcrumb\"},\"inLanguage\":\"fr-FR\",\"potentialAction\":[{\"@type\":\"ReadAction\",\"target\":[\"https:\/\/kapitalis.com\/tunisie\/2024\/06\/09\/des-francais-continuent-de-marcher-pour-la-palestine\/\"]}]},{\"@type\":\"ImageObject\",\"inLanguage\":\"fr-FR\",\"@id\":\"https:\/\/kapitalis.com\/tunisie\/2024\/06\/09\/des-francais-continuent-de-marcher-pour-la-palestine\/#primaryimage\",\"url\":\"https:\/\/kapitalis.com\/tunisie\/wp-content\/uploads\/2024\/06\/Manif-Palestine-Paris-8-juin-24-Ban.jpg\",\"contentUrl\":\"https:\/\/kapitalis.com\/tunisie\/wp-content\/uploads\/2024\/06\/Manif-Palestine-Paris-8-juin-24-Ban.jpg\",\"width\":1200,\"height\":630},{\"@type\":\"BreadcrumbList\",\"@id\":\"https:\/\/kapitalis.com\/tunisie\/2024\/06\/09\/des-francais-continuent-de-marcher-pour-la-palestine\/#breadcrumb\",\"itemListElement\":[{\"@type\":\"ListItem\",\"position\":1,\"name\":\"Accueil\",\"item\":\"https:\/\/kapitalis.com\/tunisie\/\"},{\"@type\":\"ListItem\",\"position\":2,\"name\":\"Des Fran\u00e7ais continuent de marcher pour la Palestine\"}]},{\"@type\":\"WebSite\",\"@id\":\"https:\/\/kapitalis.com\/tunisie\/#website\",\"url\":\"https:\/\/kapitalis.com\/tunisie\/\",\"name\":\"Kapitalis\",\"description\":\"L&#039;actualit\u00e9 en Tunisie et dans le monde\",\"publisher\":{\"@id\":\"https:\/\/kapitalis.com\/tunisie\/#organization\"},\"potentialAction\":[{\"@type\":\"SearchAction\",\"target\":{\"@type\":\"EntryPoint\",\"urlTemplate\":\"https:\/\/kapitalis.com\/tunisie\/?s={search_term_string}\"},\"query-input\":{\"@type\":\"PropertyValueSpecification\",\"valueRequired\":true,\"valueName\":\"search_term_string\"}}],\"inLanguage\":\"fr-FR\"},{\"@type\":\"Organization\",\"@id\":\"https:\/\/kapitalis.com\/tunisie\/#organization\",\"name\":\"Kapitalis\",\"url\":\"https:\/\/kapitalis.com\/tunisie\/\",\"logo\":{\"@type\":\"ImageObject\",\"inLanguage\":\"fr-FR\",\"@id\":\"https:\/\/kapitalis.com\/tunisie\/#\/schema\/logo\/image\/\",\"url\":\"https:\/\/kapitalis.com\/tunisie\/wp-content\/uploads\/2022\/05\/Kapitalis-big-size.png\",\"contentUrl\":\"https:\/\/kapitalis.com\/tunisie\/wp-content\/uploads\/2022\/05\/Kapitalis-big-size.png\",\"width\":5000,\"height\":1500,\"caption\":\"Kapitalis\"},\"image\":{\"@id\":\"https:\/\/kapitalis.com\/tunisie\/#\/schema\/logo\/image\/\"},\"sameAs\":[\"https:\/\/www.facebook.com\/KapitalisInfo\/\",\"https:\/\/x.com\/KapitalisInfo\",\"https:\/\/www.youtube.com\/channel\/UC-yDYrHyfFBWWZaOw3FPg9Q\"]},{\"@type\":\"Person\",\"@id\":\"https:\/\/kapitalis.com\/tunisie\/#\/schema\/person\/d71f33a9ca44f7bad4698210b480c8e9\",\"name\":\"webmaster kapitalis\",\"url\":\"https:\/\/kapitalis.com\/tunisie\/author\/webmaster-kapitalis\/\"}]}<\/script>\n<!-- \/ Yoast SEO plugin. -->","yoast_head_json":{"title":"Des Fran\u00e7ais continuent de marcher pour la Palestine - Kapitalis","robots":{"index":"index","follow":"follow","max-snippet":"max-snippet:-1","max-image-preview":"max-image-preview:large","max-video-preview":"max-video-preview:-1"},"canonical":"https:\/\/kapitalis.com\/tunisie\/2024\/06\/09\/des-francais-continuent-de-marcher-pour-la-palestine\/","og_locale":"fr_FR","og_type":"article","og_title":"Des Fran\u00e7ais continuent de marcher pour la Palestine - Kapitalis","og_description":"Plusieurs milliers de manifestants ont d\u00e9fil\u00e9 hier \u00e0 Paris et Lyon en agitant des drapeaux palestiniens.","og_url":"https:\/\/kapitalis.com\/tunisie\/2024\/06\/09\/des-francais-continuent-de-marcher-pour-la-palestine\/","og_site_name":"Kapitalis","article_publisher":"https:\/\/www.facebook.com\/KapitalisInfo\/","article_published_time":"2024-06-09T09:34:33+00:00","article_modified_time":"2024-06-09T09:34:35+00:00","og_image":[{"width":1200,"height":630,"url":"https:\/\/kapitalis.com\/tunisie\/wp-content\/uploads\/2024\/06\/Manif-Palestine-Paris-8-juin-24-Ban.jpg","type":"image\/jpeg"}],"author":"webmaster kapitalis","twitter_card":"summary_large_image","twitter_creator":"@KapitalisInfo","twitter_site":"@KapitalisInfo","twitter_misc":{"\u00c9crit par":"webmaster kapitalis","Dur\u00e9e de lecture estim\u00e9e":"6 minutes"},"schema":{"@context":"https:\/\/schema.org","@graph":[{"@type":"Article","@id":"https:\/\/kapitalis.com\/tunisie\/2024\/06\/09\/des-francais-continuent-de-marcher-pour-la-palestine\/#article","isPartOf":{"@id":"https:\/\/kapitalis.com\/tunisie\/2024\/06\/09\/des-francais-continuent-de-marcher-pour-la-palestine\/"},"author":{"name":"webmaster kapitalis","@id":"https:\/\/kapitalis.com\/tunisie\/#\/schema\/person\/d71f33a9ca44f7bad4698210b480c8e9"},"headline":"Des Fran\u00e7ais continuent de marcher pour la Palestine","datePublished":"2024-06-09T09:34:33+00:00","dateModified":"2024-06-09T09:34:35+00:00","mainEntityOfPage":{"@id":"https:\/\/kapitalis.com\/tunisie\/2024\/06\/09\/des-francais-continuent-de-marcher-pour-la-palestine\/"},"wordCount":576,"publisher":{"@id":"https:\/\/kapitalis.com\/tunisie\/#organization"},"image":{"@id":"https:\/\/kapitalis.com\/tunisie\/2024\/06\/09\/des-francais-continuent-de-marcher-pour-la-palestine\/#primaryimage"},"thumbnailUrl":"https:\/\/kapitalis.com\/tunisie\/wp-content\/uploads\/2024\/06\/Manif-Palestine-Paris-8-juin-24-Ban.jpg","keywords":["Etats-Unis","Gaza","g\u00e9nocide","Isra\u00ebl","Jean-Luc M\u00e9lenchon","Joe Biden","Lyon","Manon Aubry","Palestine","Paris","Rima Hassan"],"articleSection":["A LA UNE","POLITIQUE","Tunisie"],"inLanguage":"fr-FR"},{"@type":"WebPage","@id":"https:\/\/kapitalis.com\/tunisie\/2024\/06\/09\/des-francais-continuent-de-marcher-pour-la-palestine\/","url":"https:\/\/kapitalis.com\/tunisie\/2024\/06\/09\/des-francais-continuent-de-marcher-pour-la-palestine\/","name":"Des Fran\u00e7ais continuent de marcher pour la Palestine - Kapitalis","isPartOf":{"@id":"https:\/\/kapitalis.com\/tunisie\/#website"},"primaryImageOfPage":{"@id":"https:\/\/kapitalis.com\/tunisie\/2024\/06\/09\/des-francais-continuent-de-marcher-pour-la-palestine\/#primaryimage"},"image":{"@id":"https:\/\/kapitalis.com\/tunisie\/2024\/06\/09\/des-francais-continuent-de-marcher-pour-la-palestine\/#primaryimage"},"thumbnailUrl":"https:\/\/kapitalis.com\/tunisie\/wp-content\/uploads\/2024\/06\/Manif-Palestine-Paris-8-juin-24-Ban.jpg","datePublished":"2024-06-09T09:34:33+00:00","dateModified":"2024-06-09T09:34:35+00:00","breadcrumb":{"@id":"https:\/\/kapitalis.com\/tunisie\/2024\/06\/09\/des-francais-continuent-de-marcher-pour-la-palestine\/#breadcrumb"},"inLanguage":"fr-FR","potentialAction":[{"@type":"ReadAction","target":["https:\/\/kapitalis.com\/tunisie\/2024\/06\/09\/des-francais-continuent-de-marcher-pour-la-palestine\/"]}]},{"@type":"ImageObject","inLanguage":"fr-FR","@id":"https:\/\/kapitalis.com\/tunisie\/2024\/06\/09\/des-francais-continuent-de-marcher-pour-la-palestine\/#primaryimage","url":"https:\/\/kapitalis.com\/tunisie\/wp-content\/uploads\/2024\/06\/Manif-Palestine-Paris-8-juin-24-Ban.jpg","contentUrl":"https:\/\/kapitalis.com\/tunisie\/wp-content\/uploads\/2024\/06\/Manif-Palestine-Paris-8-juin-24-Ban.jpg","width":1200,"height":630},{"@type":"BreadcrumbList","@id":"https:\/\/kapitalis.com\/tunisie\/2024\/06\/09\/des-francais-continuent-de-marcher-pour-la-palestine\/#breadcrumb","itemListElement":[{"@type":"ListItem","position":1,"name":"Accueil","item":"https:\/\/kapitalis.com\/tunisie\/"},{"@type":"ListItem","position":2,"name":"Des Fran\u00e7ais continuent de marcher pour la Palestine"}]},{"@type":"WebSite","@id":"https:\/\/kapitalis.com\/tunisie\/#website","url":"https:\/\/kapitalis.com\/tunisie\/","name":"Kapitalis","description":"L&#039;actualit\u00e9 en Tunisie et dans le monde","publisher":{"@id":"https:\/\/kapitalis.com\/tunisie\/#organization"},"potentialAction":[{"@type":"SearchAction","target":{"@type":"EntryPoint","urlTemplate":"https:\/\/kapitalis.com\/tunisie\/?s={search_term_string}"},"query-input":{"@type":"PropertyValueSpecification","valueRequired":true,"valueName":"search_term_string"}}],"inLanguage":"fr-FR"},{"@type":"Organization","@id":"https:\/\/kapitalis.com\/tunisie\/#organization","name":"Kapitalis","url":"https:\/\/kapitalis.com\/tunisie\/","logo":{"@type":"ImageObject","inLanguage":"fr-FR","@id":"https:\/\/kapitalis.com\/tunisie\/#\/schema\/logo\/image\/","url":"https:\/\/kapitalis.com\/tunisie\/wp-content\/uploads\/2022\/05\/Kapitalis-big-size.png","contentUrl":"https:\/\/kapitalis.com\/tunisie\/wp-content\/uploads\/2022\/05\/Kapitalis-big-size.png","width":5000,"height":1500,"caption":"Kapitalis"},"image":{"@id":"https:\/\/kapitalis.com\/tunisie\/#\/schema\/logo\/image\/"},"sameAs":["https:\/\/www.facebook.com\/KapitalisInfo\/","https:\/\/x.com\/KapitalisInfo","https:\/\/www.youtube.com\/channel\/UC-yDYrHyfFBWWZaOw3FPg9Q"]},{"@type":"Person","@id":"https:\/\/kapitalis.com\/tunisie\/#\/schema\/person\/d71f33a9ca44f7bad4698210b480c8e9","name":"webmaster kapitalis","url":"https:\/\/kapitalis.com\/tunisie\/author\/webmaster-kapitalis\/"}]}},"_links":{"self":[{"href":"https:\/\/kapitalis.com\/tunisie\/wp-json\/wp\/v2\/posts\/13158001","targetHints":{"allow":["GET"]}}],"collection":[{"href":"https:\/\/kapitalis.com\/tunisie\/wp-json\/wp\/v2\/posts"}],"about":[{"href":"https:\/\/kapitalis.com\/tunisie\/wp-json\/wp\/v2\/types\/post"}],"author":[{"embeddable":true,"href":"https:\/\/kapitalis.com\/tunisie\/wp-json\/wp\/v2\/users\/8"}],"replies":[{"embeddable":true,"href":"https:\/\/kapitalis.com\/tunisie\/wp-json\/wp\/v2\/comments?post=13158001"}],"version-history":[{"count":1,"href":"https:\/\/kapitalis.com\/tunisie\/wp-json\/wp\/v2\/posts\/13158001\/revisions"}],"predecessor-version":[{"id":13158092,"href":"https:\/\/kapitalis.com\/tunisie\/wp-json\/wp\/v2\/posts\/13158001\/revisions\/13158092"}],"wp:featuredmedia":[{"embeddable":true,"href":"https:\/\/kapitalis.com\/tunisie\/wp-json\/wp\/v2\/media\/13158037"}],"wp:attachment":[{"href":"https:\/\/kapitalis.com\/tunisie\/wp-json\/wp\/v2\/media?parent=13158001"}],"wp:term":[{"taxonomy":"category","embeddable":true,"href":"https:\/\/kapitalis.com\/tunisie\/wp-json\/wp\/v2\/categories?post=13158001"},{"taxonomy":"post_tag","embeddable":true,"href":"https:\/\/kapitalis.com\/tunisie\/wp-json\/wp\/v2\/tags?post=13158001"}],"curies":[{"name":"wp","href":"https:\/\/api.w.org\/{rel}","templated":true}]}}