{"id":131606,"date":"2018-01-05T10:29:39","date_gmt":"2018-01-05T09:29:39","guid":{"rendered":"http:\/\/kapitalis.com\/tunisie\/?p=131606"},"modified":"2018-01-05T10:29:39","modified_gmt":"2018-01-05T09:29:39","slug":"tunisie-un-groupe-arme-libyen-attaque-le-poste-frontalier-de-ras-jedir","status":"publish","type":"post","link":"https:\/\/kapitalis.com\/tunisie\/2018\/01\/05\/tunisie-un-groupe-arme-libyen-attaque-le-poste-frontalier-de-ras-jedir\/","title":{"rendered":"Tunisie : Un groupe arm\u00e9 libyen attaque le poste frontalier de Ras Jedir"},"content":{"rendered":"<p style=\"text-align: center;\"><img loading=\"lazy\" decoding=\"async\" class=\"alignnone size-full wp-image-131611\" src=\"http:\/\/kapitalis.com\/tunisie\/wp-content\/uploads\/2018\/01\/Arm\u00e9e-Tunisie-frontiere-Libye-.jpg\" alt=\"\" width=\"626\" height=\"380\" \/><\/p>\n<p style=\"text-align: left;\"><em><strong>Des \u00e9changes de tirs ont \u00e9t\u00e9 entendu \u00e0 l\u2019aube de ce vendredi 5 janvier 2018.\u00a0 Un groupe arm\u00e9 a pris contr\u00f4le du poste frontalier Ras Jedir, du c\u00f4t\u00e9 libyen.<\/strong><\/em><!--more--><\/p>\n<p>Des commer\u00e7ants tunisiens ont indiqu\u00e9 qu\u2019une dizaine de leurs coll\u00e8gues, se trouvant de l\u2019autre c\u00f4t\u00e9 de la fronti\u00e8re, auraient \u00e9t\u00e9 pris en otage,\u00a0information qui n\u2019a cependant pas pu \u00eatre v\u00e9rifi\u00e9e. L\u2019on sait cependant qu\u2019un renfort militaire tunisien a \u00e9t\u00e9 plac\u00e9 pour assurer la s\u00e9curit\u00e9 des Tunisiens de retour de Libye.<\/p>\n<p>Des sources ont indiqu\u00e9 que le groupe arm\u00e9 appartient \u00e0 la Katiba d\u2019Oussama Jouili, le chef du Conseil militaire de Zenten.<\/p>\n<p style=\"text-align: right;\"><strong>Y. N.<\/strong><\/p>\n","protected":false},"excerpt":{"rendered":"<p>Des \u00e9changes de tirs ont \u00e9t\u00e9 entendu \u00e0 l\u2019aube de ce vendredi 5 janvier 2018.\u00a0 Un groupe arm\u00e9 a pris contr\u00f4le du poste frontalier Ras Jedir, du c\u00f4t\u00e9 libyen.<\/p>\n","protected":false},"author":6,"featured_media":131611,"comment_status":"open","ping_status":"open","sticky":false,"template":"","format":"standard","meta":{"footnotes":""},"categories":[998,2433],"tags":[3251,1931,544,766],"class_list":["post-131606","post","type-post","status-publish","format-standard","has-post-thumbnail","hentry","category-societe","category-tunisie","tag-frontiere","tag-groupe-arme","tag-libye","tag-ras-jedir"],"yoast_head":"<!-- This site is optimized with the Yoast SEO plugin v26.6 - https:\/\/yoast.com\/wordpress\/plugins\/seo\/ -->\n<title>Tunisie : Un groupe arm\u00e9 libyen attaque le poste frontalier de Ras Jedir - Kapitalis<\/title>\n<meta name=\"robots\" content=\"index, follow, max-snippet:-1, max-image-preview:large, max-video-preview:-1\" \/>\n<link rel=\"canonical\" href=\"https:\/\/kapitalis.com\/tunisie\/2018\/01\/05\/tunisie-un-groupe-arme-libyen-attaque-le-poste-frontalier-de-ras-jedir\/\" \/>\n<meta property=\"og:locale\" content=\"fr_FR\" \/>\n<meta property=\"og:type\" content=\"article\" \/>\n<meta property=\"og:title\" content=\"Tunisie : Un groupe arm\u00e9 libyen attaque le poste frontalier de Ras Jedir - Kapitalis\" \/>\n<meta property=\"og:description\" content=\"Des \u00e9changes de tirs ont \u00e9t\u00e9 entendu \u00e0 l\u2019aube de ce vendredi 5 janvier 2018.\u00a0 Un groupe arm\u00e9 a pris contr\u00f4le du poste frontalier Ras Jedir, du c\u00f4t\u00e9 libyen.\" \/>\n<meta property=\"og:url\" content=\"https:\/\/kapitalis.com\/tunisie\/2018\/01\/05\/tunisie-un-groupe-arme-libyen-attaque-le-poste-frontalier-de-ras-jedir\/\" \/>\n<meta property=\"og:site_name\" content=\"Kapitalis\" \/>\n<meta property=\"article:publisher\" content=\"https:\/\/www.facebook.com\/KapitalisInfo\/\" \/>\n<meta property=\"article:published_time\" content=\"2018-01-05T09:29:39+00:00\" \/>\n<meta property=\"og:image\" content=\"https:\/\/kapitalis.com\/tunisie\/wp-content\/uploads\/2022\/05\/kapitalis-logo-fb.png\" \/>\n\t<meta property=\"og:image:width\" content=\"1200\" \/>\n\t<meta property=\"og:image:height\" content=\"630\" \/>\n\t<meta property=\"og:image:type\" content=\"image\/png\" \/>\n<meta name=\"author\" content=\"Yusra NY\" \/>\n<meta name=\"twitter:card\" content=\"summary_large_image\" \/>\n<meta name=\"twitter:creator\" content=\"@KapitalisInfo\" \/>\n<meta name=\"twitter:site\" content=\"@KapitalisInfo\" \/>\n<meta name=\"twitter:label1\" content=\"\u00c9crit par\" \/>\n\t<meta name=\"twitter:data1\" content=\"Yusra NY\" \/>\n\t<meta name=\"twitter:label2\" content=\"Dur\u00e9e de lecture estim\u00e9e\" \/>\n\t<meta name=\"twitter:data2\" content=\"1 minute\" \/>\n<script type=\"application\/ld+json\" class=\"yoast-schema-graph\">{\"@context\":\"https:\/\/schema.org\",\"@graph\":[{\"@type\":\"Article\",\"@id\":\"https:\/\/kapitalis.com\/tunisie\/2018\/01\/05\/tunisie-un-groupe-arme-libyen-attaque-le-poste-frontalier-de-ras-jedir\/#article\",\"isPartOf\":{\"@id\":\"https:\/\/kapitalis.com\/tunisie\/2018\/01\/05\/tunisie-un-groupe-arme-libyen-attaque-le-poste-frontalier-de-ras-jedir\/\"},\"author\":{\"name\":\"Yusra NY\",\"@id\":\"https:\/\/kapitalis.com\/tunisie\/#\/schema\/person\/74bbde0154d49d790a92aaeac5bc01d5\"},\"headline\":\"Tunisie : Un groupe arm\u00e9 libyen attaque le poste frontalier de Ras Jedir\",\"datePublished\":\"2018-01-05T09:29:39+00:00\",\"mainEntityOfPage\":{\"@id\":\"https:\/\/kapitalis.com\/tunisie\/2018\/01\/05\/tunisie-un-groupe-arme-libyen-attaque-le-poste-frontalier-de-ras-jedir\/\"},\"wordCount\":127,\"commentCount\":0,\"publisher\":{\"@id\":\"https:\/\/kapitalis.com\/tunisie\/#organization\"},\"image\":{\"@id\":\"https:\/\/kapitalis.com\/tunisie\/2018\/01\/05\/tunisie-un-groupe-arme-libyen-attaque-le-poste-frontalier-de-ras-jedir\/#primaryimage\"},\"thumbnailUrl\":\"\",\"keywords\":[\"fronti\u00e8re\",\"groupe arm\u00e9\",\"Libye\",\"Ras Jedir\"],\"articleSection\":[\"SOCIETE\",\"Tunisie\"],\"inLanguage\":\"fr-FR\",\"potentialAction\":[{\"@type\":\"CommentAction\",\"name\":\"Comment\",\"target\":[\"https:\/\/kapitalis.com\/tunisie\/2018\/01\/05\/tunisie-un-groupe-arme-libyen-attaque-le-poste-frontalier-de-ras-jedir\/#respond\"]}]},{\"@type\":\"WebPage\",\"@id\":\"https:\/\/kapitalis.com\/tunisie\/2018\/01\/05\/tunisie-un-groupe-arme-libyen-attaque-le-poste-frontalier-de-ras-jedir\/\",\"url\":\"https:\/\/kapitalis.com\/tunisie\/2018\/01\/05\/tunisie-un-groupe-arme-libyen-attaque-le-poste-frontalier-de-ras-jedir\/\",\"name\":\"Tunisie : Un groupe arm\u00e9 libyen attaque le poste frontalier de Ras Jedir - Kapitalis\",\"isPartOf\":{\"@id\":\"https:\/\/kapitalis.com\/tunisie\/#website\"},\"primaryImageOfPage\":{\"@id\":\"https:\/\/kapitalis.com\/tunisie\/2018\/01\/05\/tunisie-un-groupe-arme-libyen-attaque-le-poste-frontalier-de-ras-jedir\/#primaryimage\"},\"image\":{\"@id\":\"https:\/\/kapitalis.com\/tunisie\/2018\/01\/05\/tunisie-un-groupe-arme-libyen-attaque-le-poste-frontalier-de-ras-jedir\/#primaryimage\"},\"thumbnailUrl\":\"\",\"datePublished\":\"2018-01-05T09:29:39+00:00\",\"breadcrumb\":{\"@id\":\"https:\/\/kapitalis.com\/tunisie\/2018\/01\/05\/tunisie-un-groupe-arme-libyen-attaque-le-poste-frontalier-de-ras-jedir\/#breadcrumb\"},\"inLanguage\":\"fr-FR\",\"potentialAction\":[{\"@type\":\"ReadAction\",\"target\":[\"https:\/\/kapitalis.com\/tunisie\/2018\/01\/05\/tunisie-un-groupe-arme-libyen-attaque-le-poste-frontalier-de-ras-jedir\/\"]}]},{\"@type\":\"ImageObject\",\"inLanguage\":\"fr-FR\",\"@id\":\"https:\/\/kapitalis.com\/tunisie\/2018\/01\/05\/tunisie-un-groupe-arme-libyen-attaque-le-poste-frontalier-de-ras-jedir\/#primaryimage\",\"url\":\"\",\"contentUrl\":\"\"},{\"@type\":\"BreadcrumbList\",\"@id\":\"https:\/\/kapitalis.com\/tunisie\/2018\/01\/05\/tunisie-un-groupe-arme-libyen-attaque-le-poste-frontalier-de-ras-jedir\/#breadcrumb\",\"itemListElement\":[{\"@type\":\"ListItem\",\"position\":1,\"name\":\"Accueil\",\"item\":\"https:\/\/kapitalis.com\/tunisie\/\"},{\"@type\":\"ListItem\",\"position\":2,\"name\":\"Tunisie : Un groupe arm\u00e9 libyen attaque le poste frontalier de Ras Jedir\"}]},{\"@type\":\"WebSite\",\"@id\":\"https:\/\/kapitalis.com\/tunisie\/#website\",\"url\":\"https:\/\/kapitalis.com\/tunisie\/\",\"name\":\"Kapitalis\",\"description\":\"L&#039;actualit\u00e9 en Tunisie et dans le monde\",\"publisher\":{\"@id\":\"https:\/\/kapitalis.com\/tunisie\/#organization\"},\"potentialAction\":[{\"@type\":\"SearchAction\",\"target\":{\"@type\":\"EntryPoint\",\"urlTemplate\":\"https:\/\/kapitalis.com\/tunisie\/?s={search_term_string}\"},\"query-input\":{\"@type\":\"PropertyValueSpecification\",\"valueRequired\":true,\"valueName\":\"search_term_string\"}}],\"inLanguage\":\"fr-FR\"},{\"@type\":\"Organization\",\"@id\":\"https:\/\/kapitalis.com\/tunisie\/#organization\",\"name\":\"Kapitalis\",\"url\":\"https:\/\/kapitalis.com\/tunisie\/\",\"logo\":{\"@type\":\"ImageObject\",\"inLanguage\":\"fr-FR\",\"@id\":\"https:\/\/kapitalis.com\/tunisie\/#\/schema\/logo\/image\/\",\"url\":\"https:\/\/kapitalis.com\/tunisie\/wp-content\/uploads\/2022\/05\/Kapitalis-big-size.png\",\"contentUrl\":\"https:\/\/kapitalis.com\/tunisie\/wp-content\/uploads\/2022\/05\/Kapitalis-big-size.png\",\"width\":5000,\"height\":1500,\"caption\":\"Kapitalis\"},\"image\":{\"@id\":\"https:\/\/kapitalis.com\/tunisie\/#\/schema\/logo\/image\/\"},\"sameAs\":[\"https:\/\/www.facebook.com\/KapitalisInfo\/\",\"https:\/\/x.com\/KapitalisInfo\",\"https:\/\/www.youtube.com\/channel\/UC-yDYrHyfFBWWZaOw3FPg9Q\"]},{\"@type\":\"Person\",\"@id\":\"https:\/\/kapitalis.com\/tunisie\/#\/schema\/person\/74bbde0154d49d790a92aaeac5bc01d5\",\"name\":\"Yusra NY\",\"url\":\"https:\/\/kapitalis.com\/tunisie\/author\/yuza_adam\/\"}]}<\/script>\n<!-- \/ Yoast SEO plugin. -->","yoast_head_json":{"title":"Tunisie : Un groupe arm\u00e9 libyen attaque le poste frontalier de Ras Jedir - Kapitalis","robots":{"index":"index","follow":"follow","max-snippet":"max-snippet:-1","max-image-preview":"max-image-preview:large","max-video-preview":"max-video-preview:-1"},"canonical":"https:\/\/kapitalis.com\/tunisie\/2018\/01\/05\/tunisie-un-groupe-arme-libyen-attaque-le-poste-frontalier-de-ras-jedir\/","og_locale":"fr_FR","og_type":"article","og_title":"Tunisie : Un groupe arm\u00e9 libyen attaque le poste frontalier de Ras Jedir - Kapitalis","og_description":"Des \u00e9changes de tirs ont \u00e9t\u00e9 entendu \u00e0 l\u2019aube de ce vendredi 5 janvier 2018.\u00a0 Un groupe arm\u00e9 a pris contr\u00f4le du poste frontalier Ras Jedir, du c\u00f4t\u00e9 libyen.","og_url":"https:\/\/kapitalis.com\/tunisie\/2018\/01\/05\/tunisie-un-groupe-arme-libyen-attaque-le-poste-frontalier-de-ras-jedir\/","og_site_name":"Kapitalis","article_publisher":"https:\/\/www.facebook.com\/KapitalisInfo\/","article_published_time":"2018-01-05T09:29:39+00:00","og_image":[{"width":1200,"height":630,"url":"https:\/\/kapitalis.com\/tunisie\/wp-content\/uploads\/2022\/05\/kapitalis-logo-fb.png","type":"image\/png"}],"author":"Yusra NY","twitter_card":"summary_large_image","twitter_creator":"@KapitalisInfo","twitter_site":"@KapitalisInfo","twitter_misc":{"\u00c9crit par":"Yusra NY","Dur\u00e9e de lecture estim\u00e9e":"1 minute"},"schema":{"@context":"https:\/\/schema.org","@graph":[{"@type":"Article","@id":"https:\/\/kapitalis.com\/tunisie\/2018\/01\/05\/tunisie-un-groupe-arme-libyen-attaque-le-poste-frontalier-de-ras-jedir\/#article","isPartOf":{"@id":"https:\/\/kapitalis.com\/tunisie\/2018\/01\/05\/tunisie-un-groupe-arme-libyen-attaque-le-poste-frontalier-de-ras-jedir\/"},"author":{"name":"Yusra NY","@id":"https:\/\/kapitalis.com\/tunisie\/#\/schema\/person\/74bbde0154d49d790a92aaeac5bc01d5"},"headline":"Tunisie : Un groupe arm\u00e9 libyen attaque le poste frontalier de Ras Jedir","datePublished":"2018-01-05T09:29:39+00:00","mainEntityOfPage":{"@id":"https:\/\/kapitalis.com\/tunisie\/2018\/01\/05\/tunisie-un-groupe-arme-libyen-attaque-le-poste-frontalier-de-ras-jedir\/"},"wordCount":127,"commentCount":0,"publisher":{"@id":"https:\/\/kapitalis.com\/tunisie\/#organization"},"image":{"@id":"https:\/\/kapitalis.com\/tunisie\/2018\/01\/05\/tunisie-un-groupe-arme-libyen-attaque-le-poste-frontalier-de-ras-jedir\/#primaryimage"},"thumbnailUrl":"","keywords":["fronti\u00e8re","groupe arm\u00e9","Libye","Ras Jedir"],"articleSection":["SOCIETE","Tunisie"],"inLanguage":"fr-FR","potentialAction":[{"@type":"CommentAction","name":"Comment","target":["https:\/\/kapitalis.com\/tunisie\/2018\/01\/05\/tunisie-un-groupe-arme-libyen-attaque-le-poste-frontalier-de-ras-jedir\/#respond"]}]},{"@type":"WebPage","@id":"https:\/\/kapitalis.com\/tunisie\/2018\/01\/05\/tunisie-un-groupe-arme-libyen-attaque-le-poste-frontalier-de-ras-jedir\/","url":"https:\/\/kapitalis.com\/tunisie\/2018\/01\/05\/tunisie-un-groupe-arme-libyen-attaque-le-poste-frontalier-de-ras-jedir\/","name":"Tunisie : Un groupe arm\u00e9 libyen attaque le poste frontalier de Ras Jedir - Kapitalis","isPartOf":{"@id":"https:\/\/kapitalis.com\/tunisie\/#website"},"primaryImageOfPage":{"@id":"https:\/\/kapitalis.com\/tunisie\/2018\/01\/05\/tunisie-un-groupe-arme-libyen-attaque-le-poste-frontalier-de-ras-jedir\/#primaryimage"},"image":{"@id":"https:\/\/kapitalis.com\/tunisie\/2018\/01\/05\/tunisie-un-groupe-arme-libyen-attaque-le-poste-frontalier-de-ras-jedir\/#primaryimage"},"thumbnailUrl":"","datePublished":"2018-01-05T09:29:39+00:00","breadcrumb":{"@id":"https:\/\/kapitalis.com\/tunisie\/2018\/01\/05\/tunisie-un-groupe-arme-libyen-attaque-le-poste-frontalier-de-ras-jedir\/#breadcrumb"},"inLanguage":"fr-FR","potentialAction":[{"@type":"ReadAction","target":["https:\/\/kapitalis.com\/tunisie\/2018\/01\/05\/tunisie-un-groupe-arme-libyen-attaque-le-poste-frontalier-de-ras-jedir\/"]}]},{"@type":"ImageObject","inLanguage":"fr-FR","@id":"https:\/\/kapitalis.com\/tunisie\/2018\/01\/05\/tunisie-un-groupe-arme-libyen-attaque-le-poste-frontalier-de-ras-jedir\/#primaryimage","url":"","contentUrl":""},{"@type":"BreadcrumbList","@id":"https:\/\/kapitalis.com\/tunisie\/2018\/01\/05\/tunisie-un-groupe-arme-libyen-attaque-le-poste-frontalier-de-ras-jedir\/#breadcrumb","itemListElement":[{"@type":"ListItem","position":1,"name":"Accueil","item":"https:\/\/kapitalis.com\/tunisie\/"},{"@type":"ListItem","position":2,"name":"Tunisie : Un groupe arm\u00e9 libyen attaque le poste frontalier de Ras Jedir"}]},{"@type":"WebSite","@id":"https:\/\/kapitalis.com\/tunisie\/#website","url":"https:\/\/kapitalis.com\/tunisie\/","name":"Kapitalis","description":"L&#039;actualit\u00e9 en Tunisie et dans le monde","publisher":{"@id":"https:\/\/kapitalis.com\/tunisie\/#organization"},"potentialAction":[{"@type":"SearchAction","target":{"@type":"EntryPoint","urlTemplate":"https:\/\/kapitalis.com\/tunisie\/?s={search_term_string}"},"query-input":{"@type":"PropertyValueSpecification","valueRequired":true,"valueName":"search_term_string"}}],"inLanguage":"fr-FR"},{"@type":"Organization","@id":"https:\/\/kapitalis.com\/tunisie\/#organization","name":"Kapitalis","url":"https:\/\/kapitalis.com\/tunisie\/","logo":{"@type":"ImageObject","inLanguage":"fr-FR","@id":"https:\/\/kapitalis.com\/tunisie\/#\/schema\/logo\/image\/","url":"https:\/\/kapitalis.com\/tunisie\/wp-content\/uploads\/2022\/05\/Kapitalis-big-size.png","contentUrl":"https:\/\/kapitalis.com\/tunisie\/wp-content\/uploads\/2022\/05\/Kapitalis-big-size.png","width":5000,"height":1500,"caption":"Kapitalis"},"image":{"@id":"https:\/\/kapitalis.com\/tunisie\/#\/schema\/logo\/image\/"},"sameAs":["https:\/\/www.facebook.com\/KapitalisInfo\/","https:\/\/x.com\/KapitalisInfo","https:\/\/www.youtube.com\/channel\/UC-yDYrHyfFBWWZaOw3FPg9Q"]},{"@type":"Person","@id":"https:\/\/kapitalis.com\/tunisie\/#\/schema\/person\/74bbde0154d49d790a92aaeac5bc01d5","name":"Yusra NY","url":"https:\/\/kapitalis.com\/tunisie\/author\/yuza_adam\/"}]}},"_links":{"self":[{"href":"https:\/\/kapitalis.com\/tunisie\/wp-json\/wp\/v2\/posts\/131606","targetHints":{"allow":["GET"]}}],"collection":[{"href":"https:\/\/kapitalis.com\/tunisie\/wp-json\/wp\/v2\/posts"}],"about":[{"href":"https:\/\/kapitalis.com\/tunisie\/wp-json\/wp\/v2\/types\/post"}],"author":[{"embeddable":true,"href":"https:\/\/kapitalis.com\/tunisie\/wp-json\/wp\/v2\/users\/6"}],"replies":[{"embeddable":true,"href":"https:\/\/kapitalis.com\/tunisie\/wp-json\/wp\/v2\/comments?post=131606"}],"version-history":[{"count":0,"href":"https:\/\/kapitalis.com\/tunisie\/wp-json\/wp\/v2\/posts\/131606\/revisions"}],"wp:featuredmedia":[{"embeddable":true,"href":"https:\/\/kapitalis.com\/tunisie\/wp-json\/wp\/v2\/media\/131611"}],"wp:attachment":[{"href":"https:\/\/kapitalis.com\/tunisie\/wp-json\/wp\/v2\/media?parent=131606"}],"wp:term":[{"taxonomy":"category","embeddable":true,"href":"https:\/\/kapitalis.com\/tunisie\/wp-json\/wp\/v2\/categories?post=131606"},{"taxonomy":"post_tag","embeddable":true,"href":"https:\/\/kapitalis.com\/tunisie\/wp-json\/wp\/v2\/tags?post=131606"}],"curies":[{"name":"wp","href":"https:\/\/api.w.org\/{rel}","templated":true}]}}