{"id":13164161,"date":"2024-06-10T09:02:56","date_gmt":"2024-06-10T08:02:56","guid":{"rendered":"https:\/\/kapitalis.com\/tunisie\/?p=13164161"},"modified":"2024-06-10T09:07:08","modified_gmt":"2024-06-10T08:07:08","slug":"concert-de-syrine-ben-moussa-a-la-maison-de-tunisie-a-paris","status":"publish","type":"post","link":"https:\/\/kapitalis.com\/tunisie\/2024\/06\/10\/concert-de-syrine-ben-moussa-a-la-maison-de-tunisie-a-paris\/","title":{"rendered":"Concert de Syrine Ben Moussa \u00e0 la Maison de Tunisie \u00e0 Paris \u00a0"},"content":{"rendered":"\n<p><strong><em>La chanteuse tunisienne r\u00e9sidant en France, Syrine Ben Moussa convie le public des m\u00e9lomanes \u00e0 un concert de \u00abMalouf et chants arabo-andalous\u00bb, un voyage musical riche en nostalgie et en \u00e9motions.<\/em><\/strong><\/p>\n\n\n\n<!--more-->\n\n\n\n<p>Le concert de chant, au cours duquel Syrine Ben Moussa sera accompagn\u00e9e de 26 choristes (tunisiens, alg\u00e9riens, marocains et syriens), se tiendra le dimanche 16 juin 2024 \u00e0 19 heures<strong> <\/strong>\u00e0 la Fondation de la Maison de Tunisie (45 A Boulevard Jourdan, 75014 Paris). &nbsp;&nbsp;<\/p>\n\n\n\n<p>Les spectateurs pourront appr\u00e9cier les rythmes envo\u00fbtants et les m\u00e9lodies exquises du malouf et de la musique traditionnelle tunisienne.<\/p>\n\n\n\n<p>Un livret avec l\u2019ensemble des textes traduits en fran\u00e7ais sera distribu\u00e9 aux spectateurs, annonce-t-on (traduction de Katia Hilal et calligraphie de Jouda Gomri).<\/p>\n\n\n\n<p>Syrine Ben Moussa sera au chant et au oud, Nidhal Joua au qanoun, Mohamed Amine Kharrez et Aymen Majoul au violon, Mouna Ben Gamra au t\u00e2r, Elyes Ghourabi \u00e0 la darbouka et Lassaad Chaal aux ngharat. Les choristes sont Zeineb Ben Yahmed, Nourh\u00e9ne Boubechir, Imane Bouras, Ikram Bourja, Neila Briki, Raja Chakir, Thouraya Challakh, Meriem Charfi, Sana Charnine, Jocelyne Dakhlia, Emna Fourati, Jouda Gomri, Nesrine Harrouch, Yassine Hamza, Katia Hilal, Belhassen Kaabi, Hend Khedher, Nabil Lamaouche, Kacem Latreche, Imen Mahdi, Rim Mahmoudi, Sabra Mejri, Yasmine, Moussa\u00efd, Khaled Odeh, Yassine Ozaim et Assia Sadia.<\/p>\n","protected":false},"excerpt":{"rendered":"<p>Syrine Ben Moussa convie son public \u00e0 un concert de \u00abMalouf et chants arabo-andalous\u00bb \u00e0 la Maison de Tunisie \u00e0 Paris.  <\/p>\n","protected":false},"author":8,"featured_media":13164219,"comment_status":"closed","ping_status":"open","sticky":false,"template":"","format":"standard","meta":{"footnotes":""},"categories":[994,2433],"tags":[116164,395,116166,116165,14560,17411,116167,86689,1364,101413],"class_list":["post-13164161","post","type-post","status-publish","format-standard","has-post-thumbnail","hentry","category-culture","category-tunisie","tag-chants-arabo-andalous","tag-france","tag-jouda-gomri","tag-katia-hilal","tag-maison-de-tunisie","tag-malouf","tag-mohamed-amine-kharrez","tag-musique-tunisienne","tag-paris","tag-syrine-ben-moussa"],"yoast_head":"<!-- This site is optimized with the Yoast SEO plugin v26.6 - https:\/\/yoast.com\/wordpress\/plugins\/seo\/ -->\n<title>Concert de Syrine Ben Moussa \u00e0 la Maison de Tunisie \u00e0 Paris \u00a0 - Kapitalis<\/title>\n<meta name=\"robots\" content=\"index, follow, max-snippet:-1, max-image-preview:large, max-video-preview:-1\" \/>\n<link rel=\"canonical\" href=\"https:\/\/kapitalis.com\/tunisie\/2024\/06\/10\/concert-de-syrine-ben-moussa-a-la-maison-de-tunisie-a-paris\/\" \/>\n<meta property=\"og:locale\" content=\"fr_FR\" \/>\n<meta property=\"og:type\" content=\"article\" \/>\n<meta property=\"og:title\" content=\"Concert de Syrine Ben Moussa \u00e0 la Maison de Tunisie \u00e0 Paris \u00a0 - Kapitalis\" \/>\n<meta property=\"og:description\" content=\"Syrine Ben Moussa convie son public \u00e0 un concert de \u00abMalouf et chants arabo-andalous\u00bb \u00e0 la Maison de Tunisie \u00e0 Paris.\" \/>\n<meta property=\"og:url\" content=\"https:\/\/kapitalis.com\/tunisie\/2024\/06\/10\/concert-de-syrine-ben-moussa-a-la-maison-de-tunisie-a-paris\/\" \/>\n<meta property=\"og:site_name\" content=\"Kapitalis\" \/>\n<meta property=\"article:publisher\" content=\"https:\/\/www.facebook.com\/KapitalisInfo\/\" \/>\n<meta property=\"article:published_time\" content=\"2024-06-10T08:02:56+00:00\" \/>\n<meta property=\"article:modified_time\" content=\"2024-06-10T08:07:08+00:00\" \/>\n<meta property=\"og:image\" content=\"https:\/\/kapitalis.com\/tunisie\/wp-content\/uploads\/2024\/06\/Syrine-Ben-Moussa1.jpg\" \/>\n\t<meta property=\"og:image:width\" content=\"1200\" \/>\n\t<meta property=\"og:image:height\" content=\"630\" \/>\n\t<meta property=\"og:image:type\" content=\"image\/jpeg\" \/>\n<meta name=\"author\" content=\"webmaster kapitalis\" \/>\n<meta name=\"twitter:card\" content=\"summary_large_image\" \/>\n<meta name=\"twitter:creator\" content=\"@KapitalisInfo\" \/>\n<meta name=\"twitter:site\" content=\"@KapitalisInfo\" \/>\n<meta name=\"twitter:label1\" content=\"\u00c9crit par\" \/>\n\t<meta name=\"twitter:data1\" content=\"webmaster kapitalis\" \/>\n\t<meta name=\"twitter:label2\" content=\"Dur\u00e9e de lecture estim\u00e9e\" \/>\n\t<meta name=\"twitter:data2\" content=\"2 minutes\" \/>\n<script type=\"application\/ld+json\" class=\"yoast-schema-graph\">{\"@context\":\"https:\/\/schema.org\",\"@graph\":[{\"@type\":\"Article\",\"@id\":\"https:\/\/kapitalis.com\/tunisie\/2024\/06\/10\/concert-de-syrine-ben-moussa-a-la-maison-de-tunisie-a-paris\/#article\",\"isPartOf\":{\"@id\":\"https:\/\/kapitalis.com\/tunisie\/2024\/06\/10\/concert-de-syrine-ben-moussa-a-la-maison-de-tunisie-a-paris\/\"},\"author\":{\"name\":\"webmaster kapitalis\",\"@id\":\"https:\/\/kapitalis.com\/tunisie\/#\/schema\/person\/d71f33a9ca44f7bad4698210b480c8e9\"},\"headline\":\"Concert de Syrine Ben Moussa \u00e0 la Maison de Tunisie \u00e0 Paris \u00a0\",\"datePublished\":\"2024-06-10T08:02:56+00:00\",\"dateModified\":\"2024-06-10T08:07:08+00:00\",\"mainEntityOfPage\":{\"@id\":\"https:\/\/kapitalis.com\/tunisie\/2024\/06\/10\/concert-de-syrine-ben-moussa-a-la-maison-de-tunisie-a-paris\/\"},\"wordCount\":224,\"publisher\":{\"@id\":\"https:\/\/kapitalis.com\/tunisie\/#organization\"},\"image\":{\"@id\":\"https:\/\/kapitalis.com\/tunisie\/2024\/06\/10\/concert-de-syrine-ben-moussa-a-la-maison-de-tunisie-a-paris\/#primaryimage\"},\"thumbnailUrl\":\"https:\/\/kapitalis.com\/tunisie\/wp-content\/uploads\/2024\/06\/Syrine-Ben-Moussa1.jpg\",\"keywords\":[\"chants arabo-andalous\",\"France\",\"Jouda Gomri\",\"Katia Hilal\",\"Maison de Tunisie\",\"Malouf\",\"Mohamed Amine Kharrez\",\"musique tunisienne\",\"Paris\",\"Syrine Ben Moussa\"],\"articleSection\":[\"CULTURE\",\"Tunisie\"],\"inLanguage\":\"fr-FR\"},{\"@type\":\"WebPage\",\"@id\":\"https:\/\/kapitalis.com\/tunisie\/2024\/06\/10\/concert-de-syrine-ben-moussa-a-la-maison-de-tunisie-a-paris\/\",\"url\":\"https:\/\/kapitalis.com\/tunisie\/2024\/06\/10\/concert-de-syrine-ben-moussa-a-la-maison-de-tunisie-a-paris\/\",\"name\":\"Concert de Syrine Ben Moussa \u00e0 la Maison de Tunisie \u00e0 Paris \u00a0 - Kapitalis\",\"isPartOf\":{\"@id\":\"https:\/\/kapitalis.com\/tunisie\/#website\"},\"primaryImageOfPage\":{\"@id\":\"https:\/\/kapitalis.com\/tunisie\/2024\/06\/10\/concert-de-syrine-ben-moussa-a-la-maison-de-tunisie-a-paris\/#primaryimage\"},\"image\":{\"@id\":\"https:\/\/kapitalis.com\/tunisie\/2024\/06\/10\/concert-de-syrine-ben-moussa-a-la-maison-de-tunisie-a-paris\/#primaryimage\"},\"thumbnailUrl\":\"https:\/\/kapitalis.com\/tunisie\/wp-content\/uploads\/2024\/06\/Syrine-Ben-Moussa1.jpg\",\"datePublished\":\"2024-06-10T08:02:56+00:00\",\"dateModified\":\"2024-06-10T08:07:08+00:00\",\"breadcrumb\":{\"@id\":\"https:\/\/kapitalis.com\/tunisie\/2024\/06\/10\/concert-de-syrine-ben-moussa-a-la-maison-de-tunisie-a-paris\/#breadcrumb\"},\"inLanguage\":\"fr-FR\",\"potentialAction\":[{\"@type\":\"ReadAction\",\"target\":[\"https:\/\/kapitalis.com\/tunisie\/2024\/06\/10\/concert-de-syrine-ben-moussa-a-la-maison-de-tunisie-a-paris\/\"]}]},{\"@type\":\"ImageObject\",\"inLanguage\":\"fr-FR\",\"@id\":\"https:\/\/kapitalis.com\/tunisie\/2024\/06\/10\/concert-de-syrine-ben-moussa-a-la-maison-de-tunisie-a-paris\/#primaryimage\",\"url\":\"https:\/\/kapitalis.com\/tunisie\/wp-content\/uploads\/2024\/06\/Syrine-Ben-Moussa1.jpg\",\"contentUrl\":\"https:\/\/kapitalis.com\/tunisie\/wp-content\/uploads\/2024\/06\/Syrine-Ben-Moussa1.jpg\",\"width\":1200,\"height\":630},{\"@type\":\"BreadcrumbList\",\"@id\":\"https:\/\/kapitalis.com\/tunisie\/2024\/06\/10\/concert-de-syrine-ben-moussa-a-la-maison-de-tunisie-a-paris\/#breadcrumb\",\"itemListElement\":[{\"@type\":\"ListItem\",\"position\":1,\"name\":\"Accueil\",\"item\":\"https:\/\/kapitalis.com\/tunisie\/\"},{\"@type\":\"ListItem\",\"position\":2,\"name\":\"Concert de Syrine Ben Moussa \u00e0 la Maison de Tunisie \u00e0 Paris \u00a0\"}]},{\"@type\":\"WebSite\",\"@id\":\"https:\/\/kapitalis.com\/tunisie\/#website\",\"url\":\"https:\/\/kapitalis.com\/tunisie\/\",\"name\":\"Kapitalis\",\"description\":\"L&#039;actualit\u00e9 en Tunisie et dans le monde\",\"publisher\":{\"@id\":\"https:\/\/kapitalis.com\/tunisie\/#organization\"},\"potentialAction\":[{\"@type\":\"SearchAction\",\"target\":{\"@type\":\"EntryPoint\",\"urlTemplate\":\"https:\/\/kapitalis.com\/tunisie\/?s={search_term_string}\"},\"query-input\":{\"@type\":\"PropertyValueSpecification\",\"valueRequired\":true,\"valueName\":\"search_term_string\"}}],\"inLanguage\":\"fr-FR\"},{\"@type\":\"Organization\",\"@id\":\"https:\/\/kapitalis.com\/tunisie\/#organization\",\"name\":\"Kapitalis\",\"url\":\"https:\/\/kapitalis.com\/tunisie\/\",\"logo\":{\"@type\":\"ImageObject\",\"inLanguage\":\"fr-FR\",\"@id\":\"https:\/\/kapitalis.com\/tunisie\/#\/schema\/logo\/image\/\",\"url\":\"https:\/\/kapitalis.com\/tunisie\/wp-content\/uploads\/2022\/05\/Kapitalis-big-size.png\",\"contentUrl\":\"https:\/\/kapitalis.com\/tunisie\/wp-content\/uploads\/2022\/05\/Kapitalis-big-size.png\",\"width\":5000,\"height\":1500,\"caption\":\"Kapitalis\"},\"image\":{\"@id\":\"https:\/\/kapitalis.com\/tunisie\/#\/schema\/logo\/image\/\"},\"sameAs\":[\"https:\/\/www.facebook.com\/KapitalisInfo\/\",\"https:\/\/x.com\/KapitalisInfo\",\"https:\/\/www.youtube.com\/channel\/UC-yDYrHyfFBWWZaOw3FPg9Q\"]},{\"@type\":\"Person\",\"@id\":\"https:\/\/kapitalis.com\/tunisie\/#\/schema\/person\/d71f33a9ca44f7bad4698210b480c8e9\",\"name\":\"webmaster kapitalis\",\"url\":\"https:\/\/kapitalis.com\/tunisie\/author\/webmaster-kapitalis\/\"}]}<\/script>\n<!-- \/ Yoast SEO plugin. -->","yoast_head_json":{"title":"Concert de Syrine Ben Moussa \u00e0 la Maison de Tunisie \u00e0 Paris \u00a0 - Kapitalis","robots":{"index":"index","follow":"follow","max-snippet":"max-snippet:-1","max-image-preview":"max-image-preview:large","max-video-preview":"max-video-preview:-1"},"canonical":"https:\/\/kapitalis.com\/tunisie\/2024\/06\/10\/concert-de-syrine-ben-moussa-a-la-maison-de-tunisie-a-paris\/","og_locale":"fr_FR","og_type":"article","og_title":"Concert de Syrine Ben Moussa \u00e0 la Maison de Tunisie \u00e0 Paris \u00a0 - Kapitalis","og_description":"Syrine Ben Moussa convie son public \u00e0 un concert de \u00abMalouf et chants arabo-andalous\u00bb \u00e0 la Maison de Tunisie \u00e0 Paris.","og_url":"https:\/\/kapitalis.com\/tunisie\/2024\/06\/10\/concert-de-syrine-ben-moussa-a-la-maison-de-tunisie-a-paris\/","og_site_name":"Kapitalis","article_publisher":"https:\/\/www.facebook.com\/KapitalisInfo\/","article_published_time":"2024-06-10T08:02:56+00:00","article_modified_time":"2024-06-10T08:07:08+00:00","og_image":[{"width":1200,"height":630,"url":"https:\/\/kapitalis.com\/tunisie\/wp-content\/uploads\/2024\/06\/Syrine-Ben-Moussa1.jpg","type":"image\/jpeg"}],"author":"webmaster kapitalis","twitter_card":"summary_large_image","twitter_creator":"@KapitalisInfo","twitter_site":"@KapitalisInfo","twitter_misc":{"\u00c9crit par":"webmaster kapitalis","Dur\u00e9e de lecture estim\u00e9e":"2 minutes"},"schema":{"@context":"https:\/\/schema.org","@graph":[{"@type":"Article","@id":"https:\/\/kapitalis.com\/tunisie\/2024\/06\/10\/concert-de-syrine-ben-moussa-a-la-maison-de-tunisie-a-paris\/#article","isPartOf":{"@id":"https:\/\/kapitalis.com\/tunisie\/2024\/06\/10\/concert-de-syrine-ben-moussa-a-la-maison-de-tunisie-a-paris\/"},"author":{"name":"webmaster kapitalis","@id":"https:\/\/kapitalis.com\/tunisie\/#\/schema\/person\/d71f33a9ca44f7bad4698210b480c8e9"},"headline":"Concert de Syrine Ben Moussa \u00e0 la Maison de Tunisie \u00e0 Paris \u00a0","datePublished":"2024-06-10T08:02:56+00:00","dateModified":"2024-06-10T08:07:08+00:00","mainEntityOfPage":{"@id":"https:\/\/kapitalis.com\/tunisie\/2024\/06\/10\/concert-de-syrine-ben-moussa-a-la-maison-de-tunisie-a-paris\/"},"wordCount":224,"publisher":{"@id":"https:\/\/kapitalis.com\/tunisie\/#organization"},"image":{"@id":"https:\/\/kapitalis.com\/tunisie\/2024\/06\/10\/concert-de-syrine-ben-moussa-a-la-maison-de-tunisie-a-paris\/#primaryimage"},"thumbnailUrl":"https:\/\/kapitalis.com\/tunisie\/wp-content\/uploads\/2024\/06\/Syrine-Ben-Moussa1.jpg","keywords":["chants arabo-andalous","France","Jouda Gomri","Katia Hilal","Maison de Tunisie","Malouf","Mohamed Amine Kharrez","musique tunisienne","Paris","Syrine Ben Moussa"],"articleSection":["CULTURE","Tunisie"],"inLanguage":"fr-FR"},{"@type":"WebPage","@id":"https:\/\/kapitalis.com\/tunisie\/2024\/06\/10\/concert-de-syrine-ben-moussa-a-la-maison-de-tunisie-a-paris\/","url":"https:\/\/kapitalis.com\/tunisie\/2024\/06\/10\/concert-de-syrine-ben-moussa-a-la-maison-de-tunisie-a-paris\/","name":"Concert de Syrine Ben Moussa \u00e0 la Maison de Tunisie \u00e0 Paris \u00a0 - Kapitalis","isPartOf":{"@id":"https:\/\/kapitalis.com\/tunisie\/#website"},"primaryImageOfPage":{"@id":"https:\/\/kapitalis.com\/tunisie\/2024\/06\/10\/concert-de-syrine-ben-moussa-a-la-maison-de-tunisie-a-paris\/#primaryimage"},"image":{"@id":"https:\/\/kapitalis.com\/tunisie\/2024\/06\/10\/concert-de-syrine-ben-moussa-a-la-maison-de-tunisie-a-paris\/#primaryimage"},"thumbnailUrl":"https:\/\/kapitalis.com\/tunisie\/wp-content\/uploads\/2024\/06\/Syrine-Ben-Moussa1.jpg","datePublished":"2024-06-10T08:02:56+00:00","dateModified":"2024-06-10T08:07:08+00:00","breadcrumb":{"@id":"https:\/\/kapitalis.com\/tunisie\/2024\/06\/10\/concert-de-syrine-ben-moussa-a-la-maison-de-tunisie-a-paris\/#breadcrumb"},"inLanguage":"fr-FR","potentialAction":[{"@type":"ReadAction","target":["https:\/\/kapitalis.com\/tunisie\/2024\/06\/10\/concert-de-syrine-ben-moussa-a-la-maison-de-tunisie-a-paris\/"]}]},{"@type":"ImageObject","inLanguage":"fr-FR","@id":"https:\/\/kapitalis.com\/tunisie\/2024\/06\/10\/concert-de-syrine-ben-moussa-a-la-maison-de-tunisie-a-paris\/#primaryimage","url":"https:\/\/kapitalis.com\/tunisie\/wp-content\/uploads\/2024\/06\/Syrine-Ben-Moussa1.jpg","contentUrl":"https:\/\/kapitalis.com\/tunisie\/wp-content\/uploads\/2024\/06\/Syrine-Ben-Moussa1.jpg","width":1200,"height":630},{"@type":"BreadcrumbList","@id":"https:\/\/kapitalis.com\/tunisie\/2024\/06\/10\/concert-de-syrine-ben-moussa-a-la-maison-de-tunisie-a-paris\/#breadcrumb","itemListElement":[{"@type":"ListItem","position":1,"name":"Accueil","item":"https:\/\/kapitalis.com\/tunisie\/"},{"@type":"ListItem","position":2,"name":"Concert de Syrine Ben Moussa \u00e0 la Maison de Tunisie \u00e0 Paris \u00a0"}]},{"@type":"WebSite","@id":"https:\/\/kapitalis.com\/tunisie\/#website","url":"https:\/\/kapitalis.com\/tunisie\/","name":"Kapitalis","description":"L&#039;actualit\u00e9 en Tunisie et dans le monde","publisher":{"@id":"https:\/\/kapitalis.com\/tunisie\/#organization"},"potentialAction":[{"@type":"SearchAction","target":{"@type":"EntryPoint","urlTemplate":"https:\/\/kapitalis.com\/tunisie\/?s={search_term_string}"},"query-input":{"@type":"PropertyValueSpecification","valueRequired":true,"valueName":"search_term_string"}}],"inLanguage":"fr-FR"},{"@type":"Organization","@id":"https:\/\/kapitalis.com\/tunisie\/#organization","name":"Kapitalis","url":"https:\/\/kapitalis.com\/tunisie\/","logo":{"@type":"ImageObject","inLanguage":"fr-FR","@id":"https:\/\/kapitalis.com\/tunisie\/#\/schema\/logo\/image\/","url":"https:\/\/kapitalis.com\/tunisie\/wp-content\/uploads\/2022\/05\/Kapitalis-big-size.png","contentUrl":"https:\/\/kapitalis.com\/tunisie\/wp-content\/uploads\/2022\/05\/Kapitalis-big-size.png","width":5000,"height":1500,"caption":"Kapitalis"},"image":{"@id":"https:\/\/kapitalis.com\/tunisie\/#\/schema\/logo\/image\/"},"sameAs":["https:\/\/www.facebook.com\/KapitalisInfo\/","https:\/\/x.com\/KapitalisInfo","https:\/\/www.youtube.com\/channel\/UC-yDYrHyfFBWWZaOw3FPg9Q"]},{"@type":"Person","@id":"https:\/\/kapitalis.com\/tunisie\/#\/schema\/person\/d71f33a9ca44f7bad4698210b480c8e9","name":"webmaster kapitalis","url":"https:\/\/kapitalis.com\/tunisie\/author\/webmaster-kapitalis\/"}]}},"_links":{"self":[{"href":"https:\/\/kapitalis.com\/tunisie\/wp-json\/wp\/v2\/posts\/13164161","targetHints":{"allow":["GET"]}}],"collection":[{"href":"https:\/\/kapitalis.com\/tunisie\/wp-json\/wp\/v2\/posts"}],"about":[{"href":"https:\/\/kapitalis.com\/tunisie\/wp-json\/wp\/v2\/types\/post"}],"author":[{"embeddable":true,"href":"https:\/\/kapitalis.com\/tunisie\/wp-json\/wp\/v2\/users\/8"}],"replies":[{"embeddable":true,"href":"https:\/\/kapitalis.com\/tunisie\/wp-json\/wp\/v2\/comments?post=13164161"}],"version-history":[{"count":3,"href":"https:\/\/kapitalis.com\/tunisie\/wp-json\/wp\/v2\/posts\/13164161\/revisions"}],"predecessor-version":[{"id":13164220,"href":"https:\/\/kapitalis.com\/tunisie\/wp-json\/wp\/v2\/posts\/13164161\/revisions\/13164220"}],"wp:featuredmedia":[{"embeddable":true,"href":"https:\/\/kapitalis.com\/tunisie\/wp-json\/wp\/v2\/media\/13164219"}],"wp:attachment":[{"href":"https:\/\/kapitalis.com\/tunisie\/wp-json\/wp\/v2\/media?parent=13164161"}],"wp:term":[{"taxonomy":"category","embeddable":true,"href":"https:\/\/kapitalis.com\/tunisie\/wp-json\/wp\/v2\/categories?post=13164161"},{"taxonomy":"post_tag","embeddable":true,"href":"https:\/\/kapitalis.com\/tunisie\/wp-json\/wp\/v2\/tags?post=13164161"}],"curies":[{"name":"wp","href":"https:\/\/api.w.org\/{rel}","templated":true}]}}