{"id":13164802,"date":"2024-06-10T12:37:49","date_gmt":"2024-06-10T11:37:49","guid":{"rendered":"https:\/\/kapitalis.com\/tunisie\/?p=13164802"},"modified":"2024-06-10T12:37:51","modified_gmt":"2024-06-10T11:37:51","slug":"dr-samir-hamza-nest-plus-le-monde-academique-tunisien-en-deuil","status":"publish","type":"post","link":"https:\/\/kapitalis.com\/tunisie\/2024\/06\/10\/dr-samir-hamza-nest-plus-le-monde-academique-tunisien-en-deuil\/","title":{"rendered":"Dr Samir Hamza n&rsquo;est plus: le monde acad\u00e9mique tunisien en deuil"},"content":{"rendered":"\n<p><strong><em>Dr Samir Hamza, directeur de l\u2019Institut national des sciences appliqu\u00e9es et de technologie (Insat-Tunis) Universit\u00e9 de Carthage, depuis 1997, est d\u00e9c\u00e9d\u00e9 de lundi 10 juin 2024. Une grosse perte pour le monde acad\u00e9mique et de la recherche en Tunisie. <\/em><\/strong> <\/p>\n\n\n\n<!--more-->\n\n\n\n<p>Dr Hamza a obtenu son doctorat en 2002 de l\u2019Universit\u00e9 de Nancy-Metz, France, et a rejoint le Laboratoire de biomat\u00e9riaux et biom\u00e9canique de l\u2019Institut national d\u2019orthop\u00e9die M.T. Kassab, en Tunisie, depuis 1998 et depuis 2004, il est professeur invit\u00e9 de l\u2019\u00c9cole nationale d\u2019ing\u00e9nieurs de Metz et de l\u2019Universit\u00e9 de Valenciennes, en France. <\/p>\n\n\n\n<p>Il est expert en biomat\u00e9riaux et ses travaux se concentrent sur le d\u00e9veloppement des propri\u00e9t\u00e9s structurelles et m\u00e9caniques des biomat\u00e9riaux pour des applications m\u00e9dicales. Il a obtenu un dipl\u00f4me HdR en g\u00e9nie m\u00e9canique en 2012.<\/p>\n\n\n\n<p>Les coll\u00e8gues et \u00e9l\u00e8ves du d\u00e9funt, professeur de science des mat\u00e9riaux et de g\u00e9nie m\u00e9canique, louent son leadership inspirant, qui lui a permis de fa\u00e7onner l\u2019avenir de l\u2019Insat en favorisant l\u2019innovation, l\u2019excellence acad\u00e9mique et la collaboration avec l\u2019\u00e9cosyst\u00e8me scientifique et technologique. Ils louent aussi d\u00e9vouement \u00e0 l\u2019enseignement et son soutien in\u00e9branlable \u00e0 ses \u00e9tudiants dont beaucoup lui valent le choix de leurs carri\u00e8res acad\u00e9miques et\/ou professionnelles.<\/p>\n\n\n\n<p class=\"has-text-align-right\"><strong>I. B.<\/strong> <\/p>\n","protected":false},"excerpt":{"rendered":"<p>Dr Samir Hamza, directeur de l\u2019Insat vient de d\u00e9c\u00e9der. <\/p>\n","protected":false},"author":8,"featured_media":13165182,"comment_status":"closed","ping_status":"open","sticky":false,"template":"","format":"standard","meta":{"footnotes":""},"categories":[998,2433],"tags":[116179,116178,116174,116176,395,17321,116175,116177],"class_list":["post-13164802","post","type-post","status-publish","format-standard","has-post-thumbnail","hentry","category-societe","category-tunisie","tag-biomateriaux","tag-biomecanique","tag-dr-samir-hamza","tag-ecole-nationale-dingenieurs-de-metz","tag-france","tag-insat","tag-universite-de-nancy-metz","tag-universite-de-valenciennes"],"yoast_head":"<!-- This site is optimized with the Yoast SEO plugin v26.6 - https:\/\/yoast.com\/wordpress\/plugins\/seo\/ -->\n<title>Dr Samir Hamza n&#039;est plus: le monde acad\u00e9mique tunisien en deuil - Kapitalis<\/title>\n<meta name=\"robots\" content=\"index, follow, max-snippet:-1, max-image-preview:large, max-video-preview:-1\" \/>\n<link rel=\"canonical\" href=\"https:\/\/kapitalis.com\/tunisie\/2024\/06\/10\/dr-samir-hamza-nest-plus-le-monde-academique-tunisien-en-deuil\/\" \/>\n<meta property=\"og:locale\" content=\"fr_FR\" \/>\n<meta property=\"og:type\" content=\"article\" \/>\n<meta property=\"og:title\" content=\"Dr Samir Hamza n&#039;est plus: le monde acad\u00e9mique tunisien en deuil - Kapitalis\" \/>\n<meta property=\"og:description\" content=\"Dr Samir Hamza, directeur de l\u2019Insat vient de d\u00e9c\u00e9der.\" \/>\n<meta property=\"og:url\" content=\"https:\/\/kapitalis.com\/tunisie\/2024\/06\/10\/dr-samir-hamza-nest-plus-le-monde-academique-tunisien-en-deuil\/\" \/>\n<meta property=\"og:site_name\" content=\"Kapitalis\" \/>\n<meta property=\"article:publisher\" content=\"https:\/\/www.facebook.com\/KapitalisInfo\/\" \/>\n<meta property=\"article:published_time\" content=\"2024-06-10T11:37:49+00:00\" \/>\n<meta property=\"article:modified_time\" content=\"2024-06-10T11:37:51+00:00\" \/>\n<meta property=\"og:image\" content=\"https:\/\/kapitalis.com\/tunisie\/wp-content\/uploads\/2024\/06\/Dr-Samir-Hamza.jpg\" \/>\n\t<meta property=\"og:image:width\" content=\"1200\" \/>\n\t<meta property=\"og:image:height\" content=\"630\" \/>\n\t<meta property=\"og:image:type\" content=\"image\/jpeg\" \/>\n<meta name=\"author\" content=\"webmaster kapitalis\" \/>\n<meta name=\"twitter:card\" content=\"summary_large_image\" \/>\n<meta name=\"twitter:creator\" content=\"@KapitalisInfo\" \/>\n<meta name=\"twitter:site\" content=\"@KapitalisInfo\" \/>\n<meta name=\"twitter:label1\" content=\"\u00c9crit par\" \/>\n\t<meta name=\"twitter:data1\" content=\"webmaster kapitalis\" \/>\n\t<meta name=\"twitter:label2\" content=\"Dur\u00e9e de lecture estim\u00e9e\" \/>\n\t<meta name=\"twitter:data2\" content=\"2 minutes\" \/>\n<script type=\"application\/ld+json\" class=\"yoast-schema-graph\">{\"@context\":\"https:\/\/schema.org\",\"@graph\":[{\"@type\":\"Article\",\"@id\":\"https:\/\/kapitalis.com\/tunisie\/2024\/06\/10\/dr-samir-hamza-nest-plus-le-monde-academique-tunisien-en-deuil\/#article\",\"isPartOf\":{\"@id\":\"https:\/\/kapitalis.com\/tunisie\/2024\/06\/10\/dr-samir-hamza-nest-plus-le-monde-academique-tunisien-en-deuil\/\"},\"author\":{\"name\":\"webmaster kapitalis\",\"@id\":\"https:\/\/kapitalis.com\/tunisie\/#\/schema\/person\/d71f33a9ca44f7bad4698210b480c8e9\"},\"headline\":\"Dr Samir Hamza n&rsquo;est plus: le monde acad\u00e9mique tunisien en deuil\",\"datePublished\":\"2024-06-10T11:37:49+00:00\",\"dateModified\":\"2024-06-10T11:37:51+00:00\",\"mainEntityOfPage\":{\"@id\":\"https:\/\/kapitalis.com\/tunisie\/2024\/06\/10\/dr-samir-hamza-nest-plus-le-monde-academique-tunisien-en-deuil\/\"},\"wordCount\":243,\"publisher\":{\"@id\":\"https:\/\/kapitalis.com\/tunisie\/#organization\"},\"image\":{\"@id\":\"https:\/\/kapitalis.com\/tunisie\/2024\/06\/10\/dr-samir-hamza-nest-plus-le-monde-academique-tunisien-en-deuil\/#primaryimage\"},\"thumbnailUrl\":\"https:\/\/kapitalis.com\/tunisie\/wp-content\/uploads\/2024\/06\/Dr-Samir-Hamza.jpg\",\"keywords\":[\"biomat\u00e9riaux\",\"biom\u00e9canique\",\"Dr Samir Hamza\",\"\u00c9cole nationale d\u2019ing\u00e9nieurs de Metz\",\"France\",\"Insat\",\"Universit\u00e9 de Nancy-Metz\",\"Universit\u00e9 de Valenciennes\"],\"articleSection\":[\"SOCIETE\",\"Tunisie\"],\"inLanguage\":\"fr-FR\"},{\"@type\":\"WebPage\",\"@id\":\"https:\/\/kapitalis.com\/tunisie\/2024\/06\/10\/dr-samir-hamza-nest-plus-le-monde-academique-tunisien-en-deuil\/\",\"url\":\"https:\/\/kapitalis.com\/tunisie\/2024\/06\/10\/dr-samir-hamza-nest-plus-le-monde-academique-tunisien-en-deuil\/\",\"name\":\"Dr Samir Hamza n'est plus: le monde acad\u00e9mique tunisien en deuil - Kapitalis\",\"isPartOf\":{\"@id\":\"https:\/\/kapitalis.com\/tunisie\/#website\"},\"primaryImageOfPage\":{\"@id\":\"https:\/\/kapitalis.com\/tunisie\/2024\/06\/10\/dr-samir-hamza-nest-plus-le-monde-academique-tunisien-en-deuil\/#primaryimage\"},\"image\":{\"@id\":\"https:\/\/kapitalis.com\/tunisie\/2024\/06\/10\/dr-samir-hamza-nest-plus-le-monde-academique-tunisien-en-deuil\/#primaryimage\"},\"thumbnailUrl\":\"https:\/\/kapitalis.com\/tunisie\/wp-content\/uploads\/2024\/06\/Dr-Samir-Hamza.jpg\",\"datePublished\":\"2024-06-10T11:37:49+00:00\",\"dateModified\":\"2024-06-10T11:37:51+00:00\",\"breadcrumb\":{\"@id\":\"https:\/\/kapitalis.com\/tunisie\/2024\/06\/10\/dr-samir-hamza-nest-plus-le-monde-academique-tunisien-en-deuil\/#breadcrumb\"},\"inLanguage\":\"fr-FR\",\"potentialAction\":[{\"@type\":\"ReadAction\",\"target\":[\"https:\/\/kapitalis.com\/tunisie\/2024\/06\/10\/dr-samir-hamza-nest-plus-le-monde-academique-tunisien-en-deuil\/\"]}]},{\"@type\":\"ImageObject\",\"inLanguage\":\"fr-FR\",\"@id\":\"https:\/\/kapitalis.com\/tunisie\/2024\/06\/10\/dr-samir-hamza-nest-plus-le-monde-academique-tunisien-en-deuil\/#primaryimage\",\"url\":\"https:\/\/kapitalis.com\/tunisie\/wp-content\/uploads\/2024\/06\/Dr-Samir-Hamza.jpg\",\"contentUrl\":\"https:\/\/kapitalis.com\/tunisie\/wp-content\/uploads\/2024\/06\/Dr-Samir-Hamza.jpg\",\"width\":1200,\"height\":630},{\"@type\":\"BreadcrumbList\",\"@id\":\"https:\/\/kapitalis.com\/tunisie\/2024\/06\/10\/dr-samir-hamza-nest-plus-le-monde-academique-tunisien-en-deuil\/#breadcrumb\",\"itemListElement\":[{\"@type\":\"ListItem\",\"position\":1,\"name\":\"Accueil\",\"item\":\"https:\/\/kapitalis.com\/tunisie\/\"},{\"@type\":\"ListItem\",\"position\":2,\"name\":\"Dr Samir Hamza n&rsquo;est plus: le monde acad\u00e9mique tunisien en deuil\"}]},{\"@type\":\"WebSite\",\"@id\":\"https:\/\/kapitalis.com\/tunisie\/#website\",\"url\":\"https:\/\/kapitalis.com\/tunisie\/\",\"name\":\"Kapitalis\",\"description\":\"L&#039;actualit\u00e9 en Tunisie et dans le monde\",\"publisher\":{\"@id\":\"https:\/\/kapitalis.com\/tunisie\/#organization\"},\"potentialAction\":[{\"@type\":\"SearchAction\",\"target\":{\"@type\":\"EntryPoint\",\"urlTemplate\":\"https:\/\/kapitalis.com\/tunisie\/?s={search_term_string}\"},\"query-input\":{\"@type\":\"PropertyValueSpecification\",\"valueRequired\":true,\"valueName\":\"search_term_string\"}}],\"inLanguage\":\"fr-FR\"},{\"@type\":\"Organization\",\"@id\":\"https:\/\/kapitalis.com\/tunisie\/#organization\",\"name\":\"Kapitalis\",\"url\":\"https:\/\/kapitalis.com\/tunisie\/\",\"logo\":{\"@type\":\"ImageObject\",\"inLanguage\":\"fr-FR\",\"@id\":\"https:\/\/kapitalis.com\/tunisie\/#\/schema\/logo\/image\/\",\"url\":\"https:\/\/kapitalis.com\/tunisie\/wp-content\/uploads\/2022\/05\/Kapitalis-big-size.png\",\"contentUrl\":\"https:\/\/kapitalis.com\/tunisie\/wp-content\/uploads\/2022\/05\/Kapitalis-big-size.png\",\"width\":5000,\"height\":1500,\"caption\":\"Kapitalis\"},\"image\":{\"@id\":\"https:\/\/kapitalis.com\/tunisie\/#\/schema\/logo\/image\/\"},\"sameAs\":[\"https:\/\/www.facebook.com\/KapitalisInfo\/\",\"https:\/\/x.com\/KapitalisInfo\",\"https:\/\/www.youtube.com\/channel\/UC-yDYrHyfFBWWZaOw3FPg9Q\"]},{\"@type\":\"Person\",\"@id\":\"https:\/\/kapitalis.com\/tunisie\/#\/schema\/person\/d71f33a9ca44f7bad4698210b480c8e9\",\"name\":\"webmaster kapitalis\",\"url\":\"https:\/\/kapitalis.com\/tunisie\/author\/webmaster-kapitalis\/\"}]}<\/script>\n<!-- \/ Yoast SEO plugin. -->","yoast_head_json":{"title":"Dr Samir Hamza n'est plus: le monde acad\u00e9mique tunisien en deuil - Kapitalis","robots":{"index":"index","follow":"follow","max-snippet":"max-snippet:-1","max-image-preview":"max-image-preview:large","max-video-preview":"max-video-preview:-1"},"canonical":"https:\/\/kapitalis.com\/tunisie\/2024\/06\/10\/dr-samir-hamza-nest-plus-le-monde-academique-tunisien-en-deuil\/","og_locale":"fr_FR","og_type":"article","og_title":"Dr Samir Hamza n'est plus: le monde acad\u00e9mique tunisien en deuil - Kapitalis","og_description":"Dr Samir Hamza, directeur de l\u2019Insat vient de d\u00e9c\u00e9der.","og_url":"https:\/\/kapitalis.com\/tunisie\/2024\/06\/10\/dr-samir-hamza-nest-plus-le-monde-academique-tunisien-en-deuil\/","og_site_name":"Kapitalis","article_publisher":"https:\/\/www.facebook.com\/KapitalisInfo\/","article_published_time":"2024-06-10T11:37:49+00:00","article_modified_time":"2024-06-10T11:37:51+00:00","og_image":[{"width":1200,"height":630,"url":"https:\/\/kapitalis.com\/tunisie\/wp-content\/uploads\/2024\/06\/Dr-Samir-Hamza.jpg","type":"image\/jpeg"}],"author":"webmaster kapitalis","twitter_card":"summary_large_image","twitter_creator":"@KapitalisInfo","twitter_site":"@KapitalisInfo","twitter_misc":{"\u00c9crit par":"webmaster kapitalis","Dur\u00e9e de lecture estim\u00e9e":"2 minutes"},"schema":{"@context":"https:\/\/schema.org","@graph":[{"@type":"Article","@id":"https:\/\/kapitalis.com\/tunisie\/2024\/06\/10\/dr-samir-hamza-nest-plus-le-monde-academique-tunisien-en-deuil\/#article","isPartOf":{"@id":"https:\/\/kapitalis.com\/tunisie\/2024\/06\/10\/dr-samir-hamza-nest-plus-le-monde-academique-tunisien-en-deuil\/"},"author":{"name":"webmaster kapitalis","@id":"https:\/\/kapitalis.com\/tunisie\/#\/schema\/person\/d71f33a9ca44f7bad4698210b480c8e9"},"headline":"Dr Samir Hamza n&rsquo;est plus: le monde acad\u00e9mique tunisien en deuil","datePublished":"2024-06-10T11:37:49+00:00","dateModified":"2024-06-10T11:37:51+00:00","mainEntityOfPage":{"@id":"https:\/\/kapitalis.com\/tunisie\/2024\/06\/10\/dr-samir-hamza-nest-plus-le-monde-academique-tunisien-en-deuil\/"},"wordCount":243,"publisher":{"@id":"https:\/\/kapitalis.com\/tunisie\/#organization"},"image":{"@id":"https:\/\/kapitalis.com\/tunisie\/2024\/06\/10\/dr-samir-hamza-nest-plus-le-monde-academique-tunisien-en-deuil\/#primaryimage"},"thumbnailUrl":"https:\/\/kapitalis.com\/tunisie\/wp-content\/uploads\/2024\/06\/Dr-Samir-Hamza.jpg","keywords":["biomat\u00e9riaux","biom\u00e9canique","Dr Samir Hamza","\u00c9cole nationale d\u2019ing\u00e9nieurs de Metz","France","Insat","Universit\u00e9 de Nancy-Metz","Universit\u00e9 de Valenciennes"],"articleSection":["SOCIETE","Tunisie"],"inLanguage":"fr-FR"},{"@type":"WebPage","@id":"https:\/\/kapitalis.com\/tunisie\/2024\/06\/10\/dr-samir-hamza-nest-plus-le-monde-academique-tunisien-en-deuil\/","url":"https:\/\/kapitalis.com\/tunisie\/2024\/06\/10\/dr-samir-hamza-nest-plus-le-monde-academique-tunisien-en-deuil\/","name":"Dr Samir Hamza n'est plus: le monde acad\u00e9mique tunisien en deuil - Kapitalis","isPartOf":{"@id":"https:\/\/kapitalis.com\/tunisie\/#website"},"primaryImageOfPage":{"@id":"https:\/\/kapitalis.com\/tunisie\/2024\/06\/10\/dr-samir-hamza-nest-plus-le-monde-academique-tunisien-en-deuil\/#primaryimage"},"image":{"@id":"https:\/\/kapitalis.com\/tunisie\/2024\/06\/10\/dr-samir-hamza-nest-plus-le-monde-academique-tunisien-en-deuil\/#primaryimage"},"thumbnailUrl":"https:\/\/kapitalis.com\/tunisie\/wp-content\/uploads\/2024\/06\/Dr-Samir-Hamza.jpg","datePublished":"2024-06-10T11:37:49+00:00","dateModified":"2024-06-10T11:37:51+00:00","breadcrumb":{"@id":"https:\/\/kapitalis.com\/tunisie\/2024\/06\/10\/dr-samir-hamza-nest-plus-le-monde-academique-tunisien-en-deuil\/#breadcrumb"},"inLanguage":"fr-FR","potentialAction":[{"@type":"ReadAction","target":["https:\/\/kapitalis.com\/tunisie\/2024\/06\/10\/dr-samir-hamza-nest-plus-le-monde-academique-tunisien-en-deuil\/"]}]},{"@type":"ImageObject","inLanguage":"fr-FR","@id":"https:\/\/kapitalis.com\/tunisie\/2024\/06\/10\/dr-samir-hamza-nest-plus-le-monde-academique-tunisien-en-deuil\/#primaryimage","url":"https:\/\/kapitalis.com\/tunisie\/wp-content\/uploads\/2024\/06\/Dr-Samir-Hamza.jpg","contentUrl":"https:\/\/kapitalis.com\/tunisie\/wp-content\/uploads\/2024\/06\/Dr-Samir-Hamza.jpg","width":1200,"height":630},{"@type":"BreadcrumbList","@id":"https:\/\/kapitalis.com\/tunisie\/2024\/06\/10\/dr-samir-hamza-nest-plus-le-monde-academique-tunisien-en-deuil\/#breadcrumb","itemListElement":[{"@type":"ListItem","position":1,"name":"Accueil","item":"https:\/\/kapitalis.com\/tunisie\/"},{"@type":"ListItem","position":2,"name":"Dr Samir Hamza n&rsquo;est plus: le monde acad\u00e9mique tunisien en deuil"}]},{"@type":"WebSite","@id":"https:\/\/kapitalis.com\/tunisie\/#website","url":"https:\/\/kapitalis.com\/tunisie\/","name":"Kapitalis","description":"L&#039;actualit\u00e9 en Tunisie et dans le monde","publisher":{"@id":"https:\/\/kapitalis.com\/tunisie\/#organization"},"potentialAction":[{"@type":"SearchAction","target":{"@type":"EntryPoint","urlTemplate":"https:\/\/kapitalis.com\/tunisie\/?s={search_term_string}"},"query-input":{"@type":"PropertyValueSpecification","valueRequired":true,"valueName":"search_term_string"}}],"inLanguage":"fr-FR"},{"@type":"Organization","@id":"https:\/\/kapitalis.com\/tunisie\/#organization","name":"Kapitalis","url":"https:\/\/kapitalis.com\/tunisie\/","logo":{"@type":"ImageObject","inLanguage":"fr-FR","@id":"https:\/\/kapitalis.com\/tunisie\/#\/schema\/logo\/image\/","url":"https:\/\/kapitalis.com\/tunisie\/wp-content\/uploads\/2022\/05\/Kapitalis-big-size.png","contentUrl":"https:\/\/kapitalis.com\/tunisie\/wp-content\/uploads\/2022\/05\/Kapitalis-big-size.png","width":5000,"height":1500,"caption":"Kapitalis"},"image":{"@id":"https:\/\/kapitalis.com\/tunisie\/#\/schema\/logo\/image\/"},"sameAs":["https:\/\/www.facebook.com\/KapitalisInfo\/","https:\/\/x.com\/KapitalisInfo","https:\/\/www.youtube.com\/channel\/UC-yDYrHyfFBWWZaOw3FPg9Q"]},{"@type":"Person","@id":"https:\/\/kapitalis.com\/tunisie\/#\/schema\/person\/d71f33a9ca44f7bad4698210b480c8e9","name":"webmaster kapitalis","url":"https:\/\/kapitalis.com\/tunisie\/author\/webmaster-kapitalis\/"}]}},"_links":{"self":[{"href":"https:\/\/kapitalis.com\/tunisie\/wp-json\/wp\/v2\/posts\/13164802","targetHints":{"allow":["GET"]}}],"collection":[{"href":"https:\/\/kapitalis.com\/tunisie\/wp-json\/wp\/v2\/posts"}],"about":[{"href":"https:\/\/kapitalis.com\/tunisie\/wp-json\/wp\/v2\/types\/post"}],"author":[{"embeddable":true,"href":"https:\/\/kapitalis.com\/tunisie\/wp-json\/wp\/v2\/users\/8"}],"replies":[{"embeddable":true,"href":"https:\/\/kapitalis.com\/tunisie\/wp-json\/wp\/v2\/comments?post=13164802"}],"version-history":[{"count":1,"href":"https:\/\/kapitalis.com\/tunisie\/wp-json\/wp\/v2\/posts\/13164802\/revisions"}],"predecessor-version":[{"id":13165186,"href":"https:\/\/kapitalis.com\/tunisie\/wp-json\/wp\/v2\/posts\/13164802\/revisions\/13165186"}],"wp:featuredmedia":[{"embeddable":true,"href":"https:\/\/kapitalis.com\/tunisie\/wp-json\/wp\/v2\/media\/13165182"}],"wp:attachment":[{"href":"https:\/\/kapitalis.com\/tunisie\/wp-json\/wp\/v2\/media?parent=13164802"}],"wp:term":[{"taxonomy":"category","embeddable":true,"href":"https:\/\/kapitalis.com\/tunisie\/wp-json\/wp\/v2\/categories?post=13164802"},{"taxonomy":"post_tag","embeddable":true,"href":"https:\/\/kapitalis.com\/tunisie\/wp-json\/wp\/v2\/tags?post=13164802"}],"curies":[{"name":"wp","href":"https:\/\/api.w.org\/{rel}","templated":true}]}}