{"id":131672,"date":"2018-01-05T14:05:27","date_gmt":"2018-01-05T13:05:27","guid":{"rendered":"http:\/\/kapitalis.com\/tunisie\/?p=131672"},"modified":"2018-01-05T14:05:27","modified_gmt":"2018-01-05T13:05:27","slug":"abattage-dun-taureau-au-zoo-du-belvedere-la-direction-explique","status":"publish","type":"post","link":"https:\/\/kapitalis.com\/tunisie\/2018\/01\/05\/abattage-dun-taureau-au-zoo-du-belvedere-la-direction-explique\/","title":{"rendered":"Abattage d\u2019un taureau au zoo du Belv\u00e9d\u00e8re : La direction explique"},"content":{"rendered":"<p style=\"text-align: center;\"><img loading=\"lazy\" decoding=\"async\" class=\"alignnone size-full wp-image-131684\" src=\"http:\/\/kapitalis.com\/tunisie\/wp-content\/uploads\/2018\/01\/Belvedre-taurau-abattu-.jpg\" alt=\"\" width=\"626\" height=\"380\" \/><\/p>\n<p><em><strong>Un taureau sauvage a \u00e9t\u00e9 abattu dans son enclos, au zoo du Belv\u00e9d\u00e8re, \u00e0 Tunis, le 3 janvier 2018, sous le regard des visiteurs. La direction du parc explique mais ne convainc pas.<\/strong><\/em><\/p>\n<p><!--more--><\/p>\n<p>Les photos d\u2019un animal abattu dans son enclos ont fait le buzz sur les r\u00e9seaux sociaux et provoqu\u00e9 la col\u00e8re de certains internautes qui ont qualifi\u00e9 cet acte de barbare, l\u2019animal ayant \u00e9t\u00e9 abattu \u00e0 c\u00f4t\u00e9 des autres b\u00eates.<\/p>\n<p>Interrog\u00e9, aujourd&rsquo;hui, vendredi 5 janvier, par Jawhara FM, le directeur du parc Belv\u00e9d\u00e8re, Mahmoud Atiri, a pr\u00e9cis\u00e9 que l\u2019animal a \u00e9t\u00e9 abattu parce qu&rsquo;il est \u00e2g\u00e9 de plus de 20 ans et atteint d\u2019une maladie incurable, et ses jours sont d\u00e9sormais compt\u00e9s, selon le diagnostic des v\u00e9t\u00e9rinaires.<\/p>\n<p>\u00ab<em>On a soulag\u00e9 ses souffrances en l&rsquo;abattant et on a d\u00fb proc\u00e9der \u00e0 l&rsquo;abattage dans l\u2019enclos parce qu&rsquo;il est trop lourd et difficile \u00e0 transporter dans un autre endroit<\/em>\u00bb, a-t-il expliqu\u00e9, ajoutant que la viande servira\u00a0de nourriture aux autres animaux, comme cela se passe d&rsquo;ailleurs dans la nature.<\/p>\n<p>Ces explications n\u2019ont vraiment\u00a0pas convaincu une partie de l\u2019opinion publique, tr\u00e8s sensible \u00e0 la protection des animaux, qui n&rsquo;a pas appr\u00e9ci\u00e9 cette op\u00e9ration violente qui s\u2019est pass\u00e9e sous les yeux des visiteurs, dont de nombreux enfants.<\/p>\n<p style=\"text-align: right;\"><strong>Y. N.<\/strong><\/p>\n","protected":false},"excerpt":{"rendered":"<p>Un taureau sauvage a \u00e9t\u00e9 abattu dans son enclos, au zoo du Belv\u00e9d\u00e8re, \u00e0 Tunis, le 3 janvier 2018, sous le regard des visiteurs. La direction du parc explique mais ne convainc pas.<\/p>\n","protected":false},"author":6,"featured_media":131682,"comment_status":"open","ping_status":"open","sticky":false,"template":"","format":"standard","meta":{"footnotes":""},"categories":[998,2433],"tags":[2488,8437,321,15117,21520,15118],"class_list":["post-131672","post","type-post","status-publish","format-standard","has-post-thumbnail","hentry","category-societe","category-tunisie","tag-animal","tag-animaux","tag-enfants","tag-parc","tag-veterinaires","tag-zoo"],"yoast_head":"<!-- This site is optimized with the Yoast SEO plugin v26.6 - https:\/\/yoast.com\/wordpress\/plugins\/seo\/ -->\n<title>Abattage d\u2019un taureau au zoo du Belv\u00e9d\u00e8re : La direction explique - Kapitalis<\/title>\n<meta name=\"robots\" content=\"index, follow, max-snippet:-1, max-image-preview:large, max-video-preview:-1\" \/>\n<link rel=\"canonical\" href=\"https:\/\/kapitalis.com\/tunisie\/2018\/01\/05\/abattage-dun-taureau-au-zoo-du-belvedere-la-direction-explique\/\" \/>\n<meta property=\"og:locale\" content=\"fr_FR\" \/>\n<meta property=\"og:type\" content=\"article\" \/>\n<meta property=\"og:title\" content=\"Abattage d\u2019un taureau au zoo du Belv\u00e9d\u00e8re : La direction explique - Kapitalis\" \/>\n<meta property=\"og:description\" content=\"Un taureau sauvage a \u00e9t\u00e9 abattu dans son enclos, au zoo du Belv\u00e9d\u00e8re, \u00e0 Tunis, le 3 janvier 2018, sous le regard des visiteurs. La direction du parc explique mais ne convainc pas.\" \/>\n<meta property=\"og:url\" content=\"https:\/\/kapitalis.com\/tunisie\/2018\/01\/05\/abattage-dun-taureau-au-zoo-du-belvedere-la-direction-explique\/\" \/>\n<meta property=\"og:site_name\" content=\"Kapitalis\" \/>\n<meta property=\"article:publisher\" content=\"https:\/\/www.facebook.com\/KapitalisInfo\/\" \/>\n<meta property=\"article:published_time\" content=\"2018-01-05T13:05:27+00:00\" \/>\n<meta property=\"og:image\" content=\"https:\/\/kapitalis.com\/tunisie\/wp-content\/uploads\/2022\/05\/kapitalis-logo-fb.png\" \/>\n\t<meta property=\"og:image:width\" content=\"1200\" \/>\n\t<meta property=\"og:image:height\" content=\"630\" \/>\n\t<meta property=\"og:image:type\" content=\"image\/png\" \/>\n<meta name=\"author\" content=\"Yusra NY\" \/>\n<meta name=\"twitter:card\" content=\"summary_large_image\" \/>\n<meta name=\"twitter:creator\" content=\"@KapitalisInfo\" \/>\n<meta name=\"twitter:site\" content=\"@KapitalisInfo\" \/>\n<meta name=\"twitter:label1\" content=\"\u00c9crit par\" \/>\n\t<meta name=\"twitter:data1\" content=\"Yusra NY\" \/>\n\t<meta name=\"twitter:label2\" content=\"Dur\u00e9e de lecture estim\u00e9e\" \/>\n\t<meta name=\"twitter:data2\" content=\"1 minute\" \/>\n<script type=\"application\/ld+json\" class=\"yoast-schema-graph\">{\"@context\":\"https:\/\/schema.org\",\"@graph\":[{\"@type\":\"Article\",\"@id\":\"https:\/\/kapitalis.com\/tunisie\/2018\/01\/05\/abattage-dun-taureau-au-zoo-du-belvedere-la-direction-explique\/#article\",\"isPartOf\":{\"@id\":\"https:\/\/kapitalis.com\/tunisie\/2018\/01\/05\/abattage-dun-taureau-au-zoo-du-belvedere-la-direction-explique\/\"},\"author\":{\"name\":\"Yusra NY\",\"@id\":\"https:\/\/kapitalis.com\/tunisie\/#\/schema\/person\/74bbde0154d49d790a92aaeac5bc01d5\"},\"headline\":\"Abattage d\u2019un taureau au zoo du Belv\u00e9d\u00e8re : La direction explique\",\"datePublished\":\"2018-01-05T13:05:27+00:00\",\"mainEntityOfPage\":{\"@id\":\"https:\/\/kapitalis.com\/tunisie\/2018\/01\/05\/abattage-dun-taureau-au-zoo-du-belvedere-la-direction-explique\/\"},\"wordCount\":237,\"commentCount\":2,\"publisher\":{\"@id\":\"https:\/\/kapitalis.com\/tunisie\/#organization\"},\"image\":{\"@id\":\"https:\/\/kapitalis.com\/tunisie\/2018\/01\/05\/abattage-dun-taureau-au-zoo-du-belvedere-la-direction-explique\/#primaryimage\"},\"thumbnailUrl\":\"\",\"keywords\":[\"animal\",\"Animaux\",\"enfants\",\"parc\",\"V\u00e9t\u00e9rinaires\",\"zoo\"],\"articleSection\":[\"SOCIETE\",\"Tunisie\"],\"inLanguage\":\"fr-FR\",\"potentialAction\":[{\"@type\":\"CommentAction\",\"name\":\"Comment\",\"target\":[\"https:\/\/kapitalis.com\/tunisie\/2018\/01\/05\/abattage-dun-taureau-au-zoo-du-belvedere-la-direction-explique\/#respond\"]}]},{\"@type\":\"WebPage\",\"@id\":\"https:\/\/kapitalis.com\/tunisie\/2018\/01\/05\/abattage-dun-taureau-au-zoo-du-belvedere-la-direction-explique\/\",\"url\":\"https:\/\/kapitalis.com\/tunisie\/2018\/01\/05\/abattage-dun-taureau-au-zoo-du-belvedere-la-direction-explique\/\",\"name\":\"Abattage d\u2019un taureau au zoo du Belv\u00e9d\u00e8re : La direction explique - Kapitalis\",\"isPartOf\":{\"@id\":\"https:\/\/kapitalis.com\/tunisie\/#website\"},\"primaryImageOfPage\":{\"@id\":\"https:\/\/kapitalis.com\/tunisie\/2018\/01\/05\/abattage-dun-taureau-au-zoo-du-belvedere-la-direction-explique\/#primaryimage\"},\"image\":{\"@id\":\"https:\/\/kapitalis.com\/tunisie\/2018\/01\/05\/abattage-dun-taureau-au-zoo-du-belvedere-la-direction-explique\/#primaryimage\"},\"thumbnailUrl\":\"\",\"datePublished\":\"2018-01-05T13:05:27+00:00\",\"breadcrumb\":{\"@id\":\"https:\/\/kapitalis.com\/tunisie\/2018\/01\/05\/abattage-dun-taureau-au-zoo-du-belvedere-la-direction-explique\/#breadcrumb\"},\"inLanguage\":\"fr-FR\",\"potentialAction\":[{\"@type\":\"ReadAction\",\"target\":[\"https:\/\/kapitalis.com\/tunisie\/2018\/01\/05\/abattage-dun-taureau-au-zoo-du-belvedere-la-direction-explique\/\"]}]},{\"@type\":\"ImageObject\",\"inLanguage\":\"fr-FR\",\"@id\":\"https:\/\/kapitalis.com\/tunisie\/2018\/01\/05\/abattage-dun-taureau-au-zoo-du-belvedere-la-direction-explique\/#primaryimage\",\"url\":\"\",\"contentUrl\":\"\"},{\"@type\":\"BreadcrumbList\",\"@id\":\"https:\/\/kapitalis.com\/tunisie\/2018\/01\/05\/abattage-dun-taureau-au-zoo-du-belvedere-la-direction-explique\/#breadcrumb\",\"itemListElement\":[{\"@type\":\"ListItem\",\"position\":1,\"name\":\"Accueil\",\"item\":\"https:\/\/kapitalis.com\/tunisie\/\"},{\"@type\":\"ListItem\",\"position\":2,\"name\":\"Abattage d\u2019un taureau au zoo du Belv\u00e9d\u00e8re : La direction explique\"}]},{\"@type\":\"WebSite\",\"@id\":\"https:\/\/kapitalis.com\/tunisie\/#website\",\"url\":\"https:\/\/kapitalis.com\/tunisie\/\",\"name\":\"Kapitalis\",\"description\":\"L&#039;actualit\u00e9 en Tunisie et dans le monde\",\"publisher\":{\"@id\":\"https:\/\/kapitalis.com\/tunisie\/#organization\"},\"potentialAction\":[{\"@type\":\"SearchAction\",\"target\":{\"@type\":\"EntryPoint\",\"urlTemplate\":\"https:\/\/kapitalis.com\/tunisie\/?s={search_term_string}\"},\"query-input\":{\"@type\":\"PropertyValueSpecification\",\"valueRequired\":true,\"valueName\":\"search_term_string\"}}],\"inLanguage\":\"fr-FR\"},{\"@type\":\"Organization\",\"@id\":\"https:\/\/kapitalis.com\/tunisie\/#organization\",\"name\":\"Kapitalis\",\"url\":\"https:\/\/kapitalis.com\/tunisie\/\",\"logo\":{\"@type\":\"ImageObject\",\"inLanguage\":\"fr-FR\",\"@id\":\"https:\/\/kapitalis.com\/tunisie\/#\/schema\/logo\/image\/\",\"url\":\"https:\/\/kapitalis.com\/tunisie\/wp-content\/uploads\/2022\/05\/Kapitalis-big-size.png\",\"contentUrl\":\"https:\/\/kapitalis.com\/tunisie\/wp-content\/uploads\/2022\/05\/Kapitalis-big-size.png\",\"width\":5000,\"height\":1500,\"caption\":\"Kapitalis\"},\"image\":{\"@id\":\"https:\/\/kapitalis.com\/tunisie\/#\/schema\/logo\/image\/\"},\"sameAs\":[\"https:\/\/www.facebook.com\/KapitalisInfo\/\",\"https:\/\/x.com\/KapitalisInfo\",\"https:\/\/www.youtube.com\/channel\/UC-yDYrHyfFBWWZaOw3FPg9Q\"]},{\"@type\":\"Person\",\"@id\":\"https:\/\/kapitalis.com\/tunisie\/#\/schema\/person\/74bbde0154d49d790a92aaeac5bc01d5\",\"name\":\"Yusra NY\",\"url\":\"https:\/\/kapitalis.com\/tunisie\/author\/yuza_adam\/\"}]}<\/script>\n<!-- \/ Yoast SEO plugin. -->","yoast_head_json":{"title":"Abattage d\u2019un taureau au zoo du Belv\u00e9d\u00e8re : La direction explique - Kapitalis","robots":{"index":"index","follow":"follow","max-snippet":"max-snippet:-1","max-image-preview":"max-image-preview:large","max-video-preview":"max-video-preview:-1"},"canonical":"https:\/\/kapitalis.com\/tunisie\/2018\/01\/05\/abattage-dun-taureau-au-zoo-du-belvedere-la-direction-explique\/","og_locale":"fr_FR","og_type":"article","og_title":"Abattage d\u2019un taureau au zoo du Belv\u00e9d\u00e8re : La direction explique - Kapitalis","og_description":"Un taureau sauvage a \u00e9t\u00e9 abattu dans son enclos, au zoo du Belv\u00e9d\u00e8re, \u00e0 Tunis, le 3 janvier 2018, sous le regard des visiteurs. La direction du parc explique mais ne convainc pas.","og_url":"https:\/\/kapitalis.com\/tunisie\/2018\/01\/05\/abattage-dun-taureau-au-zoo-du-belvedere-la-direction-explique\/","og_site_name":"Kapitalis","article_publisher":"https:\/\/www.facebook.com\/KapitalisInfo\/","article_published_time":"2018-01-05T13:05:27+00:00","og_image":[{"width":1200,"height":630,"url":"https:\/\/kapitalis.com\/tunisie\/wp-content\/uploads\/2022\/05\/kapitalis-logo-fb.png","type":"image\/png"}],"author":"Yusra NY","twitter_card":"summary_large_image","twitter_creator":"@KapitalisInfo","twitter_site":"@KapitalisInfo","twitter_misc":{"\u00c9crit par":"Yusra NY","Dur\u00e9e de lecture estim\u00e9e":"1 minute"},"schema":{"@context":"https:\/\/schema.org","@graph":[{"@type":"Article","@id":"https:\/\/kapitalis.com\/tunisie\/2018\/01\/05\/abattage-dun-taureau-au-zoo-du-belvedere-la-direction-explique\/#article","isPartOf":{"@id":"https:\/\/kapitalis.com\/tunisie\/2018\/01\/05\/abattage-dun-taureau-au-zoo-du-belvedere-la-direction-explique\/"},"author":{"name":"Yusra NY","@id":"https:\/\/kapitalis.com\/tunisie\/#\/schema\/person\/74bbde0154d49d790a92aaeac5bc01d5"},"headline":"Abattage d\u2019un taureau au zoo du Belv\u00e9d\u00e8re : La direction explique","datePublished":"2018-01-05T13:05:27+00:00","mainEntityOfPage":{"@id":"https:\/\/kapitalis.com\/tunisie\/2018\/01\/05\/abattage-dun-taureau-au-zoo-du-belvedere-la-direction-explique\/"},"wordCount":237,"commentCount":2,"publisher":{"@id":"https:\/\/kapitalis.com\/tunisie\/#organization"},"image":{"@id":"https:\/\/kapitalis.com\/tunisie\/2018\/01\/05\/abattage-dun-taureau-au-zoo-du-belvedere-la-direction-explique\/#primaryimage"},"thumbnailUrl":"","keywords":["animal","Animaux","enfants","parc","V\u00e9t\u00e9rinaires","zoo"],"articleSection":["SOCIETE","Tunisie"],"inLanguage":"fr-FR","potentialAction":[{"@type":"CommentAction","name":"Comment","target":["https:\/\/kapitalis.com\/tunisie\/2018\/01\/05\/abattage-dun-taureau-au-zoo-du-belvedere-la-direction-explique\/#respond"]}]},{"@type":"WebPage","@id":"https:\/\/kapitalis.com\/tunisie\/2018\/01\/05\/abattage-dun-taureau-au-zoo-du-belvedere-la-direction-explique\/","url":"https:\/\/kapitalis.com\/tunisie\/2018\/01\/05\/abattage-dun-taureau-au-zoo-du-belvedere-la-direction-explique\/","name":"Abattage d\u2019un taureau au zoo du Belv\u00e9d\u00e8re : La direction explique - Kapitalis","isPartOf":{"@id":"https:\/\/kapitalis.com\/tunisie\/#website"},"primaryImageOfPage":{"@id":"https:\/\/kapitalis.com\/tunisie\/2018\/01\/05\/abattage-dun-taureau-au-zoo-du-belvedere-la-direction-explique\/#primaryimage"},"image":{"@id":"https:\/\/kapitalis.com\/tunisie\/2018\/01\/05\/abattage-dun-taureau-au-zoo-du-belvedere-la-direction-explique\/#primaryimage"},"thumbnailUrl":"","datePublished":"2018-01-05T13:05:27+00:00","breadcrumb":{"@id":"https:\/\/kapitalis.com\/tunisie\/2018\/01\/05\/abattage-dun-taureau-au-zoo-du-belvedere-la-direction-explique\/#breadcrumb"},"inLanguage":"fr-FR","potentialAction":[{"@type":"ReadAction","target":["https:\/\/kapitalis.com\/tunisie\/2018\/01\/05\/abattage-dun-taureau-au-zoo-du-belvedere-la-direction-explique\/"]}]},{"@type":"ImageObject","inLanguage":"fr-FR","@id":"https:\/\/kapitalis.com\/tunisie\/2018\/01\/05\/abattage-dun-taureau-au-zoo-du-belvedere-la-direction-explique\/#primaryimage","url":"","contentUrl":""},{"@type":"BreadcrumbList","@id":"https:\/\/kapitalis.com\/tunisie\/2018\/01\/05\/abattage-dun-taureau-au-zoo-du-belvedere-la-direction-explique\/#breadcrumb","itemListElement":[{"@type":"ListItem","position":1,"name":"Accueil","item":"https:\/\/kapitalis.com\/tunisie\/"},{"@type":"ListItem","position":2,"name":"Abattage d\u2019un taureau au zoo du Belv\u00e9d\u00e8re : La direction explique"}]},{"@type":"WebSite","@id":"https:\/\/kapitalis.com\/tunisie\/#website","url":"https:\/\/kapitalis.com\/tunisie\/","name":"Kapitalis","description":"L&#039;actualit\u00e9 en Tunisie et dans le monde","publisher":{"@id":"https:\/\/kapitalis.com\/tunisie\/#organization"},"potentialAction":[{"@type":"SearchAction","target":{"@type":"EntryPoint","urlTemplate":"https:\/\/kapitalis.com\/tunisie\/?s={search_term_string}"},"query-input":{"@type":"PropertyValueSpecification","valueRequired":true,"valueName":"search_term_string"}}],"inLanguage":"fr-FR"},{"@type":"Organization","@id":"https:\/\/kapitalis.com\/tunisie\/#organization","name":"Kapitalis","url":"https:\/\/kapitalis.com\/tunisie\/","logo":{"@type":"ImageObject","inLanguage":"fr-FR","@id":"https:\/\/kapitalis.com\/tunisie\/#\/schema\/logo\/image\/","url":"https:\/\/kapitalis.com\/tunisie\/wp-content\/uploads\/2022\/05\/Kapitalis-big-size.png","contentUrl":"https:\/\/kapitalis.com\/tunisie\/wp-content\/uploads\/2022\/05\/Kapitalis-big-size.png","width":5000,"height":1500,"caption":"Kapitalis"},"image":{"@id":"https:\/\/kapitalis.com\/tunisie\/#\/schema\/logo\/image\/"},"sameAs":["https:\/\/www.facebook.com\/KapitalisInfo\/","https:\/\/x.com\/KapitalisInfo","https:\/\/www.youtube.com\/channel\/UC-yDYrHyfFBWWZaOw3FPg9Q"]},{"@type":"Person","@id":"https:\/\/kapitalis.com\/tunisie\/#\/schema\/person\/74bbde0154d49d790a92aaeac5bc01d5","name":"Yusra NY","url":"https:\/\/kapitalis.com\/tunisie\/author\/yuza_adam\/"}]}},"_links":{"self":[{"href":"https:\/\/kapitalis.com\/tunisie\/wp-json\/wp\/v2\/posts\/131672","targetHints":{"allow":["GET"]}}],"collection":[{"href":"https:\/\/kapitalis.com\/tunisie\/wp-json\/wp\/v2\/posts"}],"about":[{"href":"https:\/\/kapitalis.com\/tunisie\/wp-json\/wp\/v2\/types\/post"}],"author":[{"embeddable":true,"href":"https:\/\/kapitalis.com\/tunisie\/wp-json\/wp\/v2\/users\/6"}],"replies":[{"embeddable":true,"href":"https:\/\/kapitalis.com\/tunisie\/wp-json\/wp\/v2\/comments?post=131672"}],"version-history":[{"count":0,"href":"https:\/\/kapitalis.com\/tunisie\/wp-json\/wp\/v2\/posts\/131672\/revisions"}],"wp:featuredmedia":[{"embeddable":true,"href":"https:\/\/kapitalis.com\/tunisie\/wp-json\/wp\/v2\/media\/131682"}],"wp:attachment":[{"href":"https:\/\/kapitalis.com\/tunisie\/wp-json\/wp\/v2\/media?parent=131672"}],"wp:term":[{"taxonomy":"category","embeddable":true,"href":"https:\/\/kapitalis.com\/tunisie\/wp-json\/wp\/v2\/categories?post=131672"},{"taxonomy":"post_tag","embeddable":true,"href":"https:\/\/kapitalis.com\/tunisie\/wp-json\/wp\/v2\/tags?post=131672"}],"curies":[{"name":"wp","href":"https:\/\/api.w.org\/{rel}","templated":true}]}}