{"id":13167360,"date":"2024-06-10T18:47:16","date_gmt":"2024-06-10T17:47:16","guid":{"rendered":"https:\/\/kapitalis.com\/tunisie\/?p=13167360"},"modified":"2024-06-10T18:54:11","modified_gmt":"2024-06-10T17:54:11","slug":"collision-entre-une-voiture-et-une-rame-de-metro-a-la-manouba-precisions-de-la-transtu","status":"publish","type":"post","link":"https:\/\/kapitalis.com\/tunisie\/2024\/06\/10\/collision-entre-une-voiture-et-une-rame-de-metro-a-la-manouba-precisions-de-la-transtu\/","title":{"rendered":"Collision entre une voiture et une rame de m\u00e9tro \u00e0 La Manouba : Pr\u00e9cisions de la Transtu"},"content":{"rendered":"\n<p><em><strong>La Soci\u00e9t\u00e9 des Transports de Tunis (Transtu) a publi\u00e9 un communiqu\u00e9 suite \u00e0 l&rsquo;accident survenu dans la matin\u00e9e de ce lundi 10 juin au niveau du complexe universitaire de La Manouba, impliquant une voiture et une rame de m\u00e9tro de la ligne 4.<\/strong><\/em><\/p>\n\n\n\n<!--more-->\n\n\n\n<p>Dans son communiqu\u00e9, la Transtu indique que l&rsquo;accident, qui a entra\u00een\u00e9 le d\u00e9raillement de la premi\u00e8re voiture du m\u00e9tro et l\u2019interruption de la circulation, a fait deux bless\u00e9s : le conducteur de la voiture et son accompagnateur ont \u00e9t\u00e9 bless\u00e9s et transport\u00e9s \u00e0 l&rsquo;h\u00f4pital.<\/p>\n\n\n\n<p>Selon les premi\u00e8res informations, la voiture s\u2019est engag\u00e9e dans un sens interdit au niveau du croisement avec les rails, ajoute la m\u00eame source, en ajoutant avoir rapidement mis en place des bus pour assurer le transport des passagers entre les stations \u00abSlimane Kahia\u00bb et \u00abKheireddine\u00bb.<\/p>\n\n\n\n<p>\u00ab <em>Une intervention rapide a permis de r\u00e9tablir la circulation sur un seul trajet entre ces stations \u00e0 11h25, avant un retour \u00e0 la normale dans les deux directions \u00e0 12h25<\/em> \u00bb, ajoute encore la Transtu, sachant qu&rsquo;une enqu\u00eate a \u00e9t\u00e9 ouverte afin de d\u00e9terminer les circonstances exactes de cet accident.<\/p>\n\n\n\n<p class=\"has-text-align-right\"><strong>Y. N.<\/strong><\/p>\n","protected":false},"excerpt":{"rendered":"<p>La Soci\u00e9t\u00e9 des Transports de Tunis (Transtu) a publi\u00e9 un communiqu\u00e9 suite \u00e0 l&rsquo;accident survenu dans la matin\u00e9e de ce lundi 10 juin au niveau du complexe universitaire de La Manouba, impliquant une voiture et une rame de m\u00e9tro de la ligne 4.<\/p>\n","protected":false},"author":6,"featured_media":9622002,"comment_status":"closed","ping_status":"open","sticky":false,"template":"","format":"standard","meta":{"footnotes":""},"categories":[998,2433],"tags":[1996,116192,571,3046,5373,4816,64491,62643],"class_list":["post-13167360","post","type-post","status-publish","format-standard","has-post-thumbnail","hentry","category-societe","category-tunisie","tag-collision","tag-ligne-4","tag-manouba","tag-metro","tag-transports","tag-transtu","tag-tunis","tag-tunisie"],"yoast_head":"<!-- This site is optimized with the Yoast SEO plugin v26.6 - https:\/\/yoast.com\/wordpress\/plugins\/seo\/ -->\n<title>Collision entre une voiture et une rame de m\u00e9tro \u00e0 La Manouba : Pr\u00e9cisions de la Transtu - Kapitalis<\/title>\n<meta name=\"robots\" content=\"index, follow, max-snippet:-1, max-image-preview:large, max-video-preview:-1\" \/>\n<link rel=\"canonical\" href=\"https:\/\/kapitalis.com\/tunisie\/2024\/06\/10\/collision-entre-une-voiture-et-une-rame-de-metro-a-la-manouba-precisions-de-la-transtu\/\" \/>\n<meta property=\"og:locale\" content=\"fr_FR\" \/>\n<meta property=\"og:type\" content=\"article\" \/>\n<meta property=\"og:title\" content=\"Collision entre une voiture et une rame de m\u00e9tro \u00e0 La Manouba : Pr\u00e9cisions de la Transtu - Kapitalis\" \/>\n<meta property=\"og:description\" content=\"La Soci\u00e9t\u00e9 des Transports de Tunis (Transtu) a publi\u00e9 un communiqu\u00e9 suite \u00e0 l&rsquo;accident survenu dans la matin\u00e9e de ce lundi 10 juin au niveau du complexe universitaire de La Manouba, impliquant une voiture et une rame de m\u00e9tro de la ligne 4.\" \/>\n<meta property=\"og:url\" content=\"https:\/\/kapitalis.com\/tunisie\/2024\/06\/10\/collision-entre-une-voiture-et-une-rame-de-metro-a-la-manouba-precisions-de-la-transtu\/\" \/>\n<meta property=\"og:site_name\" content=\"Kapitalis\" \/>\n<meta property=\"article:publisher\" content=\"https:\/\/www.facebook.com\/KapitalisInfo\/\" \/>\n<meta property=\"article:published_time\" content=\"2024-06-10T17:47:16+00:00\" \/>\n<meta property=\"article:modified_time\" content=\"2024-06-10T17:54:11+00:00\" \/>\n<meta property=\"og:image\" content=\"https:\/\/kapitalis.com\/tunisie\/wp-content\/uploads\/2023\/09\/Transtu.jpg\" \/>\n\t<meta property=\"og:image:width\" content=\"1200\" \/>\n\t<meta property=\"og:image:height\" content=\"630\" \/>\n\t<meta property=\"og:image:type\" content=\"image\/jpeg\" \/>\n<meta name=\"author\" content=\"Yusra NY\" \/>\n<meta name=\"twitter:card\" content=\"summary_large_image\" \/>\n<meta name=\"twitter:creator\" content=\"@KapitalisInfo\" \/>\n<meta name=\"twitter:site\" content=\"@KapitalisInfo\" \/>\n<meta name=\"twitter:label1\" content=\"\u00c9crit par\" \/>\n\t<meta name=\"twitter:data1\" content=\"Yusra NY\" \/>\n\t<meta name=\"twitter:label2\" content=\"Dur\u00e9e de lecture estim\u00e9e\" \/>\n\t<meta name=\"twitter:data2\" content=\"2 minutes\" \/>\n<script type=\"application\/ld+json\" class=\"yoast-schema-graph\">{\"@context\":\"https:\/\/schema.org\",\"@graph\":[{\"@type\":\"Article\",\"@id\":\"https:\/\/kapitalis.com\/tunisie\/2024\/06\/10\/collision-entre-une-voiture-et-une-rame-de-metro-a-la-manouba-precisions-de-la-transtu\/#article\",\"isPartOf\":{\"@id\":\"https:\/\/kapitalis.com\/tunisie\/2024\/06\/10\/collision-entre-une-voiture-et-une-rame-de-metro-a-la-manouba-precisions-de-la-transtu\/\"},\"author\":{\"name\":\"Yusra NY\",\"@id\":\"https:\/\/kapitalis.com\/tunisie\/#\/schema\/person\/74bbde0154d49d790a92aaeac5bc01d5\"},\"headline\":\"Collision entre une voiture et une rame de m\u00e9tro \u00e0 La Manouba : Pr\u00e9cisions de la Transtu\",\"datePublished\":\"2024-06-10T17:47:16+00:00\",\"dateModified\":\"2024-06-10T17:54:11+00:00\",\"mainEntityOfPage\":{\"@id\":\"https:\/\/kapitalis.com\/tunisie\/2024\/06\/10\/collision-entre-une-voiture-et-une-rame-de-metro-a-la-manouba-precisions-de-la-transtu\/\"},\"wordCount\":211,\"publisher\":{\"@id\":\"https:\/\/kapitalis.com\/tunisie\/#organization\"},\"image\":{\"@id\":\"https:\/\/kapitalis.com\/tunisie\/2024\/06\/10\/collision-entre-une-voiture-et-une-rame-de-metro-a-la-manouba-precisions-de-la-transtu\/#primaryimage\"},\"thumbnailUrl\":\"https:\/\/kapitalis.com\/tunisie\/wp-content\/uploads\/2023\/09\/Transtu.jpg\",\"keywords\":[\"collision\",\"ligne 4\",\"Manouba\",\"m\u00e9tro\",\"Transports\",\"Transtu\",\"Tunis\",\"Tunisie\"],\"articleSection\":[\"SOCIETE\",\"Tunisie\"],\"inLanguage\":\"fr-FR\"},{\"@type\":\"WebPage\",\"@id\":\"https:\/\/kapitalis.com\/tunisie\/2024\/06\/10\/collision-entre-une-voiture-et-une-rame-de-metro-a-la-manouba-precisions-de-la-transtu\/\",\"url\":\"https:\/\/kapitalis.com\/tunisie\/2024\/06\/10\/collision-entre-une-voiture-et-une-rame-de-metro-a-la-manouba-precisions-de-la-transtu\/\",\"name\":\"Collision entre une voiture et une rame de m\u00e9tro \u00e0 La Manouba : Pr\u00e9cisions de la Transtu - Kapitalis\",\"isPartOf\":{\"@id\":\"https:\/\/kapitalis.com\/tunisie\/#website\"},\"primaryImageOfPage\":{\"@id\":\"https:\/\/kapitalis.com\/tunisie\/2024\/06\/10\/collision-entre-une-voiture-et-une-rame-de-metro-a-la-manouba-precisions-de-la-transtu\/#primaryimage\"},\"image\":{\"@id\":\"https:\/\/kapitalis.com\/tunisie\/2024\/06\/10\/collision-entre-une-voiture-et-une-rame-de-metro-a-la-manouba-precisions-de-la-transtu\/#primaryimage\"},\"thumbnailUrl\":\"https:\/\/kapitalis.com\/tunisie\/wp-content\/uploads\/2023\/09\/Transtu.jpg\",\"datePublished\":\"2024-06-10T17:47:16+00:00\",\"dateModified\":\"2024-06-10T17:54:11+00:00\",\"breadcrumb\":{\"@id\":\"https:\/\/kapitalis.com\/tunisie\/2024\/06\/10\/collision-entre-une-voiture-et-une-rame-de-metro-a-la-manouba-precisions-de-la-transtu\/#breadcrumb\"},\"inLanguage\":\"fr-FR\",\"potentialAction\":[{\"@type\":\"ReadAction\",\"target\":[\"https:\/\/kapitalis.com\/tunisie\/2024\/06\/10\/collision-entre-une-voiture-et-une-rame-de-metro-a-la-manouba-precisions-de-la-transtu\/\"]}]},{\"@type\":\"ImageObject\",\"inLanguage\":\"fr-FR\",\"@id\":\"https:\/\/kapitalis.com\/tunisie\/2024\/06\/10\/collision-entre-une-voiture-et-une-rame-de-metro-a-la-manouba-precisions-de-la-transtu\/#primaryimage\",\"url\":\"https:\/\/kapitalis.com\/tunisie\/wp-content\/uploads\/2023\/09\/Transtu.jpg\",\"contentUrl\":\"https:\/\/kapitalis.com\/tunisie\/wp-content\/uploads\/2023\/09\/Transtu.jpg\",\"width\":1200,\"height\":630},{\"@type\":\"BreadcrumbList\",\"@id\":\"https:\/\/kapitalis.com\/tunisie\/2024\/06\/10\/collision-entre-une-voiture-et-une-rame-de-metro-a-la-manouba-precisions-de-la-transtu\/#breadcrumb\",\"itemListElement\":[{\"@type\":\"ListItem\",\"position\":1,\"name\":\"Accueil\",\"item\":\"https:\/\/kapitalis.com\/tunisie\/\"},{\"@type\":\"ListItem\",\"position\":2,\"name\":\"Collision entre une voiture et une rame de m\u00e9tro \u00e0 La Manouba : Pr\u00e9cisions de la Transtu\"}]},{\"@type\":\"WebSite\",\"@id\":\"https:\/\/kapitalis.com\/tunisie\/#website\",\"url\":\"https:\/\/kapitalis.com\/tunisie\/\",\"name\":\"Kapitalis\",\"description\":\"L&#039;actualit\u00e9 en Tunisie et dans le monde\",\"publisher\":{\"@id\":\"https:\/\/kapitalis.com\/tunisie\/#organization\"},\"potentialAction\":[{\"@type\":\"SearchAction\",\"target\":{\"@type\":\"EntryPoint\",\"urlTemplate\":\"https:\/\/kapitalis.com\/tunisie\/?s={search_term_string}\"},\"query-input\":{\"@type\":\"PropertyValueSpecification\",\"valueRequired\":true,\"valueName\":\"search_term_string\"}}],\"inLanguage\":\"fr-FR\"},{\"@type\":\"Organization\",\"@id\":\"https:\/\/kapitalis.com\/tunisie\/#organization\",\"name\":\"Kapitalis\",\"url\":\"https:\/\/kapitalis.com\/tunisie\/\",\"logo\":{\"@type\":\"ImageObject\",\"inLanguage\":\"fr-FR\",\"@id\":\"https:\/\/kapitalis.com\/tunisie\/#\/schema\/logo\/image\/\",\"url\":\"https:\/\/kapitalis.com\/tunisie\/wp-content\/uploads\/2022\/05\/Kapitalis-big-size.png\",\"contentUrl\":\"https:\/\/kapitalis.com\/tunisie\/wp-content\/uploads\/2022\/05\/Kapitalis-big-size.png\",\"width\":5000,\"height\":1500,\"caption\":\"Kapitalis\"},\"image\":{\"@id\":\"https:\/\/kapitalis.com\/tunisie\/#\/schema\/logo\/image\/\"},\"sameAs\":[\"https:\/\/www.facebook.com\/KapitalisInfo\/\",\"https:\/\/x.com\/KapitalisInfo\",\"https:\/\/www.youtube.com\/channel\/UC-yDYrHyfFBWWZaOw3FPg9Q\"]},{\"@type\":\"Person\",\"@id\":\"https:\/\/kapitalis.com\/tunisie\/#\/schema\/person\/74bbde0154d49d790a92aaeac5bc01d5\",\"name\":\"Yusra NY\",\"url\":\"https:\/\/kapitalis.com\/tunisie\/author\/yuza_adam\/\"}]}<\/script>\n<!-- \/ Yoast SEO plugin. -->","yoast_head_json":{"title":"Collision entre une voiture et une rame de m\u00e9tro \u00e0 La Manouba : Pr\u00e9cisions de la Transtu - Kapitalis","robots":{"index":"index","follow":"follow","max-snippet":"max-snippet:-1","max-image-preview":"max-image-preview:large","max-video-preview":"max-video-preview:-1"},"canonical":"https:\/\/kapitalis.com\/tunisie\/2024\/06\/10\/collision-entre-une-voiture-et-une-rame-de-metro-a-la-manouba-precisions-de-la-transtu\/","og_locale":"fr_FR","og_type":"article","og_title":"Collision entre une voiture et une rame de m\u00e9tro \u00e0 La Manouba : Pr\u00e9cisions de la Transtu - Kapitalis","og_description":"La Soci\u00e9t\u00e9 des Transports de Tunis (Transtu) a publi\u00e9 un communiqu\u00e9 suite \u00e0 l&rsquo;accident survenu dans la matin\u00e9e de ce lundi 10 juin au niveau du complexe universitaire de La Manouba, impliquant une voiture et une rame de m\u00e9tro de la ligne 4.","og_url":"https:\/\/kapitalis.com\/tunisie\/2024\/06\/10\/collision-entre-une-voiture-et-une-rame-de-metro-a-la-manouba-precisions-de-la-transtu\/","og_site_name":"Kapitalis","article_publisher":"https:\/\/www.facebook.com\/KapitalisInfo\/","article_published_time":"2024-06-10T17:47:16+00:00","article_modified_time":"2024-06-10T17:54:11+00:00","og_image":[{"width":1200,"height":630,"url":"https:\/\/kapitalis.com\/tunisie\/wp-content\/uploads\/2023\/09\/Transtu.jpg","type":"image\/jpeg"}],"author":"Yusra NY","twitter_card":"summary_large_image","twitter_creator":"@KapitalisInfo","twitter_site":"@KapitalisInfo","twitter_misc":{"\u00c9crit par":"Yusra NY","Dur\u00e9e de lecture estim\u00e9e":"2 minutes"},"schema":{"@context":"https:\/\/schema.org","@graph":[{"@type":"Article","@id":"https:\/\/kapitalis.com\/tunisie\/2024\/06\/10\/collision-entre-une-voiture-et-une-rame-de-metro-a-la-manouba-precisions-de-la-transtu\/#article","isPartOf":{"@id":"https:\/\/kapitalis.com\/tunisie\/2024\/06\/10\/collision-entre-une-voiture-et-une-rame-de-metro-a-la-manouba-precisions-de-la-transtu\/"},"author":{"name":"Yusra NY","@id":"https:\/\/kapitalis.com\/tunisie\/#\/schema\/person\/74bbde0154d49d790a92aaeac5bc01d5"},"headline":"Collision entre une voiture et une rame de m\u00e9tro \u00e0 La Manouba : Pr\u00e9cisions de la Transtu","datePublished":"2024-06-10T17:47:16+00:00","dateModified":"2024-06-10T17:54:11+00:00","mainEntityOfPage":{"@id":"https:\/\/kapitalis.com\/tunisie\/2024\/06\/10\/collision-entre-une-voiture-et-une-rame-de-metro-a-la-manouba-precisions-de-la-transtu\/"},"wordCount":211,"publisher":{"@id":"https:\/\/kapitalis.com\/tunisie\/#organization"},"image":{"@id":"https:\/\/kapitalis.com\/tunisie\/2024\/06\/10\/collision-entre-une-voiture-et-une-rame-de-metro-a-la-manouba-precisions-de-la-transtu\/#primaryimage"},"thumbnailUrl":"https:\/\/kapitalis.com\/tunisie\/wp-content\/uploads\/2023\/09\/Transtu.jpg","keywords":["collision","ligne 4","Manouba","m\u00e9tro","Transports","Transtu","Tunis","Tunisie"],"articleSection":["SOCIETE","Tunisie"],"inLanguage":"fr-FR"},{"@type":"WebPage","@id":"https:\/\/kapitalis.com\/tunisie\/2024\/06\/10\/collision-entre-une-voiture-et-une-rame-de-metro-a-la-manouba-precisions-de-la-transtu\/","url":"https:\/\/kapitalis.com\/tunisie\/2024\/06\/10\/collision-entre-une-voiture-et-une-rame-de-metro-a-la-manouba-precisions-de-la-transtu\/","name":"Collision entre une voiture et une rame de m\u00e9tro \u00e0 La Manouba : Pr\u00e9cisions de la Transtu - Kapitalis","isPartOf":{"@id":"https:\/\/kapitalis.com\/tunisie\/#website"},"primaryImageOfPage":{"@id":"https:\/\/kapitalis.com\/tunisie\/2024\/06\/10\/collision-entre-une-voiture-et-une-rame-de-metro-a-la-manouba-precisions-de-la-transtu\/#primaryimage"},"image":{"@id":"https:\/\/kapitalis.com\/tunisie\/2024\/06\/10\/collision-entre-une-voiture-et-une-rame-de-metro-a-la-manouba-precisions-de-la-transtu\/#primaryimage"},"thumbnailUrl":"https:\/\/kapitalis.com\/tunisie\/wp-content\/uploads\/2023\/09\/Transtu.jpg","datePublished":"2024-06-10T17:47:16+00:00","dateModified":"2024-06-10T17:54:11+00:00","breadcrumb":{"@id":"https:\/\/kapitalis.com\/tunisie\/2024\/06\/10\/collision-entre-une-voiture-et-une-rame-de-metro-a-la-manouba-precisions-de-la-transtu\/#breadcrumb"},"inLanguage":"fr-FR","potentialAction":[{"@type":"ReadAction","target":["https:\/\/kapitalis.com\/tunisie\/2024\/06\/10\/collision-entre-une-voiture-et-une-rame-de-metro-a-la-manouba-precisions-de-la-transtu\/"]}]},{"@type":"ImageObject","inLanguage":"fr-FR","@id":"https:\/\/kapitalis.com\/tunisie\/2024\/06\/10\/collision-entre-une-voiture-et-une-rame-de-metro-a-la-manouba-precisions-de-la-transtu\/#primaryimage","url":"https:\/\/kapitalis.com\/tunisie\/wp-content\/uploads\/2023\/09\/Transtu.jpg","contentUrl":"https:\/\/kapitalis.com\/tunisie\/wp-content\/uploads\/2023\/09\/Transtu.jpg","width":1200,"height":630},{"@type":"BreadcrumbList","@id":"https:\/\/kapitalis.com\/tunisie\/2024\/06\/10\/collision-entre-une-voiture-et-une-rame-de-metro-a-la-manouba-precisions-de-la-transtu\/#breadcrumb","itemListElement":[{"@type":"ListItem","position":1,"name":"Accueil","item":"https:\/\/kapitalis.com\/tunisie\/"},{"@type":"ListItem","position":2,"name":"Collision entre une voiture et une rame de m\u00e9tro \u00e0 La Manouba : Pr\u00e9cisions de la Transtu"}]},{"@type":"WebSite","@id":"https:\/\/kapitalis.com\/tunisie\/#website","url":"https:\/\/kapitalis.com\/tunisie\/","name":"Kapitalis","description":"L&#039;actualit\u00e9 en Tunisie et dans le monde","publisher":{"@id":"https:\/\/kapitalis.com\/tunisie\/#organization"},"potentialAction":[{"@type":"SearchAction","target":{"@type":"EntryPoint","urlTemplate":"https:\/\/kapitalis.com\/tunisie\/?s={search_term_string}"},"query-input":{"@type":"PropertyValueSpecification","valueRequired":true,"valueName":"search_term_string"}}],"inLanguage":"fr-FR"},{"@type":"Organization","@id":"https:\/\/kapitalis.com\/tunisie\/#organization","name":"Kapitalis","url":"https:\/\/kapitalis.com\/tunisie\/","logo":{"@type":"ImageObject","inLanguage":"fr-FR","@id":"https:\/\/kapitalis.com\/tunisie\/#\/schema\/logo\/image\/","url":"https:\/\/kapitalis.com\/tunisie\/wp-content\/uploads\/2022\/05\/Kapitalis-big-size.png","contentUrl":"https:\/\/kapitalis.com\/tunisie\/wp-content\/uploads\/2022\/05\/Kapitalis-big-size.png","width":5000,"height":1500,"caption":"Kapitalis"},"image":{"@id":"https:\/\/kapitalis.com\/tunisie\/#\/schema\/logo\/image\/"},"sameAs":["https:\/\/www.facebook.com\/KapitalisInfo\/","https:\/\/x.com\/KapitalisInfo","https:\/\/www.youtube.com\/channel\/UC-yDYrHyfFBWWZaOw3FPg9Q"]},{"@type":"Person","@id":"https:\/\/kapitalis.com\/tunisie\/#\/schema\/person\/74bbde0154d49d790a92aaeac5bc01d5","name":"Yusra NY","url":"https:\/\/kapitalis.com\/tunisie\/author\/yuza_adam\/"}]}},"_links":{"self":[{"href":"https:\/\/kapitalis.com\/tunisie\/wp-json\/wp\/v2\/posts\/13167360","targetHints":{"allow":["GET"]}}],"collection":[{"href":"https:\/\/kapitalis.com\/tunisie\/wp-json\/wp\/v2\/posts"}],"about":[{"href":"https:\/\/kapitalis.com\/tunisie\/wp-json\/wp\/v2\/types\/post"}],"author":[{"embeddable":true,"href":"https:\/\/kapitalis.com\/tunisie\/wp-json\/wp\/v2\/users\/6"}],"replies":[{"embeddable":true,"href":"https:\/\/kapitalis.com\/tunisie\/wp-json\/wp\/v2\/comments?post=13167360"}],"version-history":[{"count":2,"href":"https:\/\/kapitalis.com\/tunisie\/wp-json\/wp\/v2\/posts\/13167360\/revisions"}],"predecessor-version":[{"id":13167374,"href":"https:\/\/kapitalis.com\/tunisie\/wp-json\/wp\/v2\/posts\/13167360\/revisions\/13167374"}],"wp:featuredmedia":[{"embeddable":true,"href":"https:\/\/kapitalis.com\/tunisie\/wp-json\/wp\/v2\/media\/9622002"}],"wp:attachment":[{"href":"https:\/\/kapitalis.com\/tunisie\/wp-json\/wp\/v2\/media?parent=13167360"}],"wp:term":[{"taxonomy":"category","embeddable":true,"href":"https:\/\/kapitalis.com\/tunisie\/wp-json\/wp\/v2\/categories?post=13167360"},{"taxonomy":"post_tag","embeddable":true,"href":"https:\/\/kapitalis.com\/tunisie\/wp-json\/wp\/v2\/tags?post=13167360"}],"curies":[{"name":"wp","href":"https:\/\/api.w.org\/{rel}","templated":true}]}}