{"id":131859,"date":"2018-01-06T12:38:35","date_gmt":"2018-01-06T11:38:35","guid":{"rendered":"http:\/\/kapitalis.com\/tunisie\/?p=131859"},"modified":"2018-01-06T12:42:44","modified_gmt":"2018-01-06T11:42:44","slug":"californie-le-corps-de-hamdy-rapatrie-aujourdhui-en-tunisie","status":"publish","type":"post","link":"https:\/\/kapitalis.com\/tunisie\/2018\/01\/06\/californie-le-corps-de-hamdy-rapatrie-aujourdhui-en-tunisie\/","title":{"rendered":"Californie : Le corps de Hamdy rapatri\u00e9 aujourd\u2019hui en Tunisie"},"content":{"rendered":"<p style=\"text-align: center;\"><img loading=\"lazy\" decoding=\"async\" class=\"alignnone size-full wp-image-131867\" src=\"http:\/\/kapitalis.com\/tunisie\/wp-content\/uploads\/2018\/01\/Californie-tunisien-ses-2-filles-suicide-meurtre.jpg\" alt=\"\" width=\"626\" height=\"380\" \/><\/p>\n<p style=\"text-align: center;\"><em>Enterrement des deux fillettes \u00e0 Sacramento.<\/em><\/p>\n<p><em><strong>Le corps de Hamdy Rouin sera rapatri\u00e9, ce samedi 6 janvier 2018, en Tunisie, pour \u00eatre inhum\u00e9, demain, \u00e0 Monastir.\u00a0Deux jours apr\u00e8s l\u2019enterrement de ses 2 filles, en Californie. <\/strong><\/em><\/p>\n<p><!--more--><\/p>\n<p>Le Tunisien de 46 ans avait \u00e9t\u00e9 retrouv\u00e9 mort, dans la nuit du 31 d\u00e9cembre 2017, avec ses 2 filles de 9 et 12 ans, dans sa voiture, \u00e0 Sacramento, capitale de la Californie (Etats-unis).<\/p>\n<p>Sophia et Sara ont \u00e9t\u00e9 enterr\u00e9es, le 4 janvier, au cimeti\u00e8re musulman de Sacramento, apr\u00e8s une c\u00e9r\u00e9monie organis\u00e9e par la communaut\u00e9 musulmane du Centre islamique de Salam (CIS), auquel leur maman, Amy Hunter, est affili\u00e9e.<\/p>\n<p>Rappelons que la police am\u00e9ricaine avait confirm\u00e9 que Hamdy Rouin avait tu\u00e9 ses filles avant de se suicider. Un acte irr\u00e9parable qui serait motiv\u00e9 par un probl\u00e8me de garde parentale qui opposait Hamdy et Amy depuis leur divorce en 2016.<\/p>\n<p>Cependant, la famille du Tunisien r\u00e9fute cette version et pense que du gaz s\u2019est \u00e9chapp\u00e9 de la voiture qui a tu\u00e9 le p\u00e8re et ses fillettes qu\u2019il \u00ab<em>aimait plus que tout<\/em>\u00bb, disent-ils.<\/p>\n<p>Ce n&rsquo;est malheureusement pas la conclusion des m\u00e9decins l\u00e9gistes am\u00e9ricains, auxquels on peut tout de m\u00eame faire confiance.<\/p>\n<p style=\"text-align: right;\"><strong>Y. N.<\/strong><\/p>\n<blockquote class=\"wp-embedded-content\" data-secret=\"X2uEi9FhD1\"><p><a href=\"https:\/\/kapitalis.com\/tunisie\/2018\/01\/03\/californie-tunisien-retrouve-morts-voiture\/\">Californie : Un Tunisien et ses 2 enfants retrouv\u00e9s morts dans leur voiture<\/a><\/p><\/blockquote>\n<p><iframe loading=\"lazy\" class=\"wp-embedded-content\" sandbox=\"allow-scripts\" security=\"restricted\" style=\"position: absolute; clip: rect(1px, 1px, 1px, 1px);\" title=\"\u00ab\u00a0Californie : Un Tunisien et ses 2 enfants retrouv\u00e9s morts dans leur voiture\u00a0\u00bb &#8212; Kapitalis\" src=\"https:\/\/kapitalis.com\/tunisie\/2018\/01\/03\/californie-tunisien-retrouve-morts-voiture\/embed\/#?secret=PjZCbbiZXq#?secret=X2uEi9FhD1\" data-secret=\"X2uEi9FhD1\" width=\"600\" height=\"338\" frameborder=\"0\" marginwidth=\"0\" marginheight=\"0\" scrolling=\"no\"><\/iframe><\/p>\n<blockquote class=\"wp-embedded-content\" data-secret=\"sfDmBjV3aU\"><p><a href=\"https:\/\/kapitalis.com\/tunisie\/2018\/01\/05\/tunisien-et-ses-filles-retrouves-morts-en-californie-le-meurtre-suicide-confirme\/\">Tunisien et ses filles retrouv\u00e9s morts en Californie : Le meurtre-suicide confirm\u00e9<\/a><\/p><\/blockquote>\n<p><iframe loading=\"lazy\" class=\"wp-embedded-content\" sandbox=\"allow-scripts\" security=\"restricted\" style=\"position: absolute; clip: rect(1px, 1px, 1px, 1px);\" title=\"\u00ab\u00a0Tunisien et ses filles retrouv\u00e9s morts en Californie : Le meurtre-suicide confirm\u00e9\u00a0\u00bb &#8212; Kapitalis\" src=\"https:\/\/kapitalis.com\/tunisie\/2018\/01\/05\/tunisien-et-ses-filles-retrouves-morts-en-californie-le-meurtre-suicide-confirme\/embed\/#?secret=yxSkK1m0H2#?secret=sfDmBjV3aU\" data-secret=\"sfDmBjV3aU\" width=\"600\" height=\"338\" frameborder=\"0\" marginwidth=\"0\" marginheight=\"0\" scrolling=\"no\"><\/iframe><\/p>\n","protected":false},"excerpt":{"rendered":"<p>Enterrement des deux fillettes \u00e0 Sacramento. Le corps de Hamdy Rouin sera rapatri\u00e9, ce samedi 6 janvier 2018, en Tunisie, pour \u00eatre inhum\u00e9, demain, \u00e0 Monastir.\u00a0Deux jours apr\u00e8s l\u2019enterrement de ses 2 filles, en Californie.<\/p>\n","protected":false},"author":6,"featured_media":131867,"comment_status":"open","ping_status":"open","sticky":false,"template":"","format":"standard","meta":{"footnotes":""},"categories":[998,2433],"tags":[6094,604,633,865,931],"class_list":["post-131859","post","type-post","status-publish","format-standard","has-post-thumbnail","hentry","category-societe","category-tunisie","tag-californie","tag-meurtre","tag-monastir","tag-suicide","tag-tunisien"],"yoast_head":"<!-- This site is optimized with the Yoast SEO plugin v26.6 - https:\/\/yoast.com\/wordpress\/plugins\/seo\/ -->\n<title>Californie : Le corps de Hamdy rapatri\u00e9 aujourd\u2019hui en Tunisie - Kapitalis<\/title>\n<meta name=\"robots\" content=\"index, follow, max-snippet:-1, max-image-preview:large, max-video-preview:-1\" \/>\n<link rel=\"canonical\" href=\"https:\/\/kapitalis.com\/tunisie\/2018\/01\/06\/californie-le-corps-de-hamdy-rapatrie-aujourdhui-en-tunisie\/\" \/>\n<meta property=\"og:locale\" content=\"fr_FR\" \/>\n<meta property=\"og:type\" content=\"article\" \/>\n<meta property=\"og:title\" content=\"Californie : Le corps de Hamdy rapatri\u00e9 aujourd\u2019hui en Tunisie - Kapitalis\" \/>\n<meta property=\"og:description\" content=\"Enterrement des deux fillettes \u00e0 Sacramento. Le corps de Hamdy Rouin sera rapatri\u00e9, ce samedi 6 janvier 2018, en Tunisie, pour \u00eatre inhum\u00e9, demain, \u00e0 Monastir.\u00a0Deux jours apr\u00e8s l\u2019enterrement de ses 2 filles, en Californie.\" \/>\n<meta property=\"og:url\" content=\"https:\/\/kapitalis.com\/tunisie\/2018\/01\/06\/californie-le-corps-de-hamdy-rapatrie-aujourdhui-en-tunisie\/\" \/>\n<meta property=\"og:site_name\" content=\"Kapitalis\" \/>\n<meta property=\"article:publisher\" content=\"https:\/\/www.facebook.com\/KapitalisInfo\/\" \/>\n<meta property=\"article:published_time\" content=\"2018-01-06T11:38:35+00:00\" \/>\n<meta property=\"article:modified_time\" content=\"2018-01-06T11:42:44+00:00\" \/>\n<meta property=\"og:image\" content=\"https:\/\/kapitalis.com\/tunisie\/wp-content\/uploads\/2022\/05\/kapitalis-logo-fb.png\" \/>\n\t<meta property=\"og:image:width\" content=\"1200\" \/>\n\t<meta property=\"og:image:height\" content=\"630\" \/>\n\t<meta property=\"og:image:type\" content=\"image\/png\" \/>\n<meta name=\"author\" content=\"Yusra NY\" \/>\n<meta name=\"twitter:card\" content=\"summary_large_image\" \/>\n<meta name=\"twitter:creator\" content=\"@KapitalisInfo\" \/>\n<meta name=\"twitter:site\" content=\"@KapitalisInfo\" \/>\n<meta name=\"twitter:label1\" content=\"\u00c9crit par\" \/>\n\t<meta name=\"twitter:data1\" content=\"Yusra NY\" \/>\n\t<meta name=\"twitter:label2\" content=\"Dur\u00e9e de lecture estim\u00e9e\" \/>\n\t<meta name=\"twitter:data2\" content=\"1 minute\" \/>\n<script type=\"application\/ld+json\" class=\"yoast-schema-graph\">{\"@context\":\"https:\/\/schema.org\",\"@graph\":[{\"@type\":\"Article\",\"@id\":\"https:\/\/kapitalis.com\/tunisie\/2018\/01\/06\/californie-le-corps-de-hamdy-rapatrie-aujourdhui-en-tunisie\/#article\",\"isPartOf\":{\"@id\":\"https:\/\/kapitalis.com\/tunisie\/2018\/01\/06\/californie-le-corps-de-hamdy-rapatrie-aujourdhui-en-tunisie\/\"},\"author\":{\"name\":\"Yusra NY\",\"@id\":\"https:\/\/kapitalis.com\/tunisie\/#\/schema\/person\/74bbde0154d49d790a92aaeac5bc01d5\"},\"headline\":\"Californie : Le corps de Hamdy rapatri\u00e9 aujourd\u2019hui en Tunisie\",\"datePublished\":\"2018-01-06T11:38:35+00:00\",\"dateModified\":\"2018-01-06T11:42:44+00:00\",\"mainEntityOfPage\":{\"@id\":\"https:\/\/kapitalis.com\/tunisie\/2018\/01\/06\/californie-le-corps-de-hamdy-rapatrie-aujourdhui-en-tunisie\/\"},\"wordCount\":225,\"commentCount\":2,\"publisher\":{\"@id\":\"https:\/\/kapitalis.com\/tunisie\/#organization\"},\"image\":{\"@id\":\"https:\/\/kapitalis.com\/tunisie\/2018\/01\/06\/californie-le-corps-de-hamdy-rapatrie-aujourdhui-en-tunisie\/#primaryimage\"},\"thumbnailUrl\":\"\",\"keywords\":[\"Californie\",\"meurtre\",\"Monastir\",\"suicide\",\"Tunisien\"],\"articleSection\":[\"SOCIETE\",\"Tunisie\"],\"inLanguage\":\"fr-FR\",\"potentialAction\":[{\"@type\":\"CommentAction\",\"name\":\"Comment\",\"target\":[\"https:\/\/kapitalis.com\/tunisie\/2018\/01\/06\/californie-le-corps-de-hamdy-rapatrie-aujourdhui-en-tunisie\/#respond\"]}]},{\"@type\":\"WebPage\",\"@id\":\"https:\/\/kapitalis.com\/tunisie\/2018\/01\/06\/californie-le-corps-de-hamdy-rapatrie-aujourdhui-en-tunisie\/\",\"url\":\"https:\/\/kapitalis.com\/tunisie\/2018\/01\/06\/californie-le-corps-de-hamdy-rapatrie-aujourdhui-en-tunisie\/\",\"name\":\"Californie : Le corps de Hamdy rapatri\u00e9 aujourd\u2019hui en Tunisie - Kapitalis\",\"isPartOf\":{\"@id\":\"https:\/\/kapitalis.com\/tunisie\/#website\"},\"primaryImageOfPage\":{\"@id\":\"https:\/\/kapitalis.com\/tunisie\/2018\/01\/06\/californie-le-corps-de-hamdy-rapatrie-aujourdhui-en-tunisie\/#primaryimage\"},\"image\":{\"@id\":\"https:\/\/kapitalis.com\/tunisie\/2018\/01\/06\/californie-le-corps-de-hamdy-rapatrie-aujourdhui-en-tunisie\/#primaryimage\"},\"thumbnailUrl\":\"\",\"datePublished\":\"2018-01-06T11:38:35+00:00\",\"dateModified\":\"2018-01-06T11:42:44+00:00\",\"breadcrumb\":{\"@id\":\"https:\/\/kapitalis.com\/tunisie\/2018\/01\/06\/californie-le-corps-de-hamdy-rapatrie-aujourdhui-en-tunisie\/#breadcrumb\"},\"inLanguage\":\"fr-FR\",\"potentialAction\":[{\"@type\":\"ReadAction\",\"target\":[\"https:\/\/kapitalis.com\/tunisie\/2018\/01\/06\/californie-le-corps-de-hamdy-rapatrie-aujourdhui-en-tunisie\/\"]}]},{\"@type\":\"ImageObject\",\"inLanguage\":\"fr-FR\",\"@id\":\"https:\/\/kapitalis.com\/tunisie\/2018\/01\/06\/californie-le-corps-de-hamdy-rapatrie-aujourdhui-en-tunisie\/#primaryimage\",\"url\":\"\",\"contentUrl\":\"\"},{\"@type\":\"BreadcrumbList\",\"@id\":\"https:\/\/kapitalis.com\/tunisie\/2018\/01\/06\/californie-le-corps-de-hamdy-rapatrie-aujourdhui-en-tunisie\/#breadcrumb\",\"itemListElement\":[{\"@type\":\"ListItem\",\"position\":1,\"name\":\"Accueil\",\"item\":\"https:\/\/kapitalis.com\/tunisie\/\"},{\"@type\":\"ListItem\",\"position\":2,\"name\":\"Californie : Le corps de Hamdy rapatri\u00e9 aujourd\u2019hui en Tunisie\"}]},{\"@type\":\"WebSite\",\"@id\":\"https:\/\/kapitalis.com\/tunisie\/#website\",\"url\":\"https:\/\/kapitalis.com\/tunisie\/\",\"name\":\"Kapitalis\",\"description\":\"L&#039;actualit\u00e9 en Tunisie et dans le monde\",\"publisher\":{\"@id\":\"https:\/\/kapitalis.com\/tunisie\/#organization\"},\"potentialAction\":[{\"@type\":\"SearchAction\",\"target\":{\"@type\":\"EntryPoint\",\"urlTemplate\":\"https:\/\/kapitalis.com\/tunisie\/?s={search_term_string}\"},\"query-input\":{\"@type\":\"PropertyValueSpecification\",\"valueRequired\":true,\"valueName\":\"search_term_string\"}}],\"inLanguage\":\"fr-FR\"},{\"@type\":\"Organization\",\"@id\":\"https:\/\/kapitalis.com\/tunisie\/#organization\",\"name\":\"Kapitalis\",\"url\":\"https:\/\/kapitalis.com\/tunisie\/\",\"logo\":{\"@type\":\"ImageObject\",\"inLanguage\":\"fr-FR\",\"@id\":\"https:\/\/kapitalis.com\/tunisie\/#\/schema\/logo\/image\/\",\"url\":\"https:\/\/kapitalis.com\/tunisie\/wp-content\/uploads\/2022\/05\/Kapitalis-big-size.png\",\"contentUrl\":\"https:\/\/kapitalis.com\/tunisie\/wp-content\/uploads\/2022\/05\/Kapitalis-big-size.png\",\"width\":5000,\"height\":1500,\"caption\":\"Kapitalis\"},\"image\":{\"@id\":\"https:\/\/kapitalis.com\/tunisie\/#\/schema\/logo\/image\/\"},\"sameAs\":[\"https:\/\/www.facebook.com\/KapitalisInfo\/\",\"https:\/\/x.com\/KapitalisInfo\",\"https:\/\/www.youtube.com\/channel\/UC-yDYrHyfFBWWZaOw3FPg9Q\"]},{\"@type\":\"Person\",\"@id\":\"https:\/\/kapitalis.com\/tunisie\/#\/schema\/person\/74bbde0154d49d790a92aaeac5bc01d5\",\"name\":\"Yusra NY\",\"url\":\"https:\/\/kapitalis.com\/tunisie\/author\/yuza_adam\/\"}]}<\/script>\n<!-- \/ Yoast SEO plugin. -->","yoast_head_json":{"title":"Californie : Le corps de Hamdy rapatri\u00e9 aujourd\u2019hui en Tunisie - Kapitalis","robots":{"index":"index","follow":"follow","max-snippet":"max-snippet:-1","max-image-preview":"max-image-preview:large","max-video-preview":"max-video-preview:-1"},"canonical":"https:\/\/kapitalis.com\/tunisie\/2018\/01\/06\/californie-le-corps-de-hamdy-rapatrie-aujourdhui-en-tunisie\/","og_locale":"fr_FR","og_type":"article","og_title":"Californie : Le corps de Hamdy rapatri\u00e9 aujourd\u2019hui en Tunisie - Kapitalis","og_description":"Enterrement des deux fillettes \u00e0 Sacramento. Le corps de Hamdy Rouin sera rapatri\u00e9, ce samedi 6 janvier 2018, en Tunisie, pour \u00eatre inhum\u00e9, demain, \u00e0 Monastir.\u00a0Deux jours apr\u00e8s l\u2019enterrement de ses 2 filles, en Californie.","og_url":"https:\/\/kapitalis.com\/tunisie\/2018\/01\/06\/californie-le-corps-de-hamdy-rapatrie-aujourdhui-en-tunisie\/","og_site_name":"Kapitalis","article_publisher":"https:\/\/www.facebook.com\/KapitalisInfo\/","article_published_time":"2018-01-06T11:38:35+00:00","article_modified_time":"2018-01-06T11:42:44+00:00","og_image":[{"width":1200,"height":630,"url":"https:\/\/kapitalis.com\/tunisie\/wp-content\/uploads\/2022\/05\/kapitalis-logo-fb.png","type":"image\/png"}],"author":"Yusra NY","twitter_card":"summary_large_image","twitter_creator":"@KapitalisInfo","twitter_site":"@KapitalisInfo","twitter_misc":{"\u00c9crit par":"Yusra NY","Dur\u00e9e de lecture estim\u00e9e":"1 minute"},"schema":{"@context":"https:\/\/schema.org","@graph":[{"@type":"Article","@id":"https:\/\/kapitalis.com\/tunisie\/2018\/01\/06\/californie-le-corps-de-hamdy-rapatrie-aujourdhui-en-tunisie\/#article","isPartOf":{"@id":"https:\/\/kapitalis.com\/tunisie\/2018\/01\/06\/californie-le-corps-de-hamdy-rapatrie-aujourdhui-en-tunisie\/"},"author":{"name":"Yusra NY","@id":"https:\/\/kapitalis.com\/tunisie\/#\/schema\/person\/74bbde0154d49d790a92aaeac5bc01d5"},"headline":"Californie : Le corps de Hamdy rapatri\u00e9 aujourd\u2019hui en Tunisie","datePublished":"2018-01-06T11:38:35+00:00","dateModified":"2018-01-06T11:42:44+00:00","mainEntityOfPage":{"@id":"https:\/\/kapitalis.com\/tunisie\/2018\/01\/06\/californie-le-corps-de-hamdy-rapatrie-aujourdhui-en-tunisie\/"},"wordCount":225,"commentCount":2,"publisher":{"@id":"https:\/\/kapitalis.com\/tunisie\/#organization"},"image":{"@id":"https:\/\/kapitalis.com\/tunisie\/2018\/01\/06\/californie-le-corps-de-hamdy-rapatrie-aujourdhui-en-tunisie\/#primaryimage"},"thumbnailUrl":"","keywords":["Californie","meurtre","Monastir","suicide","Tunisien"],"articleSection":["SOCIETE","Tunisie"],"inLanguage":"fr-FR","potentialAction":[{"@type":"CommentAction","name":"Comment","target":["https:\/\/kapitalis.com\/tunisie\/2018\/01\/06\/californie-le-corps-de-hamdy-rapatrie-aujourdhui-en-tunisie\/#respond"]}]},{"@type":"WebPage","@id":"https:\/\/kapitalis.com\/tunisie\/2018\/01\/06\/californie-le-corps-de-hamdy-rapatrie-aujourdhui-en-tunisie\/","url":"https:\/\/kapitalis.com\/tunisie\/2018\/01\/06\/californie-le-corps-de-hamdy-rapatrie-aujourdhui-en-tunisie\/","name":"Californie : Le corps de Hamdy rapatri\u00e9 aujourd\u2019hui en Tunisie - Kapitalis","isPartOf":{"@id":"https:\/\/kapitalis.com\/tunisie\/#website"},"primaryImageOfPage":{"@id":"https:\/\/kapitalis.com\/tunisie\/2018\/01\/06\/californie-le-corps-de-hamdy-rapatrie-aujourdhui-en-tunisie\/#primaryimage"},"image":{"@id":"https:\/\/kapitalis.com\/tunisie\/2018\/01\/06\/californie-le-corps-de-hamdy-rapatrie-aujourdhui-en-tunisie\/#primaryimage"},"thumbnailUrl":"","datePublished":"2018-01-06T11:38:35+00:00","dateModified":"2018-01-06T11:42:44+00:00","breadcrumb":{"@id":"https:\/\/kapitalis.com\/tunisie\/2018\/01\/06\/californie-le-corps-de-hamdy-rapatrie-aujourdhui-en-tunisie\/#breadcrumb"},"inLanguage":"fr-FR","potentialAction":[{"@type":"ReadAction","target":["https:\/\/kapitalis.com\/tunisie\/2018\/01\/06\/californie-le-corps-de-hamdy-rapatrie-aujourdhui-en-tunisie\/"]}]},{"@type":"ImageObject","inLanguage":"fr-FR","@id":"https:\/\/kapitalis.com\/tunisie\/2018\/01\/06\/californie-le-corps-de-hamdy-rapatrie-aujourdhui-en-tunisie\/#primaryimage","url":"","contentUrl":""},{"@type":"BreadcrumbList","@id":"https:\/\/kapitalis.com\/tunisie\/2018\/01\/06\/californie-le-corps-de-hamdy-rapatrie-aujourdhui-en-tunisie\/#breadcrumb","itemListElement":[{"@type":"ListItem","position":1,"name":"Accueil","item":"https:\/\/kapitalis.com\/tunisie\/"},{"@type":"ListItem","position":2,"name":"Californie : Le corps de Hamdy rapatri\u00e9 aujourd\u2019hui en Tunisie"}]},{"@type":"WebSite","@id":"https:\/\/kapitalis.com\/tunisie\/#website","url":"https:\/\/kapitalis.com\/tunisie\/","name":"Kapitalis","description":"L&#039;actualit\u00e9 en Tunisie et dans le monde","publisher":{"@id":"https:\/\/kapitalis.com\/tunisie\/#organization"},"potentialAction":[{"@type":"SearchAction","target":{"@type":"EntryPoint","urlTemplate":"https:\/\/kapitalis.com\/tunisie\/?s={search_term_string}"},"query-input":{"@type":"PropertyValueSpecification","valueRequired":true,"valueName":"search_term_string"}}],"inLanguage":"fr-FR"},{"@type":"Organization","@id":"https:\/\/kapitalis.com\/tunisie\/#organization","name":"Kapitalis","url":"https:\/\/kapitalis.com\/tunisie\/","logo":{"@type":"ImageObject","inLanguage":"fr-FR","@id":"https:\/\/kapitalis.com\/tunisie\/#\/schema\/logo\/image\/","url":"https:\/\/kapitalis.com\/tunisie\/wp-content\/uploads\/2022\/05\/Kapitalis-big-size.png","contentUrl":"https:\/\/kapitalis.com\/tunisie\/wp-content\/uploads\/2022\/05\/Kapitalis-big-size.png","width":5000,"height":1500,"caption":"Kapitalis"},"image":{"@id":"https:\/\/kapitalis.com\/tunisie\/#\/schema\/logo\/image\/"},"sameAs":["https:\/\/www.facebook.com\/KapitalisInfo\/","https:\/\/x.com\/KapitalisInfo","https:\/\/www.youtube.com\/channel\/UC-yDYrHyfFBWWZaOw3FPg9Q"]},{"@type":"Person","@id":"https:\/\/kapitalis.com\/tunisie\/#\/schema\/person\/74bbde0154d49d790a92aaeac5bc01d5","name":"Yusra NY","url":"https:\/\/kapitalis.com\/tunisie\/author\/yuza_adam\/"}]}},"_links":{"self":[{"href":"https:\/\/kapitalis.com\/tunisie\/wp-json\/wp\/v2\/posts\/131859","targetHints":{"allow":["GET"]}}],"collection":[{"href":"https:\/\/kapitalis.com\/tunisie\/wp-json\/wp\/v2\/posts"}],"about":[{"href":"https:\/\/kapitalis.com\/tunisie\/wp-json\/wp\/v2\/types\/post"}],"author":[{"embeddable":true,"href":"https:\/\/kapitalis.com\/tunisie\/wp-json\/wp\/v2\/users\/6"}],"replies":[{"embeddable":true,"href":"https:\/\/kapitalis.com\/tunisie\/wp-json\/wp\/v2\/comments?post=131859"}],"version-history":[{"count":0,"href":"https:\/\/kapitalis.com\/tunisie\/wp-json\/wp\/v2\/posts\/131859\/revisions"}],"wp:featuredmedia":[{"embeddable":true,"href":"https:\/\/kapitalis.com\/tunisie\/wp-json\/wp\/v2\/media\/131867"}],"wp:attachment":[{"href":"https:\/\/kapitalis.com\/tunisie\/wp-json\/wp\/v2\/media?parent=131859"}],"wp:term":[{"taxonomy":"category","embeddable":true,"href":"https:\/\/kapitalis.com\/tunisie\/wp-json\/wp\/v2\/categories?post=131859"},{"taxonomy":"post_tag","embeddable":true,"href":"https:\/\/kapitalis.com\/tunisie\/wp-json\/wp\/v2\/tags?post=131859"}],"curies":[{"name":"wp","href":"https:\/\/api.w.org\/{rel}","templated":true}]}}