{"id":13239804,"date":"2024-06-14T07:18:58","date_gmt":"2024-06-14T06:18:58","guid":{"rendered":"https:\/\/kapitalis.com\/tunisie\/?p=13239804"},"modified":"2024-06-14T07:19:00","modified_gmt":"2024-06-14T06:19:00","slug":"taboubi-plaide-a-geneve-pour-la-reprise-du-dialogue-social","status":"publish","type":"post","link":"https:\/\/kapitalis.com\/tunisie\/2024\/06\/14\/taboubi-plaide-a-geneve-pour-la-reprise-du-dialogue-social\/","title":{"rendered":"Taboubi plaide \u00e0 Gen\u00e8ve pour la reprise du dialogue social"},"content":{"rendered":"\n<p><strong><em>Le secr\u00e9taire g\u00e9n\u00e9ral de l\u2019Union g\u00e9n\u00e9rale tunisienne du travail (UGTT), Noureddine Taboubi, a appel\u00e9 le gouvernement \u00e0 reprendre le dialogue et les n\u00e9gociations sociales, et rappel\u00e9 l\u2019exigence du respect des droits et libert\u00e9s syndicaux.<\/em><\/strong><\/p>\n\n\n\n<!--more-->\n\n\n\n<p>S\u2019exprimant, mercredi 12 juin 2024, lors de la s\u00e9ance pl\u00e9ni\u00e8re de la 112<sup>e<\/sup> session de la Conf\u00e9rence internationale du Travail \u00e0 Gen\u00e8ve, Taboubi a aussi rappel\u00e9 la n\u00e9cessit\u00e9 de mettre en \u0153uvre les accords sign\u00e9s entre l\u2019organisation des travailleurs et le gouvernement, dont certains sont rest\u00e9s lettre morte.<\/p>\n\n\n\n<p>Le secr\u00e9taire g\u00e9n\u00e9ral de l\u2019UGTT a soulign\u00e9 la n\u00e9cessit\u00e9 de prot\u00e9ger la cr\u00e9dibilit\u00e9 du dialogue social et de respecter la n\u00e9gociation collective, critiquant <em>\u00able manque d\u2019engagement dans la mise en \u0153uvre des accords sign\u00e9s et dans le dialogue et la n\u00e9gociation avec les syndicats\u00bb<\/em>.<\/p>\n\n\n\n<p>Il a d\u00e9clar\u00e9 que les attaques contre l\u2019ind\u00e9pendance du travail syndical et la cr\u00e9dibilit\u00e9 du dialogue social et de la n\u00e9gociation collective ont gravement port\u00e9 atteinte aux droits et aux acquis des travailleurs.<\/p>\n\n\n\n<p>La conclusion de contrats et de conventions, que ce soit au niveau national ou international, n\u00e9cessite un dialogue honn\u00eate et \u00e9gal entre les parties concern\u00e9es, sans imposition, exclusion ou pression, a-t-il ajout\u00e9, soulignant l\u2019urgence d\u2019un contrat social international adapt\u00e9 aux \u00e9volutions du monde du travail et aux d\u00e9s\u00e9quilibres majeurs apparus au cours des derni\u00e8res d\u00e9cennies aux niveaux national et international.<\/p>\n\n\n\n<p>Ces derni\u00e8res ann\u00e9es, a dit Taboubi, des contrats sociaux ont \u00e9t\u00e9 conclus qui ont permis d\u2019instaurer un climat de stabilit\u00e9, de d\u00e9velopper les moyens de production, de cr\u00e9er un climat propice au progr\u00e8s scientifique et technologique, d\u2019am\u00e9liorer le niveau de vie et les services des populations b\u00e9n\u00e9ficiant \u00e0 des millions de personnes. Cela a apport\u00e9 de nombreux droits aux travailleurs. Toutefois, le bien-\u00eatre social, le progr\u00e8s scientifique et la prosp\u00e9rit\u00e9 \u00e9conomique obtenus ne sont pas conformes aux principes de justice et d\u2019\u00e9galit\u00e9.<\/p>\n\n\n\n<p>Le secr\u00e9taire g\u00e9n\u00e9ral de l\u2019UGTT a appel\u00e9 le directeur g\u00e9n\u00e9ral de l\u2019Organisation internationale du travail (OIT) \u00e0 envoyer une commission charg\u00e9e d\u2019enqu\u00eater sur les cons\u00e9quences de la guerre men\u00e9e par l\u2019arm\u00e9e d\u2019occupation sioniste contre le peuple palestinien \u00e0 Gaza et en Cisjordanie. Il a aussi appel\u00e9 l\u2019OIT \u00e0 faire pression pour la cessation imm\u00e9diate de la guerre, le retrait des forces d\u2019occupation sionistes, la reconnaissance de l\u2019\u00c9tat de Palestine avec tous ses droits aux Nations Unies et des mesures pratiques pour consacrer le droit du peuple palestinien \u00e0 l\u2019autod\u00e9termination et l\u2019\u00e9tablissement de son \u00c9tat avec Al-Quds pour capitale.<\/p>\n","protected":false},"excerpt":{"rendered":"<p>Noureddine Taboubi, appelle le gouvernement \u00e0 reprendre le dialogue et les n\u00e9gociations sociales. <\/p>\n","protected":false},"author":8,"featured_media":13240006,"comment_status":"closed","ping_status":"open","sticky":false,"template":"","format":"standard","meta":{"footnotes":""},"categories":[997,998,2433],"tags":[4027,116258,116257,9785,116260,2444,2794,21897,9846,4026,116259,936],"class_list":["post-13239804","post","type-post","status-publish","format-standard","has-post-thumbnail","hentry","category-politique","category-societe","category-tunisie","tag-cisjordanie","tag-conference-internationale-du-travail","tag-conventions-collectives","tag-dialogue-social","tag-droits-des-travailleurs","tag-gaza","tag-geneve","tag-noureddine-taboubi","tag-oit","tag-palestine","tag-travail-syndical","tag-ugtt"],"yoast_head":"<!-- This site is optimized with the Yoast SEO plugin v26.6 - https:\/\/yoast.com\/wordpress\/plugins\/seo\/ -->\n<title>Taboubi plaide \u00e0 Gen\u00e8ve pour la reprise du dialogue social - Kapitalis<\/title>\n<meta name=\"robots\" content=\"index, follow, max-snippet:-1, max-image-preview:large, max-video-preview:-1\" \/>\n<link rel=\"canonical\" href=\"https:\/\/kapitalis.com\/tunisie\/2024\/06\/14\/taboubi-plaide-a-geneve-pour-la-reprise-du-dialogue-social\/\" \/>\n<meta property=\"og:locale\" content=\"fr_FR\" \/>\n<meta property=\"og:type\" content=\"article\" \/>\n<meta property=\"og:title\" content=\"Taboubi plaide \u00e0 Gen\u00e8ve pour la reprise du dialogue social - Kapitalis\" \/>\n<meta property=\"og:description\" content=\"Noureddine Taboubi, appelle le gouvernement \u00e0 reprendre le dialogue et les n\u00e9gociations sociales.\" \/>\n<meta property=\"og:url\" content=\"https:\/\/kapitalis.com\/tunisie\/2024\/06\/14\/taboubi-plaide-a-geneve-pour-la-reprise-du-dialogue-social\/\" \/>\n<meta property=\"og:site_name\" content=\"Kapitalis\" \/>\n<meta property=\"article:publisher\" content=\"https:\/\/www.facebook.com\/KapitalisInfo\/\" \/>\n<meta property=\"article:published_time\" content=\"2024-06-14T06:18:58+00:00\" \/>\n<meta property=\"article:modified_time\" content=\"2024-06-14T06:19:00+00:00\" \/>\n<meta property=\"og:image\" content=\"https:\/\/kapitalis.com\/tunisie\/wp-content\/uploads\/2024\/06\/Noureddine-Taboubi-OIT.jpg\" \/>\n\t<meta property=\"og:image:width\" content=\"1200\" \/>\n\t<meta property=\"og:image:height\" content=\"630\" \/>\n\t<meta property=\"og:image:type\" content=\"image\/jpeg\" \/>\n<meta name=\"author\" content=\"webmaster kapitalis\" \/>\n<meta name=\"twitter:card\" content=\"summary_large_image\" \/>\n<meta name=\"twitter:creator\" content=\"@KapitalisInfo\" \/>\n<meta name=\"twitter:site\" content=\"@KapitalisInfo\" \/>\n<meta name=\"twitter:label1\" content=\"\u00c9crit par\" \/>\n\t<meta name=\"twitter:data1\" content=\"webmaster kapitalis\" \/>\n\t<meta name=\"twitter:label2\" content=\"Dur\u00e9e de lecture estim\u00e9e\" \/>\n\t<meta name=\"twitter:data2\" content=\"3 minutes\" \/>\n<script type=\"application\/ld+json\" class=\"yoast-schema-graph\">{\"@context\":\"https:\/\/schema.org\",\"@graph\":[{\"@type\":\"Article\",\"@id\":\"https:\/\/kapitalis.com\/tunisie\/2024\/06\/14\/taboubi-plaide-a-geneve-pour-la-reprise-du-dialogue-social\/#article\",\"isPartOf\":{\"@id\":\"https:\/\/kapitalis.com\/tunisie\/2024\/06\/14\/taboubi-plaide-a-geneve-pour-la-reprise-du-dialogue-social\/\"},\"author\":{\"name\":\"webmaster kapitalis\",\"@id\":\"https:\/\/kapitalis.com\/tunisie\/#\/schema\/person\/d71f33a9ca44f7bad4698210b480c8e9\"},\"headline\":\"Taboubi plaide \u00e0 Gen\u00e8ve pour la reprise du dialogue social\",\"datePublished\":\"2024-06-14T06:18:58+00:00\",\"dateModified\":\"2024-06-14T06:19:00+00:00\",\"mainEntityOfPage\":{\"@id\":\"https:\/\/kapitalis.com\/tunisie\/2024\/06\/14\/taboubi-plaide-a-geneve-pour-la-reprise-du-dialogue-social\/\"},\"wordCount\":480,\"publisher\":{\"@id\":\"https:\/\/kapitalis.com\/tunisie\/#organization\"},\"image\":{\"@id\":\"https:\/\/kapitalis.com\/tunisie\/2024\/06\/14\/taboubi-plaide-a-geneve-pour-la-reprise-du-dialogue-social\/#primaryimage\"},\"thumbnailUrl\":\"https:\/\/kapitalis.com\/tunisie\/wp-content\/uploads\/2024\/06\/Noureddine-Taboubi-OIT.jpg\",\"keywords\":[\"Cisjordanie\",\"Conf\u00e9rence internationale du Travail\",\"conventions collectives\",\"dialogue social\",\"droits des travailleurs\",\"Gaza\",\"Gen\u00e8ve\",\"Noureddine Taboubi\",\"OIT\",\"Palestine\",\"travail syndical\",\"UGTT\"],\"articleSection\":[\"POLITIQUE\",\"SOCIETE\",\"Tunisie\"],\"inLanguage\":\"fr-FR\"},{\"@type\":\"WebPage\",\"@id\":\"https:\/\/kapitalis.com\/tunisie\/2024\/06\/14\/taboubi-plaide-a-geneve-pour-la-reprise-du-dialogue-social\/\",\"url\":\"https:\/\/kapitalis.com\/tunisie\/2024\/06\/14\/taboubi-plaide-a-geneve-pour-la-reprise-du-dialogue-social\/\",\"name\":\"Taboubi plaide \u00e0 Gen\u00e8ve pour la reprise du dialogue social - Kapitalis\",\"isPartOf\":{\"@id\":\"https:\/\/kapitalis.com\/tunisie\/#website\"},\"primaryImageOfPage\":{\"@id\":\"https:\/\/kapitalis.com\/tunisie\/2024\/06\/14\/taboubi-plaide-a-geneve-pour-la-reprise-du-dialogue-social\/#primaryimage\"},\"image\":{\"@id\":\"https:\/\/kapitalis.com\/tunisie\/2024\/06\/14\/taboubi-plaide-a-geneve-pour-la-reprise-du-dialogue-social\/#primaryimage\"},\"thumbnailUrl\":\"https:\/\/kapitalis.com\/tunisie\/wp-content\/uploads\/2024\/06\/Noureddine-Taboubi-OIT.jpg\",\"datePublished\":\"2024-06-14T06:18:58+00:00\",\"dateModified\":\"2024-06-14T06:19:00+00:00\",\"breadcrumb\":{\"@id\":\"https:\/\/kapitalis.com\/tunisie\/2024\/06\/14\/taboubi-plaide-a-geneve-pour-la-reprise-du-dialogue-social\/#breadcrumb\"},\"inLanguage\":\"fr-FR\",\"potentialAction\":[{\"@type\":\"ReadAction\",\"target\":[\"https:\/\/kapitalis.com\/tunisie\/2024\/06\/14\/taboubi-plaide-a-geneve-pour-la-reprise-du-dialogue-social\/\"]}]},{\"@type\":\"ImageObject\",\"inLanguage\":\"fr-FR\",\"@id\":\"https:\/\/kapitalis.com\/tunisie\/2024\/06\/14\/taboubi-plaide-a-geneve-pour-la-reprise-du-dialogue-social\/#primaryimage\",\"url\":\"https:\/\/kapitalis.com\/tunisie\/wp-content\/uploads\/2024\/06\/Noureddine-Taboubi-OIT.jpg\",\"contentUrl\":\"https:\/\/kapitalis.com\/tunisie\/wp-content\/uploads\/2024\/06\/Noureddine-Taboubi-OIT.jpg\",\"width\":1200,\"height\":630},{\"@type\":\"BreadcrumbList\",\"@id\":\"https:\/\/kapitalis.com\/tunisie\/2024\/06\/14\/taboubi-plaide-a-geneve-pour-la-reprise-du-dialogue-social\/#breadcrumb\",\"itemListElement\":[{\"@type\":\"ListItem\",\"position\":1,\"name\":\"Accueil\",\"item\":\"https:\/\/kapitalis.com\/tunisie\/\"},{\"@type\":\"ListItem\",\"position\":2,\"name\":\"Taboubi plaide \u00e0 Gen\u00e8ve pour la reprise du dialogue social\"}]},{\"@type\":\"WebSite\",\"@id\":\"https:\/\/kapitalis.com\/tunisie\/#website\",\"url\":\"https:\/\/kapitalis.com\/tunisie\/\",\"name\":\"Kapitalis\",\"description\":\"L&#039;actualit\u00e9 en Tunisie et dans le monde\",\"publisher\":{\"@id\":\"https:\/\/kapitalis.com\/tunisie\/#organization\"},\"potentialAction\":[{\"@type\":\"SearchAction\",\"target\":{\"@type\":\"EntryPoint\",\"urlTemplate\":\"https:\/\/kapitalis.com\/tunisie\/?s={search_term_string}\"},\"query-input\":{\"@type\":\"PropertyValueSpecification\",\"valueRequired\":true,\"valueName\":\"search_term_string\"}}],\"inLanguage\":\"fr-FR\"},{\"@type\":\"Organization\",\"@id\":\"https:\/\/kapitalis.com\/tunisie\/#organization\",\"name\":\"Kapitalis\",\"url\":\"https:\/\/kapitalis.com\/tunisie\/\",\"logo\":{\"@type\":\"ImageObject\",\"inLanguage\":\"fr-FR\",\"@id\":\"https:\/\/kapitalis.com\/tunisie\/#\/schema\/logo\/image\/\",\"url\":\"https:\/\/kapitalis.com\/tunisie\/wp-content\/uploads\/2022\/05\/Kapitalis-big-size.png\",\"contentUrl\":\"https:\/\/kapitalis.com\/tunisie\/wp-content\/uploads\/2022\/05\/Kapitalis-big-size.png\",\"width\":5000,\"height\":1500,\"caption\":\"Kapitalis\"},\"image\":{\"@id\":\"https:\/\/kapitalis.com\/tunisie\/#\/schema\/logo\/image\/\"},\"sameAs\":[\"https:\/\/www.facebook.com\/KapitalisInfo\/\",\"https:\/\/x.com\/KapitalisInfo\",\"https:\/\/www.youtube.com\/channel\/UC-yDYrHyfFBWWZaOw3FPg9Q\"]},{\"@type\":\"Person\",\"@id\":\"https:\/\/kapitalis.com\/tunisie\/#\/schema\/person\/d71f33a9ca44f7bad4698210b480c8e9\",\"name\":\"webmaster kapitalis\",\"url\":\"https:\/\/kapitalis.com\/tunisie\/author\/webmaster-kapitalis\/\"}]}<\/script>\n<!-- \/ Yoast SEO plugin. -->","yoast_head_json":{"title":"Taboubi plaide \u00e0 Gen\u00e8ve pour la reprise du dialogue social - Kapitalis","robots":{"index":"index","follow":"follow","max-snippet":"max-snippet:-1","max-image-preview":"max-image-preview:large","max-video-preview":"max-video-preview:-1"},"canonical":"https:\/\/kapitalis.com\/tunisie\/2024\/06\/14\/taboubi-plaide-a-geneve-pour-la-reprise-du-dialogue-social\/","og_locale":"fr_FR","og_type":"article","og_title":"Taboubi plaide \u00e0 Gen\u00e8ve pour la reprise du dialogue social - Kapitalis","og_description":"Noureddine Taboubi, appelle le gouvernement \u00e0 reprendre le dialogue et les n\u00e9gociations sociales.","og_url":"https:\/\/kapitalis.com\/tunisie\/2024\/06\/14\/taboubi-plaide-a-geneve-pour-la-reprise-du-dialogue-social\/","og_site_name":"Kapitalis","article_publisher":"https:\/\/www.facebook.com\/KapitalisInfo\/","article_published_time":"2024-06-14T06:18:58+00:00","article_modified_time":"2024-06-14T06:19:00+00:00","og_image":[{"width":1200,"height":630,"url":"https:\/\/kapitalis.com\/tunisie\/wp-content\/uploads\/2024\/06\/Noureddine-Taboubi-OIT.jpg","type":"image\/jpeg"}],"author":"webmaster kapitalis","twitter_card":"summary_large_image","twitter_creator":"@KapitalisInfo","twitter_site":"@KapitalisInfo","twitter_misc":{"\u00c9crit par":"webmaster kapitalis","Dur\u00e9e de lecture estim\u00e9e":"3 minutes"},"schema":{"@context":"https:\/\/schema.org","@graph":[{"@type":"Article","@id":"https:\/\/kapitalis.com\/tunisie\/2024\/06\/14\/taboubi-plaide-a-geneve-pour-la-reprise-du-dialogue-social\/#article","isPartOf":{"@id":"https:\/\/kapitalis.com\/tunisie\/2024\/06\/14\/taboubi-plaide-a-geneve-pour-la-reprise-du-dialogue-social\/"},"author":{"name":"webmaster kapitalis","@id":"https:\/\/kapitalis.com\/tunisie\/#\/schema\/person\/d71f33a9ca44f7bad4698210b480c8e9"},"headline":"Taboubi plaide \u00e0 Gen\u00e8ve pour la reprise du dialogue social","datePublished":"2024-06-14T06:18:58+00:00","dateModified":"2024-06-14T06:19:00+00:00","mainEntityOfPage":{"@id":"https:\/\/kapitalis.com\/tunisie\/2024\/06\/14\/taboubi-plaide-a-geneve-pour-la-reprise-du-dialogue-social\/"},"wordCount":480,"publisher":{"@id":"https:\/\/kapitalis.com\/tunisie\/#organization"},"image":{"@id":"https:\/\/kapitalis.com\/tunisie\/2024\/06\/14\/taboubi-plaide-a-geneve-pour-la-reprise-du-dialogue-social\/#primaryimage"},"thumbnailUrl":"https:\/\/kapitalis.com\/tunisie\/wp-content\/uploads\/2024\/06\/Noureddine-Taboubi-OIT.jpg","keywords":["Cisjordanie","Conf\u00e9rence internationale du Travail","conventions collectives","dialogue social","droits des travailleurs","Gaza","Gen\u00e8ve","Noureddine Taboubi","OIT","Palestine","travail syndical","UGTT"],"articleSection":["POLITIQUE","SOCIETE","Tunisie"],"inLanguage":"fr-FR"},{"@type":"WebPage","@id":"https:\/\/kapitalis.com\/tunisie\/2024\/06\/14\/taboubi-plaide-a-geneve-pour-la-reprise-du-dialogue-social\/","url":"https:\/\/kapitalis.com\/tunisie\/2024\/06\/14\/taboubi-plaide-a-geneve-pour-la-reprise-du-dialogue-social\/","name":"Taboubi plaide \u00e0 Gen\u00e8ve pour la reprise du dialogue social - Kapitalis","isPartOf":{"@id":"https:\/\/kapitalis.com\/tunisie\/#website"},"primaryImageOfPage":{"@id":"https:\/\/kapitalis.com\/tunisie\/2024\/06\/14\/taboubi-plaide-a-geneve-pour-la-reprise-du-dialogue-social\/#primaryimage"},"image":{"@id":"https:\/\/kapitalis.com\/tunisie\/2024\/06\/14\/taboubi-plaide-a-geneve-pour-la-reprise-du-dialogue-social\/#primaryimage"},"thumbnailUrl":"https:\/\/kapitalis.com\/tunisie\/wp-content\/uploads\/2024\/06\/Noureddine-Taboubi-OIT.jpg","datePublished":"2024-06-14T06:18:58+00:00","dateModified":"2024-06-14T06:19:00+00:00","breadcrumb":{"@id":"https:\/\/kapitalis.com\/tunisie\/2024\/06\/14\/taboubi-plaide-a-geneve-pour-la-reprise-du-dialogue-social\/#breadcrumb"},"inLanguage":"fr-FR","potentialAction":[{"@type":"ReadAction","target":["https:\/\/kapitalis.com\/tunisie\/2024\/06\/14\/taboubi-plaide-a-geneve-pour-la-reprise-du-dialogue-social\/"]}]},{"@type":"ImageObject","inLanguage":"fr-FR","@id":"https:\/\/kapitalis.com\/tunisie\/2024\/06\/14\/taboubi-plaide-a-geneve-pour-la-reprise-du-dialogue-social\/#primaryimage","url":"https:\/\/kapitalis.com\/tunisie\/wp-content\/uploads\/2024\/06\/Noureddine-Taboubi-OIT.jpg","contentUrl":"https:\/\/kapitalis.com\/tunisie\/wp-content\/uploads\/2024\/06\/Noureddine-Taboubi-OIT.jpg","width":1200,"height":630},{"@type":"BreadcrumbList","@id":"https:\/\/kapitalis.com\/tunisie\/2024\/06\/14\/taboubi-plaide-a-geneve-pour-la-reprise-du-dialogue-social\/#breadcrumb","itemListElement":[{"@type":"ListItem","position":1,"name":"Accueil","item":"https:\/\/kapitalis.com\/tunisie\/"},{"@type":"ListItem","position":2,"name":"Taboubi plaide \u00e0 Gen\u00e8ve pour la reprise du dialogue social"}]},{"@type":"WebSite","@id":"https:\/\/kapitalis.com\/tunisie\/#website","url":"https:\/\/kapitalis.com\/tunisie\/","name":"Kapitalis","description":"L&#039;actualit\u00e9 en Tunisie et dans le monde","publisher":{"@id":"https:\/\/kapitalis.com\/tunisie\/#organization"},"potentialAction":[{"@type":"SearchAction","target":{"@type":"EntryPoint","urlTemplate":"https:\/\/kapitalis.com\/tunisie\/?s={search_term_string}"},"query-input":{"@type":"PropertyValueSpecification","valueRequired":true,"valueName":"search_term_string"}}],"inLanguage":"fr-FR"},{"@type":"Organization","@id":"https:\/\/kapitalis.com\/tunisie\/#organization","name":"Kapitalis","url":"https:\/\/kapitalis.com\/tunisie\/","logo":{"@type":"ImageObject","inLanguage":"fr-FR","@id":"https:\/\/kapitalis.com\/tunisie\/#\/schema\/logo\/image\/","url":"https:\/\/kapitalis.com\/tunisie\/wp-content\/uploads\/2022\/05\/Kapitalis-big-size.png","contentUrl":"https:\/\/kapitalis.com\/tunisie\/wp-content\/uploads\/2022\/05\/Kapitalis-big-size.png","width":5000,"height":1500,"caption":"Kapitalis"},"image":{"@id":"https:\/\/kapitalis.com\/tunisie\/#\/schema\/logo\/image\/"},"sameAs":["https:\/\/www.facebook.com\/KapitalisInfo\/","https:\/\/x.com\/KapitalisInfo","https:\/\/www.youtube.com\/channel\/UC-yDYrHyfFBWWZaOw3FPg9Q"]},{"@type":"Person","@id":"https:\/\/kapitalis.com\/tunisie\/#\/schema\/person\/d71f33a9ca44f7bad4698210b480c8e9","name":"webmaster kapitalis","url":"https:\/\/kapitalis.com\/tunisie\/author\/webmaster-kapitalis\/"}]}},"_links":{"self":[{"href":"https:\/\/kapitalis.com\/tunisie\/wp-json\/wp\/v2\/posts\/13239804","targetHints":{"allow":["GET"]}}],"collection":[{"href":"https:\/\/kapitalis.com\/tunisie\/wp-json\/wp\/v2\/posts"}],"about":[{"href":"https:\/\/kapitalis.com\/tunisie\/wp-json\/wp\/v2\/types\/post"}],"author":[{"embeddable":true,"href":"https:\/\/kapitalis.com\/tunisie\/wp-json\/wp\/v2\/users\/8"}],"replies":[{"embeddable":true,"href":"https:\/\/kapitalis.com\/tunisie\/wp-json\/wp\/v2\/comments?post=13239804"}],"version-history":[{"count":1,"href":"https:\/\/kapitalis.com\/tunisie\/wp-json\/wp\/v2\/posts\/13239804\/revisions"}],"predecessor-version":[{"id":13240030,"href":"https:\/\/kapitalis.com\/tunisie\/wp-json\/wp\/v2\/posts\/13239804\/revisions\/13240030"}],"wp:featuredmedia":[{"embeddable":true,"href":"https:\/\/kapitalis.com\/tunisie\/wp-json\/wp\/v2\/media\/13240006"}],"wp:attachment":[{"href":"https:\/\/kapitalis.com\/tunisie\/wp-json\/wp\/v2\/media?parent=13239804"}],"wp:term":[{"taxonomy":"category","embeddable":true,"href":"https:\/\/kapitalis.com\/tunisie\/wp-json\/wp\/v2\/categories?post=13239804"},{"taxonomy":"post_tag","embeddable":true,"href":"https:\/\/kapitalis.com\/tunisie\/wp-json\/wp\/v2\/tags?post=13239804"}],"curies":[{"name":"wp","href":"https:\/\/api.w.org\/{rel}","templated":true}]}}