{"id":13245906,"date":"2024-06-14T11:00:25","date_gmt":"2024-06-14T10:00:25","guid":{"rendered":"https:\/\/kapitalis.com\/tunisie\/?p=13245906"},"modified":"2024-06-14T11:09:39","modified_gmt":"2024-06-14T10:09:39","slug":"tunisie-le-deficit-de-la-balance-commerciale-energetique-augmente-de-18","status":"publish","type":"post","link":"https:\/\/kapitalis.com\/tunisie\/2024\/06\/14\/tunisie-le-deficit-de-la-balance-commerciale-energetique-augmente-de-18\/","title":{"rendered":"Tunisie\u00a0: le d\u00e9ficit de la balance commerciale \u00e9nerg\u00e9tique augmente de 18% \u00a0"},"content":{"rendered":"\n<p><strong><em>A fin avril 2024, le d\u00e9ficit de la balance commerciale \u00e9nerg\u00e9tique de la Tunisie s\u2019est accru de 18% \u00e0 3 873 millions de dinars (MDT), en tenant compte de la redevance sur le gaz alg\u00e9rien export\u00e9, et ce par rapport \u00e0 la m\u00eame p\u00e9riode de 2023.<\/em><\/strong><\/p>\n\n\n\n<!--more-->\n\n\n\n<p>C\u2019est ce qui ressort du rapport mensuel sur la situation \u00e9nerg\u00e9tique, publi\u00e9 par l\u2019Observatoire national de l\u2019\u00e9nergie et des mines (Onem), qui ajoute que les exportations de produits \u00e9nerg\u00e9tiques ont enregistr\u00e9 une baisse en valeur de 1% accompagn\u00e9e d\u2019une hausse des importations en valeur de 13%.<\/p>\n\n\n\n<p>Selon le m\u00eame rapport, les \u00e9changes dans le secteur de l\u2019\u00e9nergie sont tr\u00e8s sensibles \u00e0 trois facteurs, \u00e0 savoir les quantit\u00e9s \u00e9chang\u00e9es, le taux de change dollar\/dinar ($\/DT) et le prix du Brent, la qualit\u00e9 de r\u00e9f\u00e9rence sur laquelle reposent les prix des produits import\u00e9s et le p\u00e9trole brut export\u00e9 ainsi que les produits p\u00e9troliers sont index\u00e9s.<\/p>\n\n\n\n<p>En avril 2024, les prix du Brent ont enregistr\u00e9 une hausse de 5 $\/b par rapport \u00e0 avril 2023 (90,2 $\/b en avril 2024 contre 84,9 $\/b en avril 2023 et 85,5 $\/b en mars 2024).<\/p>\n\n\n\n<p>Durant la m\u00eame p\u00e9riode, le dinar tunisien a enregistr\u00e9 une d\u00e9t\u00e9rioration de 1% par rapport au dollar am\u00e9ricain, principale monnaie d\u2019\u00e9change des produits \u00e9nerg\u00e9tiques par rapport \u00e0 la m\u00eame p\u00e9riode de l\u2019ann\u00e9e derni\u00e8re.<\/p>\n\n\n\n<p><em>D&rsquo;apr\u00e8s Tap. <\/em><\/p>\n\n\n\n<figure class=\"wp-block-embed is-type-wp-embed is-provider-kapitalis wp-block-embed-kapitalis\"><div class=\"wp-block-embed__wrapper\">\n<blockquote class=\"wp-embedded-content\" data-secret=\"jitaHGKZcy\"><a href=\"https:\/\/kapitalis.com\/tunisie\/2024\/06\/14\/tunisie-le-deficit-du-bilan-energetique-primaire-en-hausse-de-9-a-fin-avril-2024\/\">Tunisie\u00a0: le d\u00e9ficit du bilan \u00e9nerg\u00e9tique primaire en hausse de 9% \u00e0 fin avril 2024<\/a><\/blockquote><iframe loading=\"lazy\" class=\"wp-embedded-content\" sandbox=\"allow-scripts\" security=\"restricted\" style=\"position: absolute; clip: rect(1px, 1px, 1px, 1px);\" title=\"\u00ab\u00a0Tunisie\u00a0: le d\u00e9ficit du bilan \u00e9nerg\u00e9tique primaire en hausse de 9% \u00e0 fin avril 2024\u00a0\u00bb &#8212; Kapitalis\" src=\"https:\/\/kapitalis.com\/tunisie\/2024\/06\/14\/tunisie-le-deficit-du-bilan-energetique-primaire-en-hausse-de-9-a-fin-avril-2024\/embed\/#?secret=Ex0g2o1y7b#?secret=jitaHGKZcy\" data-secret=\"jitaHGKZcy\" width=\"600\" height=\"338\" frameborder=\"0\" marginwidth=\"0\" marginheight=\"0\" scrolling=\"no\"><\/iframe>\n<\/div><\/figure>\n","protected":false},"excerpt":{"rendered":"<p>A fin avril 2024, le d\u00e9ficit de la balance commerciale \u00e9nerg\u00e9tique de la Tunisie s\u2019est accru de 18% .<\/p>\n","protected":false},"author":8,"featured_media":7137705,"comment_status":"closed","ping_status":"open","sticky":false,"template":"","format":"standard","meta":{"footnotes":""},"categories":[995,2433],"tags":[104779,318,97898,106218,96203,116270,5096],"class_list":["post-13245906","post","type-post","status-publish","format-standard","has-post-thumbnail","hentry","category-economie","category-tunisie","tag-balance-commerciale-energetique","tag-energie","tag-gaz-algerien","tag-onem","tag-petrole-brut","tag-prix-du-brent","tag-taux-de-change"],"yoast_head":"<!-- This site is optimized with the Yoast SEO plugin v26.6 - https:\/\/yoast.com\/wordpress\/plugins\/seo\/ -->\n<title>Tunisie\u00a0: le d\u00e9ficit de la balance commerciale \u00e9nerg\u00e9tique augmente de 18% \u00a0 - Kapitalis<\/title>\n<meta name=\"robots\" content=\"index, follow, max-snippet:-1, max-image-preview:large, max-video-preview:-1\" \/>\n<link rel=\"canonical\" href=\"https:\/\/kapitalis.com\/tunisie\/2024\/06\/14\/tunisie-le-deficit-de-la-balance-commerciale-energetique-augmente-de-18\/\" \/>\n<meta property=\"og:locale\" content=\"fr_FR\" \/>\n<meta property=\"og:type\" content=\"article\" \/>\n<meta property=\"og:title\" content=\"Tunisie\u00a0: le d\u00e9ficit de la balance commerciale \u00e9nerg\u00e9tique augmente de 18% \u00a0 - Kapitalis\" \/>\n<meta property=\"og:description\" content=\"A fin avril 2024, le d\u00e9ficit de la balance commerciale \u00e9nerg\u00e9tique de la Tunisie s\u2019est accru de 18% .\" \/>\n<meta property=\"og:url\" content=\"https:\/\/kapitalis.com\/tunisie\/2024\/06\/14\/tunisie-le-deficit-de-la-balance-commerciale-energetique-augmente-de-18\/\" \/>\n<meta property=\"og:site_name\" content=\"Kapitalis\" \/>\n<meta property=\"article:publisher\" content=\"https:\/\/www.facebook.com\/KapitalisInfo\/\" \/>\n<meta property=\"article:published_time\" content=\"2024-06-14T10:00:25+00:00\" \/>\n<meta property=\"article:modified_time\" content=\"2024-06-14T10:09:39+00:00\" \/>\n<meta property=\"og:image\" content=\"https:\/\/kapitalis.com\/tunisie\/wp-content\/uploads\/2023\/03\/Federation-du-petrole-et-des-produits-chimiques.jpg\" \/>\n\t<meta property=\"og:image:width\" content=\"1200\" \/>\n\t<meta property=\"og:image:height\" content=\"630\" \/>\n\t<meta property=\"og:image:type\" content=\"image\/jpeg\" \/>\n<meta name=\"author\" content=\"webmaster kapitalis\" \/>\n<meta name=\"twitter:card\" content=\"summary_large_image\" \/>\n<meta name=\"twitter:creator\" content=\"@KapitalisInfo\" \/>\n<meta name=\"twitter:site\" content=\"@KapitalisInfo\" \/>\n<meta name=\"twitter:label1\" content=\"\u00c9crit par\" \/>\n\t<meta name=\"twitter:data1\" content=\"webmaster kapitalis\" \/>\n\t<meta name=\"twitter:label2\" content=\"Dur\u00e9e de lecture estim\u00e9e\" \/>\n\t<meta name=\"twitter:data2\" content=\"2 minutes\" \/>\n<script type=\"application\/ld+json\" class=\"yoast-schema-graph\">{\"@context\":\"https:\/\/schema.org\",\"@graph\":[{\"@type\":\"Article\",\"@id\":\"https:\/\/kapitalis.com\/tunisie\/2024\/06\/14\/tunisie-le-deficit-de-la-balance-commerciale-energetique-augmente-de-18\/#article\",\"isPartOf\":{\"@id\":\"https:\/\/kapitalis.com\/tunisie\/2024\/06\/14\/tunisie-le-deficit-de-la-balance-commerciale-energetique-augmente-de-18\/\"},\"author\":{\"name\":\"webmaster kapitalis\",\"@id\":\"https:\/\/kapitalis.com\/tunisie\/#\/schema\/person\/d71f33a9ca44f7bad4698210b480c8e9\"},\"headline\":\"Tunisie\u00a0: le d\u00e9ficit de la balance commerciale \u00e9nerg\u00e9tique augmente de 18% \u00a0\",\"datePublished\":\"2024-06-14T10:00:25+00:00\",\"dateModified\":\"2024-06-14T10:09:39+00:00\",\"mainEntityOfPage\":{\"@id\":\"https:\/\/kapitalis.com\/tunisie\/2024\/06\/14\/tunisie-le-deficit-de-la-balance-commerciale-energetique-augmente-de-18\/\"},\"wordCount\":253,\"publisher\":{\"@id\":\"https:\/\/kapitalis.com\/tunisie\/#organization\"},\"image\":{\"@id\":\"https:\/\/kapitalis.com\/tunisie\/2024\/06\/14\/tunisie-le-deficit-de-la-balance-commerciale-energetique-augmente-de-18\/#primaryimage\"},\"thumbnailUrl\":\"https:\/\/kapitalis.com\/tunisie\/wp-content\/uploads\/2023\/03\/Federation-du-petrole-et-des-produits-chimiques.jpg\",\"keywords\":[\"balance commerciale \u00e9nerg\u00e9tique\",\"\u00e9nergie\",\"gaz alg\u00e9rien\",\"ONEM\",\"p\u00e9trole brut\",\"prix du Brent\",\"taux de change\"],\"articleSection\":[\"ECONOMIE\",\"Tunisie\"],\"inLanguage\":\"fr-FR\"},{\"@type\":\"WebPage\",\"@id\":\"https:\/\/kapitalis.com\/tunisie\/2024\/06\/14\/tunisie-le-deficit-de-la-balance-commerciale-energetique-augmente-de-18\/\",\"url\":\"https:\/\/kapitalis.com\/tunisie\/2024\/06\/14\/tunisie-le-deficit-de-la-balance-commerciale-energetique-augmente-de-18\/\",\"name\":\"Tunisie\u00a0: le d\u00e9ficit de la balance commerciale \u00e9nerg\u00e9tique augmente de 18% \u00a0 - Kapitalis\",\"isPartOf\":{\"@id\":\"https:\/\/kapitalis.com\/tunisie\/#website\"},\"primaryImageOfPage\":{\"@id\":\"https:\/\/kapitalis.com\/tunisie\/2024\/06\/14\/tunisie-le-deficit-de-la-balance-commerciale-energetique-augmente-de-18\/#primaryimage\"},\"image\":{\"@id\":\"https:\/\/kapitalis.com\/tunisie\/2024\/06\/14\/tunisie-le-deficit-de-la-balance-commerciale-energetique-augmente-de-18\/#primaryimage\"},\"thumbnailUrl\":\"https:\/\/kapitalis.com\/tunisie\/wp-content\/uploads\/2023\/03\/Federation-du-petrole-et-des-produits-chimiques.jpg\",\"datePublished\":\"2024-06-14T10:00:25+00:00\",\"dateModified\":\"2024-06-14T10:09:39+00:00\",\"breadcrumb\":{\"@id\":\"https:\/\/kapitalis.com\/tunisie\/2024\/06\/14\/tunisie-le-deficit-de-la-balance-commerciale-energetique-augmente-de-18\/#breadcrumb\"},\"inLanguage\":\"fr-FR\",\"potentialAction\":[{\"@type\":\"ReadAction\",\"target\":[\"https:\/\/kapitalis.com\/tunisie\/2024\/06\/14\/tunisie-le-deficit-de-la-balance-commerciale-energetique-augmente-de-18\/\"]}]},{\"@type\":\"ImageObject\",\"inLanguage\":\"fr-FR\",\"@id\":\"https:\/\/kapitalis.com\/tunisie\/2024\/06\/14\/tunisie-le-deficit-de-la-balance-commerciale-energetique-augmente-de-18\/#primaryimage\",\"url\":\"https:\/\/kapitalis.com\/tunisie\/wp-content\/uploads\/2023\/03\/Federation-du-petrole-et-des-produits-chimiques.jpg\",\"contentUrl\":\"https:\/\/kapitalis.com\/tunisie\/wp-content\/uploads\/2023\/03\/Federation-du-petrole-et-des-produits-chimiques.jpg\",\"width\":1200,\"height\":630},{\"@type\":\"BreadcrumbList\",\"@id\":\"https:\/\/kapitalis.com\/tunisie\/2024\/06\/14\/tunisie-le-deficit-de-la-balance-commerciale-energetique-augmente-de-18\/#breadcrumb\",\"itemListElement\":[{\"@type\":\"ListItem\",\"position\":1,\"name\":\"Accueil\",\"item\":\"https:\/\/kapitalis.com\/tunisie\/\"},{\"@type\":\"ListItem\",\"position\":2,\"name\":\"Tunisie\u00a0: le d\u00e9ficit de la balance commerciale \u00e9nerg\u00e9tique augmente de 18% \u00a0\"}]},{\"@type\":\"WebSite\",\"@id\":\"https:\/\/kapitalis.com\/tunisie\/#website\",\"url\":\"https:\/\/kapitalis.com\/tunisie\/\",\"name\":\"Kapitalis\",\"description\":\"L&#039;actualit\u00e9 en Tunisie et dans le monde\",\"publisher\":{\"@id\":\"https:\/\/kapitalis.com\/tunisie\/#organization\"},\"potentialAction\":[{\"@type\":\"SearchAction\",\"target\":{\"@type\":\"EntryPoint\",\"urlTemplate\":\"https:\/\/kapitalis.com\/tunisie\/?s={search_term_string}\"},\"query-input\":{\"@type\":\"PropertyValueSpecification\",\"valueRequired\":true,\"valueName\":\"search_term_string\"}}],\"inLanguage\":\"fr-FR\"},{\"@type\":\"Organization\",\"@id\":\"https:\/\/kapitalis.com\/tunisie\/#organization\",\"name\":\"Kapitalis\",\"url\":\"https:\/\/kapitalis.com\/tunisie\/\",\"logo\":{\"@type\":\"ImageObject\",\"inLanguage\":\"fr-FR\",\"@id\":\"https:\/\/kapitalis.com\/tunisie\/#\/schema\/logo\/image\/\",\"url\":\"https:\/\/kapitalis.com\/tunisie\/wp-content\/uploads\/2022\/05\/Kapitalis-big-size.png\",\"contentUrl\":\"https:\/\/kapitalis.com\/tunisie\/wp-content\/uploads\/2022\/05\/Kapitalis-big-size.png\",\"width\":5000,\"height\":1500,\"caption\":\"Kapitalis\"},\"image\":{\"@id\":\"https:\/\/kapitalis.com\/tunisie\/#\/schema\/logo\/image\/\"},\"sameAs\":[\"https:\/\/www.facebook.com\/KapitalisInfo\/\",\"https:\/\/x.com\/KapitalisInfo\",\"https:\/\/www.youtube.com\/channel\/UC-yDYrHyfFBWWZaOw3FPg9Q\"]},{\"@type\":\"Person\",\"@id\":\"https:\/\/kapitalis.com\/tunisie\/#\/schema\/person\/d71f33a9ca44f7bad4698210b480c8e9\",\"name\":\"webmaster kapitalis\",\"url\":\"https:\/\/kapitalis.com\/tunisie\/author\/webmaster-kapitalis\/\"}]}<\/script>\n<!-- \/ Yoast SEO plugin. -->","yoast_head_json":{"title":"Tunisie\u00a0: le d\u00e9ficit de la balance commerciale \u00e9nerg\u00e9tique augmente de 18% \u00a0 - Kapitalis","robots":{"index":"index","follow":"follow","max-snippet":"max-snippet:-1","max-image-preview":"max-image-preview:large","max-video-preview":"max-video-preview:-1"},"canonical":"https:\/\/kapitalis.com\/tunisie\/2024\/06\/14\/tunisie-le-deficit-de-la-balance-commerciale-energetique-augmente-de-18\/","og_locale":"fr_FR","og_type":"article","og_title":"Tunisie\u00a0: le d\u00e9ficit de la balance commerciale \u00e9nerg\u00e9tique augmente de 18% \u00a0 - Kapitalis","og_description":"A fin avril 2024, le d\u00e9ficit de la balance commerciale \u00e9nerg\u00e9tique de la Tunisie s\u2019est accru de 18% .","og_url":"https:\/\/kapitalis.com\/tunisie\/2024\/06\/14\/tunisie-le-deficit-de-la-balance-commerciale-energetique-augmente-de-18\/","og_site_name":"Kapitalis","article_publisher":"https:\/\/www.facebook.com\/KapitalisInfo\/","article_published_time":"2024-06-14T10:00:25+00:00","article_modified_time":"2024-06-14T10:09:39+00:00","og_image":[{"width":1200,"height":630,"url":"https:\/\/kapitalis.com\/tunisie\/wp-content\/uploads\/2023\/03\/Federation-du-petrole-et-des-produits-chimiques.jpg","type":"image\/jpeg"}],"author":"webmaster kapitalis","twitter_card":"summary_large_image","twitter_creator":"@KapitalisInfo","twitter_site":"@KapitalisInfo","twitter_misc":{"\u00c9crit par":"webmaster kapitalis","Dur\u00e9e de lecture estim\u00e9e":"2 minutes"},"schema":{"@context":"https:\/\/schema.org","@graph":[{"@type":"Article","@id":"https:\/\/kapitalis.com\/tunisie\/2024\/06\/14\/tunisie-le-deficit-de-la-balance-commerciale-energetique-augmente-de-18\/#article","isPartOf":{"@id":"https:\/\/kapitalis.com\/tunisie\/2024\/06\/14\/tunisie-le-deficit-de-la-balance-commerciale-energetique-augmente-de-18\/"},"author":{"name":"webmaster kapitalis","@id":"https:\/\/kapitalis.com\/tunisie\/#\/schema\/person\/d71f33a9ca44f7bad4698210b480c8e9"},"headline":"Tunisie\u00a0: le d\u00e9ficit de la balance commerciale \u00e9nerg\u00e9tique augmente de 18% \u00a0","datePublished":"2024-06-14T10:00:25+00:00","dateModified":"2024-06-14T10:09:39+00:00","mainEntityOfPage":{"@id":"https:\/\/kapitalis.com\/tunisie\/2024\/06\/14\/tunisie-le-deficit-de-la-balance-commerciale-energetique-augmente-de-18\/"},"wordCount":253,"publisher":{"@id":"https:\/\/kapitalis.com\/tunisie\/#organization"},"image":{"@id":"https:\/\/kapitalis.com\/tunisie\/2024\/06\/14\/tunisie-le-deficit-de-la-balance-commerciale-energetique-augmente-de-18\/#primaryimage"},"thumbnailUrl":"https:\/\/kapitalis.com\/tunisie\/wp-content\/uploads\/2023\/03\/Federation-du-petrole-et-des-produits-chimiques.jpg","keywords":["balance commerciale \u00e9nerg\u00e9tique","\u00e9nergie","gaz alg\u00e9rien","ONEM","p\u00e9trole brut","prix du Brent","taux de change"],"articleSection":["ECONOMIE","Tunisie"],"inLanguage":"fr-FR"},{"@type":"WebPage","@id":"https:\/\/kapitalis.com\/tunisie\/2024\/06\/14\/tunisie-le-deficit-de-la-balance-commerciale-energetique-augmente-de-18\/","url":"https:\/\/kapitalis.com\/tunisie\/2024\/06\/14\/tunisie-le-deficit-de-la-balance-commerciale-energetique-augmente-de-18\/","name":"Tunisie\u00a0: le d\u00e9ficit de la balance commerciale \u00e9nerg\u00e9tique augmente de 18% \u00a0 - Kapitalis","isPartOf":{"@id":"https:\/\/kapitalis.com\/tunisie\/#website"},"primaryImageOfPage":{"@id":"https:\/\/kapitalis.com\/tunisie\/2024\/06\/14\/tunisie-le-deficit-de-la-balance-commerciale-energetique-augmente-de-18\/#primaryimage"},"image":{"@id":"https:\/\/kapitalis.com\/tunisie\/2024\/06\/14\/tunisie-le-deficit-de-la-balance-commerciale-energetique-augmente-de-18\/#primaryimage"},"thumbnailUrl":"https:\/\/kapitalis.com\/tunisie\/wp-content\/uploads\/2023\/03\/Federation-du-petrole-et-des-produits-chimiques.jpg","datePublished":"2024-06-14T10:00:25+00:00","dateModified":"2024-06-14T10:09:39+00:00","breadcrumb":{"@id":"https:\/\/kapitalis.com\/tunisie\/2024\/06\/14\/tunisie-le-deficit-de-la-balance-commerciale-energetique-augmente-de-18\/#breadcrumb"},"inLanguage":"fr-FR","potentialAction":[{"@type":"ReadAction","target":["https:\/\/kapitalis.com\/tunisie\/2024\/06\/14\/tunisie-le-deficit-de-la-balance-commerciale-energetique-augmente-de-18\/"]}]},{"@type":"ImageObject","inLanguage":"fr-FR","@id":"https:\/\/kapitalis.com\/tunisie\/2024\/06\/14\/tunisie-le-deficit-de-la-balance-commerciale-energetique-augmente-de-18\/#primaryimage","url":"https:\/\/kapitalis.com\/tunisie\/wp-content\/uploads\/2023\/03\/Federation-du-petrole-et-des-produits-chimiques.jpg","contentUrl":"https:\/\/kapitalis.com\/tunisie\/wp-content\/uploads\/2023\/03\/Federation-du-petrole-et-des-produits-chimiques.jpg","width":1200,"height":630},{"@type":"BreadcrumbList","@id":"https:\/\/kapitalis.com\/tunisie\/2024\/06\/14\/tunisie-le-deficit-de-la-balance-commerciale-energetique-augmente-de-18\/#breadcrumb","itemListElement":[{"@type":"ListItem","position":1,"name":"Accueil","item":"https:\/\/kapitalis.com\/tunisie\/"},{"@type":"ListItem","position":2,"name":"Tunisie\u00a0: le d\u00e9ficit de la balance commerciale \u00e9nerg\u00e9tique augmente de 18% \u00a0"}]},{"@type":"WebSite","@id":"https:\/\/kapitalis.com\/tunisie\/#website","url":"https:\/\/kapitalis.com\/tunisie\/","name":"Kapitalis","description":"L&#039;actualit\u00e9 en Tunisie et dans le monde","publisher":{"@id":"https:\/\/kapitalis.com\/tunisie\/#organization"},"potentialAction":[{"@type":"SearchAction","target":{"@type":"EntryPoint","urlTemplate":"https:\/\/kapitalis.com\/tunisie\/?s={search_term_string}"},"query-input":{"@type":"PropertyValueSpecification","valueRequired":true,"valueName":"search_term_string"}}],"inLanguage":"fr-FR"},{"@type":"Organization","@id":"https:\/\/kapitalis.com\/tunisie\/#organization","name":"Kapitalis","url":"https:\/\/kapitalis.com\/tunisie\/","logo":{"@type":"ImageObject","inLanguage":"fr-FR","@id":"https:\/\/kapitalis.com\/tunisie\/#\/schema\/logo\/image\/","url":"https:\/\/kapitalis.com\/tunisie\/wp-content\/uploads\/2022\/05\/Kapitalis-big-size.png","contentUrl":"https:\/\/kapitalis.com\/tunisie\/wp-content\/uploads\/2022\/05\/Kapitalis-big-size.png","width":5000,"height":1500,"caption":"Kapitalis"},"image":{"@id":"https:\/\/kapitalis.com\/tunisie\/#\/schema\/logo\/image\/"},"sameAs":["https:\/\/www.facebook.com\/KapitalisInfo\/","https:\/\/x.com\/KapitalisInfo","https:\/\/www.youtube.com\/channel\/UC-yDYrHyfFBWWZaOw3FPg9Q"]},{"@type":"Person","@id":"https:\/\/kapitalis.com\/tunisie\/#\/schema\/person\/d71f33a9ca44f7bad4698210b480c8e9","name":"webmaster kapitalis","url":"https:\/\/kapitalis.com\/tunisie\/author\/webmaster-kapitalis\/"}]}},"_links":{"self":[{"href":"https:\/\/kapitalis.com\/tunisie\/wp-json\/wp\/v2\/posts\/13245906","targetHints":{"allow":["GET"]}}],"collection":[{"href":"https:\/\/kapitalis.com\/tunisie\/wp-json\/wp\/v2\/posts"}],"about":[{"href":"https:\/\/kapitalis.com\/tunisie\/wp-json\/wp\/v2\/types\/post"}],"author":[{"embeddable":true,"href":"https:\/\/kapitalis.com\/tunisie\/wp-json\/wp\/v2\/users\/8"}],"replies":[{"embeddable":true,"href":"https:\/\/kapitalis.com\/tunisie\/wp-json\/wp\/v2\/comments?post=13245906"}],"version-history":[{"count":2,"href":"https:\/\/kapitalis.com\/tunisie\/wp-json\/wp\/v2\/posts\/13245906\/revisions"}],"predecessor-version":[{"id":13246087,"href":"https:\/\/kapitalis.com\/tunisie\/wp-json\/wp\/v2\/posts\/13245906\/revisions\/13246087"}],"wp:featuredmedia":[{"embeddable":true,"href":"https:\/\/kapitalis.com\/tunisie\/wp-json\/wp\/v2\/media\/7137705"}],"wp:attachment":[{"href":"https:\/\/kapitalis.com\/tunisie\/wp-json\/wp\/v2\/media?parent=13245906"}],"wp:term":[{"taxonomy":"category","embeddable":true,"href":"https:\/\/kapitalis.com\/tunisie\/wp-json\/wp\/v2\/categories?post=13245906"},{"taxonomy":"post_tag","embeddable":true,"href":"https:\/\/kapitalis.com\/tunisie\/wp-json\/wp\/v2\/tags?post=13245906"}],"curies":[{"name":"wp","href":"https:\/\/api.w.org\/{rel}","templated":true}]}}