{"id":13247157,"date":"2024-06-14T12:12:06","date_gmt":"2024-06-14T11:12:06","guid":{"rendered":"https:\/\/kapitalis.com\/tunisie\/?p=13247157"},"modified":"2024-06-14T12:12:08","modified_gmt":"2024-06-14T11:12:08","slug":"debat-a-la-smu-entreprises-tunisiennes-et-opportunites-daffaires-en-afrique","status":"publish","type":"post","link":"https:\/\/kapitalis.com\/tunisie\/2024\/06\/14\/debat-a-la-smu-entreprises-tunisiennes-et-opportunites-daffaires-en-afrique\/","title":{"rendered":"D\u00e9bat \u00e0 la SMU\u00a0: entreprises tunisiennes et opportunit\u00e9s d\u2019affaires en Afrique"},"content":{"rendered":"\n<p><strong><em>\u00abEcosyst\u00e8me de l&rsquo;internationalisation : opportunit\u00e9s et d\u00e9fis pour une expansion des entreprises tunisiennes \u00e0 l&rsquo;\u00e9chelle du continent africain\u00bb.\u00a0Tel est le th\u00e8me choisi par la South Mediterranean University (SMU\u00a0: MSB\/MedTech\/MSH), pour sa 8e conf\u00e9rence du cycle des \u00abJeudis de l\u2019Afrique\u00bb, en collaboration avec Expertise France et son projet Qawafel d\u2019appui \u00e0 l\u2019internationalisation des entreprises tunisiennes \u00e0 l\u2019\u00e9chelle africaine.<\/em><\/strong><\/p>\n\n\n\n<!--more-->\n\n\n\n<p>Pour la circonstance, l\u2019\u00e9v\u00e9nement, qui s\u2019est tenu dans le campus de la SMU aux Berges du Lac 2 \u00e0 Tunis, a r\u00e9uni un panel de haut niveau compos\u00e9 de repr\u00e9sentants des secteurs public et priv\u00e9 afin de mieux comprendre le panorama africain \u00e0 travers des partages d\u2019exp\u00e9riences, l\u2019objectif \u00e9tant de consolider l\u2019existant et d\u2019ouvrir la voie \u00e0 de nouvelles opportunit\u00e9s.&nbsp;<\/p>\n\n\n\n<h2 class=\"wp-block-heading\">L\u2019Afrique&nbsp;: une croissance remarquable<\/h2>\n\n\n\n<p><em>\u00abLa Tunisie a plus de 70% de son \u00e9conomie concentr\u00e9e dans les secteurs des services et de l\u2019industrie manufacturi\u00e8re, soit une base solide pour l\u2019export\u00bb<\/em>, a rappel\u00e9 Hela Chaari, directrice du d\u00e9partement Business Development au sein de&nbsp;la SMU et initiatrice de cet \u00e9v\u00e9nement.&nbsp;<em>\u00abL\u2019Afrique conna\u00eet actuellement une croissance remarquable\u00bb<\/em>, a-t-elle fait remarquer, citant des donn\u00e9es de la Banque africaine de d\u00e9veloppement (BAD) estimant que le PIB du continent devrait atteindre 3,7% en 2024 et 4,3% en 2025 avec 11 des 20 pays ayant la croissance la plus forte au monde.<\/p>\n\n\n\n<p>Des chiffres qui d\u00e9montrent les opportunit\u00e9s d\u2019affaires qui s\u2019offrent aux entreprises tunisiennes. La classe moyenne sur le continent est en pleine \u00e9mergence et estim\u00e9e \u00e0 350 millions de personnes, ce qui souligne le potentiel immense de la demande pour des produits et des services de qualit\u00e9 sur ce march\u00e9.<\/p>\n\n\n\n<p>Mohamed Salah Boulila,&nbsp;managing director&nbsp;au sein de l\u2019agence de gestion de projets Mazam, a pr\u00e9sent\u00e9 en avant-premi\u00e8re, \u00e0 l\u2019occasion de cette \u00e9dition des <em>\u00abJeudis de l\u2019Afrique\u00bb<\/em>, une cartographie identifiant les acteurs tunisiens qui gravitent dans l\u2019\u00e9cosyst\u00e8me de l\u2019internationalisation orient\u00e9 vers les march\u00e9s africains pour essayer de le structurer. Quelque 81 acteurs, entre PME et startups, ont \u00e9t\u00e9 r\u00e9pertori\u00e9s et retenus par la d\u00e9marche. Ils ont \u00e9t\u00e9 r\u00e9partis en 6 cat\u00e9gories&nbsp;: les organismes de support aux PME et aux startups, les groupements d\u2019int\u00e9r\u00eat \u00e9conomique, les organismes d\u2019appui gouvernemental, les bailleurs de fonds internationaux, les cabinets de conseil et les associations et r\u00e9seaux de soutien.<\/p>\n\n\n\n<h2 class=\"wp-block-heading\">L\u2019Afrique, un choix strat\u00e9gique<\/h2>\n\n\n\n<p>A ce propos, Mazen Kacem, chef du projet Qawafel, a expliqu\u00e9 que ce projet, financ\u00e9 par l\u2019Agence fran\u00e7aise de d\u00e9veloppement (AFD), vise \u00e0 appuyer les entreprises tunisiennes, PME et startups, \u00e0 s\u2019internationaliser \u00e0 l\u2019\u00e9chelle du continent africain. Quatre pays ont \u00e9t\u00e9 s\u00e9lectionn\u00e9s \u00e0 cet effet&nbsp;: le S\u00e9n\u00e9gal, la Mauritanie, le Kenya et la R\u00e9publique d\u00e9mocratique du Congo. Le projet comprend trois composantes&nbsp;: accompagner le secteur priv\u00e9 via des structures interm\u00e9diaires, appuyer le gouvernement tunisien sur la diplomatie \u00e9conomique et travailler sur les r\u00e9glementations.<\/p>\n\n\n\n<p>Invit\u00e9 \u00e0 l\u2019\u00e9v\u00e9nement, Mourad Ben Hassine, PDG du Cepex, a ajout\u00e9 que le continent africain va doubler en termes de population \u00e0 l\u2019horizon 2050, en plus de la croissance \u00e9conomique constat\u00e9e, soulignant l\u2019agenda politique et \u00e9conomique de l\u2019Union africaine dont dispose ces pays. <em>\u00abIl y a tous les ingr\u00e9dients pour faire de ce continent un choix strat\u00e9gique\u00bb<\/em>, a-t-il affirm\u00e9, rappelant qu\u2019avec les minist\u00e8res de tutelle, le Cepex travaillait sur ces perspectives, \u00e9galement en partenariat avec des institutions internationales pour pr\u00e9parer la Strat\u00e9gie nationale de d\u00e9veloppement des exportations avec des fiches-projets d\u00e9di\u00e9es au march\u00e9 africain.<\/p>\n\n\n<div class=\"wp-block-image\">\n<figure class=\"aligncenter size-large\"><img loading=\"lazy\" decoding=\"async\" width=\"1024\" height=\"684\" src=\"https:\/\/kapitalis.com\/tunisie\/wp-content\/uploads\/2024\/06\/SMU-Jeudi-Afrique-2-1024x684.jpg\" alt=\"\" class=\"wp-image-13247247\" srcset=\"https:\/\/kapitalis.com\/tunisie\/wp-content\/uploads\/2024\/06\/SMU-Jeudi-Afrique-2-1024x684.jpg 1024w, https:\/\/kapitalis.com\/tunisie\/wp-content\/uploads\/2024\/06\/SMU-Jeudi-Afrique-2-300x200.jpg 300w, https:\/\/kapitalis.com\/tunisie\/wp-content\/uploads\/2024\/06\/SMU-Jeudi-Afrique-2-768x513.jpg 768w, https:\/\/kapitalis.com\/tunisie\/wp-content\/uploads\/2024\/06\/SMU-Jeudi-Afrique-2-580x387.jpg 580w, https:\/\/kapitalis.com\/tunisie\/wp-content\/uploads\/2024\/06\/SMU-Jeudi-Afrique-2-860x574.jpg 860w, https:\/\/kapitalis.com\/tunisie\/wp-content\/uploads\/2024\/06\/SMU-Jeudi-Afrique-2-1160x775.jpg 1160w, https:\/\/kapitalis.com\/tunisie\/wp-content\/uploads\/2024\/06\/SMU-Jeudi-Afrique-2.jpg 1252w\" sizes=\"auto, (max-width: 1024px) 100vw, 1024px\" \/><\/figure>\n<\/div>\n\n\n<p><em>\u00abLes services sont les acc\u00e9l\u00e9rateurs de l\u2019internationalisation\u00bb<\/em>, a soutenu pour sa part Nadia Yaich, secr\u00e9taire g\u00e9n\u00e9rale du Tunisia Africa Business Council (TABC). Elle a aussi soulev\u00e9 la probl\u00e9matique de l\u2019absence de conventions de non double impositions avec les pays subsahariens et qui p\u00e9nalisent les entreprises tunisiennes.<em> \u00abEn payant les imp\u00f4ts dans deux pays, nous ne sommes plus comp\u00e9titifs malgr\u00e9 la qualit\u00e9 de nos services\u00bb<\/em>, a-t-elle d\u00e9plor\u00e9, en citant \u00e0 ce propos l\u2019exemple de l\u2019\u00eele Maurice qui est actuellement le pays le plus attractif parce qu\u2019il a \u00e9tabli des conventions avec les 53 autres pays africains.<\/p>\n\n\n\n<p><em>\u00abL\u2019autre d\u00e9fi auquel nous faisons face, ce sont les banques\u00bb<\/em>, a consid\u00e9r\u00e9 l\u2019intervenante, abordant la question des cautions que les entreprises doivent bloquer pour pouvoir s\u2019engager dans des projets \u00e0 caract\u00e8re \u00e9tatique en Afrique.<\/p>\n\n\n\n<p>A ce propos, Imen Messaadi, directeur central au sein de l\u2019Arab Tunisian Bank (ATB), a d\u00e9clar\u00e9 que son \u00e9tablissement bancaire <em>\u00abpourrait tr\u00e8s bien \u00eatre un soutien en apportant un financement et un accompagnement gr\u00e2ce \u00e0 l\u2019expertise b\u00e2tie ces derni\u00e8res ann\u00e9es dans ce sens\u00bb<\/em>, \u00e9voquant notamment la ligne de cr\u00e9dit de 140 millions d\u2019euros de la KfW qui a permis \u00e0 l\u2019ATB d\u2019accompagner de grands programmes d\u2019internationalisation qui ont concern\u00e9 260 entreprises clientes et non clientes de l\u2019ATB. <em>\u00abCela a permis, sur des probl\u00e9matiques \u00e0 l\u2019export, d\u2019apporter une mont\u00e9e en comp\u00e9tence de nos clients\u00bb<\/em>, a-t-elle affirm\u00e9.<\/p>\n\n\n\n<p>Pour sa part, Houeida Gharbi, pr\u00e9sidente du nouveau groupement d\u2019int\u00e9r\u00eat \u00e9conomique Wetic, sp\u00e9cialis\u00e9 dans les m\u00e9tiers des TIC qui travaille sur une internationalisation sur le march\u00e9 africain par une sorte d\u2019exportation collaborative, a indiqu\u00e9 que 12 entreprises sont actuellement concern\u00e9es par la d\u00e9marche et ont d\u00e9j\u00e0 entam\u00e9, selon leur degr\u00e9 de maturit\u00e9, \u00e0 exporter sur le continent. Wetic prend part \u00e0 de nombreux \u00e9v\u00e9nements et salons internationaux pour faire conna\u00eetre les offres de ses membres.<\/p>\n\n\n\n<p>La question de la diplomatie \u00e9conomique a \u00e9t\u00e9 par ailleurs consid\u00e9r\u00e9e par Wahb Ouertani, pr\u00e9sident de Conect Intech au sein de la Conect et du Coll\u00e8ge des startups, comme fondamentale. <em>\u00abL\u2019Afrique n\u2019est plus celle des 50 ans pass\u00e9s, c\u2019est d\u00e9sormais un continent tr\u00e8s concurrentiel et on ne peut plus y aller sans s\u2019\u00eatre pr\u00e9par\u00e9 au pr\u00e9alable et bien conna\u00eetre les standards internationaux\u00bb<\/em>, a d\u00e9clar\u00e9 M. Ouertani, en rappelant que la grande majorit\u00e9 des projets \u00e9taient financ\u00e9s par de grandes institutions financi\u00e8res internationales (BAD, Banque mondiale, etc.).<\/p>\n\n\n\n<h2 class=\"wp-block-heading\">Des opportunit\u00e9s \u00e0 saisir<\/h2>\n\n\n\n<p>Les d\u00e9bats ont apport\u00e9 la preuve une fois encore que la Tunisie a des opportunit\u00e9s \u00e0 saisir non seulement commerciales mais \u00e9galement \u00e0 travers des partenariats qui pourraient \u00eatre pass\u00e9s avec les communaut\u00e9s africaines pr\u00e9sentes en Tunisie telles que les associations d\u2019\u00e9tudiants africains. Des programmes d\u2019entrepreneuriat pourraient \u00e0 ce titre \u00eatre d\u00e9velopp\u00e9s comme l\u2019ont rappel\u00e9 plusieurs intervenants. De m\u00eame que le param\u00e8tre confiance dans les comp\u00e9tences tunisiennes est \u00e9galement une donne importante bas\u00e9e, d\u2019une part sur le savoir-faire tunisien et, d\u2019autre part, sur la bonne image historique des Tunisiens \u00e0 l\u2019\u00e9chelle du continent africain et ce depuis plusieurs d\u00e9cennies.<\/p>\n\n\n\n<p>Reste que de nombreux d\u00e9fis sont \u00e0 soulever comme celle de la compr\u00e9hension sp\u00e9cifique de chaque pays et ses codes de fonctionnement.<\/p>\n\n\n\n<p>De m\u00eame que l\u2019exigence de la valorisation la collaboration entre acteurs tunisiens qui exportent sur le continent africain se pose avec acuit\u00e9. Pour ce faire, le transfert de connaissance et les diff\u00e9rents rouages pour s\u2019attaquer \u00e0 un march\u00e9 doivent \u00eatre transmis par les acteurs cl\u00e9s dans le pays concern\u00e9 par la transmission des contacts et en faisant b\u00e9n\u00e9ficier tout l\u2019\u00e9cosyst\u00e8me du networking que le TABC notamment a eu le m\u00e9rite d\u2019\u00e9tablir sur le continent au cours des derni\u00e8res ann\u00e9es.<\/p>\n","protected":false},"excerpt":{"rendered":"<p>D\u00e9bat \u00e0 la SMU: Ecosyst\u00e8me de l&rsquo;internationalisation : opportunit\u00e9s et d\u00e9fis pour une expansion des entreprises tunisiennes \u00e0 l&rsquo;\u00e9chelle du continent africain. <\/p>\n","protected":false},"author":8,"featured_media":13247202,"comment_status":"closed","ping_status":"open","sticky":false,"template":"","format":"standard","meta":{"footnotes":""},"categories":[995,2433],"tags":[41,99183,116278,116276,116274,116275,116273,94878,82172,116277],"class_list":["post-13247157","post","type-post","status-publish","format-standard","has-post-thumbnail","hentry","category-economie","category-tunisie","tag-afrique","tag-hela-chaari","tag-houeida-gharbi","tag-imen-messaadi","tag-mazen-kacem","tag-nadia-yaich","tag-qawafel","tag-smu","tag-south-mediterranean-university","tag-wahb-ouertani"],"yoast_head":"<!-- This site is optimized with the Yoast SEO plugin v26.6 - https:\/\/yoast.com\/wordpress\/plugins\/seo\/ -->\n<title>D\u00e9bat \u00e0 la SMU\u00a0: entreprises tunisiennes et opportunit\u00e9s d\u2019affaires en Afrique - Kapitalis<\/title>\n<meta name=\"robots\" content=\"index, follow, max-snippet:-1, max-image-preview:large, max-video-preview:-1\" \/>\n<link rel=\"canonical\" href=\"https:\/\/kapitalis.com\/tunisie\/2024\/06\/14\/debat-a-la-smu-entreprises-tunisiennes-et-opportunites-daffaires-en-afrique\/\" \/>\n<meta property=\"og:locale\" content=\"fr_FR\" \/>\n<meta property=\"og:type\" content=\"article\" \/>\n<meta property=\"og:title\" content=\"D\u00e9bat \u00e0 la SMU\u00a0: entreprises tunisiennes et opportunit\u00e9s d\u2019affaires en Afrique - Kapitalis\" \/>\n<meta property=\"og:description\" content=\"D\u00e9bat \u00e0 la SMU: Ecosyst\u00e8me de l&#039;internationalisation : opportunit\u00e9s et d\u00e9fis pour une expansion des entreprises tunisiennes \u00e0 l&#039;\u00e9chelle du continent africain.\" \/>\n<meta property=\"og:url\" content=\"https:\/\/kapitalis.com\/tunisie\/2024\/06\/14\/debat-a-la-smu-entreprises-tunisiennes-et-opportunites-daffaires-en-afrique\/\" \/>\n<meta property=\"og:site_name\" content=\"Kapitalis\" \/>\n<meta property=\"article:publisher\" content=\"https:\/\/www.facebook.com\/KapitalisInfo\/\" \/>\n<meta property=\"article:published_time\" content=\"2024-06-14T11:12:06+00:00\" \/>\n<meta property=\"article:modified_time\" content=\"2024-06-14T11:12:08+00:00\" \/>\n<meta property=\"og:image\" content=\"https:\/\/kapitalis.com\/tunisie\/wp-content\/uploads\/2024\/06\/SMU-Jeudi-Afrique.jpg\" \/>\n\t<meta property=\"og:image:width\" content=\"1200\" \/>\n\t<meta property=\"og:image:height\" content=\"630\" \/>\n\t<meta property=\"og:image:type\" content=\"image\/jpeg\" \/>\n<meta name=\"author\" content=\"webmaster kapitalis\" \/>\n<meta name=\"twitter:card\" content=\"summary_large_image\" \/>\n<meta name=\"twitter:creator\" content=\"@KapitalisInfo\" \/>\n<meta name=\"twitter:site\" content=\"@KapitalisInfo\" \/>\n<meta name=\"twitter:label1\" content=\"\u00c9crit par\" \/>\n\t<meta name=\"twitter:data1\" content=\"webmaster kapitalis\" \/>\n\t<meta name=\"twitter:label2\" content=\"Dur\u00e9e de lecture estim\u00e9e\" \/>\n\t<meta name=\"twitter:data2\" content=\"7 minutes\" \/>\n<script type=\"application\/ld+json\" class=\"yoast-schema-graph\">{\"@context\":\"https:\/\/schema.org\",\"@graph\":[{\"@type\":\"Article\",\"@id\":\"https:\/\/kapitalis.com\/tunisie\/2024\/06\/14\/debat-a-la-smu-entreprises-tunisiennes-et-opportunites-daffaires-en-afrique\/#article\",\"isPartOf\":{\"@id\":\"https:\/\/kapitalis.com\/tunisie\/2024\/06\/14\/debat-a-la-smu-entreprises-tunisiennes-et-opportunites-daffaires-en-afrique\/\"},\"author\":{\"name\":\"webmaster kapitalis\",\"@id\":\"https:\/\/kapitalis.com\/tunisie\/#\/schema\/person\/d71f33a9ca44f7bad4698210b480c8e9\"},\"headline\":\"D\u00e9bat \u00e0 la SMU\u00a0: entreprises tunisiennes et opportunit\u00e9s d\u2019affaires en Afrique\",\"datePublished\":\"2024-06-14T11:12:06+00:00\",\"dateModified\":\"2024-06-14T11:12:08+00:00\",\"mainEntityOfPage\":{\"@id\":\"https:\/\/kapitalis.com\/tunisie\/2024\/06\/14\/debat-a-la-smu-entreprises-tunisiennes-et-opportunites-daffaires-en-afrique\/\"},\"wordCount\":1304,\"publisher\":{\"@id\":\"https:\/\/kapitalis.com\/tunisie\/#organization\"},\"image\":{\"@id\":\"https:\/\/kapitalis.com\/tunisie\/2024\/06\/14\/debat-a-la-smu-entreprises-tunisiennes-et-opportunites-daffaires-en-afrique\/#primaryimage\"},\"thumbnailUrl\":\"https:\/\/kapitalis.com\/tunisie\/wp-content\/uploads\/2024\/06\/SMU-Jeudi-Afrique.jpg\",\"keywords\":[\"Afrique\",\"Hela Chaari\",\"Houeida Gharbi\",\"Imen Messaadi\",\"Mazen Kacem\",\"Nadia Yaich\",\"Qawafel\",\"SMU\",\"South Mediterranean University\",\"Wahb Ouertani\"],\"articleSection\":[\"ECONOMIE\",\"Tunisie\"],\"inLanguage\":\"fr-FR\"},{\"@type\":\"WebPage\",\"@id\":\"https:\/\/kapitalis.com\/tunisie\/2024\/06\/14\/debat-a-la-smu-entreprises-tunisiennes-et-opportunites-daffaires-en-afrique\/\",\"url\":\"https:\/\/kapitalis.com\/tunisie\/2024\/06\/14\/debat-a-la-smu-entreprises-tunisiennes-et-opportunites-daffaires-en-afrique\/\",\"name\":\"D\u00e9bat \u00e0 la SMU\u00a0: entreprises tunisiennes et opportunit\u00e9s d\u2019affaires en Afrique - Kapitalis\",\"isPartOf\":{\"@id\":\"https:\/\/kapitalis.com\/tunisie\/#website\"},\"primaryImageOfPage\":{\"@id\":\"https:\/\/kapitalis.com\/tunisie\/2024\/06\/14\/debat-a-la-smu-entreprises-tunisiennes-et-opportunites-daffaires-en-afrique\/#primaryimage\"},\"image\":{\"@id\":\"https:\/\/kapitalis.com\/tunisie\/2024\/06\/14\/debat-a-la-smu-entreprises-tunisiennes-et-opportunites-daffaires-en-afrique\/#primaryimage\"},\"thumbnailUrl\":\"https:\/\/kapitalis.com\/tunisie\/wp-content\/uploads\/2024\/06\/SMU-Jeudi-Afrique.jpg\",\"datePublished\":\"2024-06-14T11:12:06+00:00\",\"dateModified\":\"2024-06-14T11:12:08+00:00\",\"breadcrumb\":{\"@id\":\"https:\/\/kapitalis.com\/tunisie\/2024\/06\/14\/debat-a-la-smu-entreprises-tunisiennes-et-opportunites-daffaires-en-afrique\/#breadcrumb\"},\"inLanguage\":\"fr-FR\",\"potentialAction\":[{\"@type\":\"ReadAction\",\"target\":[\"https:\/\/kapitalis.com\/tunisie\/2024\/06\/14\/debat-a-la-smu-entreprises-tunisiennes-et-opportunites-daffaires-en-afrique\/\"]}]},{\"@type\":\"ImageObject\",\"inLanguage\":\"fr-FR\",\"@id\":\"https:\/\/kapitalis.com\/tunisie\/2024\/06\/14\/debat-a-la-smu-entreprises-tunisiennes-et-opportunites-daffaires-en-afrique\/#primaryimage\",\"url\":\"https:\/\/kapitalis.com\/tunisie\/wp-content\/uploads\/2024\/06\/SMU-Jeudi-Afrique.jpg\",\"contentUrl\":\"https:\/\/kapitalis.com\/tunisie\/wp-content\/uploads\/2024\/06\/SMU-Jeudi-Afrique.jpg\",\"width\":1200,\"height\":630},{\"@type\":\"BreadcrumbList\",\"@id\":\"https:\/\/kapitalis.com\/tunisie\/2024\/06\/14\/debat-a-la-smu-entreprises-tunisiennes-et-opportunites-daffaires-en-afrique\/#breadcrumb\",\"itemListElement\":[{\"@type\":\"ListItem\",\"position\":1,\"name\":\"Accueil\",\"item\":\"https:\/\/kapitalis.com\/tunisie\/\"},{\"@type\":\"ListItem\",\"position\":2,\"name\":\"D\u00e9bat \u00e0 la SMU\u00a0: entreprises tunisiennes et opportunit\u00e9s d\u2019affaires en Afrique\"}]},{\"@type\":\"WebSite\",\"@id\":\"https:\/\/kapitalis.com\/tunisie\/#website\",\"url\":\"https:\/\/kapitalis.com\/tunisie\/\",\"name\":\"Kapitalis\",\"description\":\"L&#039;actualit\u00e9 en Tunisie et dans le monde\",\"publisher\":{\"@id\":\"https:\/\/kapitalis.com\/tunisie\/#organization\"},\"potentialAction\":[{\"@type\":\"SearchAction\",\"target\":{\"@type\":\"EntryPoint\",\"urlTemplate\":\"https:\/\/kapitalis.com\/tunisie\/?s={search_term_string}\"},\"query-input\":{\"@type\":\"PropertyValueSpecification\",\"valueRequired\":true,\"valueName\":\"search_term_string\"}}],\"inLanguage\":\"fr-FR\"},{\"@type\":\"Organization\",\"@id\":\"https:\/\/kapitalis.com\/tunisie\/#organization\",\"name\":\"Kapitalis\",\"url\":\"https:\/\/kapitalis.com\/tunisie\/\",\"logo\":{\"@type\":\"ImageObject\",\"inLanguage\":\"fr-FR\",\"@id\":\"https:\/\/kapitalis.com\/tunisie\/#\/schema\/logo\/image\/\",\"url\":\"https:\/\/kapitalis.com\/tunisie\/wp-content\/uploads\/2022\/05\/Kapitalis-big-size.png\",\"contentUrl\":\"https:\/\/kapitalis.com\/tunisie\/wp-content\/uploads\/2022\/05\/Kapitalis-big-size.png\",\"width\":5000,\"height\":1500,\"caption\":\"Kapitalis\"},\"image\":{\"@id\":\"https:\/\/kapitalis.com\/tunisie\/#\/schema\/logo\/image\/\"},\"sameAs\":[\"https:\/\/www.facebook.com\/KapitalisInfo\/\",\"https:\/\/x.com\/KapitalisInfo\",\"https:\/\/www.youtube.com\/channel\/UC-yDYrHyfFBWWZaOw3FPg9Q\"]},{\"@type\":\"Person\",\"@id\":\"https:\/\/kapitalis.com\/tunisie\/#\/schema\/person\/d71f33a9ca44f7bad4698210b480c8e9\",\"name\":\"webmaster kapitalis\",\"url\":\"https:\/\/kapitalis.com\/tunisie\/author\/webmaster-kapitalis\/\"}]}<\/script>\n<!-- \/ Yoast SEO plugin. -->","yoast_head_json":{"title":"D\u00e9bat \u00e0 la SMU\u00a0: entreprises tunisiennes et opportunit\u00e9s d\u2019affaires en Afrique - Kapitalis","robots":{"index":"index","follow":"follow","max-snippet":"max-snippet:-1","max-image-preview":"max-image-preview:large","max-video-preview":"max-video-preview:-1"},"canonical":"https:\/\/kapitalis.com\/tunisie\/2024\/06\/14\/debat-a-la-smu-entreprises-tunisiennes-et-opportunites-daffaires-en-afrique\/","og_locale":"fr_FR","og_type":"article","og_title":"D\u00e9bat \u00e0 la SMU\u00a0: entreprises tunisiennes et opportunit\u00e9s d\u2019affaires en Afrique - Kapitalis","og_description":"D\u00e9bat \u00e0 la SMU: Ecosyst\u00e8me de l'internationalisation : opportunit\u00e9s et d\u00e9fis pour une expansion des entreprises tunisiennes \u00e0 l'\u00e9chelle du continent africain.","og_url":"https:\/\/kapitalis.com\/tunisie\/2024\/06\/14\/debat-a-la-smu-entreprises-tunisiennes-et-opportunites-daffaires-en-afrique\/","og_site_name":"Kapitalis","article_publisher":"https:\/\/www.facebook.com\/KapitalisInfo\/","article_published_time":"2024-06-14T11:12:06+00:00","article_modified_time":"2024-06-14T11:12:08+00:00","og_image":[{"width":1200,"height":630,"url":"https:\/\/kapitalis.com\/tunisie\/wp-content\/uploads\/2024\/06\/SMU-Jeudi-Afrique.jpg","type":"image\/jpeg"}],"author":"webmaster kapitalis","twitter_card":"summary_large_image","twitter_creator":"@KapitalisInfo","twitter_site":"@KapitalisInfo","twitter_misc":{"\u00c9crit par":"webmaster kapitalis","Dur\u00e9e de lecture estim\u00e9e":"7 minutes"},"schema":{"@context":"https:\/\/schema.org","@graph":[{"@type":"Article","@id":"https:\/\/kapitalis.com\/tunisie\/2024\/06\/14\/debat-a-la-smu-entreprises-tunisiennes-et-opportunites-daffaires-en-afrique\/#article","isPartOf":{"@id":"https:\/\/kapitalis.com\/tunisie\/2024\/06\/14\/debat-a-la-smu-entreprises-tunisiennes-et-opportunites-daffaires-en-afrique\/"},"author":{"name":"webmaster kapitalis","@id":"https:\/\/kapitalis.com\/tunisie\/#\/schema\/person\/d71f33a9ca44f7bad4698210b480c8e9"},"headline":"D\u00e9bat \u00e0 la SMU\u00a0: entreprises tunisiennes et opportunit\u00e9s d\u2019affaires en Afrique","datePublished":"2024-06-14T11:12:06+00:00","dateModified":"2024-06-14T11:12:08+00:00","mainEntityOfPage":{"@id":"https:\/\/kapitalis.com\/tunisie\/2024\/06\/14\/debat-a-la-smu-entreprises-tunisiennes-et-opportunites-daffaires-en-afrique\/"},"wordCount":1304,"publisher":{"@id":"https:\/\/kapitalis.com\/tunisie\/#organization"},"image":{"@id":"https:\/\/kapitalis.com\/tunisie\/2024\/06\/14\/debat-a-la-smu-entreprises-tunisiennes-et-opportunites-daffaires-en-afrique\/#primaryimage"},"thumbnailUrl":"https:\/\/kapitalis.com\/tunisie\/wp-content\/uploads\/2024\/06\/SMU-Jeudi-Afrique.jpg","keywords":["Afrique","Hela Chaari","Houeida Gharbi","Imen Messaadi","Mazen Kacem","Nadia Yaich","Qawafel","SMU","South Mediterranean University","Wahb Ouertani"],"articleSection":["ECONOMIE","Tunisie"],"inLanguage":"fr-FR"},{"@type":"WebPage","@id":"https:\/\/kapitalis.com\/tunisie\/2024\/06\/14\/debat-a-la-smu-entreprises-tunisiennes-et-opportunites-daffaires-en-afrique\/","url":"https:\/\/kapitalis.com\/tunisie\/2024\/06\/14\/debat-a-la-smu-entreprises-tunisiennes-et-opportunites-daffaires-en-afrique\/","name":"D\u00e9bat \u00e0 la SMU\u00a0: entreprises tunisiennes et opportunit\u00e9s d\u2019affaires en Afrique - Kapitalis","isPartOf":{"@id":"https:\/\/kapitalis.com\/tunisie\/#website"},"primaryImageOfPage":{"@id":"https:\/\/kapitalis.com\/tunisie\/2024\/06\/14\/debat-a-la-smu-entreprises-tunisiennes-et-opportunites-daffaires-en-afrique\/#primaryimage"},"image":{"@id":"https:\/\/kapitalis.com\/tunisie\/2024\/06\/14\/debat-a-la-smu-entreprises-tunisiennes-et-opportunites-daffaires-en-afrique\/#primaryimage"},"thumbnailUrl":"https:\/\/kapitalis.com\/tunisie\/wp-content\/uploads\/2024\/06\/SMU-Jeudi-Afrique.jpg","datePublished":"2024-06-14T11:12:06+00:00","dateModified":"2024-06-14T11:12:08+00:00","breadcrumb":{"@id":"https:\/\/kapitalis.com\/tunisie\/2024\/06\/14\/debat-a-la-smu-entreprises-tunisiennes-et-opportunites-daffaires-en-afrique\/#breadcrumb"},"inLanguage":"fr-FR","potentialAction":[{"@type":"ReadAction","target":["https:\/\/kapitalis.com\/tunisie\/2024\/06\/14\/debat-a-la-smu-entreprises-tunisiennes-et-opportunites-daffaires-en-afrique\/"]}]},{"@type":"ImageObject","inLanguage":"fr-FR","@id":"https:\/\/kapitalis.com\/tunisie\/2024\/06\/14\/debat-a-la-smu-entreprises-tunisiennes-et-opportunites-daffaires-en-afrique\/#primaryimage","url":"https:\/\/kapitalis.com\/tunisie\/wp-content\/uploads\/2024\/06\/SMU-Jeudi-Afrique.jpg","contentUrl":"https:\/\/kapitalis.com\/tunisie\/wp-content\/uploads\/2024\/06\/SMU-Jeudi-Afrique.jpg","width":1200,"height":630},{"@type":"BreadcrumbList","@id":"https:\/\/kapitalis.com\/tunisie\/2024\/06\/14\/debat-a-la-smu-entreprises-tunisiennes-et-opportunites-daffaires-en-afrique\/#breadcrumb","itemListElement":[{"@type":"ListItem","position":1,"name":"Accueil","item":"https:\/\/kapitalis.com\/tunisie\/"},{"@type":"ListItem","position":2,"name":"D\u00e9bat \u00e0 la SMU\u00a0: entreprises tunisiennes et opportunit\u00e9s d\u2019affaires en Afrique"}]},{"@type":"WebSite","@id":"https:\/\/kapitalis.com\/tunisie\/#website","url":"https:\/\/kapitalis.com\/tunisie\/","name":"Kapitalis","description":"L&#039;actualit\u00e9 en Tunisie et dans le monde","publisher":{"@id":"https:\/\/kapitalis.com\/tunisie\/#organization"},"potentialAction":[{"@type":"SearchAction","target":{"@type":"EntryPoint","urlTemplate":"https:\/\/kapitalis.com\/tunisie\/?s={search_term_string}"},"query-input":{"@type":"PropertyValueSpecification","valueRequired":true,"valueName":"search_term_string"}}],"inLanguage":"fr-FR"},{"@type":"Organization","@id":"https:\/\/kapitalis.com\/tunisie\/#organization","name":"Kapitalis","url":"https:\/\/kapitalis.com\/tunisie\/","logo":{"@type":"ImageObject","inLanguage":"fr-FR","@id":"https:\/\/kapitalis.com\/tunisie\/#\/schema\/logo\/image\/","url":"https:\/\/kapitalis.com\/tunisie\/wp-content\/uploads\/2022\/05\/Kapitalis-big-size.png","contentUrl":"https:\/\/kapitalis.com\/tunisie\/wp-content\/uploads\/2022\/05\/Kapitalis-big-size.png","width":5000,"height":1500,"caption":"Kapitalis"},"image":{"@id":"https:\/\/kapitalis.com\/tunisie\/#\/schema\/logo\/image\/"},"sameAs":["https:\/\/www.facebook.com\/KapitalisInfo\/","https:\/\/x.com\/KapitalisInfo","https:\/\/www.youtube.com\/channel\/UC-yDYrHyfFBWWZaOw3FPg9Q"]},{"@type":"Person","@id":"https:\/\/kapitalis.com\/tunisie\/#\/schema\/person\/d71f33a9ca44f7bad4698210b480c8e9","name":"webmaster kapitalis","url":"https:\/\/kapitalis.com\/tunisie\/author\/webmaster-kapitalis\/"}]}},"_links":{"self":[{"href":"https:\/\/kapitalis.com\/tunisie\/wp-json\/wp\/v2\/posts\/13247157","targetHints":{"allow":["GET"]}}],"collection":[{"href":"https:\/\/kapitalis.com\/tunisie\/wp-json\/wp\/v2\/posts"}],"about":[{"href":"https:\/\/kapitalis.com\/tunisie\/wp-json\/wp\/v2\/types\/post"}],"author":[{"embeddable":true,"href":"https:\/\/kapitalis.com\/tunisie\/wp-json\/wp\/v2\/users\/8"}],"replies":[{"embeddable":true,"href":"https:\/\/kapitalis.com\/tunisie\/wp-json\/wp\/v2\/comments?post=13247157"}],"version-history":[{"count":1,"href":"https:\/\/kapitalis.com\/tunisie\/wp-json\/wp\/v2\/posts\/13247157\/revisions"}],"predecessor-version":[{"id":13247255,"href":"https:\/\/kapitalis.com\/tunisie\/wp-json\/wp\/v2\/posts\/13247157\/revisions\/13247255"}],"wp:featuredmedia":[{"embeddable":true,"href":"https:\/\/kapitalis.com\/tunisie\/wp-json\/wp\/v2\/media\/13247202"}],"wp:attachment":[{"href":"https:\/\/kapitalis.com\/tunisie\/wp-json\/wp\/v2\/media?parent=13247157"}],"wp:term":[{"taxonomy":"category","embeddable":true,"href":"https:\/\/kapitalis.com\/tunisie\/wp-json\/wp\/v2\/categories?post=13247157"},{"taxonomy":"post_tag","embeddable":true,"href":"https:\/\/kapitalis.com\/tunisie\/wp-json\/wp\/v2\/tags?post=13247157"}],"curies":[{"name":"wp","href":"https:\/\/api.w.org\/{rel}","templated":true}]}}