{"id":1325542,"date":"2022-06-08T13:12:15","date_gmt":"2022-06-08T12:12:15","guid":{"rendered":"https:\/\/kapitalis.com\/tunisie\/?p=1325542"},"modified":"2022-06-08T13:30:23","modified_gmt":"2022-06-08T12:30:23","slug":"tunisie-rencontre-a-beit-al-hikma-que-reste-t-il-de-bourguiba","status":"publish","type":"post","link":"https:\/\/kapitalis.com\/tunisie\/2022\/06\/08\/tunisie-rencontre-a-beit-al-hikma-que-reste-t-il-de-bourguiba\/","title":{"rendered":"Tunisie-Rencontre \u00e0 Beit Al-Hikma\u00a0: Que reste-t-il de Bourguiba\u00a0?"},"content":{"rendered":"\n<p><strong><em>L\u2019Acad\u00e9mie tunisienne des sciences, des lettres et des arts, Beit Al-Hikma et l\u2019Association des \u00e9tudes bourguibiennes ont organis\u00e9, les 1<sup>er<\/sup>&nbsp;et 2 juin 2022 les 1\u00e8res journ\u00e9es d\u2019\u00e9tudes bourguibiennes, sous le titre&nbsp;: \u00abHabib Bourguiba, le r\u00e9formateur\u00bb.<\/em><\/strong><\/p>\n\n\n\n<!--more-->\n\n\n\n<p>Plusieurs personnalit\u00e9s du monde politique, universitaire et culturel, tels que MM. Mahmoud Ben Romdhane, Ahmed Ounaies, Afif Chelbi, Noureddine Dougui, Raja Farhat et Abdelaziz Kacem, et Mmes Faiza Kefi, Faouzia Charfi, Emna Belhaj Yahia, Rabaa Ben Achour et Salma Hajri, ont pr\u00e9sent\u00e9 des communications autour des th\u00e9matiques li\u00e9es \u00e0 la philosophie politique du premier pr\u00e9sident de la r\u00e9publique tunisienne et \u00e0 sa m\u00e9thode de gouvernement. On a ainsi parl\u00e9 de sa politique r\u00e9formiste aux lendemains de l\u2019ind\u00e9pendance, qui a concern\u00e9 notamment l\u2019\u00e9ducation (scolarisation obligatoire des gar\u00e7ons et des filles&#8230;), la soci\u00e9t\u00e9 (\u00e9mancipation des femmes, planning familial, sant\u00e9 publique&#8230;).<\/p>\n\n\n\n<p>Organis\u00e9es \u00e0 l\u2019initiative de Ahmed Ounaies, pr\u00e9sident de l\u2019Association des \u00e9tudes bourguibiennes, ces premi\u00e8res journ\u00e9es d\u2019\u00e9tudes bourguibiennes ont explor\u00e9 le champ des r\u00e9formes fondamentales entreprises sous l\u2019impulsion de Habib Bourguiba, d\u00e8s le milieu des ann\u00e9es 1950.<\/p>\n\n\n\n<p>Ces r\u00e9formes ont chang\u00e9 la soci\u00e9t\u00e9 tunisienne et l\u2019ont projet\u00e9e sur une trajectoire de progr\u00e8s. Elles valent par elles-m\u00eames et, tout autant, par r\u00e9f\u00e9rence au contexte, \u00e0 l\u2019esprit du temps et \u00e0 la part de l\u2019homme. Ces facteurs sont difficilement perceptibles \u00e0 quelques ann\u00e9es de distance par la soci\u00e9t\u00e9 concern\u00e9e, elle-m\u00eame emport\u00e9e par les \u00e9volutions int\u00e9rieures et ext\u00e9rieures.<\/p>\n\n\n\n<p>Les t\u00e9moignages des compagnons et des contemporains, pour essentiels qu\u2019ils soient, sont venus compl\u00e9ter, en toute rigueur, l\u2019analyse et la mise en perspective des intervenants.<\/p>\n\n\n\n<p>Ce colloque, probablement le premier \u00e0 s\u2019int\u00e9resser \u00e0 l\u2019\u00e9valuation de l\u2019\u0153uvre de Habib Bourguiba, a \u00e9t\u00e9 une occasion, \u00e0 forte port\u00e9e symbolique, de par le choix de la date du 1<sup>er<\/sup>&nbsp;juin, celle du retour triomphal de Bourguiba de son exil en France, de d\u00e9couvrir, red\u00e9couvrir et tenter d\u2019\u00e9valuer les r\u00e9formes mises en \u0153uvre par cet homme exceptionnel.<\/p>\n\n\n\n<p>L\u2019hommage \u00e0 la politique visionnaire, fond\u00e9e sur l\u2019id\u00e9e de progr\u00e8s, enclench\u00e9e par le <em>\u00abza\u00efm\u00bb<\/em> n\u2019a, tout de m\u00eame, pas \u00e9chapp\u00e9 \u00e0 la distance critique inh\u00e9rente \u00e0 l\u2019esprit de recherche. Les initiateurs des journ\u00e9es bourguibiennes allant jusqu\u2019\u00e0 promettre de prochaines rencontres qui porteraient sur la critique du bourguibisme, une critique qui marquera, peut-\u00eatre, la pierre angulaire d&rsquo;une nouvelle renaissance tunisienne.<\/p>\n","protected":false},"excerpt":{"rendered":"<p>les 1\u00e8res journ\u00e9es d\u2019\u00e9tudes bourguibiennes se sont tenues \u00e0 Beit Al-Hikma, sous le titre\u00a0: \u00abHabib Bourguiba, le r\u00e9formateur\u00bb.<\/p>\n","protected":false},"author":8,"featured_media":1325656,"comment_status":"open","ping_status":"open","sticky":false,"template":"","format":"standard","meta":{"footnotes":""},"categories":[994,997,2433],"tags":[75677,12619,8584,79410,91257,99691,93993,2358,566,7830,62643],"class_list":["post-1325542","post","type-post","status-publish","format-standard","has-post-thumbnail","hentry","category-culture","category-politique","category-tunisie","tag-abdelaziz-kacem","tag-afif-chelbi","tag-ahmed-ounaies","tag-beit-al-hikma-2","tag-emna-belhaj-yahia","tag-faiza-kefi","tag-faouzia-charfi","tag-habib-bourguiba","tag-mahmoud-ben-romdhane","tag-raja-farhat","tag-tunisie"],"yoast_head":"<!-- This site is optimized with the Yoast SEO plugin v26.6 - https:\/\/yoast.com\/wordpress\/plugins\/seo\/ -->\n<title>Tunisie-Rencontre \u00e0 Beit Al-Hikma\u00a0: Que reste-t-il de Bourguiba\u00a0? - Kapitalis<\/title>\n<meta name=\"robots\" content=\"index, follow, max-snippet:-1, max-image-preview:large, max-video-preview:-1\" \/>\n<link rel=\"canonical\" href=\"https:\/\/kapitalis.com\/tunisie\/2022\/06\/08\/tunisie-rencontre-a-beit-al-hikma-que-reste-t-il-de-bourguiba\/\" \/>\n<meta property=\"og:locale\" content=\"fr_FR\" \/>\n<meta property=\"og:type\" content=\"article\" \/>\n<meta property=\"og:title\" content=\"Tunisie-Rencontre \u00e0 Beit Al-Hikma\u00a0: Que reste-t-il de Bourguiba\u00a0? - Kapitalis\" \/>\n<meta property=\"og:description\" content=\"les 1\u00e8res journ\u00e9es d\u2019\u00e9tudes bourguibiennes se sont tenues \u00e0 Beit Al-Hikma, sous le titre\u00a0: \u00abHabib Bourguiba, le r\u00e9formateur\u00bb.\" \/>\n<meta property=\"og:url\" content=\"https:\/\/kapitalis.com\/tunisie\/2022\/06\/08\/tunisie-rencontre-a-beit-al-hikma-que-reste-t-il-de-bourguiba\/\" \/>\n<meta property=\"og:site_name\" content=\"Kapitalis\" \/>\n<meta property=\"article:publisher\" content=\"https:\/\/www.facebook.com\/KapitalisInfo\/\" \/>\n<meta property=\"article:published_time\" content=\"2022-06-08T12:12:15+00:00\" \/>\n<meta property=\"article:modified_time\" content=\"2022-06-08T12:30:23+00:00\" \/>\n<meta property=\"og:image\" content=\"https:\/\/kapitalis.com\/tunisie\/wp-content\/uploads\/2022\/06\/Mahmoud-Ben-Romdhane-Ahmed-Ounaies.jpg\" \/>\n\t<meta property=\"og:image:width\" content=\"1200\" \/>\n\t<meta property=\"og:image:height\" content=\"630\" \/>\n\t<meta property=\"og:image:type\" content=\"image\/jpeg\" \/>\n<meta name=\"author\" content=\"webmaster kapitalis\" \/>\n<meta name=\"twitter:card\" content=\"summary_large_image\" \/>\n<meta name=\"twitter:creator\" content=\"@KapitalisInfo\" \/>\n<meta name=\"twitter:site\" content=\"@KapitalisInfo\" \/>\n<meta name=\"twitter:label1\" content=\"\u00c9crit par\" \/>\n\t<meta name=\"twitter:data1\" content=\"webmaster kapitalis\" \/>\n\t<meta name=\"twitter:label2\" content=\"Dur\u00e9e de lecture estim\u00e9e\" \/>\n\t<meta name=\"twitter:data2\" content=\"2 minutes\" \/>\n<script type=\"application\/ld+json\" class=\"yoast-schema-graph\">{\"@context\":\"https:\/\/schema.org\",\"@graph\":[{\"@type\":\"Article\",\"@id\":\"https:\/\/kapitalis.com\/tunisie\/2022\/06\/08\/tunisie-rencontre-a-beit-al-hikma-que-reste-t-il-de-bourguiba\/#article\",\"isPartOf\":{\"@id\":\"https:\/\/kapitalis.com\/tunisie\/2022\/06\/08\/tunisie-rencontre-a-beit-al-hikma-que-reste-t-il-de-bourguiba\/\"},\"author\":{\"name\":\"webmaster kapitalis\",\"@id\":\"https:\/\/kapitalis.com\/tunisie\/#\/schema\/person\/d71f33a9ca44f7bad4698210b480c8e9\"},\"headline\":\"Tunisie-Rencontre \u00e0 Beit Al-Hikma\u00a0: Que reste-t-il de Bourguiba\u00a0?\",\"datePublished\":\"2022-06-08T12:12:15+00:00\",\"dateModified\":\"2022-06-08T12:30:23+00:00\",\"mainEntityOfPage\":{\"@id\":\"https:\/\/kapitalis.com\/tunisie\/2022\/06\/08\/tunisie-rencontre-a-beit-al-hikma-que-reste-t-il-de-bourguiba\/\"},\"wordCount\":438,\"commentCount\":1,\"publisher\":{\"@id\":\"https:\/\/kapitalis.com\/tunisie\/#organization\"},\"image\":{\"@id\":\"https:\/\/kapitalis.com\/tunisie\/2022\/06\/08\/tunisie-rencontre-a-beit-al-hikma-que-reste-t-il-de-bourguiba\/#primaryimage\"},\"thumbnailUrl\":\"https:\/\/kapitalis.com\/tunisie\/wp-content\/uploads\/2022\/06\/Mahmoud-Ben-Romdhane-Ahmed-Ounaies.jpg\",\"keywords\":[\"Abdelaziz Kacem\",\"Afif Chelbi\",\"Ahmed Ouna\u00efes\",\"Beit Al-Hikma\",\"Emna Belhaj Yahia\",\"Faiza Kefi\",\"Faouzia Charfi\",\"Habib Bourguiba\",\"Mahmoud Ben Romdhane\",\"Raja Farhat\",\"Tunisie\"],\"articleSection\":[\"CULTURE\",\"POLITIQUE\",\"Tunisie\"],\"inLanguage\":\"fr-FR\",\"potentialAction\":[{\"@type\":\"CommentAction\",\"name\":\"Comment\",\"target\":[\"https:\/\/kapitalis.com\/tunisie\/2022\/06\/08\/tunisie-rencontre-a-beit-al-hikma-que-reste-t-il-de-bourguiba\/#respond\"]}]},{\"@type\":\"WebPage\",\"@id\":\"https:\/\/kapitalis.com\/tunisie\/2022\/06\/08\/tunisie-rencontre-a-beit-al-hikma-que-reste-t-il-de-bourguiba\/\",\"url\":\"https:\/\/kapitalis.com\/tunisie\/2022\/06\/08\/tunisie-rencontre-a-beit-al-hikma-que-reste-t-il-de-bourguiba\/\",\"name\":\"Tunisie-Rencontre \u00e0 Beit Al-Hikma\u00a0: Que reste-t-il de Bourguiba\u00a0? - Kapitalis\",\"isPartOf\":{\"@id\":\"https:\/\/kapitalis.com\/tunisie\/#website\"},\"primaryImageOfPage\":{\"@id\":\"https:\/\/kapitalis.com\/tunisie\/2022\/06\/08\/tunisie-rencontre-a-beit-al-hikma-que-reste-t-il-de-bourguiba\/#primaryimage\"},\"image\":{\"@id\":\"https:\/\/kapitalis.com\/tunisie\/2022\/06\/08\/tunisie-rencontre-a-beit-al-hikma-que-reste-t-il-de-bourguiba\/#primaryimage\"},\"thumbnailUrl\":\"https:\/\/kapitalis.com\/tunisie\/wp-content\/uploads\/2022\/06\/Mahmoud-Ben-Romdhane-Ahmed-Ounaies.jpg\",\"datePublished\":\"2022-06-08T12:12:15+00:00\",\"dateModified\":\"2022-06-08T12:30:23+00:00\",\"breadcrumb\":{\"@id\":\"https:\/\/kapitalis.com\/tunisie\/2022\/06\/08\/tunisie-rencontre-a-beit-al-hikma-que-reste-t-il-de-bourguiba\/#breadcrumb\"},\"inLanguage\":\"fr-FR\",\"potentialAction\":[{\"@type\":\"ReadAction\",\"target\":[\"https:\/\/kapitalis.com\/tunisie\/2022\/06\/08\/tunisie-rencontre-a-beit-al-hikma-que-reste-t-il-de-bourguiba\/\"]}]},{\"@type\":\"ImageObject\",\"inLanguage\":\"fr-FR\",\"@id\":\"https:\/\/kapitalis.com\/tunisie\/2022\/06\/08\/tunisie-rencontre-a-beit-al-hikma-que-reste-t-il-de-bourguiba\/#primaryimage\",\"url\":\"https:\/\/kapitalis.com\/tunisie\/wp-content\/uploads\/2022\/06\/Mahmoud-Ben-Romdhane-Ahmed-Ounaies.jpg\",\"contentUrl\":\"https:\/\/kapitalis.com\/tunisie\/wp-content\/uploads\/2022\/06\/Mahmoud-Ben-Romdhane-Ahmed-Ounaies.jpg\",\"width\":1200,\"height\":630},{\"@type\":\"BreadcrumbList\",\"@id\":\"https:\/\/kapitalis.com\/tunisie\/2022\/06\/08\/tunisie-rencontre-a-beit-al-hikma-que-reste-t-il-de-bourguiba\/#breadcrumb\",\"itemListElement\":[{\"@type\":\"ListItem\",\"position\":1,\"name\":\"Accueil\",\"item\":\"https:\/\/kapitalis.com\/tunisie\/\"},{\"@type\":\"ListItem\",\"position\":2,\"name\":\"Tunisie-Rencontre \u00e0 Beit Al-Hikma\u00a0: Que reste-t-il de Bourguiba\u00a0?\"}]},{\"@type\":\"WebSite\",\"@id\":\"https:\/\/kapitalis.com\/tunisie\/#website\",\"url\":\"https:\/\/kapitalis.com\/tunisie\/\",\"name\":\"Kapitalis\",\"description\":\"L&#039;actualit\u00e9 en Tunisie et dans le monde\",\"publisher\":{\"@id\":\"https:\/\/kapitalis.com\/tunisie\/#organization\"},\"potentialAction\":[{\"@type\":\"SearchAction\",\"target\":{\"@type\":\"EntryPoint\",\"urlTemplate\":\"https:\/\/kapitalis.com\/tunisie\/?s={search_term_string}\"},\"query-input\":{\"@type\":\"PropertyValueSpecification\",\"valueRequired\":true,\"valueName\":\"search_term_string\"}}],\"inLanguage\":\"fr-FR\"},{\"@type\":\"Organization\",\"@id\":\"https:\/\/kapitalis.com\/tunisie\/#organization\",\"name\":\"Kapitalis\",\"url\":\"https:\/\/kapitalis.com\/tunisie\/\",\"logo\":{\"@type\":\"ImageObject\",\"inLanguage\":\"fr-FR\",\"@id\":\"https:\/\/kapitalis.com\/tunisie\/#\/schema\/logo\/image\/\",\"url\":\"https:\/\/kapitalis.com\/tunisie\/wp-content\/uploads\/2022\/05\/Kapitalis-big-size.png\",\"contentUrl\":\"https:\/\/kapitalis.com\/tunisie\/wp-content\/uploads\/2022\/05\/Kapitalis-big-size.png\",\"width\":5000,\"height\":1500,\"caption\":\"Kapitalis\"},\"image\":{\"@id\":\"https:\/\/kapitalis.com\/tunisie\/#\/schema\/logo\/image\/\"},\"sameAs\":[\"https:\/\/www.facebook.com\/KapitalisInfo\/\",\"https:\/\/x.com\/KapitalisInfo\",\"https:\/\/www.youtube.com\/channel\/UC-yDYrHyfFBWWZaOw3FPg9Q\"]},{\"@type\":\"Person\",\"@id\":\"https:\/\/kapitalis.com\/tunisie\/#\/schema\/person\/d71f33a9ca44f7bad4698210b480c8e9\",\"name\":\"webmaster kapitalis\",\"url\":\"https:\/\/kapitalis.com\/tunisie\/author\/webmaster-kapitalis\/\"}]}<\/script>\n<!-- \/ Yoast SEO plugin. -->","yoast_head_json":{"title":"Tunisie-Rencontre \u00e0 Beit Al-Hikma\u00a0: Que reste-t-il de Bourguiba\u00a0? - Kapitalis","robots":{"index":"index","follow":"follow","max-snippet":"max-snippet:-1","max-image-preview":"max-image-preview:large","max-video-preview":"max-video-preview:-1"},"canonical":"https:\/\/kapitalis.com\/tunisie\/2022\/06\/08\/tunisie-rencontre-a-beit-al-hikma-que-reste-t-il-de-bourguiba\/","og_locale":"fr_FR","og_type":"article","og_title":"Tunisie-Rencontre \u00e0 Beit Al-Hikma\u00a0: Que reste-t-il de Bourguiba\u00a0? - Kapitalis","og_description":"les 1\u00e8res journ\u00e9es d\u2019\u00e9tudes bourguibiennes se sont tenues \u00e0 Beit Al-Hikma, sous le titre\u00a0: \u00abHabib Bourguiba, le r\u00e9formateur\u00bb.","og_url":"https:\/\/kapitalis.com\/tunisie\/2022\/06\/08\/tunisie-rencontre-a-beit-al-hikma-que-reste-t-il-de-bourguiba\/","og_site_name":"Kapitalis","article_publisher":"https:\/\/www.facebook.com\/KapitalisInfo\/","article_published_time":"2022-06-08T12:12:15+00:00","article_modified_time":"2022-06-08T12:30:23+00:00","og_image":[{"width":1200,"height":630,"url":"https:\/\/kapitalis.com\/tunisie\/wp-content\/uploads\/2022\/06\/Mahmoud-Ben-Romdhane-Ahmed-Ounaies.jpg","type":"image\/jpeg"}],"author":"webmaster kapitalis","twitter_card":"summary_large_image","twitter_creator":"@KapitalisInfo","twitter_site":"@KapitalisInfo","twitter_misc":{"\u00c9crit par":"webmaster kapitalis","Dur\u00e9e de lecture estim\u00e9e":"2 minutes"},"schema":{"@context":"https:\/\/schema.org","@graph":[{"@type":"Article","@id":"https:\/\/kapitalis.com\/tunisie\/2022\/06\/08\/tunisie-rencontre-a-beit-al-hikma-que-reste-t-il-de-bourguiba\/#article","isPartOf":{"@id":"https:\/\/kapitalis.com\/tunisie\/2022\/06\/08\/tunisie-rencontre-a-beit-al-hikma-que-reste-t-il-de-bourguiba\/"},"author":{"name":"webmaster kapitalis","@id":"https:\/\/kapitalis.com\/tunisie\/#\/schema\/person\/d71f33a9ca44f7bad4698210b480c8e9"},"headline":"Tunisie-Rencontre \u00e0 Beit Al-Hikma\u00a0: Que reste-t-il de Bourguiba\u00a0?","datePublished":"2022-06-08T12:12:15+00:00","dateModified":"2022-06-08T12:30:23+00:00","mainEntityOfPage":{"@id":"https:\/\/kapitalis.com\/tunisie\/2022\/06\/08\/tunisie-rencontre-a-beit-al-hikma-que-reste-t-il-de-bourguiba\/"},"wordCount":438,"commentCount":1,"publisher":{"@id":"https:\/\/kapitalis.com\/tunisie\/#organization"},"image":{"@id":"https:\/\/kapitalis.com\/tunisie\/2022\/06\/08\/tunisie-rencontre-a-beit-al-hikma-que-reste-t-il-de-bourguiba\/#primaryimage"},"thumbnailUrl":"https:\/\/kapitalis.com\/tunisie\/wp-content\/uploads\/2022\/06\/Mahmoud-Ben-Romdhane-Ahmed-Ounaies.jpg","keywords":["Abdelaziz Kacem","Afif Chelbi","Ahmed Ouna\u00efes","Beit Al-Hikma","Emna Belhaj Yahia","Faiza Kefi","Faouzia Charfi","Habib Bourguiba","Mahmoud Ben Romdhane","Raja Farhat","Tunisie"],"articleSection":["CULTURE","POLITIQUE","Tunisie"],"inLanguage":"fr-FR","potentialAction":[{"@type":"CommentAction","name":"Comment","target":["https:\/\/kapitalis.com\/tunisie\/2022\/06\/08\/tunisie-rencontre-a-beit-al-hikma-que-reste-t-il-de-bourguiba\/#respond"]}]},{"@type":"WebPage","@id":"https:\/\/kapitalis.com\/tunisie\/2022\/06\/08\/tunisie-rencontre-a-beit-al-hikma-que-reste-t-il-de-bourguiba\/","url":"https:\/\/kapitalis.com\/tunisie\/2022\/06\/08\/tunisie-rencontre-a-beit-al-hikma-que-reste-t-il-de-bourguiba\/","name":"Tunisie-Rencontre \u00e0 Beit Al-Hikma\u00a0: Que reste-t-il de Bourguiba\u00a0? - Kapitalis","isPartOf":{"@id":"https:\/\/kapitalis.com\/tunisie\/#website"},"primaryImageOfPage":{"@id":"https:\/\/kapitalis.com\/tunisie\/2022\/06\/08\/tunisie-rencontre-a-beit-al-hikma-que-reste-t-il-de-bourguiba\/#primaryimage"},"image":{"@id":"https:\/\/kapitalis.com\/tunisie\/2022\/06\/08\/tunisie-rencontre-a-beit-al-hikma-que-reste-t-il-de-bourguiba\/#primaryimage"},"thumbnailUrl":"https:\/\/kapitalis.com\/tunisie\/wp-content\/uploads\/2022\/06\/Mahmoud-Ben-Romdhane-Ahmed-Ounaies.jpg","datePublished":"2022-06-08T12:12:15+00:00","dateModified":"2022-06-08T12:30:23+00:00","breadcrumb":{"@id":"https:\/\/kapitalis.com\/tunisie\/2022\/06\/08\/tunisie-rencontre-a-beit-al-hikma-que-reste-t-il-de-bourguiba\/#breadcrumb"},"inLanguage":"fr-FR","potentialAction":[{"@type":"ReadAction","target":["https:\/\/kapitalis.com\/tunisie\/2022\/06\/08\/tunisie-rencontre-a-beit-al-hikma-que-reste-t-il-de-bourguiba\/"]}]},{"@type":"ImageObject","inLanguage":"fr-FR","@id":"https:\/\/kapitalis.com\/tunisie\/2022\/06\/08\/tunisie-rencontre-a-beit-al-hikma-que-reste-t-il-de-bourguiba\/#primaryimage","url":"https:\/\/kapitalis.com\/tunisie\/wp-content\/uploads\/2022\/06\/Mahmoud-Ben-Romdhane-Ahmed-Ounaies.jpg","contentUrl":"https:\/\/kapitalis.com\/tunisie\/wp-content\/uploads\/2022\/06\/Mahmoud-Ben-Romdhane-Ahmed-Ounaies.jpg","width":1200,"height":630},{"@type":"BreadcrumbList","@id":"https:\/\/kapitalis.com\/tunisie\/2022\/06\/08\/tunisie-rencontre-a-beit-al-hikma-que-reste-t-il-de-bourguiba\/#breadcrumb","itemListElement":[{"@type":"ListItem","position":1,"name":"Accueil","item":"https:\/\/kapitalis.com\/tunisie\/"},{"@type":"ListItem","position":2,"name":"Tunisie-Rencontre \u00e0 Beit Al-Hikma\u00a0: Que reste-t-il de Bourguiba\u00a0?"}]},{"@type":"WebSite","@id":"https:\/\/kapitalis.com\/tunisie\/#website","url":"https:\/\/kapitalis.com\/tunisie\/","name":"Kapitalis","description":"L&#039;actualit\u00e9 en Tunisie et dans le monde","publisher":{"@id":"https:\/\/kapitalis.com\/tunisie\/#organization"},"potentialAction":[{"@type":"SearchAction","target":{"@type":"EntryPoint","urlTemplate":"https:\/\/kapitalis.com\/tunisie\/?s={search_term_string}"},"query-input":{"@type":"PropertyValueSpecification","valueRequired":true,"valueName":"search_term_string"}}],"inLanguage":"fr-FR"},{"@type":"Organization","@id":"https:\/\/kapitalis.com\/tunisie\/#organization","name":"Kapitalis","url":"https:\/\/kapitalis.com\/tunisie\/","logo":{"@type":"ImageObject","inLanguage":"fr-FR","@id":"https:\/\/kapitalis.com\/tunisie\/#\/schema\/logo\/image\/","url":"https:\/\/kapitalis.com\/tunisie\/wp-content\/uploads\/2022\/05\/Kapitalis-big-size.png","contentUrl":"https:\/\/kapitalis.com\/tunisie\/wp-content\/uploads\/2022\/05\/Kapitalis-big-size.png","width":5000,"height":1500,"caption":"Kapitalis"},"image":{"@id":"https:\/\/kapitalis.com\/tunisie\/#\/schema\/logo\/image\/"},"sameAs":["https:\/\/www.facebook.com\/KapitalisInfo\/","https:\/\/x.com\/KapitalisInfo","https:\/\/www.youtube.com\/channel\/UC-yDYrHyfFBWWZaOw3FPg9Q"]},{"@type":"Person","@id":"https:\/\/kapitalis.com\/tunisie\/#\/schema\/person\/d71f33a9ca44f7bad4698210b480c8e9","name":"webmaster kapitalis","url":"https:\/\/kapitalis.com\/tunisie\/author\/webmaster-kapitalis\/"}]}},"_links":{"self":[{"href":"https:\/\/kapitalis.com\/tunisie\/wp-json\/wp\/v2\/posts\/1325542","targetHints":{"allow":["GET"]}}],"collection":[{"href":"https:\/\/kapitalis.com\/tunisie\/wp-json\/wp\/v2\/posts"}],"about":[{"href":"https:\/\/kapitalis.com\/tunisie\/wp-json\/wp\/v2\/types\/post"}],"author":[{"embeddable":true,"href":"https:\/\/kapitalis.com\/tunisie\/wp-json\/wp\/v2\/users\/8"}],"replies":[{"embeddable":true,"href":"https:\/\/kapitalis.com\/tunisie\/wp-json\/wp\/v2\/comments?post=1325542"}],"version-history":[{"count":0,"href":"https:\/\/kapitalis.com\/tunisie\/wp-json\/wp\/v2\/posts\/1325542\/revisions"}],"wp:featuredmedia":[{"embeddable":true,"href":"https:\/\/kapitalis.com\/tunisie\/wp-json\/wp\/v2\/media\/1325656"}],"wp:attachment":[{"href":"https:\/\/kapitalis.com\/tunisie\/wp-json\/wp\/v2\/media?parent=1325542"}],"wp:term":[{"taxonomy":"category","embeddable":true,"href":"https:\/\/kapitalis.com\/tunisie\/wp-json\/wp\/v2\/categories?post=1325542"},{"taxonomy":"post_tag","embeddable":true,"href":"https:\/\/kapitalis.com\/tunisie\/wp-json\/wp\/v2\/tags?post=1325542"}],"curies":[{"name":"wp","href":"https:\/\/api.w.org\/{rel}","templated":true}]}}