{"id":132775,"date":"2018-01-12T08:52:07","date_gmt":"2018-01-12T07:52:07","guid":{"rendered":"http:\/\/kapitalis.com\/tunisie\/?p=132775"},"modified":"2018-01-12T08:52:07","modified_gmt":"2018-01-12T07:52:07","slug":"emmi-augmente-participation-centrale-laitiere-de-mahdia","status":"publish","type":"post","link":"https:\/\/kapitalis.com\/tunisie\/2018\/01\/12\/emmi-augmente-participation-centrale-laitiere-de-mahdia\/","title":{"rendered":"Emmi augmente sa participation dans la Centrale laiti\u00e8re de Mahdia"},"content":{"rendered":"<p style=\"text-align: center;\"><img loading=\"lazy\" decoding=\"async\" class=\"alignnone size-full wp-image-132776\" src=\"http:\/\/kapitalis.com\/tunisie\/wp-content\/uploads\/2018\/01\/Emmi-Vitalait.jpg\" alt=\"\" width=\"626\" height=\"380\" \/><\/p>\n<p><em><strong>La compagnie espagnole Kaiku, filiale du groupe laitier suisse Emmi, a augment\u00e9 sa participation dans la Centrale laiti\u00e8re de Mahdia de 45,4 \u00e0 54,7%.<\/strong><\/em><\/p>\n<p><!--more--><\/p>\n<p>Cet accroissement de prise de parts, qui a \u00e9t\u00e9 rapport\u00e9 mercredi 10 janvier 2018 par le site de l\u2019agro-alimentaire mondial <a href=\"http:\/\/www.foodingredientsfirst.com\/news\/emmi-increases-stake-in-centrale-laiti%C3%A8re-de-mahdia-expands-presence-in-tunisia.html\"><em>\u2018\u2018Food Ingredients First\u2019\u2019 (\u2018FIF\u2019)<\/em><\/a>, va d\u00e9sormais permettre \u00e0 Emmi, qui est d\u00e9tenteur de 73,4% des actions de Kaiku, de poss\u00e9der 40,2% du capital de la Centrale laiti\u00e8re de Mahdia, qui est distributrice en Tunisie des produits Vitalait.<\/p>\n<p>Dans une seconde \u00e9tape et dans le cadre de l\u2019expansion internationale d\u2019Emmi, cette participation sera de nouveau augment\u00e9e de 9,34%, en 2021. Et la Tunisie, 4e march\u00e9 international du groupe laitier suisse, occupe une place de choix dans cette strat\u00e9gie de d\u00e9veloppement.<\/p>\n<p>Un porte-parole d\u2019Emmi a d\u00e9clar\u00e9 \u00e0 <em>\u2018\u2018FIF\u2019\u2019<\/em> que <em>\u00abl\u2019int\u00e9r\u00eat que nous portons pour la Tunisie ne date pas seulement de cette ann\u00e9e. Aujourd\u2019hui, la Tunisie est le quatri\u00e8me march\u00e9 international de notre groupe. Et, durant les derni\u00e8res ann\u00e9es, le d\u00e9veloppement de nos activit\u00e9s dans ce pays a \u00e9t\u00e9 extr\u00eamement positif et dans divers domaines. A titre d\u2019exemple, au courant des deux derni\u00e8res ann\u00e9es, la compagnie a enregistr\u00e9 une progression stable de ses ventes \u00e0 deux chiffres.\u00bb<\/em><\/p>\n<p><em>\u00abPour ce qui est du d\u00e9veloppement de Vitalait, Emmi planche sur la grande affinit\u00e9 des consommateurs pour les desserts. Dans ce domaine, la coop\u00e9ration avec la Centrale laiti\u00e8re de Mahdia est d\u00e9j\u00e0 bien avanc\u00e9e et elle continuera de s\u2019intensifier\u00bb<\/em>, ajoute le responsable du groupe suisse<\/p>\n<p style=\"text-align: right;\"><strong>Marwan Chahla<\/strong><\/p>\n","protected":false},"excerpt":{"rendered":"<p>La compagnie espagnole Kaiku, filiale du groupe laitier suisse Emmi, a augment\u00e9 sa participation dans la Centrale laiti\u00e8re de Mahdia de 45,4 \u00e0 54,7%.<\/p>\n","protected":false},"author":8,"featured_media":132776,"comment_status":"open","ping_status":"open","sticky":false,"template":"","format":"standard","meta":{"footnotes":""},"categories":[995,2433],"tags":[],"class_list":["post-132775","post","type-post","status-publish","format-standard","has-post-thumbnail","hentry","category-economie","category-tunisie"],"yoast_head":"<!-- This site is optimized with the Yoast SEO plugin v26.6 - https:\/\/yoast.com\/wordpress\/plugins\/seo\/ -->\n<title>Emmi augmente sa participation dans la Centrale laiti\u00e8re de Mahdia - Kapitalis<\/title>\n<meta name=\"robots\" content=\"index, follow, max-snippet:-1, max-image-preview:large, max-video-preview:-1\" \/>\n<link rel=\"canonical\" href=\"https:\/\/kapitalis.com\/tunisie\/2018\/01\/12\/emmi-augmente-participation-centrale-laitiere-de-mahdia\/\" \/>\n<meta property=\"og:locale\" content=\"fr_FR\" \/>\n<meta property=\"og:type\" content=\"article\" \/>\n<meta property=\"og:title\" content=\"Emmi augmente sa participation dans la Centrale laiti\u00e8re de Mahdia - Kapitalis\" \/>\n<meta property=\"og:description\" content=\"La compagnie espagnole Kaiku, filiale du groupe laitier suisse Emmi, a augment\u00e9 sa participation dans la Centrale laiti\u00e8re de Mahdia de 45,4 \u00e0 54,7%.\" \/>\n<meta property=\"og:url\" content=\"https:\/\/kapitalis.com\/tunisie\/2018\/01\/12\/emmi-augmente-participation-centrale-laitiere-de-mahdia\/\" \/>\n<meta property=\"og:site_name\" content=\"Kapitalis\" \/>\n<meta property=\"article:publisher\" content=\"https:\/\/www.facebook.com\/KapitalisInfo\/\" \/>\n<meta property=\"article:published_time\" content=\"2018-01-12T07:52:07+00:00\" \/>\n<meta property=\"og:image\" content=\"https:\/\/kapitalis.com\/tunisie\/wp-content\/uploads\/2022\/05\/kapitalis-logo-fb.png\" \/>\n\t<meta property=\"og:image:width\" content=\"1200\" \/>\n\t<meta property=\"og:image:height\" content=\"630\" \/>\n\t<meta property=\"og:image:type\" content=\"image\/png\" \/>\n<meta name=\"author\" content=\"webmaster kapitalis\" \/>\n<meta name=\"twitter:card\" content=\"summary_large_image\" \/>\n<meta name=\"twitter:creator\" content=\"@KapitalisInfo\" \/>\n<meta name=\"twitter:site\" content=\"@KapitalisInfo\" \/>\n<meta name=\"twitter:label1\" content=\"\u00c9crit par\" \/>\n\t<meta name=\"twitter:data1\" content=\"webmaster kapitalis\" \/>\n\t<meta name=\"twitter:label2\" content=\"Dur\u00e9e de lecture estim\u00e9e\" \/>\n\t<meta name=\"twitter:data2\" content=\"1 minute\" \/>\n<script type=\"application\/ld+json\" class=\"yoast-schema-graph\">{\"@context\":\"https:\/\/schema.org\",\"@graph\":[{\"@type\":\"Article\",\"@id\":\"https:\/\/kapitalis.com\/tunisie\/2018\/01\/12\/emmi-augmente-participation-centrale-laitiere-de-mahdia\/#article\",\"isPartOf\":{\"@id\":\"https:\/\/kapitalis.com\/tunisie\/2018\/01\/12\/emmi-augmente-participation-centrale-laitiere-de-mahdia\/\"},\"author\":{\"name\":\"webmaster kapitalis\",\"@id\":\"https:\/\/kapitalis.com\/tunisie\/#\/schema\/person\/d71f33a9ca44f7bad4698210b480c8e9\"},\"headline\":\"Emmi augmente sa participation dans la Centrale laiti\u00e8re de Mahdia\",\"datePublished\":\"2018-01-12T07:52:07+00:00\",\"mainEntityOfPage\":{\"@id\":\"https:\/\/kapitalis.com\/tunisie\/2018\/01\/12\/emmi-augmente-participation-centrale-laitiere-de-mahdia\/\"},\"wordCount\":278,\"commentCount\":1,\"publisher\":{\"@id\":\"https:\/\/kapitalis.com\/tunisie\/#organization\"},\"image\":{\"@id\":\"https:\/\/kapitalis.com\/tunisie\/2018\/01\/12\/emmi-augmente-participation-centrale-laitiere-de-mahdia\/#primaryimage\"},\"thumbnailUrl\":\"\",\"articleSection\":[\"ECONOMIE\",\"Tunisie\"],\"inLanguage\":\"fr-FR\",\"potentialAction\":[{\"@type\":\"CommentAction\",\"name\":\"Comment\",\"target\":[\"https:\/\/kapitalis.com\/tunisie\/2018\/01\/12\/emmi-augmente-participation-centrale-laitiere-de-mahdia\/#respond\"]}]},{\"@type\":\"WebPage\",\"@id\":\"https:\/\/kapitalis.com\/tunisie\/2018\/01\/12\/emmi-augmente-participation-centrale-laitiere-de-mahdia\/\",\"url\":\"https:\/\/kapitalis.com\/tunisie\/2018\/01\/12\/emmi-augmente-participation-centrale-laitiere-de-mahdia\/\",\"name\":\"Emmi augmente sa participation dans la Centrale laiti\u00e8re de Mahdia - Kapitalis\",\"isPartOf\":{\"@id\":\"https:\/\/kapitalis.com\/tunisie\/#website\"},\"primaryImageOfPage\":{\"@id\":\"https:\/\/kapitalis.com\/tunisie\/2018\/01\/12\/emmi-augmente-participation-centrale-laitiere-de-mahdia\/#primaryimage\"},\"image\":{\"@id\":\"https:\/\/kapitalis.com\/tunisie\/2018\/01\/12\/emmi-augmente-participation-centrale-laitiere-de-mahdia\/#primaryimage\"},\"thumbnailUrl\":\"\",\"datePublished\":\"2018-01-12T07:52:07+00:00\",\"breadcrumb\":{\"@id\":\"https:\/\/kapitalis.com\/tunisie\/2018\/01\/12\/emmi-augmente-participation-centrale-laitiere-de-mahdia\/#breadcrumb\"},\"inLanguage\":\"fr-FR\",\"potentialAction\":[{\"@type\":\"ReadAction\",\"target\":[\"https:\/\/kapitalis.com\/tunisie\/2018\/01\/12\/emmi-augmente-participation-centrale-laitiere-de-mahdia\/\"]}]},{\"@type\":\"ImageObject\",\"inLanguage\":\"fr-FR\",\"@id\":\"https:\/\/kapitalis.com\/tunisie\/2018\/01\/12\/emmi-augmente-participation-centrale-laitiere-de-mahdia\/#primaryimage\",\"url\":\"\",\"contentUrl\":\"\"},{\"@type\":\"BreadcrumbList\",\"@id\":\"https:\/\/kapitalis.com\/tunisie\/2018\/01\/12\/emmi-augmente-participation-centrale-laitiere-de-mahdia\/#breadcrumb\",\"itemListElement\":[{\"@type\":\"ListItem\",\"position\":1,\"name\":\"Accueil\",\"item\":\"https:\/\/kapitalis.com\/tunisie\/\"},{\"@type\":\"ListItem\",\"position\":2,\"name\":\"Emmi augmente sa participation dans la Centrale laiti\u00e8re de Mahdia\"}]},{\"@type\":\"WebSite\",\"@id\":\"https:\/\/kapitalis.com\/tunisie\/#website\",\"url\":\"https:\/\/kapitalis.com\/tunisie\/\",\"name\":\"Kapitalis\",\"description\":\"L&#039;actualit\u00e9 en Tunisie et dans le monde\",\"publisher\":{\"@id\":\"https:\/\/kapitalis.com\/tunisie\/#organization\"},\"potentialAction\":[{\"@type\":\"SearchAction\",\"target\":{\"@type\":\"EntryPoint\",\"urlTemplate\":\"https:\/\/kapitalis.com\/tunisie\/?s={search_term_string}\"},\"query-input\":{\"@type\":\"PropertyValueSpecification\",\"valueRequired\":true,\"valueName\":\"search_term_string\"}}],\"inLanguage\":\"fr-FR\"},{\"@type\":\"Organization\",\"@id\":\"https:\/\/kapitalis.com\/tunisie\/#organization\",\"name\":\"Kapitalis\",\"url\":\"https:\/\/kapitalis.com\/tunisie\/\",\"logo\":{\"@type\":\"ImageObject\",\"inLanguage\":\"fr-FR\",\"@id\":\"https:\/\/kapitalis.com\/tunisie\/#\/schema\/logo\/image\/\",\"url\":\"https:\/\/kapitalis.com\/tunisie\/wp-content\/uploads\/2022\/05\/Kapitalis-big-size.png\",\"contentUrl\":\"https:\/\/kapitalis.com\/tunisie\/wp-content\/uploads\/2022\/05\/Kapitalis-big-size.png\",\"width\":5000,\"height\":1500,\"caption\":\"Kapitalis\"},\"image\":{\"@id\":\"https:\/\/kapitalis.com\/tunisie\/#\/schema\/logo\/image\/\"},\"sameAs\":[\"https:\/\/www.facebook.com\/KapitalisInfo\/\",\"https:\/\/x.com\/KapitalisInfo\",\"https:\/\/www.youtube.com\/channel\/UC-yDYrHyfFBWWZaOw3FPg9Q\"]},{\"@type\":\"Person\",\"@id\":\"https:\/\/kapitalis.com\/tunisie\/#\/schema\/person\/d71f33a9ca44f7bad4698210b480c8e9\",\"name\":\"webmaster kapitalis\",\"url\":\"https:\/\/kapitalis.com\/tunisie\/author\/webmaster-kapitalis\/\"}]}<\/script>\n<!-- \/ Yoast SEO plugin. -->","yoast_head_json":{"title":"Emmi augmente sa participation dans la Centrale laiti\u00e8re de Mahdia - Kapitalis","robots":{"index":"index","follow":"follow","max-snippet":"max-snippet:-1","max-image-preview":"max-image-preview:large","max-video-preview":"max-video-preview:-1"},"canonical":"https:\/\/kapitalis.com\/tunisie\/2018\/01\/12\/emmi-augmente-participation-centrale-laitiere-de-mahdia\/","og_locale":"fr_FR","og_type":"article","og_title":"Emmi augmente sa participation dans la Centrale laiti\u00e8re de Mahdia - Kapitalis","og_description":"La compagnie espagnole Kaiku, filiale du groupe laitier suisse Emmi, a augment\u00e9 sa participation dans la Centrale laiti\u00e8re de Mahdia de 45,4 \u00e0 54,7%.","og_url":"https:\/\/kapitalis.com\/tunisie\/2018\/01\/12\/emmi-augmente-participation-centrale-laitiere-de-mahdia\/","og_site_name":"Kapitalis","article_publisher":"https:\/\/www.facebook.com\/KapitalisInfo\/","article_published_time":"2018-01-12T07:52:07+00:00","og_image":[{"width":1200,"height":630,"url":"https:\/\/kapitalis.com\/tunisie\/wp-content\/uploads\/2022\/05\/kapitalis-logo-fb.png","type":"image\/png"}],"author":"webmaster kapitalis","twitter_card":"summary_large_image","twitter_creator":"@KapitalisInfo","twitter_site":"@KapitalisInfo","twitter_misc":{"\u00c9crit par":"webmaster kapitalis","Dur\u00e9e de lecture estim\u00e9e":"1 minute"},"schema":{"@context":"https:\/\/schema.org","@graph":[{"@type":"Article","@id":"https:\/\/kapitalis.com\/tunisie\/2018\/01\/12\/emmi-augmente-participation-centrale-laitiere-de-mahdia\/#article","isPartOf":{"@id":"https:\/\/kapitalis.com\/tunisie\/2018\/01\/12\/emmi-augmente-participation-centrale-laitiere-de-mahdia\/"},"author":{"name":"webmaster kapitalis","@id":"https:\/\/kapitalis.com\/tunisie\/#\/schema\/person\/d71f33a9ca44f7bad4698210b480c8e9"},"headline":"Emmi augmente sa participation dans la Centrale laiti\u00e8re de Mahdia","datePublished":"2018-01-12T07:52:07+00:00","mainEntityOfPage":{"@id":"https:\/\/kapitalis.com\/tunisie\/2018\/01\/12\/emmi-augmente-participation-centrale-laitiere-de-mahdia\/"},"wordCount":278,"commentCount":1,"publisher":{"@id":"https:\/\/kapitalis.com\/tunisie\/#organization"},"image":{"@id":"https:\/\/kapitalis.com\/tunisie\/2018\/01\/12\/emmi-augmente-participation-centrale-laitiere-de-mahdia\/#primaryimage"},"thumbnailUrl":"","articleSection":["ECONOMIE","Tunisie"],"inLanguage":"fr-FR","potentialAction":[{"@type":"CommentAction","name":"Comment","target":["https:\/\/kapitalis.com\/tunisie\/2018\/01\/12\/emmi-augmente-participation-centrale-laitiere-de-mahdia\/#respond"]}]},{"@type":"WebPage","@id":"https:\/\/kapitalis.com\/tunisie\/2018\/01\/12\/emmi-augmente-participation-centrale-laitiere-de-mahdia\/","url":"https:\/\/kapitalis.com\/tunisie\/2018\/01\/12\/emmi-augmente-participation-centrale-laitiere-de-mahdia\/","name":"Emmi augmente sa participation dans la Centrale laiti\u00e8re de Mahdia - Kapitalis","isPartOf":{"@id":"https:\/\/kapitalis.com\/tunisie\/#website"},"primaryImageOfPage":{"@id":"https:\/\/kapitalis.com\/tunisie\/2018\/01\/12\/emmi-augmente-participation-centrale-laitiere-de-mahdia\/#primaryimage"},"image":{"@id":"https:\/\/kapitalis.com\/tunisie\/2018\/01\/12\/emmi-augmente-participation-centrale-laitiere-de-mahdia\/#primaryimage"},"thumbnailUrl":"","datePublished":"2018-01-12T07:52:07+00:00","breadcrumb":{"@id":"https:\/\/kapitalis.com\/tunisie\/2018\/01\/12\/emmi-augmente-participation-centrale-laitiere-de-mahdia\/#breadcrumb"},"inLanguage":"fr-FR","potentialAction":[{"@type":"ReadAction","target":["https:\/\/kapitalis.com\/tunisie\/2018\/01\/12\/emmi-augmente-participation-centrale-laitiere-de-mahdia\/"]}]},{"@type":"ImageObject","inLanguage":"fr-FR","@id":"https:\/\/kapitalis.com\/tunisie\/2018\/01\/12\/emmi-augmente-participation-centrale-laitiere-de-mahdia\/#primaryimage","url":"","contentUrl":""},{"@type":"BreadcrumbList","@id":"https:\/\/kapitalis.com\/tunisie\/2018\/01\/12\/emmi-augmente-participation-centrale-laitiere-de-mahdia\/#breadcrumb","itemListElement":[{"@type":"ListItem","position":1,"name":"Accueil","item":"https:\/\/kapitalis.com\/tunisie\/"},{"@type":"ListItem","position":2,"name":"Emmi augmente sa participation dans la Centrale laiti\u00e8re de Mahdia"}]},{"@type":"WebSite","@id":"https:\/\/kapitalis.com\/tunisie\/#website","url":"https:\/\/kapitalis.com\/tunisie\/","name":"Kapitalis","description":"L&#039;actualit\u00e9 en Tunisie et dans le monde","publisher":{"@id":"https:\/\/kapitalis.com\/tunisie\/#organization"},"potentialAction":[{"@type":"SearchAction","target":{"@type":"EntryPoint","urlTemplate":"https:\/\/kapitalis.com\/tunisie\/?s={search_term_string}"},"query-input":{"@type":"PropertyValueSpecification","valueRequired":true,"valueName":"search_term_string"}}],"inLanguage":"fr-FR"},{"@type":"Organization","@id":"https:\/\/kapitalis.com\/tunisie\/#organization","name":"Kapitalis","url":"https:\/\/kapitalis.com\/tunisie\/","logo":{"@type":"ImageObject","inLanguage":"fr-FR","@id":"https:\/\/kapitalis.com\/tunisie\/#\/schema\/logo\/image\/","url":"https:\/\/kapitalis.com\/tunisie\/wp-content\/uploads\/2022\/05\/Kapitalis-big-size.png","contentUrl":"https:\/\/kapitalis.com\/tunisie\/wp-content\/uploads\/2022\/05\/Kapitalis-big-size.png","width":5000,"height":1500,"caption":"Kapitalis"},"image":{"@id":"https:\/\/kapitalis.com\/tunisie\/#\/schema\/logo\/image\/"},"sameAs":["https:\/\/www.facebook.com\/KapitalisInfo\/","https:\/\/x.com\/KapitalisInfo","https:\/\/www.youtube.com\/channel\/UC-yDYrHyfFBWWZaOw3FPg9Q"]},{"@type":"Person","@id":"https:\/\/kapitalis.com\/tunisie\/#\/schema\/person\/d71f33a9ca44f7bad4698210b480c8e9","name":"webmaster kapitalis","url":"https:\/\/kapitalis.com\/tunisie\/author\/webmaster-kapitalis\/"}]}},"_links":{"self":[{"href":"https:\/\/kapitalis.com\/tunisie\/wp-json\/wp\/v2\/posts\/132775","targetHints":{"allow":["GET"]}}],"collection":[{"href":"https:\/\/kapitalis.com\/tunisie\/wp-json\/wp\/v2\/posts"}],"about":[{"href":"https:\/\/kapitalis.com\/tunisie\/wp-json\/wp\/v2\/types\/post"}],"author":[{"embeddable":true,"href":"https:\/\/kapitalis.com\/tunisie\/wp-json\/wp\/v2\/users\/8"}],"replies":[{"embeddable":true,"href":"https:\/\/kapitalis.com\/tunisie\/wp-json\/wp\/v2\/comments?post=132775"}],"version-history":[{"count":0,"href":"https:\/\/kapitalis.com\/tunisie\/wp-json\/wp\/v2\/posts\/132775\/revisions"}],"wp:featuredmedia":[{"embeddable":true,"href":"https:\/\/kapitalis.com\/tunisie\/wp-json\/wp\/v2\/media\/132776"}],"wp:attachment":[{"href":"https:\/\/kapitalis.com\/tunisie\/wp-json\/wp\/v2\/media?parent=132775"}],"wp:term":[{"taxonomy":"category","embeddable":true,"href":"https:\/\/kapitalis.com\/tunisie\/wp-json\/wp\/v2\/categories?post=132775"},{"taxonomy":"post_tag","embeddable":true,"href":"https:\/\/kapitalis.com\/tunisie\/wp-json\/wp\/v2\/tags?post=132775"}],"curies":[{"name":"wp","href":"https:\/\/api.w.org\/{rel}","templated":true}]}}