{"id":13279668,"date":"2024-06-15T07:33:19","date_gmt":"2024-06-15T06:33:19","guid":{"rendered":"https:\/\/kapitalis.com\/tunisie\/?p=13279668"},"modified":"2024-06-15T07:33:21","modified_gmt":"2024-06-15T06:33:21","slug":"petroafrica-et-logisticaafrica-au-palais-des-expositions-du-kram","status":"publish","type":"post","link":"https:\/\/kapitalis.com\/tunisie\/2024\/06\/15\/petroafrica-et-logisticaafrica-au-palais-des-expositions-du-kram\/","title":{"rendered":"PetroAfrica et LogisticaAfrica, au Palais des Expositions du Kram \u00a0"},"content":{"rendered":"\n<p><strong><em>Tunis accueillera, du 25 au 28 juin 2024, au Palais des Expositions du Kram, deux \u00e9v\u00e9nements \u00e9conomiques importants : le salon international du p\u00e9trole, du gaz et des \u00e9nergies renouvelables PetroAfrica et celui de la logistique et du transport, LogisticaAfrica Expo.<\/em><\/strong><\/p>\n\n\n\n<!--more-->\n\n\n\n<p>Organis\u00e9e en collaboration avec la Soci\u00e9t\u00e9 tunisienne des activit\u00e9s p\u00e9troli\u00e8res (Etap) et Soci\u00e9t\u00e9 nationale libyenne du p\u00e9trole (NOC), PetroAfrica se d\u00e9roulera sous le th\u00e8me <em>\u00ab\u00c9nergies alternatives et technologies propres\u00bb<\/em>, a indiqu\u00e9 Basma Hmaidi, responsable de l\u2019organisation des foires.<\/p>\n\n\n\n<p>Le salon verra la participation de 160 exposants de diff\u00e9rents secteurs, dont l\u2019exploration, le forage, l\u2019exploitation mini\u00e8re et les services.<\/p>\n\n\n\n<p>Logistica Africa Expo 2024 accueillera, quant \u00e0 lui, 80 exposants, dont une dizaine d\u2019entreprises repr\u00e9sentant la Libye, la France, l\u2019Alg\u00e9rie, l\u2019Italie, la Chine, l\u2019Inde, l\u2019Egypte et l\u2019Arabie Saoudite. Hmaidi a r\u00e9v\u00e9l\u00e9 que 40% des entreprises participantes sont \u00e9trang\u00e8res, dont 50% libyennes.<\/p>\n\n\n\n<p>L\u2019\u00e9dition de cette ann\u00e9e verra un \u00e9largissement du programme, qui comprendra des feuilles de route scientifiques, des ateliers pour examiner les questions li\u00e9es au transport de produits dangereux et \u00e0 l\u2019assurance, ainsi que des rencontres entre participants et experts.<\/p>\n\n\n\n<p>Ces deux \u00e9v\u00e9nements permettront la cr\u00e9ation de nouveaux partenariats, a soulign\u00e9 Hmaidi, ajoutant que l\u2019\u00e9v\u00e9nement aidera \u00e9galement au regain de confiance des investisseurs, notamment ceux qui ont quitt\u00e9 la Tunisie.<\/p>\n\n\n\n<p>De son c\u00f4t\u00e9, Mahboub Drider, directeur de la NOC, a soulign\u00e9 la richesse du secteur ouvert aux entreprises tunisiennes souhaitant investir en Libye.<\/p>\n\n\n\n<p>Drider a appel\u00e9 les entreprises tunisiennes op\u00e9rant dans les secteurs de l\u2019\u00e9nergie et des \u00e9nergies renouvelables \u00e0 r\u00e9investir en Libye, en se concentrant en particulier sur l\u2019hydrog\u00e8ne vert, qui jouera un r\u00f4le important dans la r\u00e9alisation de perc\u00e9es dans les techniques avanc\u00e9es de l\u2019industrie p\u00e9troli\u00e8re et gazi\u00e8re en Libye, en Tunisie et en Afrique en g\u00e9n\u00e9ral.<\/p>\n","protected":false},"excerpt":{"rendered":"<p>Tunis accueille le salon international du p\u00e9trole, du gaz et des \u00e9nergies renouvelables PetroAfrica et celui de la logistique et du transport, LogisticaAfrica Expo.<\/p>\n","protected":false},"author":8,"featured_media":13279800,"comment_status":"closed","ping_status":"open","sticky":false,"template":"","format":"standard","meta":{"footnotes":""},"categories":[995,2433],"tags":[94277,116291,5640,1241,91928,116289,116292,116290,116288,62643],"class_list":["post-13279668","post","type-post","status-publish","format-standard","has-post-thumbnail","hentry","category-economie","category-tunisie","tag-libye-2","tag-basma-hmaidi","tag-energies-renouvelables","tag-etap","tag-hydrogene-vert","tag-logisticaafrica","tag-mahboub-drider","tag-noc","tag-petroafrica","tag-tunisie"],"yoast_head":"<!-- This site is optimized with the Yoast SEO plugin v26.6 - https:\/\/yoast.com\/wordpress\/plugins\/seo\/ -->\n<title>PetroAfrica et LogisticaAfrica, au Palais des Expositions du Kram \u00a0 - Kapitalis<\/title>\n<meta name=\"robots\" content=\"index, follow, max-snippet:-1, max-image-preview:large, max-video-preview:-1\" \/>\n<link rel=\"canonical\" href=\"https:\/\/kapitalis.com\/tunisie\/2024\/06\/15\/petroafrica-et-logisticaafrica-au-palais-des-expositions-du-kram\/\" \/>\n<meta property=\"og:locale\" content=\"fr_FR\" \/>\n<meta property=\"og:type\" content=\"article\" \/>\n<meta property=\"og:title\" content=\"PetroAfrica et LogisticaAfrica, au Palais des Expositions du Kram \u00a0 - Kapitalis\" \/>\n<meta property=\"og:description\" content=\"Tunis accueille le salon international du p\u00e9trole, du gaz et des \u00e9nergies renouvelables PetroAfrica et celui de la logistique et du transport, LogisticaAfrica Expo.\" \/>\n<meta property=\"og:url\" content=\"https:\/\/kapitalis.com\/tunisie\/2024\/06\/15\/petroafrica-et-logisticaafrica-au-palais-des-expositions-du-kram\/\" \/>\n<meta property=\"og:site_name\" content=\"Kapitalis\" \/>\n<meta property=\"article:publisher\" content=\"https:\/\/www.facebook.com\/KapitalisInfo\/\" \/>\n<meta property=\"article:published_time\" content=\"2024-06-15T06:33:19+00:00\" \/>\n<meta property=\"article:modified_time\" content=\"2024-06-15T06:33:21+00:00\" \/>\n<meta property=\"og:image\" content=\"https:\/\/kapitalis.com\/tunisie\/wp-content\/uploads\/2024\/06\/Petro-Africa-Logistica-Africa-2024-Basma-Hmaidi.jpg\" \/>\n\t<meta property=\"og:image:width\" content=\"1200\" \/>\n\t<meta property=\"og:image:height\" content=\"630\" \/>\n\t<meta property=\"og:image:type\" content=\"image\/jpeg\" \/>\n<meta name=\"author\" content=\"webmaster kapitalis\" \/>\n<meta name=\"twitter:card\" content=\"summary_large_image\" \/>\n<meta name=\"twitter:creator\" content=\"@KapitalisInfo\" \/>\n<meta name=\"twitter:site\" content=\"@KapitalisInfo\" \/>\n<meta name=\"twitter:label1\" content=\"\u00c9crit par\" \/>\n\t<meta name=\"twitter:data1\" content=\"webmaster kapitalis\" \/>\n\t<meta name=\"twitter:label2\" content=\"Dur\u00e9e de lecture estim\u00e9e\" \/>\n\t<meta name=\"twitter:data2\" content=\"2 minutes\" \/>\n<script type=\"application\/ld+json\" class=\"yoast-schema-graph\">{\"@context\":\"https:\/\/schema.org\",\"@graph\":[{\"@type\":\"Article\",\"@id\":\"https:\/\/kapitalis.com\/tunisie\/2024\/06\/15\/petroafrica-et-logisticaafrica-au-palais-des-expositions-du-kram\/#article\",\"isPartOf\":{\"@id\":\"https:\/\/kapitalis.com\/tunisie\/2024\/06\/15\/petroafrica-et-logisticaafrica-au-palais-des-expositions-du-kram\/\"},\"author\":{\"name\":\"webmaster kapitalis\",\"@id\":\"https:\/\/kapitalis.com\/tunisie\/#\/schema\/person\/d71f33a9ca44f7bad4698210b480c8e9\"},\"headline\":\"PetroAfrica et LogisticaAfrica, au Palais des Expositions du Kram \u00a0\",\"datePublished\":\"2024-06-15T06:33:19+00:00\",\"dateModified\":\"2024-06-15T06:33:21+00:00\",\"mainEntityOfPage\":{\"@id\":\"https:\/\/kapitalis.com\/tunisie\/2024\/06\/15\/petroafrica-et-logisticaafrica-au-palais-des-expositions-du-kram\/\"},\"wordCount\":336,\"publisher\":{\"@id\":\"https:\/\/kapitalis.com\/tunisie\/#organization\"},\"image\":{\"@id\":\"https:\/\/kapitalis.com\/tunisie\/2024\/06\/15\/petroafrica-et-logisticaafrica-au-palais-des-expositions-du-kram\/#primaryimage\"},\"thumbnailUrl\":\"https:\/\/kapitalis.com\/tunisie\/wp-content\/uploads\/2024\/06\/Petro-Africa-Logistica-Africa-2024-Basma-Hmaidi.jpg\",\"keywords\":[\".Libye\",\"Basma Hmaidi\",\"\u00e9nergies renouvelables\",\"Etap\",\"hydrog\u00e8ne vert\",\"LogisticaAfrica\",\"Mahboub Drider\",\"NOC\",\"Petroafrica\",\"Tunisie\"],\"articleSection\":[\"ECONOMIE\",\"Tunisie\"],\"inLanguage\":\"fr-FR\"},{\"@type\":\"WebPage\",\"@id\":\"https:\/\/kapitalis.com\/tunisie\/2024\/06\/15\/petroafrica-et-logisticaafrica-au-palais-des-expositions-du-kram\/\",\"url\":\"https:\/\/kapitalis.com\/tunisie\/2024\/06\/15\/petroafrica-et-logisticaafrica-au-palais-des-expositions-du-kram\/\",\"name\":\"PetroAfrica et LogisticaAfrica, au Palais des Expositions du Kram \u00a0 - Kapitalis\",\"isPartOf\":{\"@id\":\"https:\/\/kapitalis.com\/tunisie\/#website\"},\"primaryImageOfPage\":{\"@id\":\"https:\/\/kapitalis.com\/tunisie\/2024\/06\/15\/petroafrica-et-logisticaafrica-au-palais-des-expositions-du-kram\/#primaryimage\"},\"image\":{\"@id\":\"https:\/\/kapitalis.com\/tunisie\/2024\/06\/15\/petroafrica-et-logisticaafrica-au-palais-des-expositions-du-kram\/#primaryimage\"},\"thumbnailUrl\":\"https:\/\/kapitalis.com\/tunisie\/wp-content\/uploads\/2024\/06\/Petro-Africa-Logistica-Africa-2024-Basma-Hmaidi.jpg\",\"datePublished\":\"2024-06-15T06:33:19+00:00\",\"dateModified\":\"2024-06-15T06:33:21+00:00\",\"breadcrumb\":{\"@id\":\"https:\/\/kapitalis.com\/tunisie\/2024\/06\/15\/petroafrica-et-logisticaafrica-au-palais-des-expositions-du-kram\/#breadcrumb\"},\"inLanguage\":\"fr-FR\",\"potentialAction\":[{\"@type\":\"ReadAction\",\"target\":[\"https:\/\/kapitalis.com\/tunisie\/2024\/06\/15\/petroafrica-et-logisticaafrica-au-palais-des-expositions-du-kram\/\"]}]},{\"@type\":\"ImageObject\",\"inLanguage\":\"fr-FR\",\"@id\":\"https:\/\/kapitalis.com\/tunisie\/2024\/06\/15\/petroafrica-et-logisticaafrica-au-palais-des-expositions-du-kram\/#primaryimage\",\"url\":\"https:\/\/kapitalis.com\/tunisie\/wp-content\/uploads\/2024\/06\/Petro-Africa-Logistica-Africa-2024-Basma-Hmaidi.jpg\",\"contentUrl\":\"https:\/\/kapitalis.com\/tunisie\/wp-content\/uploads\/2024\/06\/Petro-Africa-Logistica-Africa-2024-Basma-Hmaidi.jpg\",\"width\":1200,\"height\":630},{\"@type\":\"BreadcrumbList\",\"@id\":\"https:\/\/kapitalis.com\/tunisie\/2024\/06\/15\/petroafrica-et-logisticaafrica-au-palais-des-expositions-du-kram\/#breadcrumb\",\"itemListElement\":[{\"@type\":\"ListItem\",\"position\":1,\"name\":\"Accueil\",\"item\":\"https:\/\/kapitalis.com\/tunisie\/\"},{\"@type\":\"ListItem\",\"position\":2,\"name\":\"PetroAfrica et LogisticaAfrica, au Palais des Expositions du Kram \u00a0\"}]},{\"@type\":\"WebSite\",\"@id\":\"https:\/\/kapitalis.com\/tunisie\/#website\",\"url\":\"https:\/\/kapitalis.com\/tunisie\/\",\"name\":\"Kapitalis\",\"description\":\"L&#039;actualit\u00e9 en Tunisie et dans le monde\",\"publisher\":{\"@id\":\"https:\/\/kapitalis.com\/tunisie\/#organization\"},\"potentialAction\":[{\"@type\":\"SearchAction\",\"target\":{\"@type\":\"EntryPoint\",\"urlTemplate\":\"https:\/\/kapitalis.com\/tunisie\/?s={search_term_string}\"},\"query-input\":{\"@type\":\"PropertyValueSpecification\",\"valueRequired\":true,\"valueName\":\"search_term_string\"}}],\"inLanguage\":\"fr-FR\"},{\"@type\":\"Organization\",\"@id\":\"https:\/\/kapitalis.com\/tunisie\/#organization\",\"name\":\"Kapitalis\",\"url\":\"https:\/\/kapitalis.com\/tunisie\/\",\"logo\":{\"@type\":\"ImageObject\",\"inLanguage\":\"fr-FR\",\"@id\":\"https:\/\/kapitalis.com\/tunisie\/#\/schema\/logo\/image\/\",\"url\":\"https:\/\/kapitalis.com\/tunisie\/wp-content\/uploads\/2022\/05\/Kapitalis-big-size.png\",\"contentUrl\":\"https:\/\/kapitalis.com\/tunisie\/wp-content\/uploads\/2022\/05\/Kapitalis-big-size.png\",\"width\":5000,\"height\":1500,\"caption\":\"Kapitalis\"},\"image\":{\"@id\":\"https:\/\/kapitalis.com\/tunisie\/#\/schema\/logo\/image\/\"},\"sameAs\":[\"https:\/\/www.facebook.com\/KapitalisInfo\/\",\"https:\/\/x.com\/KapitalisInfo\",\"https:\/\/www.youtube.com\/channel\/UC-yDYrHyfFBWWZaOw3FPg9Q\"]},{\"@type\":\"Person\",\"@id\":\"https:\/\/kapitalis.com\/tunisie\/#\/schema\/person\/d71f33a9ca44f7bad4698210b480c8e9\",\"name\":\"webmaster kapitalis\",\"url\":\"https:\/\/kapitalis.com\/tunisie\/author\/webmaster-kapitalis\/\"}]}<\/script>\n<!-- \/ Yoast SEO plugin. -->","yoast_head_json":{"title":"PetroAfrica et LogisticaAfrica, au Palais des Expositions du Kram \u00a0 - Kapitalis","robots":{"index":"index","follow":"follow","max-snippet":"max-snippet:-1","max-image-preview":"max-image-preview:large","max-video-preview":"max-video-preview:-1"},"canonical":"https:\/\/kapitalis.com\/tunisie\/2024\/06\/15\/petroafrica-et-logisticaafrica-au-palais-des-expositions-du-kram\/","og_locale":"fr_FR","og_type":"article","og_title":"PetroAfrica et LogisticaAfrica, au Palais des Expositions du Kram \u00a0 - Kapitalis","og_description":"Tunis accueille le salon international du p\u00e9trole, du gaz et des \u00e9nergies renouvelables PetroAfrica et celui de la logistique et du transport, LogisticaAfrica Expo.","og_url":"https:\/\/kapitalis.com\/tunisie\/2024\/06\/15\/petroafrica-et-logisticaafrica-au-palais-des-expositions-du-kram\/","og_site_name":"Kapitalis","article_publisher":"https:\/\/www.facebook.com\/KapitalisInfo\/","article_published_time":"2024-06-15T06:33:19+00:00","article_modified_time":"2024-06-15T06:33:21+00:00","og_image":[{"width":1200,"height":630,"url":"https:\/\/kapitalis.com\/tunisie\/wp-content\/uploads\/2024\/06\/Petro-Africa-Logistica-Africa-2024-Basma-Hmaidi.jpg","type":"image\/jpeg"}],"author":"webmaster kapitalis","twitter_card":"summary_large_image","twitter_creator":"@KapitalisInfo","twitter_site":"@KapitalisInfo","twitter_misc":{"\u00c9crit par":"webmaster kapitalis","Dur\u00e9e de lecture estim\u00e9e":"2 minutes"},"schema":{"@context":"https:\/\/schema.org","@graph":[{"@type":"Article","@id":"https:\/\/kapitalis.com\/tunisie\/2024\/06\/15\/petroafrica-et-logisticaafrica-au-palais-des-expositions-du-kram\/#article","isPartOf":{"@id":"https:\/\/kapitalis.com\/tunisie\/2024\/06\/15\/petroafrica-et-logisticaafrica-au-palais-des-expositions-du-kram\/"},"author":{"name":"webmaster kapitalis","@id":"https:\/\/kapitalis.com\/tunisie\/#\/schema\/person\/d71f33a9ca44f7bad4698210b480c8e9"},"headline":"PetroAfrica et LogisticaAfrica, au Palais des Expositions du Kram \u00a0","datePublished":"2024-06-15T06:33:19+00:00","dateModified":"2024-06-15T06:33:21+00:00","mainEntityOfPage":{"@id":"https:\/\/kapitalis.com\/tunisie\/2024\/06\/15\/petroafrica-et-logisticaafrica-au-palais-des-expositions-du-kram\/"},"wordCount":336,"publisher":{"@id":"https:\/\/kapitalis.com\/tunisie\/#organization"},"image":{"@id":"https:\/\/kapitalis.com\/tunisie\/2024\/06\/15\/petroafrica-et-logisticaafrica-au-palais-des-expositions-du-kram\/#primaryimage"},"thumbnailUrl":"https:\/\/kapitalis.com\/tunisie\/wp-content\/uploads\/2024\/06\/Petro-Africa-Logistica-Africa-2024-Basma-Hmaidi.jpg","keywords":[".Libye","Basma Hmaidi","\u00e9nergies renouvelables","Etap","hydrog\u00e8ne vert","LogisticaAfrica","Mahboub Drider","NOC","Petroafrica","Tunisie"],"articleSection":["ECONOMIE","Tunisie"],"inLanguage":"fr-FR"},{"@type":"WebPage","@id":"https:\/\/kapitalis.com\/tunisie\/2024\/06\/15\/petroafrica-et-logisticaafrica-au-palais-des-expositions-du-kram\/","url":"https:\/\/kapitalis.com\/tunisie\/2024\/06\/15\/petroafrica-et-logisticaafrica-au-palais-des-expositions-du-kram\/","name":"PetroAfrica et LogisticaAfrica, au Palais des Expositions du Kram \u00a0 - Kapitalis","isPartOf":{"@id":"https:\/\/kapitalis.com\/tunisie\/#website"},"primaryImageOfPage":{"@id":"https:\/\/kapitalis.com\/tunisie\/2024\/06\/15\/petroafrica-et-logisticaafrica-au-palais-des-expositions-du-kram\/#primaryimage"},"image":{"@id":"https:\/\/kapitalis.com\/tunisie\/2024\/06\/15\/petroafrica-et-logisticaafrica-au-palais-des-expositions-du-kram\/#primaryimage"},"thumbnailUrl":"https:\/\/kapitalis.com\/tunisie\/wp-content\/uploads\/2024\/06\/Petro-Africa-Logistica-Africa-2024-Basma-Hmaidi.jpg","datePublished":"2024-06-15T06:33:19+00:00","dateModified":"2024-06-15T06:33:21+00:00","breadcrumb":{"@id":"https:\/\/kapitalis.com\/tunisie\/2024\/06\/15\/petroafrica-et-logisticaafrica-au-palais-des-expositions-du-kram\/#breadcrumb"},"inLanguage":"fr-FR","potentialAction":[{"@type":"ReadAction","target":["https:\/\/kapitalis.com\/tunisie\/2024\/06\/15\/petroafrica-et-logisticaafrica-au-palais-des-expositions-du-kram\/"]}]},{"@type":"ImageObject","inLanguage":"fr-FR","@id":"https:\/\/kapitalis.com\/tunisie\/2024\/06\/15\/petroafrica-et-logisticaafrica-au-palais-des-expositions-du-kram\/#primaryimage","url":"https:\/\/kapitalis.com\/tunisie\/wp-content\/uploads\/2024\/06\/Petro-Africa-Logistica-Africa-2024-Basma-Hmaidi.jpg","contentUrl":"https:\/\/kapitalis.com\/tunisie\/wp-content\/uploads\/2024\/06\/Petro-Africa-Logistica-Africa-2024-Basma-Hmaidi.jpg","width":1200,"height":630},{"@type":"BreadcrumbList","@id":"https:\/\/kapitalis.com\/tunisie\/2024\/06\/15\/petroafrica-et-logisticaafrica-au-palais-des-expositions-du-kram\/#breadcrumb","itemListElement":[{"@type":"ListItem","position":1,"name":"Accueil","item":"https:\/\/kapitalis.com\/tunisie\/"},{"@type":"ListItem","position":2,"name":"PetroAfrica et LogisticaAfrica, au Palais des Expositions du Kram \u00a0"}]},{"@type":"WebSite","@id":"https:\/\/kapitalis.com\/tunisie\/#website","url":"https:\/\/kapitalis.com\/tunisie\/","name":"Kapitalis","description":"L&#039;actualit\u00e9 en Tunisie et dans le monde","publisher":{"@id":"https:\/\/kapitalis.com\/tunisie\/#organization"},"potentialAction":[{"@type":"SearchAction","target":{"@type":"EntryPoint","urlTemplate":"https:\/\/kapitalis.com\/tunisie\/?s={search_term_string}"},"query-input":{"@type":"PropertyValueSpecification","valueRequired":true,"valueName":"search_term_string"}}],"inLanguage":"fr-FR"},{"@type":"Organization","@id":"https:\/\/kapitalis.com\/tunisie\/#organization","name":"Kapitalis","url":"https:\/\/kapitalis.com\/tunisie\/","logo":{"@type":"ImageObject","inLanguage":"fr-FR","@id":"https:\/\/kapitalis.com\/tunisie\/#\/schema\/logo\/image\/","url":"https:\/\/kapitalis.com\/tunisie\/wp-content\/uploads\/2022\/05\/Kapitalis-big-size.png","contentUrl":"https:\/\/kapitalis.com\/tunisie\/wp-content\/uploads\/2022\/05\/Kapitalis-big-size.png","width":5000,"height":1500,"caption":"Kapitalis"},"image":{"@id":"https:\/\/kapitalis.com\/tunisie\/#\/schema\/logo\/image\/"},"sameAs":["https:\/\/www.facebook.com\/KapitalisInfo\/","https:\/\/x.com\/KapitalisInfo","https:\/\/www.youtube.com\/channel\/UC-yDYrHyfFBWWZaOw3FPg9Q"]},{"@type":"Person","@id":"https:\/\/kapitalis.com\/tunisie\/#\/schema\/person\/d71f33a9ca44f7bad4698210b480c8e9","name":"webmaster kapitalis","url":"https:\/\/kapitalis.com\/tunisie\/author\/webmaster-kapitalis\/"}]}},"_links":{"self":[{"href":"https:\/\/kapitalis.com\/tunisie\/wp-json\/wp\/v2\/posts\/13279668","targetHints":{"allow":["GET"]}}],"collection":[{"href":"https:\/\/kapitalis.com\/tunisie\/wp-json\/wp\/v2\/posts"}],"about":[{"href":"https:\/\/kapitalis.com\/tunisie\/wp-json\/wp\/v2\/types\/post"}],"author":[{"embeddable":true,"href":"https:\/\/kapitalis.com\/tunisie\/wp-json\/wp\/v2\/users\/8"}],"replies":[{"embeddable":true,"href":"https:\/\/kapitalis.com\/tunisie\/wp-json\/wp\/v2\/comments?post=13279668"}],"version-history":[{"count":1,"href":"https:\/\/kapitalis.com\/tunisie\/wp-json\/wp\/v2\/posts\/13279668\/revisions"}],"predecessor-version":[{"id":13279840,"href":"https:\/\/kapitalis.com\/tunisie\/wp-json\/wp\/v2\/posts\/13279668\/revisions\/13279840"}],"wp:featuredmedia":[{"embeddable":true,"href":"https:\/\/kapitalis.com\/tunisie\/wp-json\/wp\/v2\/media\/13279800"}],"wp:attachment":[{"href":"https:\/\/kapitalis.com\/tunisie\/wp-json\/wp\/v2\/media?parent=13279668"}],"wp:term":[{"taxonomy":"category","embeddable":true,"href":"https:\/\/kapitalis.com\/tunisie\/wp-json\/wp\/v2\/categories?post=13279668"},{"taxonomy":"post_tag","embeddable":true,"href":"https:\/\/kapitalis.com\/tunisie\/wp-json\/wp\/v2\/tags?post=13279668"}],"curies":[{"name":"wp","href":"https:\/\/api.w.org\/{rel}","templated":true}]}}