{"id":132800,"date":"2018-01-12T11:16:03","date_gmt":"2018-01-12T10:16:03","guid":{"rendered":"http:\/\/kapitalis.com\/tunisie\/?p=132800"},"modified":"2018-01-12T11:16:03","modified_gmt":"2018-01-12T10:16:03","slug":"emeutes-en-tunisie-amnesty-international-defend-le-droit-de-manifester","status":"publish","type":"post","link":"https:\/\/kapitalis.com\/tunisie\/2018\/01\/12\/emeutes-en-tunisie-amnesty-international-defend-le-droit-de-manifester\/","title":{"rendered":"\u00c9meutes en Tunisie : Amnesty international d\u00e9fend le droit de manifester"},"content":{"rendered":"<p style=\"text-align: center;\"><img loading=\"lazy\" decoding=\"async\" class=\"alignnone size-full wp-image-132381\" src=\"http:\/\/kapitalis.com\/tunisie\/wp-content\/uploads\/2018\/01\/Jelma-heurts-janvier-2018.jpg\" alt=\"\" width=\"626\" height=\"380\" \/><\/p>\n<p><em><strong>L&rsquo;Ong de d\u00e9fense des droits de l&rsquo;homme, Amnesty international (AI), a appel\u00e9 le gouvernement tunisien \u00e0 assurer la s\u00e9curit\u00e9 des manifestants pacifistes.<\/strong><\/em><!--more--><\/p>\n<p>AI a aussi appel\u00e9, dans un post publi\u00e9 sur son compte Facebook, hier, jeudi 11 janvier 2018,\u00a0les agents de s\u00e9curit\u00e9 \u00e0 ne pas user de violence \u00e0 l&rsquo;encontre des manifestants durant ces \u00e9meutes que connaissent diff\u00e9rentes r\u00e9gions de Tunisie depuis lundi dernier.<\/p>\n<p><em>\u00abLes protestations en Tunisie ne doivent pas \u00eatre per\u00e7us par les policiers comme un feu vert pour avoir recours \u00e0 la violence \u00e0 l&rsquo;encontre des manifestants\u00bb<\/em>, souligne l&rsquo;Ong.<\/p>\n<p>Rappelons que, selon le dernier bilan des trois nuits de violences en Tunisie, 778 individus ont \u00e9t\u00e9 arr\u00eat\u00e9s. Ces derniers sont soup\u00e7onn\u00e9s de vandalisme, de violence, de saccage et d&rsquo;avoir barr\u00e9 les routes.<\/p>\n<p style=\"text-align: right;\"><strong>E. B. A.<\/strong><\/p>\n<blockquote class=\"wp-embedded-content\" data-secret=\"QV3GYlw6pR\"><p><a href=\"https:\/\/kapitalis.com\/tunisie\/2018\/01\/12\/emeutes-en-tunisie-bilan-des-trois-nuits-de-violences\/\">Emeutes en Tunisie : Bilan des trois nuits de violences<\/a><\/p><\/blockquote>\n<p><iframe loading=\"lazy\" class=\"wp-embedded-content\" sandbox=\"allow-scripts\" security=\"restricted\" style=\"position: absolute; clip: rect(1px, 1px, 1px, 1px);\" title=\"\u00ab\u00a0Emeutes en Tunisie : Bilan des trois nuits de violences\u00a0\u00bb &#8212; Kapitalis\" src=\"https:\/\/kapitalis.com\/tunisie\/2018\/01\/12\/emeutes-en-tunisie-bilan-des-trois-nuits-de-violences\/embed\/#?secret=uTin17xCxn#?secret=QV3GYlw6pR\" data-secret=\"QV3GYlw6pR\" width=\"600\" height=\"338\" frameborder=\"0\" marginwidth=\"0\" marginheight=\"0\" scrolling=\"no\"><\/iframe><\/p>\n","protected":false},"excerpt":{"rendered":"<p>L&rsquo;Ong de d\u00e9fense des droits de l&rsquo;homme, Amnesty international (AI), a appel\u00e9 le gouvernement tunisien \u00e0 assurer la s\u00e9curit\u00e9 des manifestants pacifistes.<\/p>\n","protected":false},"author":16,"featured_media":0,"comment_status":"open","ping_status":"open","sticky":false,"template":"","format":"standard","meta":{"footnotes":""},"categories":[998,2433],"tags":[5324,5462,952],"class_list":["post-132800","post","type-post","status-publish","format-standard","hentry","category-societe","category-tunisie","tag-amnesty-international","tag-manifestants","tag-violence"],"yoast_head":"<!-- This site is optimized with the Yoast SEO plugin v26.6 - https:\/\/yoast.com\/wordpress\/plugins\/seo\/ -->\n<title>\u00c9meutes en Tunisie : Amnesty international d\u00e9fend le droit de manifester - Kapitalis<\/title>\n<meta name=\"robots\" content=\"index, follow, max-snippet:-1, max-image-preview:large, max-video-preview:-1\" \/>\n<link rel=\"canonical\" href=\"https:\/\/kapitalis.com\/tunisie\/2018\/01\/12\/emeutes-en-tunisie-amnesty-international-defend-le-droit-de-manifester\/\" \/>\n<meta property=\"og:locale\" content=\"fr_FR\" \/>\n<meta property=\"og:type\" content=\"article\" \/>\n<meta property=\"og:title\" content=\"\u00c9meutes en Tunisie : Amnesty international d\u00e9fend le droit de manifester - Kapitalis\" \/>\n<meta property=\"og:description\" content=\"L&rsquo;Ong de d\u00e9fense des droits de l&rsquo;homme, Amnesty international (AI), a appel\u00e9 le gouvernement tunisien \u00e0 assurer la s\u00e9curit\u00e9 des manifestants pacifistes.\" \/>\n<meta property=\"og:url\" content=\"https:\/\/kapitalis.com\/tunisie\/2018\/01\/12\/emeutes-en-tunisie-amnesty-international-defend-le-droit-de-manifester\/\" \/>\n<meta property=\"og:site_name\" content=\"Kapitalis\" \/>\n<meta property=\"article:publisher\" content=\"https:\/\/www.facebook.com\/KapitalisInfo\/\" \/>\n<meta property=\"article:published_time\" content=\"2018-01-12T10:16:03+00:00\" \/>\n<meta property=\"og:image\" content=\"http:\/\/kapitalis.com\/tunisie\/wp-content\/uploads\/2018\/01\/Jelma-heurts-janvier-2018.jpg\" \/>\n<meta name=\"author\" content=\"emna benabdallah\" \/>\n<meta name=\"twitter:card\" content=\"summary_large_image\" \/>\n<meta name=\"twitter:creator\" content=\"@KapitalisInfo\" \/>\n<meta name=\"twitter:site\" content=\"@KapitalisInfo\" \/>\n<meta name=\"twitter:label1\" content=\"\u00c9crit par\" \/>\n\t<meta name=\"twitter:data1\" content=\"emna benabdallah\" \/>\n\t<meta name=\"twitter:label2\" content=\"Dur\u00e9e de lecture estim\u00e9e\" \/>\n\t<meta name=\"twitter:data2\" content=\"1 minute\" \/>\n<script type=\"application\/ld+json\" class=\"yoast-schema-graph\">{\"@context\":\"https:\/\/schema.org\",\"@graph\":[{\"@type\":\"Article\",\"@id\":\"https:\/\/kapitalis.com\/tunisie\/2018\/01\/12\/emeutes-en-tunisie-amnesty-international-defend-le-droit-de-manifester\/#article\",\"isPartOf\":{\"@id\":\"https:\/\/kapitalis.com\/tunisie\/2018\/01\/12\/emeutes-en-tunisie-amnesty-international-defend-le-droit-de-manifester\/\"},\"author\":{\"name\":\"emna benabdallah\",\"@id\":\"https:\/\/kapitalis.com\/tunisie\/#\/schema\/person\/2c6e134b2f3369dffcd1daf5f087d28b\"},\"headline\":\"\u00c9meutes en Tunisie : Amnesty international d\u00e9fend le droit de manifester\",\"datePublished\":\"2018-01-12T10:16:03+00:00\",\"mainEntityOfPage\":{\"@id\":\"https:\/\/kapitalis.com\/tunisie\/2018\/01\/12\/emeutes-en-tunisie-amnesty-international-defend-le-droit-de-manifester\/\"},\"wordCount\":147,\"commentCount\":1,\"publisher\":{\"@id\":\"https:\/\/kapitalis.com\/tunisie\/#organization\"},\"image\":{\"@id\":\"https:\/\/kapitalis.com\/tunisie\/2018\/01\/12\/emeutes-en-tunisie-amnesty-international-defend-le-droit-de-manifester\/#primaryimage\"},\"thumbnailUrl\":\"http:\/\/kapitalis.com\/tunisie\/wp-content\/uploads\/2018\/01\/Jelma-heurts-janvier-2018.jpg\",\"keywords\":[\"Amnesty international\",\"manifestants\",\"violence\"],\"articleSection\":[\"SOCIETE\",\"Tunisie\"],\"inLanguage\":\"fr-FR\",\"potentialAction\":[{\"@type\":\"CommentAction\",\"name\":\"Comment\",\"target\":[\"https:\/\/kapitalis.com\/tunisie\/2018\/01\/12\/emeutes-en-tunisie-amnesty-international-defend-le-droit-de-manifester\/#respond\"]}]},{\"@type\":\"WebPage\",\"@id\":\"https:\/\/kapitalis.com\/tunisie\/2018\/01\/12\/emeutes-en-tunisie-amnesty-international-defend-le-droit-de-manifester\/\",\"url\":\"https:\/\/kapitalis.com\/tunisie\/2018\/01\/12\/emeutes-en-tunisie-amnesty-international-defend-le-droit-de-manifester\/\",\"name\":\"\u00c9meutes en Tunisie : Amnesty international d\u00e9fend le droit de manifester - Kapitalis\",\"isPartOf\":{\"@id\":\"https:\/\/kapitalis.com\/tunisie\/#website\"},\"primaryImageOfPage\":{\"@id\":\"https:\/\/kapitalis.com\/tunisie\/2018\/01\/12\/emeutes-en-tunisie-amnesty-international-defend-le-droit-de-manifester\/#primaryimage\"},\"image\":{\"@id\":\"https:\/\/kapitalis.com\/tunisie\/2018\/01\/12\/emeutes-en-tunisie-amnesty-international-defend-le-droit-de-manifester\/#primaryimage\"},\"thumbnailUrl\":\"http:\/\/kapitalis.com\/tunisie\/wp-content\/uploads\/2018\/01\/Jelma-heurts-janvier-2018.jpg\",\"datePublished\":\"2018-01-12T10:16:03+00:00\",\"breadcrumb\":{\"@id\":\"https:\/\/kapitalis.com\/tunisie\/2018\/01\/12\/emeutes-en-tunisie-amnesty-international-defend-le-droit-de-manifester\/#breadcrumb\"},\"inLanguage\":\"fr-FR\",\"potentialAction\":[{\"@type\":\"ReadAction\",\"target\":[\"https:\/\/kapitalis.com\/tunisie\/2018\/01\/12\/emeutes-en-tunisie-amnesty-international-defend-le-droit-de-manifester\/\"]}]},{\"@type\":\"ImageObject\",\"inLanguage\":\"fr-FR\",\"@id\":\"https:\/\/kapitalis.com\/tunisie\/2018\/01\/12\/emeutes-en-tunisie-amnesty-international-defend-le-droit-de-manifester\/#primaryimage\",\"url\":\"http:\/\/kapitalis.com\/tunisie\/wp-content\/uploads\/2018\/01\/Jelma-heurts-janvier-2018.jpg\",\"contentUrl\":\"http:\/\/kapitalis.com\/tunisie\/wp-content\/uploads\/2018\/01\/Jelma-heurts-janvier-2018.jpg\"},{\"@type\":\"BreadcrumbList\",\"@id\":\"https:\/\/kapitalis.com\/tunisie\/2018\/01\/12\/emeutes-en-tunisie-amnesty-international-defend-le-droit-de-manifester\/#breadcrumb\",\"itemListElement\":[{\"@type\":\"ListItem\",\"position\":1,\"name\":\"Accueil\",\"item\":\"https:\/\/kapitalis.com\/tunisie\/\"},{\"@type\":\"ListItem\",\"position\":2,\"name\":\"\u00c9meutes en Tunisie : Amnesty international d\u00e9fend le droit de manifester\"}]},{\"@type\":\"WebSite\",\"@id\":\"https:\/\/kapitalis.com\/tunisie\/#website\",\"url\":\"https:\/\/kapitalis.com\/tunisie\/\",\"name\":\"Kapitalis\",\"description\":\"L&#039;actualit\u00e9 en Tunisie et dans le monde\",\"publisher\":{\"@id\":\"https:\/\/kapitalis.com\/tunisie\/#organization\"},\"potentialAction\":[{\"@type\":\"SearchAction\",\"target\":{\"@type\":\"EntryPoint\",\"urlTemplate\":\"https:\/\/kapitalis.com\/tunisie\/?s={search_term_string}\"},\"query-input\":{\"@type\":\"PropertyValueSpecification\",\"valueRequired\":true,\"valueName\":\"search_term_string\"}}],\"inLanguage\":\"fr-FR\"},{\"@type\":\"Organization\",\"@id\":\"https:\/\/kapitalis.com\/tunisie\/#organization\",\"name\":\"Kapitalis\",\"url\":\"https:\/\/kapitalis.com\/tunisie\/\",\"logo\":{\"@type\":\"ImageObject\",\"inLanguage\":\"fr-FR\",\"@id\":\"https:\/\/kapitalis.com\/tunisie\/#\/schema\/logo\/image\/\",\"url\":\"https:\/\/kapitalis.com\/tunisie\/wp-content\/uploads\/2022\/05\/Kapitalis-big-size.png\",\"contentUrl\":\"https:\/\/kapitalis.com\/tunisie\/wp-content\/uploads\/2022\/05\/Kapitalis-big-size.png\",\"width\":5000,\"height\":1500,\"caption\":\"Kapitalis\"},\"image\":{\"@id\":\"https:\/\/kapitalis.com\/tunisie\/#\/schema\/logo\/image\/\"},\"sameAs\":[\"https:\/\/www.facebook.com\/KapitalisInfo\/\",\"https:\/\/x.com\/KapitalisInfo\",\"https:\/\/www.youtube.com\/channel\/UC-yDYrHyfFBWWZaOw3FPg9Q\"]},{\"@type\":\"Person\",\"@id\":\"https:\/\/kapitalis.com\/tunisie\/#\/schema\/person\/2c6e134b2f3369dffcd1daf5f087d28b\",\"name\":\"emna benabdallah\",\"url\":\"https:\/\/kapitalis.com\/tunisie\/author\/emna\/\"}]}<\/script>\n<!-- \/ Yoast SEO plugin. -->","yoast_head_json":{"title":"\u00c9meutes en Tunisie : Amnesty international d\u00e9fend le droit de manifester - Kapitalis","robots":{"index":"index","follow":"follow","max-snippet":"max-snippet:-1","max-image-preview":"max-image-preview:large","max-video-preview":"max-video-preview:-1"},"canonical":"https:\/\/kapitalis.com\/tunisie\/2018\/01\/12\/emeutes-en-tunisie-amnesty-international-defend-le-droit-de-manifester\/","og_locale":"fr_FR","og_type":"article","og_title":"\u00c9meutes en Tunisie : Amnesty international d\u00e9fend le droit de manifester - Kapitalis","og_description":"L&rsquo;Ong de d\u00e9fense des droits de l&rsquo;homme, Amnesty international (AI), a appel\u00e9 le gouvernement tunisien \u00e0 assurer la s\u00e9curit\u00e9 des manifestants pacifistes.","og_url":"https:\/\/kapitalis.com\/tunisie\/2018\/01\/12\/emeutes-en-tunisie-amnesty-international-defend-le-droit-de-manifester\/","og_site_name":"Kapitalis","article_publisher":"https:\/\/www.facebook.com\/KapitalisInfo\/","article_published_time":"2018-01-12T10:16:03+00:00","og_image":[{"url":"http:\/\/kapitalis.com\/tunisie\/wp-content\/uploads\/2018\/01\/Jelma-heurts-janvier-2018.jpg","type":"","width":"","height":""}],"author":"emna benabdallah","twitter_card":"summary_large_image","twitter_creator":"@KapitalisInfo","twitter_site":"@KapitalisInfo","twitter_misc":{"\u00c9crit par":"emna benabdallah","Dur\u00e9e de lecture estim\u00e9e":"1 minute"},"schema":{"@context":"https:\/\/schema.org","@graph":[{"@type":"Article","@id":"https:\/\/kapitalis.com\/tunisie\/2018\/01\/12\/emeutes-en-tunisie-amnesty-international-defend-le-droit-de-manifester\/#article","isPartOf":{"@id":"https:\/\/kapitalis.com\/tunisie\/2018\/01\/12\/emeutes-en-tunisie-amnesty-international-defend-le-droit-de-manifester\/"},"author":{"name":"emna benabdallah","@id":"https:\/\/kapitalis.com\/tunisie\/#\/schema\/person\/2c6e134b2f3369dffcd1daf5f087d28b"},"headline":"\u00c9meutes en Tunisie : Amnesty international d\u00e9fend le droit de manifester","datePublished":"2018-01-12T10:16:03+00:00","mainEntityOfPage":{"@id":"https:\/\/kapitalis.com\/tunisie\/2018\/01\/12\/emeutes-en-tunisie-amnesty-international-defend-le-droit-de-manifester\/"},"wordCount":147,"commentCount":1,"publisher":{"@id":"https:\/\/kapitalis.com\/tunisie\/#organization"},"image":{"@id":"https:\/\/kapitalis.com\/tunisie\/2018\/01\/12\/emeutes-en-tunisie-amnesty-international-defend-le-droit-de-manifester\/#primaryimage"},"thumbnailUrl":"http:\/\/kapitalis.com\/tunisie\/wp-content\/uploads\/2018\/01\/Jelma-heurts-janvier-2018.jpg","keywords":["Amnesty international","manifestants","violence"],"articleSection":["SOCIETE","Tunisie"],"inLanguage":"fr-FR","potentialAction":[{"@type":"CommentAction","name":"Comment","target":["https:\/\/kapitalis.com\/tunisie\/2018\/01\/12\/emeutes-en-tunisie-amnesty-international-defend-le-droit-de-manifester\/#respond"]}]},{"@type":"WebPage","@id":"https:\/\/kapitalis.com\/tunisie\/2018\/01\/12\/emeutes-en-tunisie-amnesty-international-defend-le-droit-de-manifester\/","url":"https:\/\/kapitalis.com\/tunisie\/2018\/01\/12\/emeutes-en-tunisie-amnesty-international-defend-le-droit-de-manifester\/","name":"\u00c9meutes en Tunisie : Amnesty international d\u00e9fend le droit de manifester - Kapitalis","isPartOf":{"@id":"https:\/\/kapitalis.com\/tunisie\/#website"},"primaryImageOfPage":{"@id":"https:\/\/kapitalis.com\/tunisie\/2018\/01\/12\/emeutes-en-tunisie-amnesty-international-defend-le-droit-de-manifester\/#primaryimage"},"image":{"@id":"https:\/\/kapitalis.com\/tunisie\/2018\/01\/12\/emeutes-en-tunisie-amnesty-international-defend-le-droit-de-manifester\/#primaryimage"},"thumbnailUrl":"http:\/\/kapitalis.com\/tunisie\/wp-content\/uploads\/2018\/01\/Jelma-heurts-janvier-2018.jpg","datePublished":"2018-01-12T10:16:03+00:00","breadcrumb":{"@id":"https:\/\/kapitalis.com\/tunisie\/2018\/01\/12\/emeutes-en-tunisie-amnesty-international-defend-le-droit-de-manifester\/#breadcrumb"},"inLanguage":"fr-FR","potentialAction":[{"@type":"ReadAction","target":["https:\/\/kapitalis.com\/tunisie\/2018\/01\/12\/emeutes-en-tunisie-amnesty-international-defend-le-droit-de-manifester\/"]}]},{"@type":"ImageObject","inLanguage":"fr-FR","@id":"https:\/\/kapitalis.com\/tunisie\/2018\/01\/12\/emeutes-en-tunisie-amnesty-international-defend-le-droit-de-manifester\/#primaryimage","url":"http:\/\/kapitalis.com\/tunisie\/wp-content\/uploads\/2018\/01\/Jelma-heurts-janvier-2018.jpg","contentUrl":"http:\/\/kapitalis.com\/tunisie\/wp-content\/uploads\/2018\/01\/Jelma-heurts-janvier-2018.jpg"},{"@type":"BreadcrumbList","@id":"https:\/\/kapitalis.com\/tunisie\/2018\/01\/12\/emeutes-en-tunisie-amnesty-international-defend-le-droit-de-manifester\/#breadcrumb","itemListElement":[{"@type":"ListItem","position":1,"name":"Accueil","item":"https:\/\/kapitalis.com\/tunisie\/"},{"@type":"ListItem","position":2,"name":"\u00c9meutes en Tunisie : Amnesty international d\u00e9fend le droit de manifester"}]},{"@type":"WebSite","@id":"https:\/\/kapitalis.com\/tunisie\/#website","url":"https:\/\/kapitalis.com\/tunisie\/","name":"Kapitalis","description":"L&#039;actualit\u00e9 en Tunisie et dans le monde","publisher":{"@id":"https:\/\/kapitalis.com\/tunisie\/#organization"},"potentialAction":[{"@type":"SearchAction","target":{"@type":"EntryPoint","urlTemplate":"https:\/\/kapitalis.com\/tunisie\/?s={search_term_string}"},"query-input":{"@type":"PropertyValueSpecification","valueRequired":true,"valueName":"search_term_string"}}],"inLanguage":"fr-FR"},{"@type":"Organization","@id":"https:\/\/kapitalis.com\/tunisie\/#organization","name":"Kapitalis","url":"https:\/\/kapitalis.com\/tunisie\/","logo":{"@type":"ImageObject","inLanguage":"fr-FR","@id":"https:\/\/kapitalis.com\/tunisie\/#\/schema\/logo\/image\/","url":"https:\/\/kapitalis.com\/tunisie\/wp-content\/uploads\/2022\/05\/Kapitalis-big-size.png","contentUrl":"https:\/\/kapitalis.com\/tunisie\/wp-content\/uploads\/2022\/05\/Kapitalis-big-size.png","width":5000,"height":1500,"caption":"Kapitalis"},"image":{"@id":"https:\/\/kapitalis.com\/tunisie\/#\/schema\/logo\/image\/"},"sameAs":["https:\/\/www.facebook.com\/KapitalisInfo\/","https:\/\/x.com\/KapitalisInfo","https:\/\/www.youtube.com\/channel\/UC-yDYrHyfFBWWZaOw3FPg9Q"]},{"@type":"Person","@id":"https:\/\/kapitalis.com\/tunisie\/#\/schema\/person\/2c6e134b2f3369dffcd1daf5f087d28b","name":"emna benabdallah","url":"https:\/\/kapitalis.com\/tunisie\/author\/emna\/"}]}},"_links":{"self":[{"href":"https:\/\/kapitalis.com\/tunisie\/wp-json\/wp\/v2\/posts\/132800","targetHints":{"allow":["GET"]}}],"collection":[{"href":"https:\/\/kapitalis.com\/tunisie\/wp-json\/wp\/v2\/posts"}],"about":[{"href":"https:\/\/kapitalis.com\/tunisie\/wp-json\/wp\/v2\/types\/post"}],"author":[{"embeddable":true,"href":"https:\/\/kapitalis.com\/tunisie\/wp-json\/wp\/v2\/users\/16"}],"replies":[{"embeddable":true,"href":"https:\/\/kapitalis.com\/tunisie\/wp-json\/wp\/v2\/comments?post=132800"}],"version-history":[{"count":0,"href":"https:\/\/kapitalis.com\/tunisie\/wp-json\/wp\/v2\/posts\/132800\/revisions"}],"wp:attachment":[{"href":"https:\/\/kapitalis.com\/tunisie\/wp-json\/wp\/v2\/media?parent=132800"}],"wp:term":[{"taxonomy":"category","embeddable":true,"href":"https:\/\/kapitalis.com\/tunisie\/wp-json\/wp\/v2\/categories?post=132800"},{"taxonomy":"post_tag","embeddable":true,"href":"https:\/\/kapitalis.com\/tunisie\/wp-json\/wp\/v2\/tags?post=132800"}],"curies":[{"name":"wp","href":"https:\/\/api.w.org\/{rel}","templated":true}]}}