{"id":132801,"date":"2018-01-12T11:13:14","date_gmt":"2018-01-12T10:13:14","guid":{"rendered":"http:\/\/kapitalis.com\/tunisie\/?p=132801"},"modified":"2018-01-12T11:13:14","modified_gmt":"2018-01-12T10:13:14","slug":"violences-en-tunisie-un-bandit-surnomme-dandouna-arrete-a-ben-arous","status":"publish","type":"post","link":"https:\/\/kapitalis.com\/tunisie\/2018\/01\/12\/violences-en-tunisie-un-bandit-surnomme-dandouna-arrete-a-ben-arous\/","title":{"rendered":"Violences en Tunisie : Un bandit surnomm\u00e9 \u00abDandouna\u00bb arr\u00eat\u00e9 \u00e0 Ben Arous"},"content":{"rendered":"<p style=\"text-align: center;\"><img loading=\"lazy\" decoding=\"async\" class=\"alignnone size-full wp-image-132802\" src=\"http:\/\/kapitalis.com\/tunisie\/wp-content\/uploads\/2018\/01\/Dabdouna-Ben-Arous-violences-Tunisie.jpg\" alt=\"\" width=\"626\" height=\"380\" \/><\/p>\n<p><em><strong>La police a arr\u00eat\u00e9, hier soir, jeudi 11 janvier 2018, un d\u00e9linquant dont le casier judiciaire compte plusieurs infractions. Il est accus\u00e9 d&rsquo;inciter des mineurs \u00e0 commettre des violences \u00e0 Tunis<\/strong><\/em><!--more--><\/p>\n<p>Connu sous le surnom de \u00ab<em>Dandouna<\/em>\u00bb, A. R. (29 ans) est originaire de Ben Arous et avait d\u00e9j\u00e0 \u00e9t\u00e9 arr\u00eat\u00e9 et condamn\u00e9 plusieurs fois pour des faits de vol et violence. Il a \u00e9t\u00e9 arr\u00eat\u00e9 hier soir avec un groupe de mineurs qui ont tent\u00e9 d\u2019attaquer un commerce \u00e0 la cit\u00e9 Ettadhamon.<\/p>\n<p>Ces jeunes casseurs disent avoir \u00e9t\u00e9 entra\u00een\u00e9s par \u00ab<em>Dandouna<\/em>\u00bb, qui les aurait encourag\u00e9s \u00e0 attaquer les policiers, \u00e0 br\u00fbler des commerces et des postes de police, \u00e0 piller et tout casser sur leur passage. Il leur aurait \u00e9galement promis d\u2019\u00eatre r\u00e9mun\u00e9r\u00e9 pour ce travail.<\/p>\n<p>Cependant, cette version a \u00e9t\u00e9 d\u00e9mentie par le suspect qui a d\u00e9clar\u00e9 \u00e0 la police avoir pris part aux actes de saccages\u00a0et de vol, comme les autres jeunes, et n\u2019avoir incit\u00e9 personne \u00e0 le suivre.<\/p>\n<p>On notera que, lors de son arrestation, \u00ab<em>Dandouna<\/em>\u00bb a agress\u00e9 un agent avec une \u00e9p\u00e9e. L\u2019agent a \u00e9t\u00e9 bless\u00e9 et transport\u00e9 \u00e0 l\u2019h\u00f4pital o\u00f9 il on lui a fait des points de sutures \u00e0 l\u2019avant-bras, pr\u00e9cise le Syndicat des fonctionnaires de la direction g\u00e9n\u00e9rale de la s\u00e9curit\u00e9 publique (SFDGSP).<\/p>\n<p style=\"text-align: right;\"><strong>Y. N.<\/strong><\/p>\n","protected":false},"excerpt":{"rendered":"<p>La police a arr\u00eat\u00e9, hier soir, jeudi 11 janvier 2018, un d\u00e9linquant dont le casier judiciaire compte plusieurs infractions. Il est accus\u00e9 d&rsquo;inciter des mineurs \u00e0 commettre des violences \u00e0 Tunis<\/p>\n","protected":false},"author":6,"featured_media":132802,"comment_status":"open","ping_status":"open","sticky":false,"template":"","format":"standard","meta":{"footnotes":""},"categories":[998,2433],"tags":[45,141,16759,13025,6581],"class_list":["post-132801","post","type-post","status-publish","format-standard","has-post-thumbnail","hentry","category-societe","category-tunisie","tag-agression","tag-ben-arous","tag-mineurs","tag-pillage","tag-violences"],"yoast_head":"<!-- This site is optimized with the Yoast SEO plugin v26.6 - https:\/\/yoast.com\/wordpress\/plugins\/seo\/ -->\n<title>Violences en Tunisie : Un bandit surnomm\u00e9 \u00abDandouna\u00bb arr\u00eat\u00e9 \u00e0 Ben Arous - Kapitalis<\/title>\n<meta name=\"robots\" content=\"index, follow, max-snippet:-1, max-image-preview:large, max-video-preview:-1\" \/>\n<link rel=\"canonical\" href=\"https:\/\/kapitalis.com\/tunisie\/2018\/01\/12\/violences-en-tunisie-un-bandit-surnomme-dandouna-arrete-a-ben-arous\/\" \/>\n<meta property=\"og:locale\" content=\"fr_FR\" \/>\n<meta property=\"og:type\" content=\"article\" \/>\n<meta property=\"og:title\" content=\"Violences en Tunisie : Un bandit surnomm\u00e9 \u00abDandouna\u00bb arr\u00eat\u00e9 \u00e0 Ben Arous - Kapitalis\" \/>\n<meta property=\"og:description\" content=\"La police a arr\u00eat\u00e9, hier soir, jeudi 11 janvier 2018, un d\u00e9linquant dont le casier judiciaire compte plusieurs infractions. Il est accus\u00e9 d&rsquo;inciter des mineurs \u00e0 commettre des violences \u00e0 Tunis\" \/>\n<meta property=\"og:url\" content=\"https:\/\/kapitalis.com\/tunisie\/2018\/01\/12\/violences-en-tunisie-un-bandit-surnomme-dandouna-arrete-a-ben-arous\/\" \/>\n<meta property=\"og:site_name\" content=\"Kapitalis\" \/>\n<meta property=\"article:publisher\" content=\"https:\/\/www.facebook.com\/KapitalisInfo\/\" \/>\n<meta property=\"article:published_time\" content=\"2018-01-12T10:13:14+00:00\" \/>\n<meta property=\"og:image\" content=\"https:\/\/kapitalis.com\/tunisie\/wp-content\/uploads\/2022\/05\/kapitalis-logo-fb.png\" \/>\n\t<meta property=\"og:image:width\" content=\"1200\" \/>\n\t<meta property=\"og:image:height\" content=\"630\" \/>\n\t<meta property=\"og:image:type\" content=\"image\/png\" \/>\n<meta name=\"author\" content=\"Yusra NY\" \/>\n<meta name=\"twitter:card\" content=\"summary_large_image\" \/>\n<meta name=\"twitter:creator\" content=\"@KapitalisInfo\" \/>\n<meta name=\"twitter:site\" content=\"@KapitalisInfo\" \/>\n<meta name=\"twitter:label1\" content=\"\u00c9crit par\" \/>\n\t<meta name=\"twitter:data1\" content=\"Yusra NY\" \/>\n\t<meta name=\"twitter:label2\" content=\"Dur\u00e9e de lecture estim\u00e9e\" \/>\n\t<meta name=\"twitter:data2\" content=\"1 minute\" \/>\n<script type=\"application\/ld+json\" class=\"yoast-schema-graph\">{\"@context\":\"https:\/\/schema.org\",\"@graph\":[{\"@type\":\"Article\",\"@id\":\"https:\/\/kapitalis.com\/tunisie\/2018\/01\/12\/violences-en-tunisie-un-bandit-surnomme-dandouna-arrete-a-ben-arous\/#article\",\"isPartOf\":{\"@id\":\"https:\/\/kapitalis.com\/tunisie\/2018\/01\/12\/violences-en-tunisie-un-bandit-surnomme-dandouna-arrete-a-ben-arous\/\"},\"author\":{\"name\":\"Yusra NY\",\"@id\":\"https:\/\/kapitalis.com\/tunisie\/#\/schema\/person\/74bbde0154d49d790a92aaeac5bc01d5\"},\"headline\":\"Violences en Tunisie : Un bandit surnomm\u00e9 \u00abDandouna\u00bb arr\u00eat\u00e9 \u00e0 Ben Arous\",\"datePublished\":\"2018-01-12T10:13:14+00:00\",\"mainEntityOfPage\":{\"@id\":\"https:\/\/kapitalis.com\/tunisie\/2018\/01\/12\/violences-en-tunisie-un-bandit-surnomme-dandouna-arrete-a-ben-arous\/\"},\"wordCount\":237,\"commentCount\":0,\"publisher\":{\"@id\":\"https:\/\/kapitalis.com\/tunisie\/#organization\"},\"image\":{\"@id\":\"https:\/\/kapitalis.com\/tunisie\/2018\/01\/12\/violences-en-tunisie-un-bandit-surnomme-dandouna-arrete-a-ben-arous\/#primaryimage\"},\"thumbnailUrl\":\"\",\"keywords\":[\"agression\",\"Ben Arous\",\"mineurs\",\"pillage\",\"violences\"],\"articleSection\":[\"SOCIETE\",\"Tunisie\"],\"inLanguage\":\"fr-FR\",\"potentialAction\":[{\"@type\":\"CommentAction\",\"name\":\"Comment\",\"target\":[\"https:\/\/kapitalis.com\/tunisie\/2018\/01\/12\/violences-en-tunisie-un-bandit-surnomme-dandouna-arrete-a-ben-arous\/#respond\"]}]},{\"@type\":\"WebPage\",\"@id\":\"https:\/\/kapitalis.com\/tunisie\/2018\/01\/12\/violences-en-tunisie-un-bandit-surnomme-dandouna-arrete-a-ben-arous\/\",\"url\":\"https:\/\/kapitalis.com\/tunisie\/2018\/01\/12\/violences-en-tunisie-un-bandit-surnomme-dandouna-arrete-a-ben-arous\/\",\"name\":\"Violences en Tunisie : Un bandit surnomm\u00e9 \u00abDandouna\u00bb arr\u00eat\u00e9 \u00e0 Ben Arous - Kapitalis\",\"isPartOf\":{\"@id\":\"https:\/\/kapitalis.com\/tunisie\/#website\"},\"primaryImageOfPage\":{\"@id\":\"https:\/\/kapitalis.com\/tunisie\/2018\/01\/12\/violences-en-tunisie-un-bandit-surnomme-dandouna-arrete-a-ben-arous\/#primaryimage\"},\"image\":{\"@id\":\"https:\/\/kapitalis.com\/tunisie\/2018\/01\/12\/violences-en-tunisie-un-bandit-surnomme-dandouna-arrete-a-ben-arous\/#primaryimage\"},\"thumbnailUrl\":\"\",\"datePublished\":\"2018-01-12T10:13:14+00:00\",\"breadcrumb\":{\"@id\":\"https:\/\/kapitalis.com\/tunisie\/2018\/01\/12\/violences-en-tunisie-un-bandit-surnomme-dandouna-arrete-a-ben-arous\/#breadcrumb\"},\"inLanguage\":\"fr-FR\",\"potentialAction\":[{\"@type\":\"ReadAction\",\"target\":[\"https:\/\/kapitalis.com\/tunisie\/2018\/01\/12\/violences-en-tunisie-un-bandit-surnomme-dandouna-arrete-a-ben-arous\/\"]}]},{\"@type\":\"ImageObject\",\"inLanguage\":\"fr-FR\",\"@id\":\"https:\/\/kapitalis.com\/tunisie\/2018\/01\/12\/violences-en-tunisie-un-bandit-surnomme-dandouna-arrete-a-ben-arous\/#primaryimage\",\"url\":\"\",\"contentUrl\":\"\"},{\"@type\":\"BreadcrumbList\",\"@id\":\"https:\/\/kapitalis.com\/tunisie\/2018\/01\/12\/violences-en-tunisie-un-bandit-surnomme-dandouna-arrete-a-ben-arous\/#breadcrumb\",\"itemListElement\":[{\"@type\":\"ListItem\",\"position\":1,\"name\":\"Accueil\",\"item\":\"https:\/\/kapitalis.com\/tunisie\/\"},{\"@type\":\"ListItem\",\"position\":2,\"name\":\"Violences en Tunisie : Un bandit surnomm\u00e9 \u00abDandouna\u00bb arr\u00eat\u00e9 \u00e0 Ben Arous\"}]},{\"@type\":\"WebSite\",\"@id\":\"https:\/\/kapitalis.com\/tunisie\/#website\",\"url\":\"https:\/\/kapitalis.com\/tunisie\/\",\"name\":\"Kapitalis\",\"description\":\"L&#039;actualit\u00e9 en Tunisie et dans le monde\",\"publisher\":{\"@id\":\"https:\/\/kapitalis.com\/tunisie\/#organization\"},\"potentialAction\":[{\"@type\":\"SearchAction\",\"target\":{\"@type\":\"EntryPoint\",\"urlTemplate\":\"https:\/\/kapitalis.com\/tunisie\/?s={search_term_string}\"},\"query-input\":{\"@type\":\"PropertyValueSpecification\",\"valueRequired\":true,\"valueName\":\"search_term_string\"}}],\"inLanguage\":\"fr-FR\"},{\"@type\":\"Organization\",\"@id\":\"https:\/\/kapitalis.com\/tunisie\/#organization\",\"name\":\"Kapitalis\",\"url\":\"https:\/\/kapitalis.com\/tunisie\/\",\"logo\":{\"@type\":\"ImageObject\",\"inLanguage\":\"fr-FR\",\"@id\":\"https:\/\/kapitalis.com\/tunisie\/#\/schema\/logo\/image\/\",\"url\":\"https:\/\/kapitalis.com\/tunisie\/wp-content\/uploads\/2022\/05\/Kapitalis-big-size.png\",\"contentUrl\":\"https:\/\/kapitalis.com\/tunisie\/wp-content\/uploads\/2022\/05\/Kapitalis-big-size.png\",\"width\":5000,\"height\":1500,\"caption\":\"Kapitalis\"},\"image\":{\"@id\":\"https:\/\/kapitalis.com\/tunisie\/#\/schema\/logo\/image\/\"},\"sameAs\":[\"https:\/\/www.facebook.com\/KapitalisInfo\/\",\"https:\/\/x.com\/KapitalisInfo\",\"https:\/\/www.youtube.com\/channel\/UC-yDYrHyfFBWWZaOw3FPg9Q\"]},{\"@type\":\"Person\",\"@id\":\"https:\/\/kapitalis.com\/tunisie\/#\/schema\/person\/74bbde0154d49d790a92aaeac5bc01d5\",\"name\":\"Yusra NY\",\"url\":\"https:\/\/kapitalis.com\/tunisie\/author\/yuza_adam\/\"}]}<\/script>\n<!-- \/ Yoast SEO plugin. -->","yoast_head_json":{"title":"Violences en Tunisie : Un bandit surnomm\u00e9 \u00abDandouna\u00bb arr\u00eat\u00e9 \u00e0 Ben Arous - Kapitalis","robots":{"index":"index","follow":"follow","max-snippet":"max-snippet:-1","max-image-preview":"max-image-preview:large","max-video-preview":"max-video-preview:-1"},"canonical":"https:\/\/kapitalis.com\/tunisie\/2018\/01\/12\/violences-en-tunisie-un-bandit-surnomme-dandouna-arrete-a-ben-arous\/","og_locale":"fr_FR","og_type":"article","og_title":"Violences en Tunisie : Un bandit surnomm\u00e9 \u00abDandouna\u00bb arr\u00eat\u00e9 \u00e0 Ben Arous - Kapitalis","og_description":"La police a arr\u00eat\u00e9, hier soir, jeudi 11 janvier 2018, un d\u00e9linquant dont le casier judiciaire compte plusieurs infractions. Il est accus\u00e9 d&rsquo;inciter des mineurs \u00e0 commettre des violences \u00e0 Tunis","og_url":"https:\/\/kapitalis.com\/tunisie\/2018\/01\/12\/violences-en-tunisie-un-bandit-surnomme-dandouna-arrete-a-ben-arous\/","og_site_name":"Kapitalis","article_publisher":"https:\/\/www.facebook.com\/KapitalisInfo\/","article_published_time":"2018-01-12T10:13:14+00:00","og_image":[{"width":1200,"height":630,"url":"https:\/\/kapitalis.com\/tunisie\/wp-content\/uploads\/2022\/05\/kapitalis-logo-fb.png","type":"image\/png"}],"author":"Yusra NY","twitter_card":"summary_large_image","twitter_creator":"@KapitalisInfo","twitter_site":"@KapitalisInfo","twitter_misc":{"\u00c9crit par":"Yusra NY","Dur\u00e9e de lecture estim\u00e9e":"1 minute"},"schema":{"@context":"https:\/\/schema.org","@graph":[{"@type":"Article","@id":"https:\/\/kapitalis.com\/tunisie\/2018\/01\/12\/violences-en-tunisie-un-bandit-surnomme-dandouna-arrete-a-ben-arous\/#article","isPartOf":{"@id":"https:\/\/kapitalis.com\/tunisie\/2018\/01\/12\/violences-en-tunisie-un-bandit-surnomme-dandouna-arrete-a-ben-arous\/"},"author":{"name":"Yusra NY","@id":"https:\/\/kapitalis.com\/tunisie\/#\/schema\/person\/74bbde0154d49d790a92aaeac5bc01d5"},"headline":"Violences en Tunisie : Un bandit surnomm\u00e9 \u00abDandouna\u00bb arr\u00eat\u00e9 \u00e0 Ben Arous","datePublished":"2018-01-12T10:13:14+00:00","mainEntityOfPage":{"@id":"https:\/\/kapitalis.com\/tunisie\/2018\/01\/12\/violences-en-tunisie-un-bandit-surnomme-dandouna-arrete-a-ben-arous\/"},"wordCount":237,"commentCount":0,"publisher":{"@id":"https:\/\/kapitalis.com\/tunisie\/#organization"},"image":{"@id":"https:\/\/kapitalis.com\/tunisie\/2018\/01\/12\/violences-en-tunisie-un-bandit-surnomme-dandouna-arrete-a-ben-arous\/#primaryimage"},"thumbnailUrl":"","keywords":["agression","Ben Arous","mineurs","pillage","violences"],"articleSection":["SOCIETE","Tunisie"],"inLanguage":"fr-FR","potentialAction":[{"@type":"CommentAction","name":"Comment","target":["https:\/\/kapitalis.com\/tunisie\/2018\/01\/12\/violences-en-tunisie-un-bandit-surnomme-dandouna-arrete-a-ben-arous\/#respond"]}]},{"@type":"WebPage","@id":"https:\/\/kapitalis.com\/tunisie\/2018\/01\/12\/violences-en-tunisie-un-bandit-surnomme-dandouna-arrete-a-ben-arous\/","url":"https:\/\/kapitalis.com\/tunisie\/2018\/01\/12\/violences-en-tunisie-un-bandit-surnomme-dandouna-arrete-a-ben-arous\/","name":"Violences en Tunisie : Un bandit surnomm\u00e9 \u00abDandouna\u00bb arr\u00eat\u00e9 \u00e0 Ben Arous - Kapitalis","isPartOf":{"@id":"https:\/\/kapitalis.com\/tunisie\/#website"},"primaryImageOfPage":{"@id":"https:\/\/kapitalis.com\/tunisie\/2018\/01\/12\/violences-en-tunisie-un-bandit-surnomme-dandouna-arrete-a-ben-arous\/#primaryimage"},"image":{"@id":"https:\/\/kapitalis.com\/tunisie\/2018\/01\/12\/violences-en-tunisie-un-bandit-surnomme-dandouna-arrete-a-ben-arous\/#primaryimage"},"thumbnailUrl":"","datePublished":"2018-01-12T10:13:14+00:00","breadcrumb":{"@id":"https:\/\/kapitalis.com\/tunisie\/2018\/01\/12\/violences-en-tunisie-un-bandit-surnomme-dandouna-arrete-a-ben-arous\/#breadcrumb"},"inLanguage":"fr-FR","potentialAction":[{"@type":"ReadAction","target":["https:\/\/kapitalis.com\/tunisie\/2018\/01\/12\/violences-en-tunisie-un-bandit-surnomme-dandouna-arrete-a-ben-arous\/"]}]},{"@type":"ImageObject","inLanguage":"fr-FR","@id":"https:\/\/kapitalis.com\/tunisie\/2018\/01\/12\/violences-en-tunisie-un-bandit-surnomme-dandouna-arrete-a-ben-arous\/#primaryimage","url":"","contentUrl":""},{"@type":"BreadcrumbList","@id":"https:\/\/kapitalis.com\/tunisie\/2018\/01\/12\/violences-en-tunisie-un-bandit-surnomme-dandouna-arrete-a-ben-arous\/#breadcrumb","itemListElement":[{"@type":"ListItem","position":1,"name":"Accueil","item":"https:\/\/kapitalis.com\/tunisie\/"},{"@type":"ListItem","position":2,"name":"Violences en Tunisie : Un bandit surnomm\u00e9 \u00abDandouna\u00bb arr\u00eat\u00e9 \u00e0 Ben Arous"}]},{"@type":"WebSite","@id":"https:\/\/kapitalis.com\/tunisie\/#website","url":"https:\/\/kapitalis.com\/tunisie\/","name":"Kapitalis","description":"L&#039;actualit\u00e9 en Tunisie et dans le monde","publisher":{"@id":"https:\/\/kapitalis.com\/tunisie\/#organization"},"potentialAction":[{"@type":"SearchAction","target":{"@type":"EntryPoint","urlTemplate":"https:\/\/kapitalis.com\/tunisie\/?s={search_term_string}"},"query-input":{"@type":"PropertyValueSpecification","valueRequired":true,"valueName":"search_term_string"}}],"inLanguage":"fr-FR"},{"@type":"Organization","@id":"https:\/\/kapitalis.com\/tunisie\/#organization","name":"Kapitalis","url":"https:\/\/kapitalis.com\/tunisie\/","logo":{"@type":"ImageObject","inLanguage":"fr-FR","@id":"https:\/\/kapitalis.com\/tunisie\/#\/schema\/logo\/image\/","url":"https:\/\/kapitalis.com\/tunisie\/wp-content\/uploads\/2022\/05\/Kapitalis-big-size.png","contentUrl":"https:\/\/kapitalis.com\/tunisie\/wp-content\/uploads\/2022\/05\/Kapitalis-big-size.png","width":5000,"height":1500,"caption":"Kapitalis"},"image":{"@id":"https:\/\/kapitalis.com\/tunisie\/#\/schema\/logo\/image\/"},"sameAs":["https:\/\/www.facebook.com\/KapitalisInfo\/","https:\/\/x.com\/KapitalisInfo","https:\/\/www.youtube.com\/channel\/UC-yDYrHyfFBWWZaOw3FPg9Q"]},{"@type":"Person","@id":"https:\/\/kapitalis.com\/tunisie\/#\/schema\/person\/74bbde0154d49d790a92aaeac5bc01d5","name":"Yusra NY","url":"https:\/\/kapitalis.com\/tunisie\/author\/yuza_adam\/"}]}},"_links":{"self":[{"href":"https:\/\/kapitalis.com\/tunisie\/wp-json\/wp\/v2\/posts\/132801","targetHints":{"allow":["GET"]}}],"collection":[{"href":"https:\/\/kapitalis.com\/tunisie\/wp-json\/wp\/v2\/posts"}],"about":[{"href":"https:\/\/kapitalis.com\/tunisie\/wp-json\/wp\/v2\/types\/post"}],"author":[{"embeddable":true,"href":"https:\/\/kapitalis.com\/tunisie\/wp-json\/wp\/v2\/users\/6"}],"replies":[{"embeddable":true,"href":"https:\/\/kapitalis.com\/tunisie\/wp-json\/wp\/v2\/comments?post=132801"}],"version-history":[{"count":0,"href":"https:\/\/kapitalis.com\/tunisie\/wp-json\/wp\/v2\/posts\/132801\/revisions"}],"wp:featuredmedia":[{"embeddable":true,"href":"https:\/\/kapitalis.com\/tunisie\/wp-json\/wp\/v2\/media\/132802"}],"wp:attachment":[{"href":"https:\/\/kapitalis.com\/tunisie\/wp-json\/wp\/v2\/media?parent=132801"}],"wp:term":[{"taxonomy":"category","embeddable":true,"href":"https:\/\/kapitalis.com\/tunisie\/wp-json\/wp\/v2\/categories?post=132801"},{"taxonomy":"post_tag","embeddable":true,"href":"https:\/\/kapitalis.com\/tunisie\/wp-json\/wp\/v2\/tags?post=132801"}],"curies":[{"name":"wp","href":"https:\/\/api.w.org\/{rel}","templated":true}]}}