{"id":133448,"date":"2018-01-16T17:11:50","date_gmt":"2018-01-16T16:11:50","guid":{"rendered":"http:\/\/kapitalis.com\/tunisie\/?p=133448"},"modified":"2018-01-16T17:11:50","modified_gmt":"2018-01-16T16:11:50","slug":"cellule-terroriste-del-jem-arrestation-dun-16e-suspect","status":"publish","type":"post","link":"https:\/\/kapitalis.com\/tunisie\/2018\/01\/16\/cellule-terroriste-del-jem-arrestation-dun-16e-suspect\/","title":{"rendered":"Cellule terroriste d\u2019El-Jem : Arrestation d\u2019un 16e suspect"},"content":{"rendered":"<p><img loading=\"lazy\" decoding=\"async\" class=\"size-full wp-image-62638 aligncenter\" src=\"http:\/\/kapitalis.com\/tunisie\/wp-content\/uploads\/2016\/08\/Arrestation-extr\u00e9miste-religieux.jpg\" alt=\"\" width=\"626\" height=\"380\" \/><\/p>\n<p><em><strong>La police a arr\u00eat\u00e9, ce mardi 16 janvier 2018, un extr\u00e9miste religieux, li\u00e9 \u00e0 la cellule d\u2019El-Jem (Mahdia), d\u00e9mantel\u00e9e avant-hier.<\/strong><\/em><!--more--><\/p>\n<p>Le suspect avait fui en apprenant que des agents avaient effectu\u00e9, dimanche le 14 janvier, une descente dans une maison \u00e0 Chorbane o\u00f9 \u00e9taient r\u00e9unis 15 membres de cette cellule. Il a \u00e9t\u00e9 localis\u00e9 aujourd\u2019hui, \u00e0 l\u2019aube, et a \u00e9t\u00e9 interpell\u00e9 alors qu\u2019il s\u2019appr\u00eatait \u00e0 quitter la ville.<\/p>\n<p>Rappelons que la justice a d\u00e9cid\u00e9 de maintenir en d\u00e9tention les membres de ce groupe, \u00e2g\u00e9s de 20 \u00e0 36 ans, qui seront poursuivis pour terrorisme.<\/p>\n<p>Interpell\u00e9s dans une maison appartenant \u00e0 l\u2019un des membres, ces extr\u00e9mistes religieux s\u2019\u00e9taient r\u00e9unis pour planifier des attaques, en profitant des d\u00e9sordres enregistr\u00e9s la semaines derni\u00e8re dans 11 gouvernorats du pays.<\/p>\n<p style=\"text-align: right;\"><strong>Y. N.<\/strong><\/p>\n<blockquote class=\"wp-embedded-content\" data-secret=\"nc0S5ZOTaD\"><p><a href=\"https:\/\/kapitalis.com\/tunisie\/2018\/01\/15\/terrorisme-quinze-suspects-arretes-dans-une-maison-a-el-jem\/\">Terrorisme : Quinze suspects arr\u00eat\u00e9s dans une maison \u00e0 El-Jem<\/a><\/p><\/blockquote>\n<p><iframe loading=\"lazy\" class=\"wp-embedded-content\" sandbox=\"allow-scripts\" security=\"restricted\" style=\"position: absolute; clip: rect(1px, 1px, 1px, 1px);\" title=\"\u00ab\u00a0Terrorisme : Quinze suspects arr\u00eat\u00e9s dans une maison \u00e0 El-Jem\u00a0\u00bb &#8212; Kapitalis\" src=\"https:\/\/kapitalis.com\/tunisie\/2018\/01\/15\/terrorisme-quinze-suspects-arretes-dans-une-maison-a-el-jem\/embed\/#?secret=DibpaMMvHI#?secret=nc0S5ZOTaD\" data-secret=\"nc0S5ZOTaD\" width=\"600\" height=\"338\" frameborder=\"0\" marginwidth=\"0\" marginheight=\"0\" scrolling=\"no\"><\/iframe><\/p>\n","protected":false},"excerpt":{"rendered":"<p>La police a arr\u00eat\u00e9, ce mardi 16 janvier 2018, un extr\u00e9miste religieux, li\u00e9 \u00e0 la cellule d\u2019El-Jem (Mahdia), d\u00e9mantel\u00e9e avant-hier.<\/p>\n","protected":false},"author":6,"featured_media":0,"comment_status":"open","ping_status":"open","sticky":false,"template":"","format":"standard","meta":{"footnotes":""},"categories":[998,2433],"tags":[86,3659,6580,3975,1499,565,24617,899,6581],"class_list":["post-133448","post","type-post","status-publish","format-standard","hentry","category-societe","category-tunisie","tag-arrestation","tag-attaques","tag-chorbane","tag-el-jem","tag-extremistes-religieux","tag-mahdia","tag-police-antiterroriste","tag-terroristes","tag-violences"],"yoast_head":"<!-- This site is optimized with the Yoast SEO plugin v26.6 - https:\/\/yoast.com\/wordpress\/plugins\/seo\/ -->\n<title>Cellule terroriste d\u2019El-Jem : Arrestation d\u2019un 16e suspect - Kapitalis<\/title>\n<meta name=\"robots\" content=\"index, follow, max-snippet:-1, max-image-preview:large, max-video-preview:-1\" \/>\n<link rel=\"canonical\" href=\"https:\/\/kapitalis.com\/tunisie\/2018\/01\/16\/cellule-terroriste-del-jem-arrestation-dun-16e-suspect\/\" \/>\n<meta property=\"og:locale\" content=\"fr_FR\" \/>\n<meta property=\"og:type\" content=\"article\" \/>\n<meta property=\"og:title\" content=\"Cellule terroriste d\u2019El-Jem : Arrestation d\u2019un 16e suspect - Kapitalis\" \/>\n<meta property=\"og:description\" content=\"La police a arr\u00eat\u00e9, ce mardi 16 janvier 2018, un extr\u00e9miste religieux, li\u00e9 \u00e0 la cellule d\u2019El-Jem (Mahdia), d\u00e9mantel\u00e9e avant-hier.\" \/>\n<meta property=\"og:url\" content=\"https:\/\/kapitalis.com\/tunisie\/2018\/01\/16\/cellule-terroriste-del-jem-arrestation-dun-16e-suspect\/\" \/>\n<meta property=\"og:site_name\" content=\"Kapitalis\" \/>\n<meta property=\"article:publisher\" content=\"https:\/\/www.facebook.com\/KapitalisInfo\/\" \/>\n<meta property=\"article:published_time\" content=\"2018-01-16T16:11:50+00:00\" \/>\n<meta property=\"og:image\" content=\"https:\/\/kapitalis.com\/tunisie\/wp-content\/uploads\/2022\/05\/kapitalis-logo-fb.png\" \/>\n\t<meta property=\"og:image:width\" content=\"1200\" \/>\n\t<meta property=\"og:image:height\" content=\"630\" \/>\n\t<meta property=\"og:image:type\" content=\"image\/png\" \/>\n<meta name=\"author\" content=\"Yusra NY\" \/>\n<meta name=\"twitter:card\" content=\"summary_large_image\" \/>\n<meta name=\"twitter:creator\" content=\"@KapitalisInfo\" \/>\n<meta name=\"twitter:site\" content=\"@KapitalisInfo\" \/>\n<meta name=\"twitter:label1\" content=\"\u00c9crit par\" \/>\n\t<meta name=\"twitter:data1\" content=\"Yusra NY\" \/>\n\t<meta name=\"twitter:label2\" content=\"Dur\u00e9e de lecture estim\u00e9e\" \/>\n\t<meta name=\"twitter:data2\" content=\"1 minute\" \/>\n<script type=\"application\/ld+json\" class=\"yoast-schema-graph\">{\"@context\":\"https:\/\/schema.org\",\"@graph\":[{\"@type\":\"Article\",\"@id\":\"https:\/\/kapitalis.com\/tunisie\/2018\/01\/16\/cellule-terroriste-del-jem-arrestation-dun-16e-suspect\/#article\",\"isPartOf\":{\"@id\":\"https:\/\/kapitalis.com\/tunisie\/2018\/01\/16\/cellule-terroriste-del-jem-arrestation-dun-16e-suspect\/\"},\"author\":{\"name\":\"Yusra NY\",\"@id\":\"https:\/\/kapitalis.com\/tunisie\/#\/schema\/person\/74bbde0154d49d790a92aaeac5bc01d5\"},\"headline\":\"Cellule terroriste d\u2019El-Jem : Arrestation d\u2019un 16e suspect\",\"datePublished\":\"2018-01-16T16:11:50+00:00\",\"mainEntityOfPage\":{\"@id\":\"https:\/\/kapitalis.com\/tunisie\/2018\/01\/16\/cellule-terroriste-del-jem-arrestation-dun-16e-suspect\/\"},\"wordCount\":150,\"commentCount\":0,\"publisher\":{\"@id\":\"https:\/\/kapitalis.com\/tunisie\/#organization\"},\"keywords\":[\"arrestation\",\"attaques\",\"Chorbane\",\"El-Jem\",\"extr\u00e9mistes religieux\",\"Mahdia\",\"police antiterroriste\",\"terroristes\",\"violences\"],\"articleSection\":[\"SOCIETE\",\"Tunisie\"],\"inLanguage\":\"fr-FR\",\"potentialAction\":[{\"@type\":\"CommentAction\",\"name\":\"Comment\",\"target\":[\"https:\/\/kapitalis.com\/tunisie\/2018\/01\/16\/cellule-terroriste-del-jem-arrestation-dun-16e-suspect\/#respond\"]}]},{\"@type\":\"WebPage\",\"@id\":\"https:\/\/kapitalis.com\/tunisie\/2018\/01\/16\/cellule-terroriste-del-jem-arrestation-dun-16e-suspect\/\",\"url\":\"https:\/\/kapitalis.com\/tunisie\/2018\/01\/16\/cellule-terroriste-del-jem-arrestation-dun-16e-suspect\/\",\"name\":\"Cellule terroriste d\u2019El-Jem : Arrestation d\u2019un 16e suspect - Kapitalis\",\"isPartOf\":{\"@id\":\"https:\/\/kapitalis.com\/tunisie\/#website\"},\"datePublished\":\"2018-01-16T16:11:50+00:00\",\"breadcrumb\":{\"@id\":\"https:\/\/kapitalis.com\/tunisie\/2018\/01\/16\/cellule-terroriste-del-jem-arrestation-dun-16e-suspect\/#breadcrumb\"},\"inLanguage\":\"fr-FR\",\"potentialAction\":[{\"@type\":\"ReadAction\",\"target\":[\"https:\/\/kapitalis.com\/tunisie\/2018\/01\/16\/cellule-terroriste-del-jem-arrestation-dun-16e-suspect\/\"]}]},{\"@type\":\"BreadcrumbList\",\"@id\":\"https:\/\/kapitalis.com\/tunisie\/2018\/01\/16\/cellule-terroriste-del-jem-arrestation-dun-16e-suspect\/#breadcrumb\",\"itemListElement\":[{\"@type\":\"ListItem\",\"position\":1,\"name\":\"Accueil\",\"item\":\"https:\/\/kapitalis.com\/tunisie\/\"},{\"@type\":\"ListItem\",\"position\":2,\"name\":\"Cellule terroriste d\u2019El-Jem : Arrestation d\u2019un 16e suspect\"}]},{\"@type\":\"WebSite\",\"@id\":\"https:\/\/kapitalis.com\/tunisie\/#website\",\"url\":\"https:\/\/kapitalis.com\/tunisie\/\",\"name\":\"Kapitalis\",\"description\":\"L&#039;actualit\u00e9 en Tunisie et dans le monde\",\"publisher\":{\"@id\":\"https:\/\/kapitalis.com\/tunisie\/#organization\"},\"potentialAction\":[{\"@type\":\"SearchAction\",\"target\":{\"@type\":\"EntryPoint\",\"urlTemplate\":\"https:\/\/kapitalis.com\/tunisie\/?s={search_term_string}\"},\"query-input\":{\"@type\":\"PropertyValueSpecification\",\"valueRequired\":true,\"valueName\":\"search_term_string\"}}],\"inLanguage\":\"fr-FR\"},{\"@type\":\"Organization\",\"@id\":\"https:\/\/kapitalis.com\/tunisie\/#organization\",\"name\":\"Kapitalis\",\"url\":\"https:\/\/kapitalis.com\/tunisie\/\",\"logo\":{\"@type\":\"ImageObject\",\"inLanguage\":\"fr-FR\",\"@id\":\"https:\/\/kapitalis.com\/tunisie\/#\/schema\/logo\/image\/\",\"url\":\"https:\/\/kapitalis.com\/tunisie\/wp-content\/uploads\/2022\/05\/Kapitalis-big-size.png\",\"contentUrl\":\"https:\/\/kapitalis.com\/tunisie\/wp-content\/uploads\/2022\/05\/Kapitalis-big-size.png\",\"width\":5000,\"height\":1500,\"caption\":\"Kapitalis\"},\"image\":{\"@id\":\"https:\/\/kapitalis.com\/tunisie\/#\/schema\/logo\/image\/\"},\"sameAs\":[\"https:\/\/www.facebook.com\/KapitalisInfo\/\",\"https:\/\/x.com\/KapitalisInfo\",\"https:\/\/www.youtube.com\/channel\/UC-yDYrHyfFBWWZaOw3FPg9Q\"]},{\"@type\":\"Person\",\"@id\":\"https:\/\/kapitalis.com\/tunisie\/#\/schema\/person\/74bbde0154d49d790a92aaeac5bc01d5\",\"name\":\"Yusra NY\",\"url\":\"https:\/\/kapitalis.com\/tunisie\/author\/yuza_adam\/\"}]}<\/script>\n<!-- \/ Yoast SEO plugin. -->","yoast_head_json":{"title":"Cellule terroriste d\u2019El-Jem : Arrestation d\u2019un 16e suspect - Kapitalis","robots":{"index":"index","follow":"follow","max-snippet":"max-snippet:-1","max-image-preview":"max-image-preview:large","max-video-preview":"max-video-preview:-1"},"canonical":"https:\/\/kapitalis.com\/tunisie\/2018\/01\/16\/cellule-terroriste-del-jem-arrestation-dun-16e-suspect\/","og_locale":"fr_FR","og_type":"article","og_title":"Cellule terroriste d\u2019El-Jem : Arrestation d\u2019un 16e suspect - Kapitalis","og_description":"La police a arr\u00eat\u00e9, ce mardi 16 janvier 2018, un extr\u00e9miste religieux, li\u00e9 \u00e0 la cellule d\u2019El-Jem (Mahdia), d\u00e9mantel\u00e9e avant-hier.","og_url":"https:\/\/kapitalis.com\/tunisie\/2018\/01\/16\/cellule-terroriste-del-jem-arrestation-dun-16e-suspect\/","og_site_name":"Kapitalis","article_publisher":"https:\/\/www.facebook.com\/KapitalisInfo\/","article_published_time":"2018-01-16T16:11:50+00:00","og_image":[{"width":1200,"height":630,"url":"https:\/\/kapitalis.com\/tunisie\/wp-content\/uploads\/2022\/05\/kapitalis-logo-fb.png","type":"image\/png"}],"author":"Yusra NY","twitter_card":"summary_large_image","twitter_creator":"@KapitalisInfo","twitter_site":"@KapitalisInfo","twitter_misc":{"\u00c9crit par":"Yusra NY","Dur\u00e9e de lecture estim\u00e9e":"1 minute"},"schema":{"@context":"https:\/\/schema.org","@graph":[{"@type":"Article","@id":"https:\/\/kapitalis.com\/tunisie\/2018\/01\/16\/cellule-terroriste-del-jem-arrestation-dun-16e-suspect\/#article","isPartOf":{"@id":"https:\/\/kapitalis.com\/tunisie\/2018\/01\/16\/cellule-terroriste-del-jem-arrestation-dun-16e-suspect\/"},"author":{"name":"Yusra NY","@id":"https:\/\/kapitalis.com\/tunisie\/#\/schema\/person\/74bbde0154d49d790a92aaeac5bc01d5"},"headline":"Cellule terroriste d\u2019El-Jem : Arrestation d\u2019un 16e suspect","datePublished":"2018-01-16T16:11:50+00:00","mainEntityOfPage":{"@id":"https:\/\/kapitalis.com\/tunisie\/2018\/01\/16\/cellule-terroriste-del-jem-arrestation-dun-16e-suspect\/"},"wordCount":150,"commentCount":0,"publisher":{"@id":"https:\/\/kapitalis.com\/tunisie\/#organization"},"keywords":["arrestation","attaques","Chorbane","El-Jem","extr\u00e9mistes religieux","Mahdia","police antiterroriste","terroristes","violences"],"articleSection":["SOCIETE","Tunisie"],"inLanguage":"fr-FR","potentialAction":[{"@type":"CommentAction","name":"Comment","target":["https:\/\/kapitalis.com\/tunisie\/2018\/01\/16\/cellule-terroriste-del-jem-arrestation-dun-16e-suspect\/#respond"]}]},{"@type":"WebPage","@id":"https:\/\/kapitalis.com\/tunisie\/2018\/01\/16\/cellule-terroriste-del-jem-arrestation-dun-16e-suspect\/","url":"https:\/\/kapitalis.com\/tunisie\/2018\/01\/16\/cellule-terroriste-del-jem-arrestation-dun-16e-suspect\/","name":"Cellule terroriste d\u2019El-Jem : Arrestation d\u2019un 16e suspect - Kapitalis","isPartOf":{"@id":"https:\/\/kapitalis.com\/tunisie\/#website"},"datePublished":"2018-01-16T16:11:50+00:00","breadcrumb":{"@id":"https:\/\/kapitalis.com\/tunisie\/2018\/01\/16\/cellule-terroriste-del-jem-arrestation-dun-16e-suspect\/#breadcrumb"},"inLanguage":"fr-FR","potentialAction":[{"@type":"ReadAction","target":["https:\/\/kapitalis.com\/tunisie\/2018\/01\/16\/cellule-terroriste-del-jem-arrestation-dun-16e-suspect\/"]}]},{"@type":"BreadcrumbList","@id":"https:\/\/kapitalis.com\/tunisie\/2018\/01\/16\/cellule-terroriste-del-jem-arrestation-dun-16e-suspect\/#breadcrumb","itemListElement":[{"@type":"ListItem","position":1,"name":"Accueil","item":"https:\/\/kapitalis.com\/tunisie\/"},{"@type":"ListItem","position":2,"name":"Cellule terroriste d\u2019El-Jem : Arrestation d\u2019un 16e suspect"}]},{"@type":"WebSite","@id":"https:\/\/kapitalis.com\/tunisie\/#website","url":"https:\/\/kapitalis.com\/tunisie\/","name":"Kapitalis","description":"L&#039;actualit\u00e9 en Tunisie et dans le monde","publisher":{"@id":"https:\/\/kapitalis.com\/tunisie\/#organization"},"potentialAction":[{"@type":"SearchAction","target":{"@type":"EntryPoint","urlTemplate":"https:\/\/kapitalis.com\/tunisie\/?s={search_term_string}"},"query-input":{"@type":"PropertyValueSpecification","valueRequired":true,"valueName":"search_term_string"}}],"inLanguage":"fr-FR"},{"@type":"Organization","@id":"https:\/\/kapitalis.com\/tunisie\/#organization","name":"Kapitalis","url":"https:\/\/kapitalis.com\/tunisie\/","logo":{"@type":"ImageObject","inLanguage":"fr-FR","@id":"https:\/\/kapitalis.com\/tunisie\/#\/schema\/logo\/image\/","url":"https:\/\/kapitalis.com\/tunisie\/wp-content\/uploads\/2022\/05\/Kapitalis-big-size.png","contentUrl":"https:\/\/kapitalis.com\/tunisie\/wp-content\/uploads\/2022\/05\/Kapitalis-big-size.png","width":5000,"height":1500,"caption":"Kapitalis"},"image":{"@id":"https:\/\/kapitalis.com\/tunisie\/#\/schema\/logo\/image\/"},"sameAs":["https:\/\/www.facebook.com\/KapitalisInfo\/","https:\/\/x.com\/KapitalisInfo","https:\/\/www.youtube.com\/channel\/UC-yDYrHyfFBWWZaOw3FPg9Q"]},{"@type":"Person","@id":"https:\/\/kapitalis.com\/tunisie\/#\/schema\/person\/74bbde0154d49d790a92aaeac5bc01d5","name":"Yusra NY","url":"https:\/\/kapitalis.com\/tunisie\/author\/yuza_adam\/"}]}},"_links":{"self":[{"href":"https:\/\/kapitalis.com\/tunisie\/wp-json\/wp\/v2\/posts\/133448","targetHints":{"allow":["GET"]}}],"collection":[{"href":"https:\/\/kapitalis.com\/tunisie\/wp-json\/wp\/v2\/posts"}],"about":[{"href":"https:\/\/kapitalis.com\/tunisie\/wp-json\/wp\/v2\/types\/post"}],"author":[{"embeddable":true,"href":"https:\/\/kapitalis.com\/tunisie\/wp-json\/wp\/v2\/users\/6"}],"replies":[{"embeddable":true,"href":"https:\/\/kapitalis.com\/tunisie\/wp-json\/wp\/v2\/comments?post=133448"}],"version-history":[{"count":0,"href":"https:\/\/kapitalis.com\/tunisie\/wp-json\/wp\/v2\/posts\/133448\/revisions"}],"wp:attachment":[{"href":"https:\/\/kapitalis.com\/tunisie\/wp-json\/wp\/v2\/media?parent=133448"}],"wp:term":[{"taxonomy":"category","embeddable":true,"href":"https:\/\/kapitalis.com\/tunisie\/wp-json\/wp\/v2\/categories?post=133448"},{"taxonomy":"post_tag","embeddable":true,"href":"https:\/\/kapitalis.com\/tunisie\/wp-json\/wp\/v2\/tags?post=133448"}],"curies":[{"name":"wp","href":"https:\/\/api.w.org\/{rel}","templated":true}]}}