{"id":133726,"date":"2018-01-18T10:27:12","date_gmt":"2018-01-18T09:27:12","guid":{"rendered":"http:\/\/kapitalis.com\/tunisie\/?p=133726"},"modified":"2018-01-18T10:27:12","modified_gmt":"2018-01-18T09:27:12","slug":"les-espagnols-craignent-que-la-tunisie-reprenne-ses-touristes-pretes","status":"publish","type":"post","link":"https:\/\/kapitalis.com\/tunisie\/2018\/01\/18\/les-espagnols-craignent-que-la-tunisie-reprenne-ses-touristes-pretes\/","title":{"rendered":"Les Espagnols craignent que la Tunisie reprenne ses \u00abtouristes pr\u00eat\u00e9s\u00bb"},"content":{"rendered":"<p style=\"text-align: center;\"><img loading=\"lazy\" decoding=\"async\" class=\"alignnone size-full wp-image-111053\" src=\"http:\/\/kapitalis.com\/tunisie\/wp-content\/uploads\/2017\/08\/tourisme-sousse.jpg\" alt=\"\" width=\"626\" height=\"380\" \/><\/p>\n<p><em><strong>L\u2019industrie touristique espagnole s\u2019inqui\u00e8te de voir ses fid\u00e8les vacanciers britanniques se d\u00e9cider de renouer en masse avec la destination Tunisie.<\/strong><\/em><\/p>\n<p><!--more--><\/p>\n<p>C\u2019est ce qu\u2019a rapport\u00e9 hier, mardi 16 janvier 2018, le quotidien britannique <a href=\"https:\/\/www.thesun.co.uk\/travel\/5355813\/spain-worried-brits-return-to-tunisia\/\"><em>\u2018\u2018The Sun\u2019\u2019<\/em><\/a>, qui ajoute \u00ab<em>qu\u2019avec les offres all\u00e9chantes, en qualit\u00e9 et en prix, que la destination Tunisie pr\u00e9sente aujourd\u2019hui, il y a fort \u00e0 parier que les clients du Royaume-Uni se laissent facilement tenter par un s\u00e9jour dans ce pays\u2026<\/em>\u00bb<\/p>\n<p>Selon le <em>\u2018\u2018Sun\u2019\u2019<\/em>, les h\u00f4teliers espagnols avouent qu\u2019ils n\u2019ont <em>\u00abaucune chance\u00bb<\/em> de pouvoir rivaliser avec des prix aussi imbattables que 400 \u20ac (soit un peu plus 1200 dinars tunisiens, DT) pour une semaine en<em> all inclusive<\/em> dans un h\u00f4tel 5-\u00e9toiles.<\/p>\n<p>Apr\u00e8s trois ann\u00e9es d\u2019absence, que justifiait une certaine peur de la menace terroriste et qui \u00e9tait accompagn\u00e9e par une ferme interdiction de voyage impos\u00e9e par le Foreign Office aux ressortissants du Royaume-Uni, ce serait donc un juste retour \u00e0 la normale et la reprise d\u2019une saine comp\u00e9tition entre des produits touristiques diff\u00e9rents.<\/p>\n<p>Les sp\u00e9cialistes ont vite invent\u00e9 le concept de <em>\u00abtouristes pr\u00eat\u00e9s\u00bb<\/em> en parlant des ces Britanniques qui, de 2015 \u00e0 fin 2017, ont tourn\u00e9 le dos \u00e0 la Tunisie et d\u00e9cid\u00e9 de la remplacer par l\u2019Espagne. Donc, ces touristes britanniques dont le nombre, au plus fort de leur fid\u00e9lit\u00e9 \u00e0 la destination Tunisie, d\u00e9passait les 450.000, seraient en train de renouer avec notre pays. Et la crainte des h\u00f4teliers espagnols est, le moins que l\u2019on puisse dire, exag\u00e9r\u00e9e car, selon les estimations les plus optimistes, cette reprise de l\u2019activit\u00e9 du march\u00e9 britannique sur la Tunisie n\u2019atteindra pas, en 2018, les chiffres record de 2010.<\/p>\n<p>Les industriels du tourisme espagnol, qui ont tir\u00e9 de tr\u00e8s juteux avantages de la peur du terrorisme, ne se consolent de la fin suppos\u00e9e de l\u2019embellie: pour eux, les 2 ou 3 prochaines ann\u00e9es co\u00fbteront \u00e0 l\u2019Espagne une perte de pas moins de 18 millions de touristes \u00e9trangers !<\/p>\n<p>Dans tous les cas, il est tout \u00e0 fait naturel que le pr\u00eat\u00e9 soit rendu\u2026<\/p>\n<p style=\"text-align: right;\"><strong>Marwan Chahla<\/strong><\/p>\n<blockquote class=\"wp-embedded-content\" data-secret=\"QLDIeZ9x1Y\"><p><a href=\"https:\/\/kapitalis.com\/tunisie\/2018\/01\/11\/tourisme-retablir-credibilite-de-tunisie-chez-britanniques\/\">Tourisme : R\u00e9tablir la cr\u00e9dibilit\u00e9 de la Tunisie chez les Britanniques<\/a><\/p><\/blockquote>\n<p><iframe loading=\"lazy\" class=\"wp-embedded-content\" sandbox=\"allow-scripts\" security=\"restricted\" style=\"position: absolute; clip: rect(1px, 1px, 1px, 1px);\" title=\"\u00ab\u00a0Tourisme : R\u00e9tablir la cr\u00e9dibilit\u00e9 de la Tunisie chez les Britanniques\u00a0\u00bb &#8212; Kapitalis\" src=\"https:\/\/kapitalis.com\/tunisie\/2018\/01\/11\/tourisme-retablir-credibilite-de-tunisie-chez-britanniques\/embed\/#?secret=D09pOOAsfZ#?secret=QLDIeZ9x1Y\" data-secret=\"QLDIeZ9x1Y\" width=\"600\" height=\"338\" frameborder=\"0\" marginwidth=\"0\" marginheight=\"0\" scrolling=\"no\"><\/iframe><\/p>\n<blockquote class=\"wp-embedded-content\" data-secret=\"aG6S5thZQt\"><p><a href=\"https:\/\/kapitalis.com\/tunisie\/2018\/01\/05\/tourisme-tui-revient-4-vols-hebdomadaires-tunisie\/\">Tourisme: Tui revient avec 4 vols hebdomadaires sur la Tunisie<\/a><\/p><\/blockquote>\n<p><iframe loading=\"lazy\" class=\"wp-embedded-content\" sandbox=\"allow-scripts\" security=\"restricted\" style=\"position: absolute; clip: rect(1px, 1px, 1px, 1px);\" title=\"\u00ab\u00a0Tourisme: Tui revient avec 4 vols hebdomadaires sur la Tunisie\u00a0\u00bb &#8212; Kapitalis\" src=\"https:\/\/kapitalis.com\/tunisie\/2018\/01\/05\/tourisme-tui-revient-4-vols-hebdomadaires-tunisie\/embed\/#?secret=lsHe9XOGBX#?secret=aG6S5thZQt\" data-secret=\"aG6S5thZQt\" width=\"600\" height=\"338\" frameborder=\"0\" marginwidth=\"0\" marginheight=\"0\" scrolling=\"no\"><\/iframe><\/p>\n","protected":false},"excerpt":{"rendered":"<p>L\u2019industrie touristique espagnole s\u2019inqui\u00e8te de voir ses fid\u00e8les vacanciers britanniques se d\u00e9cider de renouer en masse avec la destination Tunisie.<\/p>\n","protected":false},"author":8,"featured_media":0,"comment_status":"open","ping_status":"open","sticky":false,"template":"","format":"standard","meta":{"footnotes":""},"categories":[995,2433],"tags":[9357,7179,2706],"class_list":["post-133726","post","type-post","status-publish","format-standard","hentry","category-economie","category-tunisie","tag-all-inclusive","tag-destination-tunisie","tag-touristes-britanniques"],"yoast_head":"<!-- This site is optimized with the Yoast SEO plugin v26.6 - https:\/\/yoast.com\/wordpress\/plugins\/seo\/ -->\n<title>Les Espagnols craignent que la Tunisie reprenne ses \u00abtouristes pr\u00eat\u00e9s\u00bb - Kapitalis<\/title>\n<meta name=\"robots\" content=\"index, follow, max-snippet:-1, max-image-preview:large, max-video-preview:-1\" \/>\n<link rel=\"canonical\" href=\"https:\/\/kapitalis.com\/tunisie\/2018\/01\/18\/les-espagnols-craignent-que-la-tunisie-reprenne-ses-touristes-pretes\/\" \/>\n<meta property=\"og:locale\" content=\"fr_FR\" \/>\n<meta property=\"og:type\" content=\"article\" \/>\n<meta property=\"og:title\" content=\"Les Espagnols craignent que la Tunisie reprenne ses \u00abtouristes pr\u00eat\u00e9s\u00bb - Kapitalis\" \/>\n<meta property=\"og:description\" content=\"L\u2019industrie touristique espagnole s\u2019inqui\u00e8te de voir ses fid\u00e8les vacanciers britanniques se d\u00e9cider de renouer en masse avec la destination Tunisie.\" \/>\n<meta property=\"og:url\" content=\"https:\/\/kapitalis.com\/tunisie\/2018\/01\/18\/les-espagnols-craignent-que-la-tunisie-reprenne-ses-touristes-pretes\/\" \/>\n<meta property=\"og:site_name\" content=\"Kapitalis\" \/>\n<meta property=\"article:publisher\" content=\"https:\/\/www.facebook.com\/KapitalisInfo\/\" \/>\n<meta property=\"article:published_time\" content=\"2018-01-18T09:27:12+00:00\" \/>\n<meta property=\"og:image\" content=\"http:\/\/kapitalis.com\/tunisie\/wp-content\/uploads\/2017\/08\/tourisme-sousse.jpg\" \/>\n<meta name=\"author\" content=\"webmaster kapitalis\" \/>\n<meta name=\"twitter:card\" content=\"summary_large_image\" \/>\n<meta name=\"twitter:creator\" content=\"@KapitalisInfo\" \/>\n<meta name=\"twitter:site\" content=\"@KapitalisInfo\" \/>\n<meta name=\"twitter:label1\" content=\"\u00c9crit par\" \/>\n\t<meta name=\"twitter:data1\" content=\"webmaster kapitalis\" \/>\n\t<meta name=\"twitter:label2\" content=\"Dur\u00e9e de lecture estim\u00e9e\" \/>\n\t<meta name=\"twitter:data2\" content=\"2 minutes\" \/>\n<script type=\"application\/ld+json\" class=\"yoast-schema-graph\">{\"@context\":\"https:\/\/schema.org\",\"@graph\":[{\"@type\":\"Article\",\"@id\":\"https:\/\/kapitalis.com\/tunisie\/2018\/01\/18\/les-espagnols-craignent-que-la-tunisie-reprenne-ses-touristes-pretes\/#article\",\"isPartOf\":{\"@id\":\"https:\/\/kapitalis.com\/tunisie\/2018\/01\/18\/les-espagnols-craignent-que-la-tunisie-reprenne-ses-touristes-pretes\/\"},\"author\":{\"name\":\"webmaster kapitalis\",\"@id\":\"https:\/\/kapitalis.com\/tunisie\/#\/schema\/person\/d71f33a9ca44f7bad4698210b480c8e9\"},\"headline\":\"Les Espagnols craignent que la Tunisie reprenne ses \u00abtouristes pr\u00eat\u00e9s\u00bb\",\"datePublished\":\"2018-01-18T09:27:12+00:00\",\"mainEntityOfPage\":{\"@id\":\"https:\/\/kapitalis.com\/tunisie\/2018\/01\/18\/les-espagnols-craignent-que-la-tunisie-reprenne-ses-touristes-pretes\/\"},\"wordCount\":380,\"commentCount\":3,\"publisher\":{\"@id\":\"https:\/\/kapitalis.com\/tunisie\/#organization\"},\"image\":{\"@id\":\"https:\/\/kapitalis.com\/tunisie\/2018\/01\/18\/les-espagnols-craignent-que-la-tunisie-reprenne-ses-touristes-pretes\/#primaryimage\"},\"thumbnailUrl\":\"http:\/\/kapitalis.com\/tunisie\/wp-content\/uploads\/2017\/08\/tourisme-sousse.jpg\",\"keywords\":[\"all-inclusive\",\"destination Tunisie\",\"touristes britanniques\"],\"articleSection\":[\"ECONOMIE\",\"Tunisie\"],\"inLanguage\":\"fr-FR\",\"potentialAction\":[{\"@type\":\"CommentAction\",\"name\":\"Comment\",\"target\":[\"https:\/\/kapitalis.com\/tunisie\/2018\/01\/18\/les-espagnols-craignent-que-la-tunisie-reprenne-ses-touristes-pretes\/#respond\"]}]},{\"@type\":\"WebPage\",\"@id\":\"https:\/\/kapitalis.com\/tunisie\/2018\/01\/18\/les-espagnols-craignent-que-la-tunisie-reprenne-ses-touristes-pretes\/\",\"url\":\"https:\/\/kapitalis.com\/tunisie\/2018\/01\/18\/les-espagnols-craignent-que-la-tunisie-reprenne-ses-touristes-pretes\/\",\"name\":\"Les Espagnols craignent que la Tunisie reprenne ses \u00abtouristes pr\u00eat\u00e9s\u00bb - Kapitalis\",\"isPartOf\":{\"@id\":\"https:\/\/kapitalis.com\/tunisie\/#website\"},\"primaryImageOfPage\":{\"@id\":\"https:\/\/kapitalis.com\/tunisie\/2018\/01\/18\/les-espagnols-craignent-que-la-tunisie-reprenne-ses-touristes-pretes\/#primaryimage\"},\"image\":{\"@id\":\"https:\/\/kapitalis.com\/tunisie\/2018\/01\/18\/les-espagnols-craignent-que-la-tunisie-reprenne-ses-touristes-pretes\/#primaryimage\"},\"thumbnailUrl\":\"http:\/\/kapitalis.com\/tunisie\/wp-content\/uploads\/2017\/08\/tourisme-sousse.jpg\",\"datePublished\":\"2018-01-18T09:27:12+00:00\",\"breadcrumb\":{\"@id\":\"https:\/\/kapitalis.com\/tunisie\/2018\/01\/18\/les-espagnols-craignent-que-la-tunisie-reprenne-ses-touristes-pretes\/#breadcrumb\"},\"inLanguage\":\"fr-FR\",\"potentialAction\":[{\"@type\":\"ReadAction\",\"target\":[\"https:\/\/kapitalis.com\/tunisie\/2018\/01\/18\/les-espagnols-craignent-que-la-tunisie-reprenne-ses-touristes-pretes\/\"]}]},{\"@type\":\"ImageObject\",\"inLanguage\":\"fr-FR\",\"@id\":\"https:\/\/kapitalis.com\/tunisie\/2018\/01\/18\/les-espagnols-craignent-que-la-tunisie-reprenne-ses-touristes-pretes\/#primaryimage\",\"url\":\"http:\/\/kapitalis.com\/tunisie\/wp-content\/uploads\/2017\/08\/tourisme-sousse.jpg\",\"contentUrl\":\"http:\/\/kapitalis.com\/tunisie\/wp-content\/uploads\/2017\/08\/tourisme-sousse.jpg\"},{\"@type\":\"BreadcrumbList\",\"@id\":\"https:\/\/kapitalis.com\/tunisie\/2018\/01\/18\/les-espagnols-craignent-que-la-tunisie-reprenne-ses-touristes-pretes\/#breadcrumb\",\"itemListElement\":[{\"@type\":\"ListItem\",\"position\":1,\"name\":\"Accueil\",\"item\":\"https:\/\/kapitalis.com\/tunisie\/\"},{\"@type\":\"ListItem\",\"position\":2,\"name\":\"Les Espagnols craignent que la Tunisie reprenne ses \u00abtouristes pr\u00eat\u00e9s\u00bb\"}]},{\"@type\":\"WebSite\",\"@id\":\"https:\/\/kapitalis.com\/tunisie\/#website\",\"url\":\"https:\/\/kapitalis.com\/tunisie\/\",\"name\":\"Kapitalis\",\"description\":\"L&#039;actualit\u00e9 en Tunisie et dans le monde\",\"publisher\":{\"@id\":\"https:\/\/kapitalis.com\/tunisie\/#organization\"},\"potentialAction\":[{\"@type\":\"SearchAction\",\"target\":{\"@type\":\"EntryPoint\",\"urlTemplate\":\"https:\/\/kapitalis.com\/tunisie\/?s={search_term_string}\"},\"query-input\":{\"@type\":\"PropertyValueSpecification\",\"valueRequired\":true,\"valueName\":\"search_term_string\"}}],\"inLanguage\":\"fr-FR\"},{\"@type\":\"Organization\",\"@id\":\"https:\/\/kapitalis.com\/tunisie\/#organization\",\"name\":\"Kapitalis\",\"url\":\"https:\/\/kapitalis.com\/tunisie\/\",\"logo\":{\"@type\":\"ImageObject\",\"inLanguage\":\"fr-FR\",\"@id\":\"https:\/\/kapitalis.com\/tunisie\/#\/schema\/logo\/image\/\",\"url\":\"https:\/\/kapitalis.com\/tunisie\/wp-content\/uploads\/2022\/05\/Kapitalis-big-size.png\",\"contentUrl\":\"https:\/\/kapitalis.com\/tunisie\/wp-content\/uploads\/2022\/05\/Kapitalis-big-size.png\",\"width\":5000,\"height\":1500,\"caption\":\"Kapitalis\"},\"image\":{\"@id\":\"https:\/\/kapitalis.com\/tunisie\/#\/schema\/logo\/image\/\"},\"sameAs\":[\"https:\/\/www.facebook.com\/KapitalisInfo\/\",\"https:\/\/x.com\/KapitalisInfo\",\"https:\/\/www.youtube.com\/channel\/UC-yDYrHyfFBWWZaOw3FPg9Q\"]},{\"@type\":\"Person\",\"@id\":\"https:\/\/kapitalis.com\/tunisie\/#\/schema\/person\/d71f33a9ca44f7bad4698210b480c8e9\",\"name\":\"webmaster kapitalis\",\"url\":\"https:\/\/kapitalis.com\/tunisie\/author\/webmaster-kapitalis\/\"}]}<\/script>\n<!-- \/ Yoast SEO plugin. -->","yoast_head_json":{"title":"Les Espagnols craignent que la Tunisie reprenne ses \u00abtouristes pr\u00eat\u00e9s\u00bb - Kapitalis","robots":{"index":"index","follow":"follow","max-snippet":"max-snippet:-1","max-image-preview":"max-image-preview:large","max-video-preview":"max-video-preview:-1"},"canonical":"https:\/\/kapitalis.com\/tunisie\/2018\/01\/18\/les-espagnols-craignent-que-la-tunisie-reprenne-ses-touristes-pretes\/","og_locale":"fr_FR","og_type":"article","og_title":"Les Espagnols craignent que la Tunisie reprenne ses \u00abtouristes pr\u00eat\u00e9s\u00bb - Kapitalis","og_description":"L\u2019industrie touristique espagnole s\u2019inqui\u00e8te de voir ses fid\u00e8les vacanciers britanniques se d\u00e9cider de renouer en masse avec la destination Tunisie.","og_url":"https:\/\/kapitalis.com\/tunisie\/2018\/01\/18\/les-espagnols-craignent-que-la-tunisie-reprenne-ses-touristes-pretes\/","og_site_name":"Kapitalis","article_publisher":"https:\/\/www.facebook.com\/KapitalisInfo\/","article_published_time":"2018-01-18T09:27:12+00:00","og_image":[{"url":"http:\/\/kapitalis.com\/tunisie\/wp-content\/uploads\/2017\/08\/tourisme-sousse.jpg","type":"","width":"","height":""}],"author":"webmaster kapitalis","twitter_card":"summary_large_image","twitter_creator":"@KapitalisInfo","twitter_site":"@KapitalisInfo","twitter_misc":{"\u00c9crit par":"webmaster kapitalis","Dur\u00e9e de lecture estim\u00e9e":"2 minutes"},"schema":{"@context":"https:\/\/schema.org","@graph":[{"@type":"Article","@id":"https:\/\/kapitalis.com\/tunisie\/2018\/01\/18\/les-espagnols-craignent-que-la-tunisie-reprenne-ses-touristes-pretes\/#article","isPartOf":{"@id":"https:\/\/kapitalis.com\/tunisie\/2018\/01\/18\/les-espagnols-craignent-que-la-tunisie-reprenne-ses-touristes-pretes\/"},"author":{"name":"webmaster kapitalis","@id":"https:\/\/kapitalis.com\/tunisie\/#\/schema\/person\/d71f33a9ca44f7bad4698210b480c8e9"},"headline":"Les Espagnols craignent que la Tunisie reprenne ses \u00abtouristes pr\u00eat\u00e9s\u00bb","datePublished":"2018-01-18T09:27:12+00:00","mainEntityOfPage":{"@id":"https:\/\/kapitalis.com\/tunisie\/2018\/01\/18\/les-espagnols-craignent-que-la-tunisie-reprenne-ses-touristes-pretes\/"},"wordCount":380,"commentCount":3,"publisher":{"@id":"https:\/\/kapitalis.com\/tunisie\/#organization"},"image":{"@id":"https:\/\/kapitalis.com\/tunisie\/2018\/01\/18\/les-espagnols-craignent-que-la-tunisie-reprenne-ses-touristes-pretes\/#primaryimage"},"thumbnailUrl":"http:\/\/kapitalis.com\/tunisie\/wp-content\/uploads\/2017\/08\/tourisme-sousse.jpg","keywords":["all-inclusive","destination Tunisie","touristes britanniques"],"articleSection":["ECONOMIE","Tunisie"],"inLanguage":"fr-FR","potentialAction":[{"@type":"CommentAction","name":"Comment","target":["https:\/\/kapitalis.com\/tunisie\/2018\/01\/18\/les-espagnols-craignent-que-la-tunisie-reprenne-ses-touristes-pretes\/#respond"]}]},{"@type":"WebPage","@id":"https:\/\/kapitalis.com\/tunisie\/2018\/01\/18\/les-espagnols-craignent-que-la-tunisie-reprenne-ses-touristes-pretes\/","url":"https:\/\/kapitalis.com\/tunisie\/2018\/01\/18\/les-espagnols-craignent-que-la-tunisie-reprenne-ses-touristes-pretes\/","name":"Les Espagnols craignent que la Tunisie reprenne ses \u00abtouristes pr\u00eat\u00e9s\u00bb - Kapitalis","isPartOf":{"@id":"https:\/\/kapitalis.com\/tunisie\/#website"},"primaryImageOfPage":{"@id":"https:\/\/kapitalis.com\/tunisie\/2018\/01\/18\/les-espagnols-craignent-que-la-tunisie-reprenne-ses-touristes-pretes\/#primaryimage"},"image":{"@id":"https:\/\/kapitalis.com\/tunisie\/2018\/01\/18\/les-espagnols-craignent-que-la-tunisie-reprenne-ses-touristes-pretes\/#primaryimage"},"thumbnailUrl":"http:\/\/kapitalis.com\/tunisie\/wp-content\/uploads\/2017\/08\/tourisme-sousse.jpg","datePublished":"2018-01-18T09:27:12+00:00","breadcrumb":{"@id":"https:\/\/kapitalis.com\/tunisie\/2018\/01\/18\/les-espagnols-craignent-que-la-tunisie-reprenne-ses-touristes-pretes\/#breadcrumb"},"inLanguage":"fr-FR","potentialAction":[{"@type":"ReadAction","target":["https:\/\/kapitalis.com\/tunisie\/2018\/01\/18\/les-espagnols-craignent-que-la-tunisie-reprenne-ses-touristes-pretes\/"]}]},{"@type":"ImageObject","inLanguage":"fr-FR","@id":"https:\/\/kapitalis.com\/tunisie\/2018\/01\/18\/les-espagnols-craignent-que-la-tunisie-reprenne-ses-touristes-pretes\/#primaryimage","url":"http:\/\/kapitalis.com\/tunisie\/wp-content\/uploads\/2017\/08\/tourisme-sousse.jpg","contentUrl":"http:\/\/kapitalis.com\/tunisie\/wp-content\/uploads\/2017\/08\/tourisme-sousse.jpg"},{"@type":"BreadcrumbList","@id":"https:\/\/kapitalis.com\/tunisie\/2018\/01\/18\/les-espagnols-craignent-que-la-tunisie-reprenne-ses-touristes-pretes\/#breadcrumb","itemListElement":[{"@type":"ListItem","position":1,"name":"Accueil","item":"https:\/\/kapitalis.com\/tunisie\/"},{"@type":"ListItem","position":2,"name":"Les Espagnols craignent que la Tunisie reprenne ses \u00abtouristes pr\u00eat\u00e9s\u00bb"}]},{"@type":"WebSite","@id":"https:\/\/kapitalis.com\/tunisie\/#website","url":"https:\/\/kapitalis.com\/tunisie\/","name":"Kapitalis","description":"L&#039;actualit\u00e9 en Tunisie et dans le monde","publisher":{"@id":"https:\/\/kapitalis.com\/tunisie\/#organization"},"potentialAction":[{"@type":"SearchAction","target":{"@type":"EntryPoint","urlTemplate":"https:\/\/kapitalis.com\/tunisie\/?s={search_term_string}"},"query-input":{"@type":"PropertyValueSpecification","valueRequired":true,"valueName":"search_term_string"}}],"inLanguage":"fr-FR"},{"@type":"Organization","@id":"https:\/\/kapitalis.com\/tunisie\/#organization","name":"Kapitalis","url":"https:\/\/kapitalis.com\/tunisie\/","logo":{"@type":"ImageObject","inLanguage":"fr-FR","@id":"https:\/\/kapitalis.com\/tunisie\/#\/schema\/logo\/image\/","url":"https:\/\/kapitalis.com\/tunisie\/wp-content\/uploads\/2022\/05\/Kapitalis-big-size.png","contentUrl":"https:\/\/kapitalis.com\/tunisie\/wp-content\/uploads\/2022\/05\/Kapitalis-big-size.png","width":5000,"height":1500,"caption":"Kapitalis"},"image":{"@id":"https:\/\/kapitalis.com\/tunisie\/#\/schema\/logo\/image\/"},"sameAs":["https:\/\/www.facebook.com\/KapitalisInfo\/","https:\/\/x.com\/KapitalisInfo","https:\/\/www.youtube.com\/channel\/UC-yDYrHyfFBWWZaOw3FPg9Q"]},{"@type":"Person","@id":"https:\/\/kapitalis.com\/tunisie\/#\/schema\/person\/d71f33a9ca44f7bad4698210b480c8e9","name":"webmaster kapitalis","url":"https:\/\/kapitalis.com\/tunisie\/author\/webmaster-kapitalis\/"}]}},"_links":{"self":[{"href":"https:\/\/kapitalis.com\/tunisie\/wp-json\/wp\/v2\/posts\/133726","targetHints":{"allow":["GET"]}}],"collection":[{"href":"https:\/\/kapitalis.com\/tunisie\/wp-json\/wp\/v2\/posts"}],"about":[{"href":"https:\/\/kapitalis.com\/tunisie\/wp-json\/wp\/v2\/types\/post"}],"author":[{"embeddable":true,"href":"https:\/\/kapitalis.com\/tunisie\/wp-json\/wp\/v2\/users\/8"}],"replies":[{"embeddable":true,"href":"https:\/\/kapitalis.com\/tunisie\/wp-json\/wp\/v2\/comments?post=133726"}],"version-history":[{"count":0,"href":"https:\/\/kapitalis.com\/tunisie\/wp-json\/wp\/v2\/posts\/133726\/revisions"}],"wp:attachment":[{"href":"https:\/\/kapitalis.com\/tunisie\/wp-json\/wp\/v2\/media?parent=133726"}],"wp:term":[{"taxonomy":"category","embeddable":true,"href":"https:\/\/kapitalis.com\/tunisie\/wp-json\/wp\/v2\/categories?post=133726"},{"taxonomy":"post_tag","embeddable":true,"href":"https:\/\/kapitalis.com\/tunisie\/wp-json\/wp\/v2\/tags?post=133726"}],"curies":[{"name":"wp","href":"https:\/\/api.w.org\/{rel}","templated":true}]}}