{"id":1337586,"date":"2022-06-09T10:30:44","date_gmt":"2022-06-09T09:30:44","guid":{"rendered":"https:\/\/kapitalis.com\/tunisie\/?p=1337586"},"modified":"2022-06-09T10:30:46","modified_gmt":"2022-06-09T09:30:46","slug":"khalil-zaouia-lechec-du-referendum-ferait-perdre-a-saied-sa-legitimite","status":"publish","type":"post","link":"https:\/\/kapitalis.com\/tunisie\/2022\/06\/09\/khalil-zaouia-lechec-du-referendum-ferait-perdre-a-saied-sa-legitimite\/","title":{"rendered":"Khalil Zaouia : \u00abL&rsquo;\u00e9chec du r\u00e9f\u00e9rendum ferait perdre \u00e0 Sa\u00efed sa l\u00e9gitimit\u00e9\u00bb"},"content":{"rendered":"\n<p><em><strong>Le r\u00e9f\u00e9rendum du 25 juillet prochain est un risque politique consid\u00e9rable que va prendre le chef de l&rsquo;Etat, Ka\u00efs Sa\u00efed, selon le pr\u00e9sident du parti Ettakatol, Khalil Zaouia, qui a expliqu\u00e9 qu&rsquo;un \u00e9chec \u00e9ventuel lui co\u00fbterait \u00absa l\u00e9gitimit\u00e9 et sa cr\u00e9dibilit\u00e9 devant le peuple\u00bb.<\/strong><\/em><\/p>\n\n\n\n<!--more-->\n\n\n\n<p>Interview\u00e9 sur Shems FM, ce jeudi 9 juin 2022, Zaouia a estim\u00e9 que si \u00ab<em>un non<\/em>\u00bb venait \u00e0 ressortir des r\u00e9sultats du r\u00e9f\u00e9rendum, une crise avec le pr\u00e9sident aurait lieu, lui faisant perdre sa l\u00e9gitimit\u00e9 et sa cr\u00e9dibilit\u00e9, et ainsi \u00ab<em>toutes ses d\u00e9cisions tomberaient et la Tunisie tomberait dans un \u00e9tat de non-Etat<\/em>\u00bb.<\/p>\n\n\n\n<p>Et d&rsquo;ajouter qu&rsquo;il serait tr\u00e8s raisonnable, en cas d&rsquo;\u00e9chec du r\u00e9f\u00e9rendum, que le pr\u00e9sident Sa\u00efed d\u00e9missionne, soulignant que dans cette situation, la constitution serait suspendue et nous entrerions dans une crise grave et majeure avec la perte du responsable qui repr\u00e9sente l&rsquo;\u00c9tat.<\/p>\n\n\n\n<p>M. Zaouia semble vivre dans une sorte de r\u00e9alit\u00e9 parall\u00e8le, car il n&rsquo;y quasiment aucune chance que Sa\u00efed quitte ses fonctions, quels que soient les r\u00e9sultats du r\u00e9f\u00e9rendum.<\/p>\n\n\n\n<p class=\"has-text-align-right\"><strong>C. B. Y.<\/strong><\/p>\n","protected":false},"excerpt":{"rendered":"<p>Le r\u00e9f\u00e9rendum du 25 juillet prochain est un risque politique consid\u00e9rable que va prendre le chef de l&rsquo;Etat, Ka\u00efs Sa\u00efed, selon le pr\u00e9sident du parti Ettakatol, Khalil Zaouia, qui a expliqu\u00e9 qu&rsquo;un \u00e9chec \u00e9ventuel lui co\u00fbterait \u00absa l\u00e9gitimit\u00e9 et sa cr\u00e9dibilit\u00e9 devant le peuple\u00bb.<\/p>\n","protected":false},"author":24,"featured_media":725618,"comment_status":"open","ping_status":"open","sticky":false,"template":"","format":"standard","meta":{"footnotes":""},"categories":[997,2433],"tags":[5560,76012,73198],"class_list":["post-1337586","post","type-post","status-publish","format-standard","has-post-thumbnail","hentry","category-politique","category-tunisie","tag-ettakatol","tag-kais-saied-2","tag-khalil-zaouia"],"yoast_head":"<!-- This site is optimized with the Yoast SEO plugin v26.6 - https:\/\/yoast.com\/wordpress\/plugins\/seo\/ -->\n<title>Khalil Zaouia : \u00abL&#039;\u00e9chec du r\u00e9f\u00e9rendum ferait perdre \u00e0 Sa\u00efed sa l\u00e9gitimit\u00e9\u00bb - Kapitalis<\/title>\n<meta name=\"robots\" content=\"index, follow, max-snippet:-1, max-image-preview:large, max-video-preview:-1\" \/>\n<link rel=\"canonical\" href=\"https:\/\/kapitalis.com\/tunisie\/2022\/06\/09\/khalil-zaouia-lechec-du-referendum-ferait-perdre-a-saied-sa-legitimite\/\" \/>\n<meta property=\"og:locale\" content=\"fr_FR\" \/>\n<meta property=\"og:type\" content=\"article\" \/>\n<meta property=\"og:title\" content=\"Khalil Zaouia : \u00abL&#039;\u00e9chec du r\u00e9f\u00e9rendum ferait perdre \u00e0 Sa\u00efed sa l\u00e9gitimit\u00e9\u00bb - Kapitalis\" \/>\n<meta property=\"og:description\" content=\"Le r\u00e9f\u00e9rendum du 25 juillet prochain est un risque politique consid\u00e9rable que va prendre le chef de l&rsquo;Etat, Ka\u00efs Sa\u00efed, selon le pr\u00e9sident du parti Ettakatol, Khalil Zaouia, qui a expliqu\u00e9 qu&rsquo;un \u00e9chec \u00e9ventuel lui co\u00fbterait \u00absa l\u00e9gitimit\u00e9 et sa cr\u00e9dibilit\u00e9 devant le peuple\u00bb.\" \/>\n<meta property=\"og:url\" content=\"https:\/\/kapitalis.com\/tunisie\/2022\/06\/09\/khalil-zaouia-lechec-du-referendum-ferait-perdre-a-saied-sa-legitimite\/\" \/>\n<meta property=\"og:site_name\" content=\"Kapitalis\" \/>\n<meta property=\"article:publisher\" content=\"https:\/\/www.facebook.com\/KapitalisInfo\/\" \/>\n<meta property=\"article:published_time\" content=\"2022-06-09T09:30:44+00:00\" \/>\n<meta property=\"article:modified_time\" content=\"2022-06-09T09:30:46+00:00\" \/>\n<meta property=\"og:image\" content=\"https:\/\/kapitalis.com\/tunisie\/wp-content\/uploads\/2022\/05\/Khalil-Zaouia.jpg\" \/>\n\t<meta property=\"og:image:width\" content=\"1200\" \/>\n\t<meta property=\"og:image:height\" content=\"630\" \/>\n\t<meta property=\"og:image:type\" content=\"image\/jpeg\" \/>\n<meta name=\"author\" content=\"Cherif Benyounes\" \/>\n<meta name=\"twitter:card\" content=\"summary_large_image\" \/>\n<meta name=\"twitter:creator\" content=\"@KapitalisInfo\" \/>\n<meta name=\"twitter:site\" content=\"@KapitalisInfo\" \/>\n<meta name=\"twitter:label1\" content=\"\u00c9crit par\" \/>\n\t<meta name=\"twitter:data1\" content=\"Cherif Benyounes\" \/>\n\t<meta name=\"twitter:label2\" content=\"Dur\u00e9e de lecture estim\u00e9e\" \/>\n\t<meta name=\"twitter:data2\" content=\"1 minute\" \/>\n<script type=\"application\/ld+json\" class=\"yoast-schema-graph\">{\"@context\":\"https:\/\/schema.org\",\"@graph\":[{\"@type\":\"Article\",\"@id\":\"https:\/\/kapitalis.com\/tunisie\/2022\/06\/09\/khalil-zaouia-lechec-du-referendum-ferait-perdre-a-saied-sa-legitimite\/#article\",\"isPartOf\":{\"@id\":\"https:\/\/kapitalis.com\/tunisie\/2022\/06\/09\/khalil-zaouia-lechec-du-referendum-ferait-perdre-a-saied-sa-legitimite\/\"},\"author\":{\"name\":\"Cherif Benyounes\",\"@id\":\"https:\/\/kapitalis.com\/tunisie\/#\/schema\/person\/b35b8d631961131107263178aeb8019e\"},\"headline\":\"Khalil Zaouia : \u00abL&rsquo;\u00e9chec du r\u00e9f\u00e9rendum ferait perdre \u00e0 Sa\u00efed sa l\u00e9gitimit\u00e9\u00bb\",\"datePublished\":\"2022-06-09T09:30:44+00:00\",\"dateModified\":\"2022-06-09T09:30:46+00:00\",\"mainEntityOfPage\":{\"@id\":\"https:\/\/kapitalis.com\/tunisie\/2022\/06\/09\/khalil-zaouia-lechec-du-referendum-ferait-perdre-a-saied-sa-legitimite\/\"},\"wordCount\":212,\"commentCount\":8,\"publisher\":{\"@id\":\"https:\/\/kapitalis.com\/tunisie\/#organization\"},\"image\":{\"@id\":\"https:\/\/kapitalis.com\/tunisie\/2022\/06\/09\/khalil-zaouia-lechec-du-referendum-ferait-perdre-a-saied-sa-legitimite\/#primaryimage\"},\"thumbnailUrl\":\"https:\/\/kapitalis.com\/tunisie\/wp-content\/uploads\/2022\/05\/Khalil-Zaouia.jpg\",\"keywords\":[\"Ettakatol\",\"Ka\u00efs Sa\u00efed\",\"khalil zaouia\"],\"articleSection\":[\"POLITIQUE\",\"Tunisie\"],\"inLanguage\":\"fr-FR\",\"potentialAction\":[{\"@type\":\"CommentAction\",\"name\":\"Comment\",\"target\":[\"https:\/\/kapitalis.com\/tunisie\/2022\/06\/09\/khalil-zaouia-lechec-du-referendum-ferait-perdre-a-saied-sa-legitimite\/#respond\"]}]},{\"@type\":\"WebPage\",\"@id\":\"https:\/\/kapitalis.com\/tunisie\/2022\/06\/09\/khalil-zaouia-lechec-du-referendum-ferait-perdre-a-saied-sa-legitimite\/\",\"url\":\"https:\/\/kapitalis.com\/tunisie\/2022\/06\/09\/khalil-zaouia-lechec-du-referendum-ferait-perdre-a-saied-sa-legitimite\/\",\"name\":\"Khalil Zaouia : \u00abL'\u00e9chec du r\u00e9f\u00e9rendum ferait perdre \u00e0 Sa\u00efed sa l\u00e9gitimit\u00e9\u00bb - Kapitalis\",\"isPartOf\":{\"@id\":\"https:\/\/kapitalis.com\/tunisie\/#website\"},\"primaryImageOfPage\":{\"@id\":\"https:\/\/kapitalis.com\/tunisie\/2022\/06\/09\/khalil-zaouia-lechec-du-referendum-ferait-perdre-a-saied-sa-legitimite\/#primaryimage\"},\"image\":{\"@id\":\"https:\/\/kapitalis.com\/tunisie\/2022\/06\/09\/khalil-zaouia-lechec-du-referendum-ferait-perdre-a-saied-sa-legitimite\/#primaryimage\"},\"thumbnailUrl\":\"https:\/\/kapitalis.com\/tunisie\/wp-content\/uploads\/2022\/05\/Khalil-Zaouia.jpg\",\"datePublished\":\"2022-06-09T09:30:44+00:00\",\"dateModified\":\"2022-06-09T09:30:46+00:00\",\"breadcrumb\":{\"@id\":\"https:\/\/kapitalis.com\/tunisie\/2022\/06\/09\/khalil-zaouia-lechec-du-referendum-ferait-perdre-a-saied-sa-legitimite\/#breadcrumb\"},\"inLanguage\":\"fr-FR\",\"potentialAction\":[{\"@type\":\"ReadAction\",\"target\":[\"https:\/\/kapitalis.com\/tunisie\/2022\/06\/09\/khalil-zaouia-lechec-du-referendum-ferait-perdre-a-saied-sa-legitimite\/\"]}]},{\"@type\":\"ImageObject\",\"inLanguage\":\"fr-FR\",\"@id\":\"https:\/\/kapitalis.com\/tunisie\/2022\/06\/09\/khalil-zaouia-lechec-du-referendum-ferait-perdre-a-saied-sa-legitimite\/#primaryimage\",\"url\":\"https:\/\/kapitalis.com\/tunisie\/wp-content\/uploads\/2022\/05\/Khalil-Zaouia.jpg\",\"contentUrl\":\"https:\/\/kapitalis.com\/tunisie\/wp-content\/uploads\/2022\/05\/Khalil-Zaouia.jpg\",\"width\":1200,\"height\":630},{\"@type\":\"BreadcrumbList\",\"@id\":\"https:\/\/kapitalis.com\/tunisie\/2022\/06\/09\/khalil-zaouia-lechec-du-referendum-ferait-perdre-a-saied-sa-legitimite\/#breadcrumb\",\"itemListElement\":[{\"@type\":\"ListItem\",\"position\":1,\"name\":\"Accueil\",\"item\":\"https:\/\/kapitalis.com\/tunisie\/\"},{\"@type\":\"ListItem\",\"position\":2,\"name\":\"Khalil Zaouia : \u00abL&rsquo;\u00e9chec du r\u00e9f\u00e9rendum ferait perdre \u00e0 Sa\u00efed sa l\u00e9gitimit\u00e9\u00bb\"}]},{\"@type\":\"WebSite\",\"@id\":\"https:\/\/kapitalis.com\/tunisie\/#website\",\"url\":\"https:\/\/kapitalis.com\/tunisie\/\",\"name\":\"Kapitalis\",\"description\":\"L&#039;actualit\u00e9 en Tunisie et dans le monde\",\"publisher\":{\"@id\":\"https:\/\/kapitalis.com\/tunisie\/#organization\"},\"potentialAction\":[{\"@type\":\"SearchAction\",\"target\":{\"@type\":\"EntryPoint\",\"urlTemplate\":\"https:\/\/kapitalis.com\/tunisie\/?s={search_term_string}\"},\"query-input\":{\"@type\":\"PropertyValueSpecification\",\"valueRequired\":true,\"valueName\":\"search_term_string\"}}],\"inLanguage\":\"fr-FR\"},{\"@type\":\"Organization\",\"@id\":\"https:\/\/kapitalis.com\/tunisie\/#organization\",\"name\":\"Kapitalis\",\"url\":\"https:\/\/kapitalis.com\/tunisie\/\",\"logo\":{\"@type\":\"ImageObject\",\"inLanguage\":\"fr-FR\",\"@id\":\"https:\/\/kapitalis.com\/tunisie\/#\/schema\/logo\/image\/\",\"url\":\"https:\/\/kapitalis.com\/tunisie\/wp-content\/uploads\/2022\/05\/Kapitalis-big-size.png\",\"contentUrl\":\"https:\/\/kapitalis.com\/tunisie\/wp-content\/uploads\/2022\/05\/Kapitalis-big-size.png\",\"width\":5000,\"height\":1500,\"caption\":\"Kapitalis\"},\"image\":{\"@id\":\"https:\/\/kapitalis.com\/tunisie\/#\/schema\/logo\/image\/\"},\"sameAs\":[\"https:\/\/www.facebook.com\/KapitalisInfo\/\",\"https:\/\/x.com\/KapitalisInfo\",\"https:\/\/www.youtube.com\/channel\/UC-yDYrHyfFBWWZaOw3FPg9Q\"]},{\"@type\":\"Person\",\"@id\":\"https:\/\/kapitalis.com\/tunisie\/#\/schema\/person\/b35b8d631961131107263178aeb8019e\",\"name\":\"Cherif Benyounes\",\"url\":\"https:\/\/kapitalis.com\/tunisie\/author\/cherif\/\"}]}<\/script>\n<!-- \/ Yoast SEO plugin. -->","yoast_head_json":{"title":"Khalil Zaouia : \u00abL'\u00e9chec du r\u00e9f\u00e9rendum ferait perdre \u00e0 Sa\u00efed sa l\u00e9gitimit\u00e9\u00bb - Kapitalis","robots":{"index":"index","follow":"follow","max-snippet":"max-snippet:-1","max-image-preview":"max-image-preview:large","max-video-preview":"max-video-preview:-1"},"canonical":"https:\/\/kapitalis.com\/tunisie\/2022\/06\/09\/khalil-zaouia-lechec-du-referendum-ferait-perdre-a-saied-sa-legitimite\/","og_locale":"fr_FR","og_type":"article","og_title":"Khalil Zaouia : \u00abL'\u00e9chec du r\u00e9f\u00e9rendum ferait perdre \u00e0 Sa\u00efed sa l\u00e9gitimit\u00e9\u00bb - Kapitalis","og_description":"Le r\u00e9f\u00e9rendum du 25 juillet prochain est un risque politique consid\u00e9rable que va prendre le chef de l&rsquo;Etat, Ka\u00efs Sa\u00efed, selon le pr\u00e9sident du parti Ettakatol, Khalil Zaouia, qui a expliqu\u00e9 qu&rsquo;un \u00e9chec \u00e9ventuel lui co\u00fbterait \u00absa l\u00e9gitimit\u00e9 et sa cr\u00e9dibilit\u00e9 devant le peuple\u00bb.","og_url":"https:\/\/kapitalis.com\/tunisie\/2022\/06\/09\/khalil-zaouia-lechec-du-referendum-ferait-perdre-a-saied-sa-legitimite\/","og_site_name":"Kapitalis","article_publisher":"https:\/\/www.facebook.com\/KapitalisInfo\/","article_published_time":"2022-06-09T09:30:44+00:00","article_modified_time":"2022-06-09T09:30:46+00:00","og_image":[{"width":1200,"height":630,"url":"https:\/\/kapitalis.com\/tunisie\/wp-content\/uploads\/2022\/05\/Khalil-Zaouia.jpg","type":"image\/jpeg"}],"author":"Cherif Benyounes","twitter_card":"summary_large_image","twitter_creator":"@KapitalisInfo","twitter_site":"@KapitalisInfo","twitter_misc":{"\u00c9crit par":"Cherif Benyounes","Dur\u00e9e de lecture estim\u00e9e":"1 minute"},"schema":{"@context":"https:\/\/schema.org","@graph":[{"@type":"Article","@id":"https:\/\/kapitalis.com\/tunisie\/2022\/06\/09\/khalil-zaouia-lechec-du-referendum-ferait-perdre-a-saied-sa-legitimite\/#article","isPartOf":{"@id":"https:\/\/kapitalis.com\/tunisie\/2022\/06\/09\/khalil-zaouia-lechec-du-referendum-ferait-perdre-a-saied-sa-legitimite\/"},"author":{"name":"Cherif Benyounes","@id":"https:\/\/kapitalis.com\/tunisie\/#\/schema\/person\/b35b8d631961131107263178aeb8019e"},"headline":"Khalil Zaouia : \u00abL&rsquo;\u00e9chec du r\u00e9f\u00e9rendum ferait perdre \u00e0 Sa\u00efed sa l\u00e9gitimit\u00e9\u00bb","datePublished":"2022-06-09T09:30:44+00:00","dateModified":"2022-06-09T09:30:46+00:00","mainEntityOfPage":{"@id":"https:\/\/kapitalis.com\/tunisie\/2022\/06\/09\/khalil-zaouia-lechec-du-referendum-ferait-perdre-a-saied-sa-legitimite\/"},"wordCount":212,"commentCount":8,"publisher":{"@id":"https:\/\/kapitalis.com\/tunisie\/#organization"},"image":{"@id":"https:\/\/kapitalis.com\/tunisie\/2022\/06\/09\/khalil-zaouia-lechec-du-referendum-ferait-perdre-a-saied-sa-legitimite\/#primaryimage"},"thumbnailUrl":"https:\/\/kapitalis.com\/tunisie\/wp-content\/uploads\/2022\/05\/Khalil-Zaouia.jpg","keywords":["Ettakatol","Ka\u00efs Sa\u00efed","khalil zaouia"],"articleSection":["POLITIQUE","Tunisie"],"inLanguage":"fr-FR","potentialAction":[{"@type":"CommentAction","name":"Comment","target":["https:\/\/kapitalis.com\/tunisie\/2022\/06\/09\/khalil-zaouia-lechec-du-referendum-ferait-perdre-a-saied-sa-legitimite\/#respond"]}]},{"@type":"WebPage","@id":"https:\/\/kapitalis.com\/tunisie\/2022\/06\/09\/khalil-zaouia-lechec-du-referendum-ferait-perdre-a-saied-sa-legitimite\/","url":"https:\/\/kapitalis.com\/tunisie\/2022\/06\/09\/khalil-zaouia-lechec-du-referendum-ferait-perdre-a-saied-sa-legitimite\/","name":"Khalil Zaouia : \u00abL'\u00e9chec du r\u00e9f\u00e9rendum ferait perdre \u00e0 Sa\u00efed sa l\u00e9gitimit\u00e9\u00bb - Kapitalis","isPartOf":{"@id":"https:\/\/kapitalis.com\/tunisie\/#website"},"primaryImageOfPage":{"@id":"https:\/\/kapitalis.com\/tunisie\/2022\/06\/09\/khalil-zaouia-lechec-du-referendum-ferait-perdre-a-saied-sa-legitimite\/#primaryimage"},"image":{"@id":"https:\/\/kapitalis.com\/tunisie\/2022\/06\/09\/khalil-zaouia-lechec-du-referendum-ferait-perdre-a-saied-sa-legitimite\/#primaryimage"},"thumbnailUrl":"https:\/\/kapitalis.com\/tunisie\/wp-content\/uploads\/2022\/05\/Khalil-Zaouia.jpg","datePublished":"2022-06-09T09:30:44+00:00","dateModified":"2022-06-09T09:30:46+00:00","breadcrumb":{"@id":"https:\/\/kapitalis.com\/tunisie\/2022\/06\/09\/khalil-zaouia-lechec-du-referendum-ferait-perdre-a-saied-sa-legitimite\/#breadcrumb"},"inLanguage":"fr-FR","potentialAction":[{"@type":"ReadAction","target":["https:\/\/kapitalis.com\/tunisie\/2022\/06\/09\/khalil-zaouia-lechec-du-referendum-ferait-perdre-a-saied-sa-legitimite\/"]}]},{"@type":"ImageObject","inLanguage":"fr-FR","@id":"https:\/\/kapitalis.com\/tunisie\/2022\/06\/09\/khalil-zaouia-lechec-du-referendum-ferait-perdre-a-saied-sa-legitimite\/#primaryimage","url":"https:\/\/kapitalis.com\/tunisie\/wp-content\/uploads\/2022\/05\/Khalil-Zaouia.jpg","contentUrl":"https:\/\/kapitalis.com\/tunisie\/wp-content\/uploads\/2022\/05\/Khalil-Zaouia.jpg","width":1200,"height":630},{"@type":"BreadcrumbList","@id":"https:\/\/kapitalis.com\/tunisie\/2022\/06\/09\/khalil-zaouia-lechec-du-referendum-ferait-perdre-a-saied-sa-legitimite\/#breadcrumb","itemListElement":[{"@type":"ListItem","position":1,"name":"Accueil","item":"https:\/\/kapitalis.com\/tunisie\/"},{"@type":"ListItem","position":2,"name":"Khalil Zaouia : \u00abL&rsquo;\u00e9chec du r\u00e9f\u00e9rendum ferait perdre \u00e0 Sa\u00efed sa l\u00e9gitimit\u00e9\u00bb"}]},{"@type":"WebSite","@id":"https:\/\/kapitalis.com\/tunisie\/#website","url":"https:\/\/kapitalis.com\/tunisie\/","name":"Kapitalis","description":"L&#039;actualit\u00e9 en Tunisie et dans le monde","publisher":{"@id":"https:\/\/kapitalis.com\/tunisie\/#organization"},"potentialAction":[{"@type":"SearchAction","target":{"@type":"EntryPoint","urlTemplate":"https:\/\/kapitalis.com\/tunisie\/?s={search_term_string}"},"query-input":{"@type":"PropertyValueSpecification","valueRequired":true,"valueName":"search_term_string"}}],"inLanguage":"fr-FR"},{"@type":"Organization","@id":"https:\/\/kapitalis.com\/tunisie\/#organization","name":"Kapitalis","url":"https:\/\/kapitalis.com\/tunisie\/","logo":{"@type":"ImageObject","inLanguage":"fr-FR","@id":"https:\/\/kapitalis.com\/tunisie\/#\/schema\/logo\/image\/","url":"https:\/\/kapitalis.com\/tunisie\/wp-content\/uploads\/2022\/05\/Kapitalis-big-size.png","contentUrl":"https:\/\/kapitalis.com\/tunisie\/wp-content\/uploads\/2022\/05\/Kapitalis-big-size.png","width":5000,"height":1500,"caption":"Kapitalis"},"image":{"@id":"https:\/\/kapitalis.com\/tunisie\/#\/schema\/logo\/image\/"},"sameAs":["https:\/\/www.facebook.com\/KapitalisInfo\/","https:\/\/x.com\/KapitalisInfo","https:\/\/www.youtube.com\/channel\/UC-yDYrHyfFBWWZaOw3FPg9Q"]},{"@type":"Person","@id":"https:\/\/kapitalis.com\/tunisie\/#\/schema\/person\/b35b8d631961131107263178aeb8019e","name":"Cherif Benyounes","url":"https:\/\/kapitalis.com\/tunisie\/author\/cherif\/"}]}},"_links":{"self":[{"href":"https:\/\/kapitalis.com\/tunisie\/wp-json\/wp\/v2\/posts\/1337586","targetHints":{"allow":["GET"]}}],"collection":[{"href":"https:\/\/kapitalis.com\/tunisie\/wp-json\/wp\/v2\/posts"}],"about":[{"href":"https:\/\/kapitalis.com\/tunisie\/wp-json\/wp\/v2\/types\/post"}],"author":[{"embeddable":true,"href":"https:\/\/kapitalis.com\/tunisie\/wp-json\/wp\/v2\/users\/24"}],"replies":[{"embeddable":true,"href":"https:\/\/kapitalis.com\/tunisie\/wp-json\/wp\/v2\/comments?post=1337586"}],"version-history":[{"count":0,"href":"https:\/\/kapitalis.com\/tunisie\/wp-json\/wp\/v2\/posts\/1337586\/revisions"}],"wp:featuredmedia":[{"embeddable":true,"href":"https:\/\/kapitalis.com\/tunisie\/wp-json\/wp\/v2\/media\/725618"}],"wp:attachment":[{"href":"https:\/\/kapitalis.com\/tunisie\/wp-json\/wp\/v2\/media?parent=1337586"}],"wp:term":[{"taxonomy":"category","embeddable":true,"href":"https:\/\/kapitalis.com\/tunisie\/wp-json\/wp\/v2\/categories?post=1337586"},{"taxonomy":"post_tag","embeddable":true,"href":"https:\/\/kapitalis.com\/tunisie\/wp-json\/wp\/v2\/tags?post=1337586"}],"curies":[{"name":"wp","href":"https:\/\/api.w.org\/{rel}","templated":true}]}}