{"id":133799,"date":"2018-01-18T14:24:36","date_gmt":"2018-01-18T13:24:36","guid":{"rendered":"http:\/\/kapitalis.com\/tunisie\/?p=133799"},"modified":"2018-02-01T09:41:43","modified_gmt":"2018-02-01T08:41:43","slug":"jet-tours-annonce-retour-force-touristes-francais-tunisie","status":"publish","type":"post","link":"https:\/\/kapitalis.com\/tunisie\/2018\/01\/18\/jet-tours-annonce-retour-force-touristes-francais-tunisie\/","title":{"rendered":"Jet tours annonce un retour en force des touristes fran\u00e7ais en Tunisie"},"content":{"rendered":"<p style=\"text-align: center;\"><img loading=\"lazy\" decoding=\"async\" class=\"alignnone size-full wp-image-133800\" src=\"http:\/\/kapitalis.com\/tunisie\/wp-content\/uploads\/2018\/01\/Jet-Tours.jpg\" alt=\"\" width=\"626\" height=\"380\" \/><\/p>\n<p><em><strong>Jet tours a d\u00e9cid\u00e9 de faire de la relance de la destination Tunisie, et notamment de l\u2019\u00eele de Djerba, le point d&rsquo;orgue de sa saison 2018.<\/strong> <\/em><\/p>\n<p><!--more--><\/p>\n<p>Ce tour op\u00e9rateur cr\u00e9\u00e9 par Air France, il y a pr\u00e8s de 50 ans, qui est en train de revoir toute sa production et ses clubs, a r\u00e9uni cette semaine au Club Jet tours Aqua Resort, \u00e0 Djerba, pr\u00e8s de 250 responsables d&rsquo;agences.<\/p>\n<p><em>\u00abLe lieu de la convention n\u2019a pas \u00e9t\u00e9 choisi par hasard, nous avions de multiples possibilit\u00e9s, en R\u00e9publique Dominicaine ou en France, mais nous avons choisi la Tunisie par conviction\u00bb<\/em>, a expliqu\u00e9 J\u00e9r\u00f4me Delente le directeur du r\u00e9seau de distribution Thomas Cook, cit\u00e9 par nos confr\u00e8res de <a href=\"http:\/\/www.tourmag.com\/Jet-tours-met-le-paquet-sur-la-Tunisie-en-2018_a91043.html\"><em>\u2018\u2018TourMag\u2019\u2019<\/em><\/a>. Et d\u2019ajouter: <em>\u00abNous sommes venus pour relancer la destination, non seulement notre production 2018, mais aussi pour inciter tous les acteurs du voyage \u00e0 revenir ici\u00bb.<\/em><\/p>\n<p><em>\u00abLa France a beaucoup manqu\u00e9 \u00e0 la Tunisie, a tel point que nous avons fait l\u2019objet d\u2019un reportage de 20 minutes \u00e0 la t\u00e9l\u00e9vision nationale\u00bb<\/em>, \u00e0 l\u2019occasion de l\u2019ouverture du congr\u00e8s, a encore expliqu\u00e9 M. Delente.<\/p>\n<p>En 2018, Jet tours a d\u00e9cid\u00e9 de faire de la Tunisie, notamment Djerba, l\u2019une des priorit\u00e9s de son d\u00e9veloppement. L\u2019\u00e9quipe enti\u00e8re du voyagiste esp\u00e8re, durant la prochaine saison estivale, franchir, en Tunisie, le cap des 200.000 clients, dont pr\u00e8s de 175.000 pour les seuls clubs.<\/p>\n<p>En faisant de a Tunisie l\u2019un des vecteurs importants de sa croissance, Jet Tour esp\u00e8re gagner des parts de march\u00e9 en France, et de conqu\u00e9rir des clients. <em>\u00abPour atteindre l\u2019objectif, sur les 9 ouvertures de clubs \u00e0 venir sur l\u2019ann\u00e9e 2018, 3 seront implant\u00e9s sur les terres tunisiennes, 2 \u00e0 Djerba (dont un Jumbo) et 1 \u00e0 Monastir (Jumbo)\u00bb<\/em>, explique le voyagiste fran\u00e7ais, qui va tripler ses capacit\u00e9s a\u00e9riennes, avec 24.000 si\u00e8ges contre 7.000, en 2017, et demander \u00e0 ses \u00e9quipes en agences un effort.\u00a0Et si vous ne trouvez pas de place dans les avions vous pouvez toujours prendre un <a href=\"http:\/\/www.aircharter.fr\/affretement-prive\">jet priv\u00e9<\/a> pour arriver \u00e0 l&rsquo;un des nouveaux clubs.<\/p>\n<p style=\"text-align: right;\"><strong>I. B.<\/strong><\/p>\n<blockquote class=\"wp-embedded-content\" data-secret=\"6KWmiV6evC\"><p><a href=\"https:\/\/kapitalis.com\/tunisie\/2018\/01\/18\/les-espagnols-craignent-que-la-tunisie-reprenne-ses-touristes-pretes\/\">Les Espagnols craignent que la Tunisie reprenne ses \u00abtouristes pr\u00eat\u00e9s\u00bb<\/a><\/p><\/blockquote>\n<p><iframe loading=\"lazy\" class=\"wp-embedded-content\" sandbox=\"allow-scripts\" security=\"restricted\" style=\"position: absolute; clip: rect(1px, 1px, 1px, 1px);\" title=\"\u00ab\u00a0Les Espagnols craignent que la Tunisie reprenne ses \u00abtouristes pr\u00eat\u00e9s\u00bb\u00a0\u00bb &#8212; Kapitalis\" src=\"https:\/\/kapitalis.com\/tunisie\/2018\/01\/18\/les-espagnols-craignent-que-la-tunisie-reprenne-ses-touristes-pretes\/embed\/#?secret=UgovfSv9gV#?secret=6KWmiV6evC\" data-secret=\"6KWmiV6evC\" width=\"600\" height=\"338\" frameborder=\"0\" marginwidth=\"0\" marginheight=\"0\" scrolling=\"no\"><\/iframe><\/p>\n<blockquote class=\"wp-embedded-content\" data-secret=\"0X9UJRRwFI\"><p><a href=\"https:\/\/kapitalis.com\/tunisie\/2018\/01\/04\/tourisme-le-geant-de-voyage-tui-officialise-son-retour-en-tunisie\/\">Tourisme : Le g\u00e9ant de voyage Tui officialise son retour en Tunisie<\/a><\/p><\/blockquote>\n<p><iframe loading=\"lazy\" class=\"wp-embedded-content\" sandbox=\"allow-scripts\" security=\"restricted\" style=\"position: absolute; clip: rect(1px, 1px, 1px, 1px);\" title=\"\u00ab\u00a0Tourisme : Le g\u00e9ant de voyage Tui officialise son retour en Tunisie\u00a0\u00bb &#8212; Kapitalis\" src=\"https:\/\/kapitalis.com\/tunisie\/2018\/01\/04\/tourisme-le-geant-de-voyage-tui-officialise-son-retour-en-tunisie\/embed\/#?secret=6lwSAmBj15#?secret=0X9UJRRwFI\" data-secret=\"0X9UJRRwFI\" width=\"600\" height=\"338\" frameborder=\"0\" marginwidth=\"0\" marginheight=\"0\" scrolling=\"no\"><\/iframe><\/p>\n<p>&nbsp;<\/p>\n","protected":false},"excerpt":{"rendered":"<p>Jet tours a d\u00e9cid\u00e9 de faire de la relance de la destination Tunisie, et notamment de l\u2019\u00eele de Djerba, le point d&rsquo;orgue de sa saison 2018.<\/p>\n","protected":false},"author":8,"featured_media":133800,"comment_status":"open","ping_status":"open","sticky":false,"template":"","format":"standard","meta":{"footnotes":""},"categories":[995,2433],"tags":[284,2667],"class_list":["post-133799","post","type-post","status-publish","format-standard","has-post-thumbnail","hentry","category-economie","category-tunisie","tag-djerba","tag-touristes-francais"],"yoast_head":"<!-- This site is optimized with the Yoast SEO plugin v26.6 - https:\/\/yoast.com\/wordpress\/plugins\/seo\/ -->\n<title>Jet tours annonce un retour en force des touristes fran\u00e7ais en Tunisie - Kapitalis<\/title>\n<meta name=\"robots\" content=\"index, follow, max-snippet:-1, max-image-preview:large, max-video-preview:-1\" \/>\n<link rel=\"canonical\" href=\"https:\/\/kapitalis.com\/tunisie\/2018\/01\/18\/jet-tours-annonce-retour-force-touristes-francais-tunisie\/\" \/>\n<meta property=\"og:locale\" content=\"fr_FR\" \/>\n<meta property=\"og:type\" content=\"article\" \/>\n<meta property=\"og:title\" content=\"Jet tours annonce un retour en force des touristes fran\u00e7ais en Tunisie - Kapitalis\" \/>\n<meta property=\"og:description\" content=\"Jet tours a d\u00e9cid\u00e9 de faire de la relance de la destination Tunisie, et notamment de l\u2019\u00eele de Djerba, le point d&rsquo;orgue de sa saison 2018.\" \/>\n<meta property=\"og:url\" content=\"https:\/\/kapitalis.com\/tunisie\/2018\/01\/18\/jet-tours-annonce-retour-force-touristes-francais-tunisie\/\" \/>\n<meta property=\"og:site_name\" content=\"Kapitalis\" \/>\n<meta property=\"article:publisher\" content=\"https:\/\/www.facebook.com\/KapitalisInfo\/\" \/>\n<meta property=\"article:published_time\" content=\"2018-01-18T13:24:36+00:00\" \/>\n<meta property=\"article:modified_time\" content=\"2018-02-01T08:41:43+00:00\" \/>\n<meta property=\"og:image\" content=\"https:\/\/kapitalis.com\/tunisie\/wp-content\/uploads\/2022\/05\/kapitalis-logo-fb.png\" \/>\n\t<meta property=\"og:image:width\" content=\"1200\" \/>\n\t<meta property=\"og:image:height\" content=\"630\" \/>\n\t<meta property=\"og:image:type\" content=\"image\/png\" \/>\n<meta name=\"author\" content=\"webmaster kapitalis\" \/>\n<meta name=\"twitter:card\" content=\"summary_large_image\" \/>\n<meta name=\"twitter:creator\" content=\"@KapitalisInfo\" \/>\n<meta name=\"twitter:site\" content=\"@KapitalisInfo\" \/>\n<meta name=\"twitter:label1\" content=\"\u00c9crit par\" \/>\n\t<meta name=\"twitter:data1\" content=\"webmaster kapitalis\" \/>\n\t<meta name=\"twitter:label2\" content=\"Dur\u00e9e de lecture estim\u00e9e\" \/>\n\t<meta name=\"twitter:data2\" content=\"2 minutes\" \/>\n<script type=\"application\/ld+json\" class=\"yoast-schema-graph\">{\"@context\":\"https:\/\/schema.org\",\"@graph\":[{\"@type\":\"Article\",\"@id\":\"https:\/\/kapitalis.com\/tunisie\/2018\/01\/18\/jet-tours-annonce-retour-force-touristes-francais-tunisie\/#article\",\"isPartOf\":{\"@id\":\"https:\/\/kapitalis.com\/tunisie\/2018\/01\/18\/jet-tours-annonce-retour-force-touristes-francais-tunisie\/\"},\"author\":{\"name\":\"webmaster kapitalis\",\"@id\":\"https:\/\/kapitalis.com\/tunisie\/#\/schema\/person\/d71f33a9ca44f7bad4698210b480c8e9\"},\"headline\":\"Jet tours annonce un retour en force des touristes fran\u00e7ais en Tunisie\",\"datePublished\":\"2018-01-18T13:24:36+00:00\",\"dateModified\":\"2018-02-01T08:41:43+00:00\",\"mainEntityOfPage\":{\"@id\":\"https:\/\/kapitalis.com\/tunisie\/2018\/01\/18\/jet-tours-annonce-retour-force-touristes-francais-tunisie\/\"},\"wordCount\":374,\"commentCount\":0,\"publisher\":{\"@id\":\"https:\/\/kapitalis.com\/tunisie\/#organization\"},\"image\":{\"@id\":\"https:\/\/kapitalis.com\/tunisie\/2018\/01\/18\/jet-tours-annonce-retour-force-touristes-francais-tunisie\/#primaryimage\"},\"thumbnailUrl\":\"\",\"keywords\":[\"Djerba\",\"touristes fran\u00e7ais\"],\"articleSection\":[\"ECONOMIE\",\"Tunisie\"],\"inLanguage\":\"fr-FR\",\"potentialAction\":[{\"@type\":\"CommentAction\",\"name\":\"Comment\",\"target\":[\"https:\/\/kapitalis.com\/tunisie\/2018\/01\/18\/jet-tours-annonce-retour-force-touristes-francais-tunisie\/#respond\"]}]},{\"@type\":\"WebPage\",\"@id\":\"https:\/\/kapitalis.com\/tunisie\/2018\/01\/18\/jet-tours-annonce-retour-force-touristes-francais-tunisie\/\",\"url\":\"https:\/\/kapitalis.com\/tunisie\/2018\/01\/18\/jet-tours-annonce-retour-force-touristes-francais-tunisie\/\",\"name\":\"Jet tours annonce un retour en force des touristes fran\u00e7ais en Tunisie - Kapitalis\",\"isPartOf\":{\"@id\":\"https:\/\/kapitalis.com\/tunisie\/#website\"},\"primaryImageOfPage\":{\"@id\":\"https:\/\/kapitalis.com\/tunisie\/2018\/01\/18\/jet-tours-annonce-retour-force-touristes-francais-tunisie\/#primaryimage\"},\"image\":{\"@id\":\"https:\/\/kapitalis.com\/tunisie\/2018\/01\/18\/jet-tours-annonce-retour-force-touristes-francais-tunisie\/#primaryimage\"},\"thumbnailUrl\":\"\",\"datePublished\":\"2018-01-18T13:24:36+00:00\",\"dateModified\":\"2018-02-01T08:41:43+00:00\",\"breadcrumb\":{\"@id\":\"https:\/\/kapitalis.com\/tunisie\/2018\/01\/18\/jet-tours-annonce-retour-force-touristes-francais-tunisie\/#breadcrumb\"},\"inLanguage\":\"fr-FR\",\"potentialAction\":[{\"@type\":\"ReadAction\",\"target\":[\"https:\/\/kapitalis.com\/tunisie\/2018\/01\/18\/jet-tours-annonce-retour-force-touristes-francais-tunisie\/\"]}]},{\"@type\":\"ImageObject\",\"inLanguage\":\"fr-FR\",\"@id\":\"https:\/\/kapitalis.com\/tunisie\/2018\/01\/18\/jet-tours-annonce-retour-force-touristes-francais-tunisie\/#primaryimage\",\"url\":\"\",\"contentUrl\":\"\"},{\"@type\":\"BreadcrumbList\",\"@id\":\"https:\/\/kapitalis.com\/tunisie\/2018\/01\/18\/jet-tours-annonce-retour-force-touristes-francais-tunisie\/#breadcrumb\",\"itemListElement\":[{\"@type\":\"ListItem\",\"position\":1,\"name\":\"Accueil\",\"item\":\"https:\/\/kapitalis.com\/tunisie\/\"},{\"@type\":\"ListItem\",\"position\":2,\"name\":\"Jet tours annonce un retour en force des touristes fran\u00e7ais en Tunisie\"}]},{\"@type\":\"WebSite\",\"@id\":\"https:\/\/kapitalis.com\/tunisie\/#website\",\"url\":\"https:\/\/kapitalis.com\/tunisie\/\",\"name\":\"Kapitalis\",\"description\":\"L&#039;actualit\u00e9 en Tunisie et dans le monde\",\"publisher\":{\"@id\":\"https:\/\/kapitalis.com\/tunisie\/#organization\"},\"potentialAction\":[{\"@type\":\"SearchAction\",\"target\":{\"@type\":\"EntryPoint\",\"urlTemplate\":\"https:\/\/kapitalis.com\/tunisie\/?s={search_term_string}\"},\"query-input\":{\"@type\":\"PropertyValueSpecification\",\"valueRequired\":true,\"valueName\":\"search_term_string\"}}],\"inLanguage\":\"fr-FR\"},{\"@type\":\"Organization\",\"@id\":\"https:\/\/kapitalis.com\/tunisie\/#organization\",\"name\":\"Kapitalis\",\"url\":\"https:\/\/kapitalis.com\/tunisie\/\",\"logo\":{\"@type\":\"ImageObject\",\"inLanguage\":\"fr-FR\",\"@id\":\"https:\/\/kapitalis.com\/tunisie\/#\/schema\/logo\/image\/\",\"url\":\"https:\/\/kapitalis.com\/tunisie\/wp-content\/uploads\/2022\/05\/Kapitalis-big-size.png\",\"contentUrl\":\"https:\/\/kapitalis.com\/tunisie\/wp-content\/uploads\/2022\/05\/Kapitalis-big-size.png\",\"width\":5000,\"height\":1500,\"caption\":\"Kapitalis\"},\"image\":{\"@id\":\"https:\/\/kapitalis.com\/tunisie\/#\/schema\/logo\/image\/\"},\"sameAs\":[\"https:\/\/www.facebook.com\/KapitalisInfo\/\",\"https:\/\/x.com\/KapitalisInfo\",\"https:\/\/www.youtube.com\/channel\/UC-yDYrHyfFBWWZaOw3FPg9Q\"]},{\"@type\":\"Person\",\"@id\":\"https:\/\/kapitalis.com\/tunisie\/#\/schema\/person\/d71f33a9ca44f7bad4698210b480c8e9\",\"name\":\"webmaster kapitalis\",\"url\":\"https:\/\/kapitalis.com\/tunisie\/author\/webmaster-kapitalis\/\"}]}<\/script>\n<!-- \/ Yoast SEO plugin. -->","yoast_head_json":{"title":"Jet tours annonce un retour en force des touristes fran\u00e7ais en Tunisie - Kapitalis","robots":{"index":"index","follow":"follow","max-snippet":"max-snippet:-1","max-image-preview":"max-image-preview:large","max-video-preview":"max-video-preview:-1"},"canonical":"https:\/\/kapitalis.com\/tunisie\/2018\/01\/18\/jet-tours-annonce-retour-force-touristes-francais-tunisie\/","og_locale":"fr_FR","og_type":"article","og_title":"Jet tours annonce un retour en force des touristes fran\u00e7ais en Tunisie - Kapitalis","og_description":"Jet tours a d\u00e9cid\u00e9 de faire de la relance de la destination Tunisie, et notamment de l\u2019\u00eele de Djerba, le point d&rsquo;orgue de sa saison 2018.","og_url":"https:\/\/kapitalis.com\/tunisie\/2018\/01\/18\/jet-tours-annonce-retour-force-touristes-francais-tunisie\/","og_site_name":"Kapitalis","article_publisher":"https:\/\/www.facebook.com\/KapitalisInfo\/","article_published_time":"2018-01-18T13:24:36+00:00","article_modified_time":"2018-02-01T08:41:43+00:00","og_image":[{"width":1200,"height":630,"url":"https:\/\/kapitalis.com\/tunisie\/wp-content\/uploads\/2022\/05\/kapitalis-logo-fb.png","type":"image\/png"}],"author":"webmaster kapitalis","twitter_card":"summary_large_image","twitter_creator":"@KapitalisInfo","twitter_site":"@KapitalisInfo","twitter_misc":{"\u00c9crit par":"webmaster kapitalis","Dur\u00e9e de lecture estim\u00e9e":"2 minutes"},"schema":{"@context":"https:\/\/schema.org","@graph":[{"@type":"Article","@id":"https:\/\/kapitalis.com\/tunisie\/2018\/01\/18\/jet-tours-annonce-retour-force-touristes-francais-tunisie\/#article","isPartOf":{"@id":"https:\/\/kapitalis.com\/tunisie\/2018\/01\/18\/jet-tours-annonce-retour-force-touristes-francais-tunisie\/"},"author":{"name":"webmaster kapitalis","@id":"https:\/\/kapitalis.com\/tunisie\/#\/schema\/person\/d71f33a9ca44f7bad4698210b480c8e9"},"headline":"Jet tours annonce un retour en force des touristes fran\u00e7ais en Tunisie","datePublished":"2018-01-18T13:24:36+00:00","dateModified":"2018-02-01T08:41:43+00:00","mainEntityOfPage":{"@id":"https:\/\/kapitalis.com\/tunisie\/2018\/01\/18\/jet-tours-annonce-retour-force-touristes-francais-tunisie\/"},"wordCount":374,"commentCount":0,"publisher":{"@id":"https:\/\/kapitalis.com\/tunisie\/#organization"},"image":{"@id":"https:\/\/kapitalis.com\/tunisie\/2018\/01\/18\/jet-tours-annonce-retour-force-touristes-francais-tunisie\/#primaryimage"},"thumbnailUrl":"","keywords":["Djerba","touristes fran\u00e7ais"],"articleSection":["ECONOMIE","Tunisie"],"inLanguage":"fr-FR","potentialAction":[{"@type":"CommentAction","name":"Comment","target":["https:\/\/kapitalis.com\/tunisie\/2018\/01\/18\/jet-tours-annonce-retour-force-touristes-francais-tunisie\/#respond"]}]},{"@type":"WebPage","@id":"https:\/\/kapitalis.com\/tunisie\/2018\/01\/18\/jet-tours-annonce-retour-force-touristes-francais-tunisie\/","url":"https:\/\/kapitalis.com\/tunisie\/2018\/01\/18\/jet-tours-annonce-retour-force-touristes-francais-tunisie\/","name":"Jet tours annonce un retour en force des touristes fran\u00e7ais en Tunisie - Kapitalis","isPartOf":{"@id":"https:\/\/kapitalis.com\/tunisie\/#website"},"primaryImageOfPage":{"@id":"https:\/\/kapitalis.com\/tunisie\/2018\/01\/18\/jet-tours-annonce-retour-force-touristes-francais-tunisie\/#primaryimage"},"image":{"@id":"https:\/\/kapitalis.com\/tunisie\/2018\/01\/18\/jet-tours-annonce-retour-force-touristes-francais-tunisie\/#primaryimage"},"thumbnailUrl":"","datePublished":"2018-01-18T13:24:36+00:00","dateModified":"2018-02-01T08:41:43+00:00","breadcrumb":{"@id":"https:\/\/kapitalis.com\/tunisie\/2018\/01\/18\/jet-tours-annonce-retour-force-touristes-francais-tunisie\/#breadcrumb"},"inLanguage":"fr-FR","potentialAction":[{"@type":"ReadAction","target":["https:\/\/kapitalis.com\/tunisie\/2018\/01\/18\/jet-tours-annonce-retour-force-touristes-francais-tunisie\/"]}]},{"@type":"ImageObject","inLanguage":"fr-FR","@id":"https:\/\/kapitalis.com\/tunisie\/2018\/01\/18\/jet-tours-annonce-retour-force-touristes-francais-tunisie\/#primaryimage","url":"","contentUrl":""},{"@type":"BreadcrumbList","@id":"https:\/\/kapitalis.com\/tunisie\/2018\/01\/18\/jet-tours-annonce-retour-force-touristes-francais-tunisie\/#breadcrumb","itemListElement":[{"@type":"ListItem","position":1,"name":"Accueil","item":"https:\/\/kapitalis.com\/tunisie\/"},{"@type":"ListItem","position":2,"name":"Jet tours annonce un retour en force des touristes fran\u00e7ais en Tunisie"}]},{"@type":"WebSite","@id":"https:\/\/kapitalis.com\/tunisie\/#website","url":"https:\/\/kapitalis.com\/tunisie\/","name":"Kapitalis","description":"L&#039;actualit\u00e9 en Tunisie et dans le monde","publisher":{"@id":"https:\/\/kapitalis.com\/tunisie\/#organization"},"potentialAction":[{"@type":"SearchAction","target":{"@type":"EntryPoint","urlTemplate":"https:\/\/kapitalis.com\/tunisie\/?s={search_term_string}"},"query-input":{"@type":"PropertyValueSpecification","valueRequired":true,"valueName":"search_term_string"}}],"inLanguage":"fr-FR"},{"@type":"Organization","@id":"https:\/\/kapitalis.com\/tunisie\/#organization","name":"Kapitalis","url":"https:\/\/kapitalis.com\/tunisie\/","logo":{"@type":"ImageObject","inLanguage":"fr-FR","@id":"https:\/\/kapitalis.com\/tunisie\/#\/schema\/logo\/image\/","url":"https:\/\/kapitalis.com\/tunisie\/wp-content\/uploads\/2022\/05\/Kapitalis-big-size.png","contentUrl":"https:\/\/kapitalis.com\/tunisie\/wp-content\/uploads\/2022\/05\/Kapitalis-big-size.png","width":5000,"height":1500,"caption":"Kapitalis"},"image":{"@id":"https:\/\/kapitalis.com\/tunisie\/#\/schema\/logo\/image\/"},"sameAs":["https:\/\/www.facebook.com\/KapitalisInfo\/","https:\/\/x.com\/KapitalisInfo","https:\/\/www.youtube.com\/channel\/UC-yDYrHyfFBWWZaOw3FPg9Q"]},{"@type":"Person","@id":"https:\/\/kapitalis.com\/tunisie\/#\/schema\/person\/d71f33a9ca44f7bad4698210b480c8e9","name":"webmaster kapitalis","url":"https:\/\/kapitalis.com\/tunisie\/author\/webmaster-kapitalis\/"}]}},"_links":{"self":[{"href":"https:\/\/kapitalis.com\/tunisie\/wp-json\/wp\/v2\/posts\/133799","targetHints":{"allow":["GET"]}}],"collection":[{"href":"https:\/\/kapitalis.com\/tunisie\/wp-json\/wp\/v2\/posts"}],"about":[{"href":"https:\/\/kapitalis.com\/tunisie\/wp-json\/wp\/v2\/types\/post"}],"author":[{"embeddable":true,"href":"https:\/\/kapitalis.com\/tunisie\/wp-json\/wp\/v2\/users\/8"}],"replies":[{"embeddable":true,"href":"https:\/\/kapitalis.com\/tunisie\/wp-json\/wp\/v2\/comments?post=133799"}],"version-history":[{"count":0,"href":"https:\/\/kapitalis.com\/tunisie\/wp-json\/wp\/v2\/posts\/133799\/revisions"}],"wp:featuredmedia":[{"embeddable":true,"href":"https:\/\/kapitalis.com\/tunisie\/wp-json\/wp\/v2\/media\/133800"}],"wp:attachment":[{"href":"https:\/\/kapitalis.com\/tunisie\/wp-json\/wp\/v2\/media?parent=133799"}],"wp:term":[{"taxonomy":"category","embeddable":true,"href":"https:\/\/kapitalis.com\/tunisie\/wp-json\/wp\/v2\/categories?post=133799"},{"taxonomy":"post_tag","embeddable":true,"href":"https:\/\/kapitalis.com\/tunisie\/wp-json\/wp\/v2\/tags?post=133799"}],"curies":[{"name":"wp","href":"https:\/\/api.w.org\/{rel}","templated":true}]}}