{"id":13393468,"date":"2024-06-19T09:00:29","date_gmt":"2024-06-19T08:00:29","guid":{"rendered":"https:\/\/kapitalis.com\/tunisie\/?p=13393468"},"modified":"2024-06-19T09:00:30","modified_gmt":"2024-06-19T08:00:30","slug":"de-la-france-a-lamerique-quand-lextreme-droite-devient-conservatisme-politique","status":"publish","type":"post","link":"https:\/\/kapitalis.com\/tunisie\/2024\/06\/19\/de-la-france-a-lamerique-quand-lextreme-droite-devient-conservatisme-politique\/","title":{"rendered":"De la France \u00e0 l\u2019Am\u00e9rique, quand l\u2019extr\u00eame droite devient conservatisme politique!"},"content":{"rendered":"\n<p><strong><em>\u00c0 l\u2019heure o\u00f9 les partis d\u2019extr\u00eame droite semblent vivre leur heure de gloire en Occident aussi bien en Europe qu\u2019en Am\u00e9rique, il semble que ces partis et leurs dirigeants veulent \u00e9galement red\u00e9finir le conservatisme politique et souhaitent se pr\u00e9senter d\u00e9sormais comme la droite et non plus l\u2019extr\u00eame droite. De la France o\u00f9 le Rassemblement national (RN) est plus que jamais aux portes du pouvoir, \u00e0 l\u2019Italie o\u00f9 il l\u2019exerce d\u00e9j\u00e0 et en Am\u00e9rique o\u00f9 l\u2019exp\u00e9rience Trump a laiss\u00e9 un go\u00fbt amer, un d\u00e9cryptage de la situation s\u2019impose.\u00a0<\/em><\/strong><\/p>\n\n\n\n<p><strong>Imed Bahri<\/strong><\/p>\n\n\n\n<!--more-->\n\n\n\n<p>Le journal britannique <em><a href=\"https:\/\/www.ft.com\/content\/f83146fd-2dcf-44a0-a85c-a993757832ea\" target=\"_blank\" rel=\"noreferrer noopener\">Financial Times<\/a><\/em> a publi\u00e9 une analyse dans laquelle son \u00e9ditorialiste en politique internationale Gideon Rachman traite de la mont\u00e9e de l\u2019extr\u00eame droite de la France \u00e0 l\u2019Am\u00e9rique. Il \u00e9crit: <em>\u00abL\u2019extr\u00eame droite en France veut d\u00e9sormais \u00eatre d\u00e9finie comme la droite.\u00bb<\/em> Peut-\u00eatre l\u2019observateur comprend-il cette logique puisque le RN est en t\u00eate dans les sondages en France \u00e0 l\u2019approche des l\u00e9gislatives anticip\u00e9es alors que la droite traditionnelle y est en d\u00e9clin.<\/p>\n\n\n\n<p>Si le RN devient le plus grand bloc \u00e0 l\u2019Assembl\u00e9e nationale fran\u00e7aise apr\u00e8s les \u00e9lections de juillet, le parti aura red\u00e9fini le concept du conservatisme fran\u00e7ais. Reste la question de savoir ce qu\u2019implique la red\u00e9finition de la marque d\u2019extr\u00eame droite&nbsp;en la pr\u00e9sentant comme la seule droite et quelles r\u00e9percussions cela aura en dehors de la France.<\/p>\n\n\n\n<p>L\u2019auteur voit une similitude entre le cas fran\u00e7ais et celui des \u00c9tats-Unis o\u00f9 Donald Trump a transform\u00e9 le Parti r\u00e9publicain et l\u2019a fa\u00e7onn\u00e9 \u00e0 son image, de sorte qu\u2019il n\u2019est plus le parti traditionnel qui soutenait le march\u00e9 comme il l\u2019\u00e9tait \u00e0 l\u2019\u00e9poque de George W. Bush. Le mouvement de Trump <em>\u00abAmerica First\u00bb<\/em> domine d\u00e9sormais le courant conservateur am\u00e9ricain.<\/p>\n\n\n\n<h2 class=\"wp-block-heading\">Quelle diff\u00e9rence entre la droite et l\u2019extr\u00eame droite?<\/h2>\n\n\n\n<p>Un d\u00e9bat parall\u00e8le est actuellement en cours en Italie et en Grande-Bretagne. Est-il raisonnable de continuer \u00e0 consid\u00e9rer la Premi\u00e8re ministre italienne Giorgia Meloni comme le leader de l\u2019extr\u00eame droite? Alors que le Parti de la r\u00e9forme dirig\u00e9 par Nigel Farage devance le Parti conservateur britannique, on parle d\u2019une phase post-\u00e9lectorale au cours de laquelle Farage et ses id\u00e9es domineront le Parti conservateur.<\/p>\n\n\n\n<p>L\u2019auteur s\u2019interroge sur ce qui subsiste comme diff\u00e9rence entre la droite et l\u2019extr\u00eame droite? Il r\u00e9pond que la principale ligne de division entre eux r\u00e9side dans leur attitude envers la d\u00e9mocratie. Si un leader politique rejette les r\u00e9sultats des \u00e9lections et veut \u00e9craser <em>\u00abl\u2019\u00c9tat profond\u00bb<\/em> (en fait, l\u2019\u00c9tat lui-m\u00eame), il ou elle sera d\u2019extr\u00eame droite. Mais lorsque le parti d\u00e9fend une politique lib\u00e9rale d\u00e9sagr\u00e9able, r\u00e9actionnaire, voire raciste mais qui reste dans le cadre de la politique d\u00e9mocratique et de l\u2019\u00c9tat de droit, le terme d\u2019<em>\u00abextr\u00eame droite\u00bb <\/em>ne s&rsquo;applique pas dans ce cas et ne sera pas appropri\u00e9.<\/p>\n\n\n\n<p>Rachman dit que les id\u00e9ologies et les mouvements politiques \u00e9voluent. Certaines de ces forces montantes sont simplement le nouveau visage de la politique d\u2019extr\u00eame droite tout comme le politicien britannique Sir Robert Peel a introduit le concept de conservatisme en Grande-Bretagne au XIXe si\u00e8cle ou ce que Barry Goldwater et Ronald Reagan ont fait pour remodeler le concept de conservatisme en Am\u00e9rique au XXe si\u00e8cle.<\/p>\n\n\n\n<figure class=\"wp-block-embed is-type-wp-embed is-provider-kapitalis wp-block-embed-kapitalis\"><div class=\"wp-block-embed__wrapper\">\n<blockquote class=\"wp-embedded-content\" data-secret=\"dz42euFRZx\"><a href=\"https:\/\/kapitalis.com\/tunisie\/2024\/06\/10\/elections-europeennes-france-le-coup-de-balai-de-lextreme-droite\/\">\u00c9lections Europ\u00e9ennes &#8211; France : Le coup de balai de l\u2019extr\u00eame-droite\u00a0<\/a><\/blockquote><iframe loading=\"lazy\" class=\"wp-embedded-content\" sandbox=\"allow-scripts\" security=\"restricted\" style=\"position: absolute; clip: rect(1px, 1px, 1px, 1px);\" title=\"\u00ab\u00a0\u00c9lections Europ\u00e9ennes &#8211; France : Le coup de balai de l\u2019extr\u00eame-droite\u00a0\u00a0\u00bb &#8212; Kapitalis\" src=\"https:\/\/kapitalis.com\/tunisie\/2024\/06\/10\/elections-europeennes-france-le-coup-de-balai-de-lextreme-droite\/embed\/#?secret=Te38vNqwVv#?secret=dz42euFRZx\" data-secret=\"dz42euFRZx\" width=\"600\" height=\"338\" frameborder=\"0\" marginwidth=\"0\" marginheight=\"0\" scrolling=\"no\"><\/iframe>\n<\/div><\/figure>\n\n\n\n<p>Les politologues surnomment l\u2019ensemble des politiques accept\u00e9es et repr\u00e9sentatives du courant dominant \u00e0 un certain moment la&nbsp;<em>\u00abfen\u00eatre d\u2019Overton\u00bb<\/em> (d\u2019apr\u00e8s l\u2019analyste politique am\u00e9ricain Joseph Overton). Ce que Trump, Marine Le Pen et Farage ont fait c\u2019est d\u00e9former cette fen\u00eatre par laquelle des politiques autrefois consid\u00e9r\u00e9es comme extr\u00e9mistes sont devenues partie int\u00e9grante du discours dominant.<\/p>\n\n\n\n<p>L\u2019exemple le plus clair en est la position sur l\u2019immigration o\u00f9 les variations politiques pr\u00e9conis\u00e9es par Trump li\u00e9es \u00e0 <em>\u00abla construction du mur\u00bb<\/em> sont devenues la base du d\u00e9bat en Occident.<\/p>\n\n\n\n<p>La question est la suivante: Peut-on continuer \u00e0 consid\u00e9rer ces politiques comme extr\u00e9mistes alors que la majorit\u00e9 est d\u2019accord avec elles? Au lieu de les qualifier d\u2019extr\u00e9mistes, le terme de populisme nationaliste pourrait leur convenir.<\/p>\n\n\n\n<p>Trump a \u00e9galement pouss\u00e9 et paralys\u00e9 les discussions sur la Russie et l\u2019Ukraine. Ici, la fronti\u00e8re entre la nouvelle forme de conservatisme et la dictature d\u2019extr\u00eame droite est devenue ambigu\u00eb. Trump, Le Pen et d\u2019autres comme eux pourraient vouloir conclure un accord avec la Russie parce qu\u2019ils sont isolationnistes en mati\u00e8re de politique \u00e9trang\u00e8re et ne croient pas que soutenir l\u2019Ukraine sert l\u2019int\u00e9r\u00eat national. Cependant, leur adulation pour Vladimir Poutine peut \u00eatre l\u2019expression de leur admiration pour un r\u00e9gime dictatorial.<\/p>\n\n\n\n<p>Trump a r\u00e9v\u00e9l\u00e9 son vrai visage en 2020 lorsqu\u2019il a refus\u00e9 de reconna\u00eetre les r\u00e9sultats de l\u2019\u00e9lection pr\u00e9sidentielle et a encourag\u00e9 un coup d\u2019\u00c9tat se donnant une image profond\u00e9ment hostile \u00e0 la d\u00e9mocratie. Des R\u00e9publicains comme Marco Rubio et Mitch McConnell, qui expriment la pens\u00e9e principale du parti, se sont sous-estim\u00e9s et ont trahi les principes fondamentaux du parti lorsqu\u2019ils ont approuv\u00e9 les paroles de Trump.<\/p>\n\n\n\n<figure class=\"wp-block-embed is-type-wp-embed is-provider-kapitalis wp-block-embed-kapitalis\"><div class=\"wp-block-embed__wrapper\">\n<blockquote class=\"wp-embedded-content\" data-secret=\"YovOA0QjHz\"><a href=\"https:\/\/kapitalis.com\/tunisie\/2022\/04\/28\/un-maitre-chanteur-appele-donald-trump\/\">Un ma\u00eetre chanteur appel\u00e9 Donald Trump<\/a><\/blockquote><iframe loading=\"lazy\" class=\"wp-embedded-content\" sandbox=\"allow-scripts\" security=\"restricted\" style=\"position: absolute; clip: rect(1px, 1px, 1px, 1px);\" title=\"\u00ab\u00a0Un ma\u00eetre chanteur appel\u00e9 Donald Trump\u00a0\u00bb &#8212; Kapitalis\" src=\"https:\/\/kapitalis.com\/tunisie\/2022\/04\/28\/un-maitre-chanteur-appele-donald-trump\/embed\/#?secret=DOALkd7HOB#?secret=YovOA0QjHz\" data-secret=\"YovOA0QjHz\" width=\"600\" height=\"338\" frameborder=\"0\" marginwidth=\"0\" marginheight=\"0\" scrolling=\"no\"><\/iframe>\n<\/div><\/figure>\n\n\n\n<p>En revanche, Meloni et Le Pen ont \u00e9volu\u00e9 dans la direction oppos\u00e9e. Meloni a montr\u00e9 une tendance traditionnelle au conservatisme m\u00eame si la gauche italienne reste sceptique quant \u00e0 ses positions et estime qu\u2019elle a des intentions cach\u00e9es. La strat\u00e9gie de Le Pen au cours de la derni\u00e8re d\u00e9cennie a \u00e9t\u00e9 d\u2019\u00e9loigner l\u2019extr\u00eame droite de la diabolisation o\u00f9 elle \u00e9tait maintenue et de la rapprocher ainsi du centre. Pour y parvenir, elle a expuls\u00e9 son p\u00e8re extr\u00e9miste du parti et a r\u00e9cemment rompu ses liens avec le parti extr\u00e9miste Alternative pour l\u2019Allemagne.<\/p>\n\n\n\n<h2 class=\"wp-block-heading\">Le respect de la d\u00e9mocratie et de l\u2019\u00c9tat de droit<\/h2>\n\n\n\n<p>Cela signifie-t-il que nous devrions nous sentir \u00e0 l\u2019aise si le RN partage le pouvoir lors des \u00e9lections de juillet? Certaines des politiques de Le Pen li\u00e9es \u00e0 l\u2019Europe, comme de faire pr\u00e9valoir le droit fran\u00e7ais sur le droit europ\u00e9en et d\u2019interdire des paiements de la France \u00e0 l\u2019Union europ\u00e9enne (UE), pourraient conduire \u00e0 des troubles qui menaceraient la survie de l\u2019UE elle-m\u00eame.<\/p>\n\n\n\n<p>Toutefois, de telles politiques peuvent \u00eatre men\u00e9es dans un cadre d\u00e9mocratique. Le v\u00e9ritable danger est que le RN profite du climat de crise et exige des pouvoirs d\u2019urgence franchissant ainsi la ligne vers la dictature.<\/p>\n\n\n\n<p>Il y a des gens dans l\u2019orbite de l\u2019extr\u00eame droite fran\u00e7aise qui ont \u00e9t\u00e9 attir\u00e9s par des id\u00e9es antid\u00e9mocratiques. Ainsi, le d\u00e9bat sur le crit\u00e8re qui s\u00e9pare la droite de l\u2019extr\u00eame droite \u00e0 savoir le respect de la d\u00e9mocratie peut sembler donner la priorit\u00e9 \u00e0 la forme plut\u00f4t qu\u2019au contenu.<\/p>\n\n\n\n<p>Beaucoup pensent que ce qui est rejet\u00e9 par des politiciens comme Trump et Le Pen est li\u00e9 aux questions qu\u2019ils d\u00e9fendent de l\u2019immigration aux droits des femmes. Tant que les institutions d\u00e9mocratiques survivent, il y a une chance que les \u00e9lecteurs rejettent ces politiques. Aux \u00c9tats-Unis, l\u2019\u00e9lecteur am\u00e9ricain a priv\u00e9 Trump d\u2019un second mandat et le parti Droit et Justice en Pologne a perdu le pouvoir l\u2019ann\u00e9e derni\u00e8re.<\/p>\n\n\n\n<p>En fin de compte, le respect de la d\u00e9mocratie et de l\u2019\u00c9tat de droit reste le Rubicon qui s\u00e9pare la droite conservatrice de l\u2019extr\u00eame droite dictatoriale.<\/p>\n\n\n\n<figure class=\"wp-block-embed is-type-wp-embed is-provider-kapitalis wp-block-embed-kapitalis\"><div class=\"wp-block-embed__wrapper\">\n<blockquote class=\"wp-embedded-content\" data-secret=\"N8BZYDhv97\"><a href=\"https:\/\/kapitalis.com\/tunisie\/2021\/12\/31\/vient-de-paraitre-trump-au-dessus-de-la-loi\/\">Vient de para\u00eetre : Trump au-dessus de la loi<\/a><\/blockquote><iframe loading=\"lazy\" class=\"wp-embedded-content\" sandbox=\"allow-scripts\" security=\"restricted\" style=\"position: absolute; clip: rect(1px, 1px, 1px, 1px);\" title=\"\u00ab\u00a0Vient de para\u00eetre : Trump au-dessus de la loi\u00a0\u00bb &#8212; Kapitalis\" src=\"https:\/\/kapitalis.com\/tunisie\/2021\/12\/31\/vient-de-paraitre-trump-au-dessus-de-la-loi\/embed\/#?secret=RniomHUSek#?secret=N8BZYDhv97\" data-secret=\"N8BZYDhv97\" width=\"600\" height=\"338\" frameborder=\"0\" marginwidth=\"0\" marginheight=\"0\" scrolling=\"no\"><\/iframe>\n<\/div><\/figure>\n","protected":false},"excerpt":{"rendered":"<p>Les partis d\u2019extr\u00eame droite semblent vivre leur heure de gloire en Occident aussi bien en Europe qu\u2019en Am\u00e9rique. <\/p>\n","protected":false},"author":8,"featured_media":13393492,"comment_status":"closed","ping_status":"open","sticky":false,"template":"","format":"standard","meta":{"footnotes":""},"categories":[992,997,2433],"tags":[9054,75918,98871,395,115756,103508,30172,116370,92202],"class_list":["post-13393468","post","type-post","status-publish","format-standard","has-post-thumbnail","hentry","category-a-la-une","category-politique","category-tunisie","tag-donald-trump","tag-etats-unis-2","tag-extreme-droite-2","tag-france","tag-gideon-rachman","tag-giorgia-meloni","tag-marine-le-pen","tag-nigel-farage","tag-rassemblement-national"],"yoast_head":"<!-- This site is optimized with the Yoast SEO plugin v26.6 - https:\/\/yoast.com\/wordpress\/plugins\/seo\/ -->\n<title>De la France \u00e0 l\u2019Am\u00e9rique, quand l\u2019extr\u00eame droite devient conservatisme politique! - Kapitalis<\/title>\n<meta name=\"robots\" content=\"index, follow, max-snippet:-1, max-image-preview:large, max-video-preview:-1\" \/>\n<link rel=\"canonical\" href=\"https:\/\/kapitalis.com\/tunisie\/2024\/06\/19\/de-la-france-a-lamerique-quand-lextreme-droite-devient-conservatisme-politique\/\" \/>\n<meta property=\"og:locale\" content=\"fr_FR\" \/>\n<meta property=\"og:type\" content=\"article\" \/>\n<meta property=\"og:title\" content=\"De la France \u00e0 l\u2019Am\u00e9rique, quand l\u2019extr\u00eame droite devient conservatisme politique! - Kapitalis\" \/>\n<meta property=\"og:description\" content=\"Les partis d\u2019extr\u00eame droite semblent vivre leur heure de gloire en Occident aussi bien en Europe qu\u2019en Am\u00e9rique.\" \/>\n<meta property=\"og:url\" content=\"https:\/\/kapitalis.com\/tunisie\/2024\/06\/19\/de-la-france-a-lamerique-quand-lextreme-droite-devient-conservatisme-politique\/\" \/>\n<meta property=\"og:site_name\" content=\"Kapitalis\" \/>\n<meta property=\"article:publisher\" content=\"https:\/\/www.facebook.com\/KapitalisInfo\/\" \/>\n<meta property=\"article:published_time\" content=\"2024-06-19T08:00:29+00:00\" \/>\n<meta property=\"article:modified_time\" content=\"2024-06-19T08:00:30+00:00\" \/>\n<meta property=\"og:image\" content=\"https:\/\/kapitalis.com\/tunisie\/wp-content\/uploads\/2024\/06\/Marine-Le-Pen-Donald-Trump.jpg\" \/>\n\t<meta property=\"og:image:width\" content=\"1200\" \/>\n\t<meta property=\"og:image:height\" content=\"630\" \/>\n\t<meta property=\"og:image:type\" content=\"image\/jpeg\" \/>\n<meta name=\"author\" content=\"webmaster kapitalis\" \/>\n<meta name=\"twitter:card\" content=\"summary_large_image\" \/>\n<meta name=\"twitter:creator\" content=\"@KapitalisInfo\" \/>\n<meta name=\"twitter:site\" content=\"@KapitalisInfo\" \/>\n<meta name=\"twitter:label1\" content=\"\u00c9crit par\" \/>\n\t<meta name=\"twitter:data1\" content=\"webmaster kapitalis\" \/>\n\t<meta name=\"twitter:label2\" content=\"Dur\u00e9e de lecture estim\u00e9e\" \/>\n\t<meta name=\"twitter:data2\" content=\"6 minutes\" \/>\n<script type=\"application\/ld+json\" class=\"yoast-schema-graph\">{\"@context\":\"https:\/\/schema.org\",\"@graph\":[{\"@type\":\"Article\",\"@id\":\"https:\/\/kapitalis.com\/tunisie\/2024\/06\/19\/de-la-france-a-lamerique-quand-lextreme-droite-devient-conservatisme-politique\/#article\",\"isPartOf\":{\"@id\":\"https:\/\/kapitalis.com\/tunisie\/2024\/06\/19\/de-la-france-a-lamerique-quand-lextreme-droite-devient-conservatisme-politique\/\"},\"author\":{\"name\":\"webmaster kapitalis\",\"@id\":\"https:\/\/kapitalis.com\/tunisie\/#\/schema\/person\/d71f33a9ca44f7bad4698210b480c8e9\"},\"headline\":\"De la France \u00e0 l\u2019Am\u00e9rique, quand l\u2019extr\u00eame droite devient conservatisme politique!\",\"datePublished\":\"2024-06-19T08:00:29+00:00\",\"dateModified\":\"2024-06-19T08:00:30+00:00\",\"mainEntityOfPage\":{\"@id\":\"https:\/\/kapitalis.com\/tunisie\/2024\/06\/19\/de-la-france-a-lamerique-quand-lextreme-droite-devient-conservatisme-politique\/\"},\"wordCount\":1349,\"publisher\":{\"@id\":\"https:\/\/kapitalis.com\/tunisie\/#organization\"},\"image\":{\"@id\":\"https:\/\/kapitalis.com\/tunisie\/2024\/06\/19\/de-la-france-a-lamerique-quand-lextreme-droite-devient-conservatisme-politique\/#primaryimage\"},\"thumbnailUrl\":\"https:\/\/kapitalis.com\/tunisie\/wp-content\/uploads\/2024\/06\/Marine-Le-Pen-Donald-Trump.jpg\",\"keywords\":[\"Donald Trump\",\"Etats-Unis\",\"extr\u00eame droite\",\"France\",\"Gideon Rachman\",\"Giorgia Meloni\",\"Marine Le Pen\",\"Nigel Farage\",\"Rassemblement national\"],\"articleSection\":[\"A LA UNE\",\"POLITIQUE\",\"Tunisie\"],\"inLanguage\":\"fr-FR\"},{\"@type\":\"WebPage\",\"@id\":\"https:\/\/kapitalis.com\/tunisie\/2024\/06\/19\/de-la-france-a-lamerique-quand-lextreme-droite-devient-conservatisme-politique\/\",\"url\":\"https:\/\/kapitalis.com\/tunisie\/2024\/06\/19\/de-la-france-a-lamerique-quand-lextreme-droite-devient-conservatisme-politique\/\",\"name\":\"De la France \u00e0 l\u2019Am\u00e9rique, quand l\u2019extr\u00eame droite devient conservatisme politique! - Kapitalis\",\"isPartOf\":{\"@id\":\"https:\/\/kapitalis.com\/tunisie\/#website\"},\"primaryImageOfPage\":{\"@id\":\"https:\/\/kapitalis.com\/tunisie\/2024\/06\/19\/de-la-france-a-lamerique-quand-lextreme-droite-devient-conservatisme-politique\/#primaryimage\"},\"image\":{\"@id\":\"https:\/\/kapitalis.com\/tunisie\/2024\/06\/19\/de-la-france-a-lamerique-quand-lextreme-droite-devient-conservatisme-politique\/#primaryimage\"},\"thumbnailUrl\":\"https:\/\/kapitalis.com\/tunisie\/wp-content\/uploads\/2024\/06\/Marine-Le-Pen-Donald-Trump.jpg\",\"datePublished\":\"2024-06-19T08:00:29+00:00\",\"dateModified\":\"2024-06-19T08:00:30+00:00\",\"breadcrumb\":{\"@id\":\"https:\/\/kapitalis.com\/tunisie\/2024\/06\/19\/de-la-france-a-lamerique-quand-lextreme-droite-devient-conservatisme-politique\/#breadcrumb\"},\"inLanguage\":\"fr-FR\",\"potentialAction\":[{\"@type\":\"ReadAction\",\"target\":[\"https:\/\/kapitalis.com\/tunisie\/2024\/06\/19\/de-la-france-a-lamerique-quand-lextreme-droite-devient-conservatisme-politique\/\"]}]},{\"@type\":\"ImageObject\",\"inLanguage\":\"fr-FR\",\"@id\":\"https:\/\/kapitalis.com\/tunisie\/2024\/06\/19\/de-la-france-a-lamerique-quand-lextreme-droite-devient-conservatisme-politique\/#primaryimage\",\"url\":\"https:\/\/kapitalis.com\/tunisie\/wp-content\/uploads\/2024\/06\/Marine-Le-Pen-Donald-Trump.jpg\",\"contentUrl\":\"https:\/\/kapitalis.com\/tunisie\/wp-content\/uploads\/2024\/06\/Marine-Le-Pen-Donald-Trump.jpg\",\"width\":1200,\"height\":630},{\"@type\":\"BreadcrumbList\",\"@id\":\"https:\/\/kapitalis.com\/tunisie\/2024\/06\/19\/de-la-france-a-lamerique-quand-lextreme-droite-devient-conservatisme-politique\/#breadcrumb\",\"itemListElement\":[{\"@type\":\"ListItem\",\"position\":1,\"name\":\"Accueil\",\"item\":\"https:\/\/kapitalis.com\/tunisie\/\"},{\"@type\":\"ListItem\",\"position\":2,\"name\":\"De la France \u00e0 l\u2019Am\u00e9rique, quand l\u2019extr\u00eame droite devient conservatisme politique!\"}]},{\"@type\":\"WebSite\",\"@id\":\"https:\/\/kapitalis.com\/tunisie\/#website\",\"url\":\"https:\/\/kapitalis.com\/tunisie\/\",\"name\":\"Kapitalis\",\"description\":\"L&#039;actualit\u00e9 en Tunisie et dans le monde\",\"publisher\":{\"@id\":\"https:\/\/kapitalis.com\/tunisie\/#organization\"},\"potentialAction\":[{\"@type\":\"SearchAction\",\"target\":{\"@type\":\"EntryPoint\",\"urlTemplate\":\"https:\/\/kapitalis.com\/tunisie\/?s={search_term_string}\"},\"query-input\":{\"@type\":\"PropertyValueSpecification\",\"valueRequired\":true,\"valueName\":\"search_term_string\"}}],\"inLanguage\":\"fr-FR\"},{\"@type\":\"Organization\",\"@id\":\"https:\/\/kapitalis.com\/tunisie\/#organization\",\"name\":\"Kapitalis\",\"url\":\"https:\/\/kapitalis.com\/tunisie\/\",\"logo\":{\"@type\":\"ImageObject\",\"inLanguage\":\"fr-FR\",\"@id\":\"https:\/\/kapitalis.com\/tunisie\/#\/schema\/logo\/image\/\",\"url\":\"https:\/\/kapitalis.com\/tunisie\/wp-content\/uploads\/2022\/05\/Kapitalis-big-size.png\",\"contentUrl\":\"https:\/\/kapitalis.com\/tunisie\/wp-content\/uploads\/2022\/05\/Kapitalis-big-size.png\",\"width\":5000,\"height\":1500,\"caption\":\"Kapitalis\"},\"image\":{\"@id\":\"https:\/\/kapitalis.com\/tunisie\/#\/schema\/logo\/image\/\"},\"sameAs\":[\"https:\/\/www.facebook.com\/KapitalisInfo\/\",\"https:\/\/x.com\/KapitalisInfo\",\"https:\/\/www.youtube.com\/channel\/UC-yDYrHyfFBWWZaOw3FPg9Q\"]},{\"@type\":\"Person\",\"@id\":\"https:\/\/kapitalis.com\/tunisie\/#\/schema\/person\/d71f33a9ca44f7bad4698210b480c8e9\",\"name\":\"webmaster kapitalis\",\"url\":\"https:\/\/kapitalis.com\/tunisie\/author\/webmaster-kapitalis\/\"}]}<\/script>\n<!-- \/ Yoast SEO plugin. -->","yoast_head_json":{"title":"De la France \u00e0 l\u2019Am\u00e9rique, quand l\u2019extr\u00eame droite devient conservatisme politique! - Kapitalis","robots":{"index":"index","follow":"follow","max-snippet":"max-snippet:-1","max-image-preview":"max-image-preview:large","max-video-preview":"max-video-preview:-1"},"canonical":"https:\/\/kapitalis.com\/tunisie\/2024\/06\/19\/de-la-france-a-lamerique-quand-lextreme-droite-devient-conservatisme-politique\/","og_locale":"fr_FR","og_type":"article","og_title":"De la France \u00e0 l\u2019Am\u00e9rique, quand l\u2019extr\u00eame droite devient conservatisme politique! - Kapitalis","og_description":"Les partis d\u2019extr\u00eame droite semblent vivre leur heure de gloire en Occident aussi bien en Europe qu\u2019en Am\u00e9rique.","og_url":"https:\/\/kapitalis.com\/tunisie\/2024\/06\/19\/de-la-france-a-lamerique-quand-lextreme-droite-devient-conservatisme-politique\/","og_site_name":"Kapitalis","article_publisher":"https:\/\/www.facebook.com\/KapitalisInfo\/","article_published_time":"2024-06-19T08:00:29+00:00","article_modified_time":"2024-06-19T08:00:30+00:00","og_image":[{"width":1200,"height":630,"url":"https:\/\/kapitalis.com\/tunisie\/wp-content\/uploads\/2024\/06\/Marine-Le-Pen-Donald-Trump.jpg","type":"image\/jpeg"}],"author":"webmaster kapitalis","twitter_card":"summary_large_image","twitter_creator":"@KapitalisInfo","twitter_site":"@KapitalisInfo","twitter_misc":{"\u00c9crit par":"webmaster kapitalis","Dur\u00e9e de lecture estim\u00e9e":"6 minutes"},"schema":{"@context":"https:\/\/schema.org","@graph":[{"@type":"Article","@id":"https:\/\/kapitalis.com\/tunisie\/2024\/06\/19\/de-la-france-a-lamerique-quand-lextreme-droite-devient-conservatisme-politique\/#article","isPartOf":{"@id":"https:\/\/kapitalis.com\/tunisie\/2024\/06\/19\/de-la-france-a-lamerique-quand-lextreme-droite-devient-conservatisme-politique\/"},"author":{"name":"webmaster kapitalis","@id":"https:\/\/kapitalis.com\/tunisie\/#\/schema\/person\/d71f33a9ca44f7bad4698210b480c8e9"},"headline":"De la France \u00e0 l\u2019Am\u00e9rique, quand l\u2019extr\u00eame droite devient conservatisme politique!","datePublished":"2024-06-19T08:00:29+00:00","dateModified":"2024-06-19T08:00:30+00:00","mainEntityOfPage":{"@id":"https:\/\/kapitalis.com\/tunisie\/2024\/06\/19\/de-la-france-a-lamerique-quand-lextreme-droite-devient-conservatisme-politique\/"},"wordCount":1349,"publisher":{"@id":"https:\/\/kapitalis.com\/tunisie\/#organization"},"image":{"@id":"https:\/\/kapitalis.com\/tunisie\/2024\/06\/19\/de-la-france-a-lamerique-quand-lextreme-droite-devient-conservatisme-politique\/#primaryimage"},"thumbnailUrl":"https:\/\/kapitalis.com\/tunisie\/wp-content\/uploads\/2024\/06\/Marine-Le-Pen-Donald-Trump.jpg","keywords":["Donald Trump","Etats-Unis","extr\u00eame droite","France","Gideon Rachman","Giorgia Meloni","Marine Le Pen","Nigel Farage","Rassemblement national"],"articleSection":["A LA UNE","POLITIQUE","Tunisie"],"inLanguage":"fr-FR"},{"@type":"WebPage","@id":"https:\/\/kapitalis.com\/tunisie\/2024\/06\/19\/de-la-france-a-lamerique-quand-lextreme-droite-devient-conservatisme-politique\/","url":"https:\/\/kapitalis.com\/tunisie\/2024\/06\/19\/de-la-france-a-lamerique-quand-lextreme-droite-devient-conservatisme-politique\/","name":"De la France \u00e0 l\u2019Am\u00e9rique, quand l\u2019extr\u00eame droite devient conservatisme politique! - Kapitalis","isPartOf":{"@id":"https:\/\/kapitalis.com\/tunisie\/#website"},"primaryImageOfPage":{"@id":"https:\/\/kapitalis.com\/tunisie\/2024\/06\/19\/de-la-france-a-lamerique-quand-lextreme-droite-devient-conservatisme-politique\/#primaryimage"},"image":{"@id":"https:\/\/kapitalis.com\/tunisie\/2024\/06\/19\/de-la-france-a-lamerique-quand-lextreme-droite-devient-conservatisme-politique\/#primaryimage"},"thumbnailUrl":"https:\/\/kapitalis.com\/tunisie\/wp-content\/uploads\/2024\/06\/Marine-Le-Pen-Donald-Trump.jpg","datePublished":"2024-06-19T08:00:29+00:00","dateModified":"2024-06-19T08:00:30+00:00","breadcrumb":{"@id":"https:\/\/kapitalis.com\/tunisie\/2024\/06\/19\/de-la-france-a-lamerique-quand-lextreme-droite-devient-conservatisme-politique\/#breadcrumb"},"inLanguage":"fr-FR","potentialAction":[{"@type":"ReadAction","target":["https:\/\/kapitalis.com\/tunisie\/2024\/06\/19\/de-la-france-a-lamerique-quand-lextreme-droite-devient-conservatisme-politique\/"]}]},{"@type":"ImageObject","inLanguage":"fr-FR","@id":"https:\/\/kapitalis.com\/tunisie\/2024\/06\/19\/de-la-france-a-lamerique-quand-lextreme-droite-devient-conservatisme-politique\/#primaryimage","url":"https:\/\/kapitalis.com\/tunisie\/wp-content\/uploads\/2024\/06\/Marine-Le-Pen-Donald-Trump.jpg","contentUrl":"https:\/\/kapitalis.com\/tunisie\/wp-content\/uploads\/2024\/06\/Marine-Le-Pen-Donald-Trump.jpg","width":1200,"height":630},{"@type":"BreadcrumbList","@id":"https:\/\/kapitalis.com\/tunisie\/2024\/06\/19\/de-la-france-a-lamerique-quand-lextreme-droite-devient-conservatisme-politique\/#breadcrumb","itemListElement":[{"@type":"ListItem","position":1,"name":"Accueil","item":"https:\/\/kapitalis.com\/tunisie\/"},{"@type":"ListItem","position":2,"name":"De la France \u00e0 l\u2019Am\u00e9rique, quand l\u2019extr\u00eame droite devient conservatisme politique!"}]},{"@type":"WebSite","@id":"https:\/\/kapitalis.com\/tunisie\/#website","url":"https:\/\/kapitalis.com\/tunisie\/","name":"Kapitalis","description":"L&#039;actualit\u00e9 en Tunisie et dans le monde","publisher":{"@id":"https:\/\/kapitalis.com\/tunisie\/#organization"},"potentialAction":[{"@type":"SearchAction","target":{"@type":"EntryPoint","urlTemplate":"https:\/\/kapitalis.com\/tunisie\/?s={search_term_string}"},"query-input":{"@type":"PropertyValueSpecification","valueRequired":true,"valueName":"search_term_string"}}],"inLanguage":"fr-FR"},{"@type":"Organization","@id":"https:\/\/kapitalis.com\/tunisie\/#organization","name":"Kapitalis","url":"https:\/\/kapitalis.com\/tunisie\/","logo":{"@type":"ImageObject","inLanguage":"fr-FR","@id":"https:\/\/kapitalis.com\/tunisie\/#\/schema\/logo\/image\/","url":"https:\/\/kapitalis.com\/tunisie\/wp-content\/uploads\/2022\/05\/Kapitalis-big-size.png","contentUrl":"https:\/\/kapitalis.com\/tunisie\/wp-content\/uploads\/2022\/05\/Kapitalis-big-size.png","width":5000,"height":1500,"caption":"Kapitalis"},"image":{"@id":"https:\/\/kapitalis.com\/tunisie\/#\/schema\/logo\/image\/"},"sameAs":["https:\/\/www.facebook.com\/KapitalisInfo\/","https:\/\/x.com\/KapitalisInfo","https:\/\/www.youtube.com\/channel\/UC-yDYrHyfFBWWZaOw3FPg9Q"]},{"@type":"Person","@id":"https:\/\/kapitalis.com\/tunisie\/#\/schema\/person\/d71f33a9ca44f7bad4698210b480c8e9","name":"webmaster kapitalis","url":"https:\/\/kapitalis.com\/tunisie\/author\/webmaster-kapitalis\/"}]}},"_links":{"self":[{"href":"https:\/\/kapitalis.com\/tunisie\/wp-json\/wp\/v2\/posts\/13393468","targetHints":{"allow":["GET"]}}],"collection":[{"href":"https:\/\/kapitalis.com\/tunisie\/wp-json\/wp\/v2\/posts"}],"about":[{"href":"https:\/\/kapitalis.com\/tunisie\/wp-json\/wp\/v2\/types\/post"}],"author":[{"embeddable":true,"href":"https:\/\/kapitalis.com\/tunisie\/wp-json\/wp\/v2\/users\/8"}],"replies":[{"embeddable":true,"href":"https:\/\/kapitalis.com\/tunisie\/wp-json\/wp\/v2\/comments?post=13393468"}],"version-history":[{"count":1,"href":"https:\/\/kapitalis.com\/tunisie\/wp-json\/wp\/v2\/posts\/13393468\/revisions"}],"predecessor-version":[{"id":13393527,"href":"https:\/\/kapitalis.com\/tunisie\/wp-json\/wp\/v2\/posts\/13393468\/revisions\/13393527"}],"wp:featuredmedia":[{"embeddable":true,"href":"https:\/\/kapitalis.com\/tunisie\/wp-json\/wp\/v2\/media\/13393492"}],"wp:attachment":[{"href":"https:\/\/kapitalis.com\/tunisie\/wp-json\/wp\/v2\/media?parent=13393468"}],"wp:term":[{"taxonomy":"category","embeddable":true,"href":"https:\/\/kapitalis.com\/tunisie\/wp-json\/wp\/v2\/categories?post=13393468"},{"taxonomy":"post_tag","embeddable":true,"href":"https:\/\/kapitalis.com\/tunisie\/wp-json\/wp\/v2\/tags?post=13393468"}],"curies":[{"name":"wp","href":"https:\/\/api.w.org\/{rel}","templated":true}]}}