{"id":13394150,"date":"2024-06-19T12:23:11","date_gmt":"2024-06-19T11:23:11","guid":{"rendered":"https:\/\/kapitalis.com\/tunisie\/?p=13394150"},"modified":"2024-06-19T12:23:12","modified_gmt":"2024-06-19T11:23:12","slug":"tunisie-la-lutte-antiterroriste-requiert-une-vigilance-de-tout-instant","status":"publish","type":"post","link":"https:\/\/kapitalis.com\/tunisie\/2024\/06\/19\/tunisie-la-lutte-antiterroriste-requiert-une-vigilance-de-tout-instant\/","title":{"rendered":"Tunisie\u00a0: la lutte antiterroriste requiert une vigilance de tout instant"},"content":{"rendered":"\n<p><strong><em>Il n\u2019y a pas eu d\u2019attaque terroriste d\u2019envergure au cours des derni\u00e8res ann\u00e9es en Tunisie, mais ce fl\u00e9au est loin d\u2019avoir \u00e9t\u00e9 \u00e9radiqu\u00e9 \u2013 le sera-t-il d\u2019ailleurs un jour\u00a0? \u2013, alors qu\u2019il ne se passe pas une semaine sans que les autorit\u00e9s s\u00e9curitaires annoncent l\u2019arrestation d\u2019\u00e9l\u00e9ments jihadistes.<\/em><\/strong><\/p>\n\n\n\n<!--more-->\n\n\n\n<p>C\u2019est dans ce contexte d\u2019extr\u00eame vigilance que la Commission nationale de lutte contre le terrorisme (CNLCT) a lanc\u00e9 une campagne de communication pour sensibiliser \u00e0 la strat\u00e9gie tunisienne 2023-2027 de lutte contre l\u2019extr\u00e9misme violent et le terrorisme.<\/p>\n\n\n\n<p>La mise en \u0153uvre de la version actualis\u00e9e de cette strat\u00e9gie a d\u00e9but\u00e9 le 6 mars dernier, co\u00efncidant avec le huiti\u00e8me anniversaire de l\u2019attaque terroriste de Ben Guerdane, lorsque des \u00e9l\u00e9ments jihadistes infiltr\u00e9s de la Libye voisine ont tent\u00e9 d\u2019y instaurer un Etat islamique avant d\u2019\u00eatre mis hors d\u2019\u00e9tat de nuire. Elle a \u00e9t\u00e9 approuv\u00e9e par le pr\u00e9sident Ka\u00efs Sa\u00efed, indique un communiqu\u00e9 qui pr\u00e9cise que cette strat\u00e9gie durera 5 ans et pourra \u00eatre mise \u00e0 jour p\u00e9riodiquement si n\u00e9cessaire.<\/p>\n\n\n\n<p>Afin de garantir l\u2019adoption de cette strat\u00e9gie par toutes les parties prenantes, la Commission a lanc\u00e9 une campagne de communication pour la faire conna\u00eetre et promouvoir ses principales orientations et priorit\u00e9s. L\u2019objectif \u00e9tant de motiver toutes les parties prenantes, y compris les autorit\u00e9s r\u00e9gionales et locales, les m\u00e9dias, la soci\u00e9t\u00e9 civile, les jeunes et les familles, a d\u00e9clar\u00e9 Dhafer Ben Hamida, le directeur de l\u2019unit\u00e9 charg\u00e9e de la mise en \u0153uvre des r\u00e9solutions onusiennes, au sein de la Commission nationale de la lutte contre le terrorisme (CNLCT).<\/p>\n\n\n\n<p>L\u2019implication et le soutien des m\u00e9dias sont importants pour assurer le succ\u00e8s et la p\u00e9rennit\u00e9 de la campagne, a-t-il d\u00e9clar\u00e9 \u00e0 l\u2019agence Tap en marge d\u2019un s\u00e9minaire de formation. Le succ\u00e8s de cette campagne de communication est un \u00e9l\u00e9ment cl\u00e9 pour assurer l\u2019efficacit\u00e9 de la mise \u00e0 jour de la strat\u00e9gie et sa diffusion au niveau local en adoptant une approche qui encourage des solutions communautaires durables, a-t-il soulign\u00e9. <\/p>\n\n\n\n<p>A cet \u00e9gard, Ben Hamida a ajout\u00e9 que la Commission a pr\u00e9vu des conf\u00e9rences pour promouvoir la strat\u00e9gie dans les r\u00e9gions, indiquant en outre que la version actualis\u00e9e de cette strat\u00e9gie vise \u00e0 atteindre ses objectifs en investissant dans le renforcement de la coh\u00e9sion sociale et en encourageant les processus de d\u00e9veloppement durable.<\/p>\n\n\n\n<p><strong><em>D\u2019apr\u00e8s Tap.<\/em><\/strong><\/p>\n\n\n\n<p><a href=\"http:\/\/www.cnlct.tn\/?p=5559\" target=\"_blank\" rel=\"noreferrer noopener\">Consulter la strat\u00e9gie sur le site web de la CNCLT. <\/a><\/p>\n","protected":false},"excerpt":{"rendered":"<p>Campagne de communication pour sensibiliser \u00e0 la strat\u00e9gie tunisienne 2023-2027 de lutte contre l\u2019extr\u00e9misme violent et le terrorisme.<\/p>\n","protected":false},"author":8,"featured_media":13394612,"comment_status":"closed","ping_status":"open","sticky":false,"template":"","format":"standard","meta":{"footnotes":""},"categories":[998,2433],"tags":[1818,89992,108919,76012,116377,62643],"class_list":["post-13394150","post","type-post","status-publish","format-standard","has-post-thumbnail","hentry","category-societe","category-tunisie","tag-ben-guerdane","tag-cnlct","tag-dhafer-ben-hamida","tag-kais-saied-2","tag-strategie-antiterroriste","tag-tunisie"],"yoast_head":"<!-- This site is optimized with the Yoast SEO plugin v26.6 - https:\/\/yoast.com\/wordpress\/plugins\/seo\/ -->\n<title>Tunisie\u00a0: la lutte antiterroriste requiert une vigilance de tout instant - Kapitalis<\/title>\n<meta name=\"robots\" content=\"index, follow, max-snippet:-1, max-image-preview:large, max-video-preview:-1\" \/>\n<link rel=\"canonical\" href=\"https:\/\/kapitalis.com\/tunisie\/2024\/06\/19\/tunisie-la-lutte-antiterroriste-requiert-une-vigilance-de-tout-instant\/\" \/>\n<meta property=\"og:locale\" content=\"fr_FR\" \/>\n<meta property=\"og:type\" content=\"article\" \/>\n<meta property=\"og:title\" content=\"Tunisie\u00a0: la lutte antiterroriste requiert une vigilance de tout instant - Kapitalis\" \/>\n<meta property=\"og:description\" content=\"Campagne de communication pour sensibiliser \u00e0 la strat\u00e9gie tunisienne 2023-2027 de lutte contre l\u2019extr\u00e9misme violent et le terrorisme.\" \/>\n<meta property=\"og:url\" content=\"https:\/\/kapitalis.com\/tunisie\/2024\/06\/19\/tunisie-la-lutte-antiterroriste-requiert-une-vigilance-de-tout-instant\/\" \/>\n<meta property=\"og:site_name\" content=\"Kapitalis\" \/>\n<meta property=\"article:publisher\" content=\"https:\/\/www.facebook.com\/KapitalisInfo\/\" \/>\n<meta property=\"article:published_time\" content=\"2024-06-19T11:23:11+00:00\" \/>\n<meta property=\"article:modified_time\" content=\"2024-06-19T11:23:12+00:00\" \/>\n<meta property=\"og:image\" content=\"https:\/\/kapitalis.com\/tunisie\/wp-content\/uploads\/2024\/06\/Dhafer-Ben-Hamida.jpg\" \/>\n\t<meta property=\"og:image:width\" content=\"1200\" \/>\n\t<meta property=\"og:image:height\" content=\"630\" \/>\n\t<meta property=\"og:image:type\" content=\"image\/jpeg\" \/>\n<meta name=\"author\" content=\"webmaster kapitalis\" \/>\n<meta name=\"twitter:card\" content=\"summary_large_image\" \/>\n<meta name=\"twitter:creator\" content=\"@KapitalisInfo\" \/>\n<meta name=\"twitter:site\" content=\"@KapitalisInfo\" \/>\n<meta name=\"twitter:label1\" content=\"\u00c9crit par\" \/>\n\t<meta name=\"twitter:data1\" content=\"webmaster kapitalis\" \/>\n\t<meta name=\"twitter:label2\" content=\"Dur\u00e9e de lecture estim\u00e9e\" \/>\n\t<meta name=\"twitter:data2\" content=\"3 minutes\" \/>\n<script type=\"application\/ld+json\" class=\"yoast-schema-graph\">{\"@context\":\"https:\/\/schema.org\",\"@graph\":[{\"@type\":\"Article\",\"@id\":\"https:\/\/kapitalis.com\/tunisie\/2024\/06\/19\/tunisie-la-lutte-antiterroriste-requiert-une-vigilance-de-tout-instant\/#article\",\"isPartOf\":{\"@id\":\"https:\/\/kapitalis.com\/tunisie\/2024\/06\/19\/tunisie-la-lutte-antiterroriste-requiert-une-vigilance-de-tout-instant\/\"},\"author\":{\"name\":\"webmaster kapitalis\",\"@id\":\"https:\/\/kapitalis.com\/tunisie\/#\/schema\/person\/d71f33a9ca44f7bad4698210b480c8e9\"},\"headline\":\"Tunisie\u00a0: la lutte antiterroriste requiert une vigilance de tout instant\",\"datePublished\":\"2024-06-19T11:23:11+00:00\",\"dateModified\":\"2024-06-19T11:23:12+00:00\",\"mainEntityOfPage\":{\"@id\":\"https:\/\/kapitalis.com\/tunisie\/2024\/06\/19\/tunisie-la-lutte-antiterroriste-requiert-une-vigilance-de-tout-instant\/\"},\"wordCount\":461,\"publisher\":{\"@id\":\"https:\/\/kapitalis.com\/tunisie\/#organization\"},\"image\":{\"@id\":\"https:\/\/kapitalis.com\/tunisie\/2024\/06\/19\/tunisie-la-lutte-antiterroriste-requiert-une-vigilance-de-tout-instant\/#primaryimage\"},\"thumbnailUrl\":\"https:\/\/kapitalis.com\/tunisie\/wp-content\/uploads\/2024\/06\/Dhafer-Ben-Hamida.jpg\",\"keywords\":[\"Ben Guerdane\",\"Cnlct\",\"Dhafer Ben Hamida\",\"Ka\u00efs Sa\u00efed\",\"strat\u00e9gie antiterroriste\",\"Tunisie\"],\"articleSection\":[\"SOCIETE\",\"Tunisie\"],\"inLanguage\":\"fr-FR\"},{\"@type\":\"WebPage\",\"@id\":\"https:\/\/kapitalis.com\/tunisie\/2024\/06\/19\/tunisie-la-lutte-antiterroriste-requiert-une-vigilance-de-tout-instant\/\",\"url\":\"https:\/\/kapitalis.com\/tunisie\/2024\/06\/19\/tunisie-la-lutte-antiterroriste-requiert-une-vigilance-de-tout-instant\/\",\"name\":\"Tunisie\u00a0: la lutte antiterroriste requiert une vigilance de tout instant - Kapitalis\",\"isPartOf\":{\"@id\":\"https:\/\/kapitalis.com\/tunisie\/#website\"},\"primaryImageOfPage\":{\"@id\":\"https:\/\/kapitalis.com\/tunisie\/2024\/06\/19\/tunisie-la-lutte-antiterroriste-requiert-une-vigilance-de-tout-instant\/#primaryimage\"},\"image\":{\"@id\":\"https:\/\/kapitalis.com\/tunisie\/2024\/06\/19\/tunisie-la-lutte-antiterroriste-requiert-une-vigilance-de-tout-instant\/#primaryimage\"},\"thumbnailUrl\":\"https:\/\/kapitalis.com\/tunisie\/wp-content\/uploads\/2024\/06\/Dhafer-Ben-Hamida.jpg\",\"datePublished\":\"2024-06-19T11:23:11+00:00\",\"dateModified\":\"2024-06-19T11:23:12+00:00\",\"breadcrumb\":{\"@id\":\"https:\/\/kapitalis.com\/tunisie\/2024\/06\/19\/tunisie-la-lutte-antiterroriste-requiert-une-vigilance-de-tout-instant\/#breadcrumb\"},\"inLanguage\":\"fr-FR\",\"potentialAction\":[{\"@type\":\"ReadAction\",\"target\":[\"https:\/\/kapitalis.com\/tunisie\/2024\/06\/19\/tunisie-la-lutte-antiterroriste-requiert-une-vigilance-de-tout-instant\/\"]}]},{\"@type\":\"ImageObject\",\"inLanguage\":\"fr-FR\",\"@id\":\"https:\/\/kapitalis.com\/tunisie\/2024\/06\/19\/tunisie-la-lutte-antiterroriste-requiert-une-vigilance-de-tout-instant\/#primaryimage\",\"url\":\"https:\/\/kapitalis.com\/tunisie\/wp-content\/uploads\/2024\/06\/Dhafer-Ben-Hamida.jpg\",\"contentUrl\":\"https:\/\/kapitalis.com\/tunisie\/wp-content\/uploads\/2024\/06\/Dhafer-Ben-Hamida.jpg\",\"width\":1200,\"height\":630},{\"@type\":\"BreadcrumbList\",\"@id\":\"https:\/\/kapitalis.com\/tunisie\/2024\/06\/19\/tunisie-la-lutte-antiterroriste-requiert-une-vigilance-de-tout-instant\/#breadcrumb\",\"itemListElement\":[{\"@type\":\"ListItem\",\"position\":1,\"name\":\"Accueil\",\"item\":\"https:\/\/kapitalis.com\/tunisie\/\"},{\"@type\":\"ListItem\",\"position\":2,\"name\":\"Tunisie\u00a0: la lutte antiterroriste requiert une vigilance de tout instant\"}]},{\"@type\":\"WebSite\",\"@id\":\"https:\/\/kapitalis.com\/tunisie\/#website\",\"url\":\"https:\/\/kapitalis.com\/tunisie\/\",\"name\":\"Kapitalis\",\"description\":\"L&#039;actualit\u00e9 en Tunisie et dans le monde\",\"publisher\":{\"@id\":\"https:\/\/kapitalis.com\/tunisie\/#organization\"},\"potentialAction\":[{\"@type\":\"SearchAction\",\"target\":{\"@type\":\"EntryPoint\",\"urlTemplate\":\"https:\/\/kapitalis.com\/tunisie\/?s={search_term_string}\"},\"query-input\":{\"@type\":\"PropertyValueSpecification\",\"valueRequired\":true,\"valueName\":\"search_term_string\"}}],\"inLanguage\":\"fr-FR\"},{\"@type\":\"Organization\",\"@id\":\"https:\/\/kapitalis.com\/tunisie\/#organization\",\"name\":\"Kapitalis\",\"url\":\"https:\/\/kapitalis.com\/tunisie\/\",\"logo\":{\"@type\":\"ImageObject\",\"inLanguage\":\"fr-FR\",\"@id\":\"https:\/\/kapitalis.com\/tunisie\/#\/schema\/logo\/image\/\",\"url\":\"https:\/\/kapitalis.com\/tunisie\/wp-content\/uploads\/2022\/05\/Kapitalis-big-size.png\",\"contentUrl\":\"https:\/\/kapitalis.com\/tunisie\/wp-content\/uploads\/2022\/05\/Kapitalis-big-size.png\",\"width\":5000,\"height\":1500,\"caption\":\"Kapitalis\"},\"image\":{\"@id\":\"https:\/\/kapitalis.com\/tunisie\/#\/schema\/logo\/image\/\"},\"sameAs\":[\"https:\/\/www.facebook.com\/KapitalisInfo\/\",\"https:\/\/x.com\/KapitalisInfo\",\"https:\/\/www.youtube.com\/channel\/UC-yDYrHyfFBWWZaOw3FPg9Q\"]},{\"@type\":\"Person\",\"@id\":\"https:\/\/kapitalis.com\/tunisie\/#\/schema\/person\/d71f33a9ca44f7bad4698210b480c8e9\",\"name\":\"webmaster kapitalis\",\"url\":\"https:\/\/kapitalis.com\/tunisie\/author\/webmaster-kapitalis\/\"}]}<\/script>\n<!-- \/ Yoast SEO plugin. -->","yoast_head_json":{"title":"Tunisie\u00a0: la lutte antiterroriste requiert une vigilance de tout instant - Kapitalis","robots":{"index":"index","follow":"follow","max-snippet":"max-snippet:-1","max-image-preview":"max-image-preview:large","max-video-preview":"max-video-preview:-1"},"canonical":"https:\/\/kapitalis.com\/tunisie\/2024\/06\/19\/tunisie-la-lutte-antiterroriste-requiert-une-vigilance-de-tout-instant\/","og_locale":"fr_FR","og_type":"article","og_title":"Tunisie\u00a0: la lutte antiterroriste requiert une vigilance de tout instant - Kapitalis","og_description":"Campagne de communication pour sensibiliser \u00e0 la strat\u00e9gie tunisienne 2023-2027 de lutte contre l\u2019extr\u00e9misme violent et le terrorisme.","og_url":"https:\/\/kapitalis.com\/tunisie\/2024\/06\/19\/tunisie-la-lutte-antiterroriste-requiert-une-vigilance-de-tout-instant\/","og_site_name":"Kapitalis","article_publisher":"https:\/\/www.facebook.com\/KapitalisInfo\/","article_published_time":"2024-06-19T11:23:11+00:00","article_modified_time":"2024-06-19T11:23:12+00:00","og_image":[{"width":1200,"height":630,"url":"https:\/\/kapitalis.com\/tunisie\/wp-content\/uploads\/2024\/06\/Dhafer-Ben-Hamida.jpg","type":"image\/jpeg"}],"author":"webmaster kapitalis","twitter_card":"summary_large_image","twitter_creator":"@KapitalisInfo","twitter_site":"@KapitalisInfo","twitter_misc":{"\u00c9crit par":"webmaster kapitalis","Dur\u00e9e de lecture estim\u00e9e":"3 minutes"},"schema":{"@context":"https:\/\/schema.org","@graph":[{"@type":"Article","@id":"https:\/\/kapitalis.com\/tunisie\/2024\/06\/19\/tunisie-la-lutte-antiterroriste-requiert-une-vigilance-de-tout-instant\/#article","isPartOf":{"@id":"https:\/\/kapitalis.com\/tunisie\/2024\/06\/19\/tunisie-la-lutte-antiterroriste-requiert-une-vigilance-de-tout-instant\/"},"author":{"name":"webmaster kapitalis","@id":"https:\/\/kapitalis.com\/tunisie\/#\/schema\/person\/d71f33a9ca44f7bad4698210b480c8e9"},"headline":"Tunisie\u00a0: la lutte antiterroriste requiert une vigilance de tout instant","datePublished":"2024-06-19T11:23:11+00:00","dateModified":"2024-06-19T11:23:12+00:00","mainEntityOfPage":{"@id":"https:\/\/kapitalis.com\/tunisie\/2024\/06\/19\/tunisie-la-lutte-antiterroriste-requiert-une-vigilance-de-tout-instant\/"},"wordCount":461,"publisher":{"@id":"https:\/\/kapitalis.com\/tunisie\/#organization"},"image":{"@id":"https:\/\/kapitalis.com\/tunisie\/2024\/06\/19\/tunisie-la-lutte-antiterroriste-requiert-une-vigilance-de-tout-instant\/#primaryimage"},"thumbnailUrl":"https:\/\/kapitalis.com\/tunisie\/wp-content\/uploads\/2024\/06\/Dhafer-Ben-Hamida.jpg","keywords":["Ben Guerdane","Cnlct","Dhafer Ben Hamida","Ka\u00efs Sa\u00efed","strat\u00e9gie antiterroriste","Tunisie"],"articleSection":["SOCIETE","Tunisie"],"inLanguage":"fr-FR"},{"@type":"WebPage","@id":"https:\/\/kapitalis.com\/tunisie\/2024\/06\/19\/tunisie-la-lutte-antiterroriste-requiert-une-vigilance-de-tout-instant\/","url":"https:\/\/kapitalis.com\/tunisie\/2024\/06\/19\/tunisie-la-lutte-antiterroriste-requiert-une-vigilance-de-tout-instant\/","name":"Tunisie\u00a0: la lutte antiterroriste requiert une vigilance de tout instant - Kapitalis","isPartOf":{"@id":"https:\/\/kapitalis.com\/tunisie\/#website"},"primaryImageOfPage":{"@id":"https:\/\/kapitalis.com\/tunisie\/2024\/06\/19\/tunisie-la-lutte-antiterroriste-requiert-une-vigilance-de-tout-instant\/#primaryimage"},"image":{"@id":"https:\/\/kapitalis.com\/tunisie\/2024\/06\/19\/tunisie-la-lutte-antiterroriste-requiert-une-vigilance-de-tout-instant\/#primaryimage"},"thumbnailUrl":"https:\/\/kapitalis.com\/tunisie\/wp-content\/uploads\/2024\/06\/Dhafer-Ben-Hamida.jpg","datePublished":"2024-06-19T11:23:11+00:00","dateModified":"2024-06-19T11:23:12+00:00","breadcrumb":{"@id":"https:\/\/kapitalis.com\/tunisie\/2024\/06\/19\/tunisie-la-lutte-antiterroriste-requiert-une-vigilance-de-tout-instant\/#breadcrumb"},"inLanguage":"fr-FR","potentialAction":[{"@type":"ReadAction","target":["https:\/\/kapitalis.com\/tunisie\/2024\/06\/19\/tunisie-la-lutte-antiterroriste-requiert-une-vigilance-de-tout-instant\/"]}]},{"@type":"ImageObject","inLanguage":"fr-FR","@id":"https:\/\/kapitalis.com\/tunisie\/2024\/06\/19\/tunisie-la-lutte-antiterroriste-requiert-une-vigilance-de-tout-instant\/#primaryimage","url":"https:\/\/kapitalis.com\/tunisie\/wp-content\/uploads\/2024\/06\/Dhafer-Ben-Hamida.jpg","contentUrl":"https:\/\/kapitalis.com\/tunisie\/wp-content\/uploads\/2024\/06\/Dhafer-Ben-Hamida.jpg","width":1200,"height":630},{"@type":"BreadcrumbList","@id":"https:\/\/kapitalis.com\/tunisie\/2024\/06\/19\/tunisie-la-lutte-antiterroriste-requiert-une-vigilance-de-tout-instant\/#breadcrumb","itemListElement":[{"@type":"ListItem","position":1,"name":"Accueil","item":"https:\/\/kapitalis.com\/tunisie\/"},{"@type":"ListItem","position":2,"name":"Tunisie\u00a0: la lutte antiterroriste requiert une vigilance de tout instant"}]},{"@type":"WebSite","@id":"https:\/\/kapitalis.com\/tunisie\/#website","url":"https:\/\/kapitalis.com\/tunisie\/","name":"Kapitalis","description":"L&#039;actualit\u00e9 en Tunisie et dans le monde","publisher":{"@id":"https:\/\/kapitalis.com\/tunisie\/#organization"},"potentialAction":[{"@type":"SearchAction","target":{"@type":"EntryPoint","urlTemplate":"https:\/\/kapitalis.com\/tunisie\/?s={search_term_string}"},"query-input":{"@type":"PropertyValueSpecification","valueRequired":true,"valueName":"search_term_string"}}],"inLanguage":"fr-FR"},{"@type":"Organization","@id":"https:\/\/kapitalis.com\/tunisie\/#organization","name":"Kapitalis","url":"https:\/\/kapitalis.com\/tunisie\/","logo":{"@type":"ImageObject","inLanguage":"fr-FR","@id":"https:\/\/kapitalis.com\/tunisie\/#\/schema\/logo\/image\/","url":"https:\/\/kapitalis.com\/tunisie\/wp-content\/uploads\/2022\/05\/Kapitalis-big-size.png","contentUrl":"https:\/\/kapitalis.com\/tunisie\/wp-content\/uploads\/2022\/05\/Kapitalis-big-size.png","width":5000,"height":1500,"caption":"Kapitalis"},"image":{"@id":"https:\/\/kapitalis.com\/tunisie\/#\/schema\/logo\/image\/"},"sameAs":["https:\/\/www.facebook.com\/KapitalisInfo\/","https:\/\/x.com\/KapitalisInfo","https:\/\/www.youtube.com\/channel\/UC-yDYrHyfFBWWZaOw3FPg9Q"]},{"@type":"Person","@id":"https:\/\/kapitalis.com\/tunisie\/#\/schema\/person\/d71f33a9ca44f7bad4698210b480c8e9","name":"webmaster kapitalis","url":"https:\/\/kapitalis.com\/tunisie\/author\/webmaster-kapitalis\/"}]}},"_links":{"self":[{"href":"https:\/\/kapitalis.com\/tunisie\/wp-json\/wp\/v2\/posts\/13394150","targetHints":{"allow":["GET"]}}],"collection":[{"href":"https:\/\/kapitalis.com\/tunisie\/wp-json\/wp\/v2\/posts"}],"about":[{"href":"https:\/\/kapitalis.com\/tunisie\/wp-json\/wp\/v2\/types\/post"}],"author":[{"embeddable":true,"href":"https:\/\/kapitalis.com\/tunisie\/wp-json\/wp\/v2\/users\/8"}],"replies":[{"embeddable":true,"href":"https:\/\/kapitalis.com\/tunisie\/wp-json\/wp\/v2\/comments?post=13394150"}],"version-history":[{"count":1,"href":"https:\/\/kapitalis.com\/tunisie\/wp-json\/wp\/v2\/posts\/13394150\/revisions"}],"predecessor-version":[{"id":13394615,"href":"https:\/\/kapitalis.com\/tunisie\/wp-json\/wp\/v2\/posts\/13394150\/revisions\/13394615"}],"wp:featuredmedia":[{"embeddable":true,"href":"https:\/\/kapitalis.com\/tunisie\/wp-json\/wp\/v2\/media\/13394612"}],"wp:attachment":[{"href":"https:\/\/kapitalis.com\/tunisie\/wp-json\/wp\/v2\/media?parent=13394150"}],"wp:term":[{"taxonomy":"category","embeddable":true,"href":"https:\/\/kapitalis.com\/tunisie\/wp-json\/wp\/v2\/categories?post=13394150"},{"taxonomy":"post_tag","embeddable":true,"href":"https:\/\/kapitalis.com\/tunisie\/wp-json\/wp\/v2\/tags?post=13394150"}],"curies":[{"name":"wp","href":"https:\/\/api.w.org\/{rel}","templated":true}]}}