{"id":13403677,"date":"2024-06-21T08:15:22","date_gmt":"2024-06-21T07:15:22","guid":{"rendered":"https:\/\/kapitalis.com\/tunisie\/?p=13403677"},"modified":"2024-06-21T08:15:23","modified_gmt":"2024-06-21T07:15:23","slug":"la-ctn-se-mobilise-pour-assurer-le-retour-des-expatries","status":"publish","type":"post","link":"https:\/\/kapitalis.com\/tunisie\/2024\/06\/21\/la-ctn-se-mobilise-pour-assurer-le-retour-des-expatries\/","title":{"rendered":"La CTN se mobilise pour assurer le retour des expatri\u00e9s"},"content":{"rendered":"\n<p><strong><em>Le navire Tanit, amarr\u00e9 depuis mercredi 19 juin 2024 au port de Marseille, en France, a pris ma mer, jeudi 20 juin, pour une travers\u00e9e aller-retour Marseille-La Goulette avec \u00e0 son bord 1 208 expatri\u00e9s tunisiens et 555 voitures.<\/em><\/strong><\/p>\n\n\n\n<!--more-->\n\n\n\n<p>C\u2019est ce qu\u2019a indiqu\u00e9 le directeur central de la Compagnie tunisienne de navigation (CTN), Omar Messaoudi, ajoutant qu\u2019au 19 juin, quelque 166 306 passagers ont confirm\u00e9 leur r\u00e9servation, soit une augmentation de 7% par rapport \u00e0 l\u2019ann\u00e9e derni\u00e8re. Le nombre de v\u00e9hicules a \u00e9galement suivi une tendance \u00e0 la hausse (+10 %) pour atteindre 51&nbsp;250.<\/p>\n\n\n\n<p>La CTN a maintenu ses tarifs inchang\u00e9s au cours des trois derni\u00e8res ann\u00e9es malgr\u00e9 l\u2019augmentation des prix du carburant et des pi\u00e8ces de rechange n\u00e9cessaires \u00e0 l\u2019entretien r\u00e9gulier des navires, a expliqu\u00e9 Messaoudi, en exhortant les expatri\u00e9s tunisiens \u00e0 r\u00e9server \u00e0 l\u2019avance \u00e0 partir du mois de d\u00e9cembre afin de b\u00e9n\u00e9ficier de tarifs pr\u00e9f\u00e9rentiels.<\/p>\n\n\n\n<p>La travers\u00e9e de Marseille \u00e0 Tunis dure environ 22 heures. Les passagers passent leur temps dans les diff\u00e9rents espaces du navire&nbsp;: salons, restaurants et espaces de divertissement pour enfants.<\/p>\n\n\n\n<p>Les passagers ont \u00e9t\u00e9 accueillis au port de Marseille par un nombre important de responsables, parmi lesquels l\u2019ambassadeur de Tunisie en France, le consul g\u00e9n\u00e9ral \u00e0 Marseille, le PDG de la CTN, des repr\u00e9sentants des minist\u00e8res des Transports et des Affaires sociales.<\/p>\n\n\n\n<p>Chaque \u00e9t\u00e9 \u00e0 pareille p\u00e9riode, les autorit\u00e9s tunisiennes mettent les petits plats dans les grands pour accueillir la communaut\u00e9 des expatri\u00e9s qui repr\u00e9sente le dixi\u00e8me de la population totale, garde des liens solides avec leur pays d\u2019origine et maintiennent ses r\u00e9serves de change \u00e0 un niveau viable gr\u00e2ce \u00e0 leurs apports en devises \u00e9trang\u00e8res. \u00a0\u00a0 <\/p>\n\n\n\n<p class=\"has-text-align-right\"><strong>I. B.<\/strong> (avec Tap).<\/p>\n\n\n\n<figure class=\"wp-block-embed is-type-wp-embed is-provider-kapitalis wp-block-embed-kapitalis\"><div class=\"wp-block-embed__wrapper\">\n<blockquote class=\"wp-embedded-content\" data-secret=\"Bs6XRfHu5R\"><a href=\"https:\/\/kapitalis.com\/tunisie\/2024\/06\/20\/tanit-et-carthage-effectueront-148-traversees-cet-ete-de-et-vers-la-tunisie\/\">Tanit et Carthage effectueront 148 travers\u00e9es cet \u00e9t\u00e9 de et vers la Tunisie<\/a><\/blockquote><iframe loading=\"lazy\" class=\"wp-embedded-content\" sandbox=\"allow-scripts\" security=\"restricted\" style=\"position: absolute; clip: rect(1px, 1px, 1px, 1px);\" title=\"\u00ab\u00a0Tanit et Carthage effectueront 148 travers\u00e9es cet \u00e9t\u00e9 de et vers la Tunisie\u00a0\u00bb &#8212; Kapitalis\" src=\"https:\/\/kapitalis.com\/tunisie\/2024\/06\/20\/tanit-et-carthage-effectueront-148-traversees-cet-ete-de-et-vers-la-tunisie\/embed\/#?secret=STEGp42aiP#?secret=Bs6XRfHu5R\" data-secret=\"Bs6XRfHu5R\" width=\"600\" height=\"338\" frameborder=\"0\" marginwidth=\"0\" marginheight=\"0\" scrolling=\"no\"><\/iframe>\n<\/div><\/figure>\n","protected":false},"excerpt":{"rendered":"<p>Le navire Tanit  a pris ma mer, jeudi 20 juin, pour une travers\u00e9e aller-retour Marseille-La Goulette avec \u00e0 son bord 1 208 expatri\u00e9s tunisiens.<\/p>\n","protected":false},"author":8,"featured_media":13403699,"comment_status":"closed","ping_status":"open","sticky":false,"template":"","format":"standard","meta":{"footnotes":""},"categories":[995,2433],"tags":[2262,90136,2917,580,116435,114713,62643],"class_list":["post-13403677","post","type-post","status-publish","format-standard","has-post-thumbnail","hentry","category-economie","category-tunisie","tag-ctn","tag-expatries","tag-la-goulette","tag-marseille","tag-navire-tanit","tag-omar-messaoudi","tag-tunisie"],"yoast_head":"<!-- This site is optimized with the Yoast SEO plugin v26.6 - https:\/\/yoast.com\/wordpress\/plugins\/seo\/ -->\n<title>La CTN se mobilise pour assurer le retour des expatri\u00e9s - Kapitalis<\/title>\n<meta name=\"robots\" content=\"index, follow, max-snippet:-1, max-image-preview:large, max-video-preview:-1\" \/>\n<link rel=\"canonical\" href=\"https:\/\/kapitalis.com\/tunisie\/2024\/06\/21\/la-ctn-se-mobilise-pour-assurer-le-retour-des-expatries\/\" \/>\n<meta property=\"og:locale\" content=\"fr_FR\" \/>\n<meta property=\"og:type\" content=\"article\" \/>\n<meta property=\"og:title\" content=\"La CTN se mobilise pour assurer le retour des expatri\u00e9s - Kapitalis\" \/>\n<meta property=\"og:description\" content=\"Le navire Tanit a pris ma mer, jeudi 20 juin, pour une travers\u00e9e aller-retour Marseille-La Goulette avec \u00e0 son bord 1 208 expatri\u00e9s tunisiens.\" \/>\n<meta property=\"og:url\" content=\"https:\/\/kapitalis.com\/tunisie\/2024\/06\/21\/la-ctn-se-mobilise-pour-assurer-le-retour-des-expatries\/\" \/>\n<meta property=\"og:site_name\" content=\"Kapitalis\" \/>\n<meta property=\"article:publisher\" content=\"https:\/\/www.facebook.com\/KapitalisInfo\/\" \/>\n<meta property=\"article:published_time\" content=\"2024-06-21T07:15:22+00:00\" \/>\n<meta property=\"article:modified_time\" content=\"2024-06-21T07:15:23+00:00\" \/>\n<meta property=\"og:image\" content=\"https:\/\/kapitalis.com\/tunisie\/wp-content\/uploads\/2024\/06\/Ferry-Le-Tanit.jpg\" \/>\n\t<meta property=\"og:image:width\" content=\"1200\" \/>\n\t<meta property=\"og:image:height\" content=\"630\" \/>\n\t<meta property=\"og:image:type\" content=\"image\/jpeg\" \/>\n<meta name=\"author\" content=\"webmaster kapitalis\" \/>\n<meta name=\"twitter:card\" content=\"summary_large_image\" \/>\n<meta name=\"twitter:creator\" content=\"@KapitalisInfo\" \/>\n<meta name=\"twitter:site\" content=\"@KapitalisInfo\" \/>\n<meta name=\"twitter:label1\" content=\"\u00c9crit par\" \/>\n\t<meta name=\"twitter:data1\" content=\"webmaster kapitalis\" \/>\n\t<meta name=\"twitter:label2\" content=\"Dur\u00e9e de lecture estim\u00e9e\" \/>\n\t<meta name=\"twitter:data2\" content=\"2 minutes\" \/>\n<script type=\"application\/ld+json\" class=\"yoast-schema-graph\">{\"@context\":\"https:\/\/schema.org\",\"@graph\":[{\"@type\":\"Article\",\"@id\":\"https:\/\/kapitalis.com\/tunisie\/2024\/06\/21\/la-ctn-se-mobilise-pour-assurer-le-retour-des-expatries\/#article\",\"isPartOf\":{\"@id\":\"https:\/\/kapitalis.com\/tunisie\/2024\/06\/21\/la-ctn-se-mobilise-pour-assurer-le-retour-des-expatries\/\"},\"author\":{\"name\":\"webmaster kapitalis\",\"@id\":\"https:\/\/kapitalis.com\/tunisie\/#\/schema\/person\/d71f33a9ca44f7bad4698210b480c8e9\"},\"headline\":\"La CTN se mobilise pour assurer le retour des expatri\u00e9s\",\"datePublished\":\"2024-06-21T07:15:22+00:00\",\"dateModified\":\"2024-06-21T07:15:23+00:00\",\"mainEntityOfPage\":{\"@id\":\"https:\/\/kapitalis.com\/tunisie\/2024\/06\/21\/la-ctn-se-mobilise-pour-assurer-le-retour-des-expatries\/\"},\"wordCount\":312,\"publisher\":{\"@id\":\"https:\/\/kapitalis.com\/tunisie\/#organization\"},\"image\":{\"@id\":\"https:\/\/kapitalis.com\/tunisie\/2024\/06\/21\/la-ctn-se-mobilise-pour-assurer-le-retour-des-expatries\/#primaryimage\"},\"thumbnailUrl\":\"https:\/\/kapitalis.com\/tunisie\/wp-content\/uploads\/2024\/06\/Ferry-Le-Tanit.jpg\",\"keywords\":[\"CTN\",\"expatri\u00e9s\",\"La Goulette\",\"Marseille\",\"navire Tanit\",\"Omar Messaoudi\",\"Tunisie\"],\"articleSection\":[\"ECONOMIE\",\"Tunisie\"],\"inLanguage\":\"fr-FR\"},{\"@type\":\"WebPage\",\"@id\":\"https:\/\/kapitalis.com\/tunisie\/2024\/06\/21\/la-ctn-se-mobilise-pour-assurer-le-retour-des-expatries\/\",\"url\":\"https:\/\/kapitalis.com\/tunisie\/2024\/06\/21\/la-ctn-se-mobilise-pour-assurer-le-retour-des-expatries\/\",\"name\":\"La CTN se mobilise pour assurer le retour des expatri\u00e9s - Kapitalis\",\"isPartOf\":{\"@id\":\"https:\/\/kapitalis.com\/tunisie\/#website\"},\"primaryImageOfPage\":{\"@id\":\"https:\/\/kapitalis.com\/tunisie\/2024\/06\/21\/la-ctn-se-mobilise-pour-assurer-le-retour-des-expatries\/#primaryimage\"},\"image\":{\"@id\":\"https:\/\/kapitalis.com\/tunisie\/2024\/06\/21\/la-ctn-se-mobilise-pour-assurer-le-retour-des-expatries\/#primaryimage\"},\"thumbnailUrl\":\"https:\/\/kapitalis.com\/tunisie\/wp-content\/uploads\/2024\/06\/Ferry-Le-Tanit.jpg\",\"datePublished\":\"2024-06-21T07:15:22+00:00\",\"dateModified\":\"2024-06-21T07:15:23+00:00\",\"breadcrumb\":{\"@id\":\"https:\/\/kapitalis.com\/tunisie\/2024\/06\/21\/la-ctn-se-mobilise-pour-assurer-le-retour-des-expatries\/#breadcrumb\"},\"inLanguage\":\"fr-FR\",\"potentialAction\":[{\"@type\":\"ReadAction\",\"target\":[\"https:\/\/kapitalis.com\/tunisie\/2024\/06\/21\/la-ctn-se-mobilise-pour-assurer-le-retour-des-expatries\/\"]}]},{\"@type\":\"ImageObject\",\"inLanguage\":\"fr-FR\",\"@id\":\"https:\/\/kapitalis.com\/tunisie\/2024\/06\/21\/la-ctn-se-mobilise-pour-assurer-le-retour-des-expatries\/#primaryimage\",\"url\":\"https:\/\/kapitalis.com\/tunisie\/wp-content\/uploads\/2024\/06\/Ferry-Le-Tanit.jpg\",\"contentUrl\":\"https:\/\/kapitalis.com\/tunisie\/wp-content\/uploads\/2024\/06\/Ferry-Le-Tanit.jpg\",\"width\":1200,\"height\":630},{\"@type\":\"BreadcrumbList\",\"@id\":\"https:\/\/kapitalis.com\/tunisie\/2024\/06\/21\/la-ctn-se-mobilise-pour-assurer-le-retour-des-expatries\/#breadcrumb\",\"itemListElement\":[{\"@type\":\"ListItem\",\"position\":1,\"name\":\"Accueil\",\"item\":\"https:\/\/kapitalis.com\/tunisie\/\"},{\"@type\":\"ListItem\",\"position\":2,\"name\":\"La CTN se mobilise pour assurer le retour des expatri\u00e9s\"}]},{\"@type\":\"WebSite\",\"@id\":\"https:\/\/kapitalis.com\/tunisie\/#website\",\"url\":\"https:\/\/kapitalis.com\/tunisie\/\",\"name\":\"Kapitalis\",\"description\":\"L&#039;actualit\u00e9 en Tunisie et dans le monde\",\"publisher\":{\"@id\":\"https:\/\/kapitalis.com\/tunisie\/#organization\"},\"potentialAction\":[{\"@type\":\"SearchAction\",\"target\":{\"@type\":\"EntryPoint\",\"urlTemplate\":\"https:\/\/kapitalis.com\/tunisie\/?s={search_term_string}\"},\"query-input\":{\"@type\":\"PropertyValueSpecification\",\"valueRequired\":true,\"valueName\":\"search_term_string\"}}],\"inLanguage\":\"fr-FR\"},{\"@type\":\"Organization\",\"@id\":\"https:\/\/kapitalis.com\/tunisie\/#organization\",\"name\":\"Kapitalis\",\"url\":\"https:\/\/kapitalis.com\/tunisie\/\",\"logo\":{\"@type\":\"ImageObject\",\"inLanguage\":\"fr-FR\",\"@id\":\"https:\/\/kapitalis.com\/tunisie\/#\/schema\/logo\/image\/\",\"url\":\"https:\/\/kapitalis.com\/tunisie\/wp-content\/uploads\/2022\/05\/Kapitalis-big-size.png\",\"contentUrl\":\"https:\/\/kapitalis.com\/tunisie\/wp-content\/uploads\/2022\/05\/Kapitalis-big-size.png\",\"width\":5000,\"height\":1500,\"caption\":\"Kapitalis\"},\"image\":{\"@id\":\"https:\/\/kapitalis.com\/tunisie\/#\/schema\/logo\/image\/\"},\"sameAs\":[\"https:\/\/www.facebook.com\/KapitalisInfo\/\",\"https:\/\/x.com\/KapitalisInfo\",\"https:\/\/www.youtube.com\/channel\/UC-yDYrHyfFBWWZaOw3FPg9Q\"]},{\"@type\":\"Person\",\"@id\":\"https:\/\/kapitalis.com\/tunisie\/#\/schema\/person\/d71f33a9ca44f7bad4698210b480c8e9\",\"name\":\"webmaster kapitalis\",\"url\":\"https:\/\/kapitalis.com\/tunisie\/author\/webmaster-kapitalis\/\"}]}<\/script>\n<!-- \/ Yoast SEO plugin. -->","yoast_head_json":{"title":"La CTN se mobilise pour assurer le retour des expatri\u00e9s - Kapitalis","robots":{"index":"index","follow":"follow","max-snippet":"max-snippet:-1","max-image-preview":"max-image-preview:large","max-video-preview":"max-video-preview:-1"},"canonical":"https:\/\/kapitalis.com\/tunisie\/2024\/06\/21\/la-ctn-se-mobilise-pour-assurer-le-retour-des-expatries\/","og_locale":"fr_FR","og_type":"article","og_title":"La CTN se mobilise pour assurer le retour des expatri\u00e9s - Kapitalis","og_description":"Le navire Tanit a pris ma mer, jeudi 20 juin, pour une travers\u00e9e aller-retour Marseille-La Goulette avec \u00e0 son bord 1 208 expatri\u00e9s tunisiens.","og_url":"https:\/\/kapitalis.com\/tunisie\/2024\/06\/21\/la-ctn-se-mobilise-pour-assurer-le-retour-des-expatries\/","og_site_name":"Kapitalis","article_publisher":"https:\/\/www.facebook.com\/KapitalisInfo\/","article_published_time":"2024-06-21T07:15:22+00:00","article_modified_time":"2024-06-21T07:15:23+00:00","og_image":[{"width":1200,"height":630,"url":"https:\/\/kapitalis.com\/tunisie\/wp-content\/uploads\/2024\/06\/Ferry-Le-Tanit.jpg","type":"image\/jpeg"}],"author":"webmaster kapitalis","twitter_card":"summary_large_image","twitter_creator":"@KapitalisInfo","twitter_site":"@KapitalisInfo","twitter_misc":{"\u00c9crit par":"webmaster kapitalis","Dur\u00e9e de lecture estim\u00e9e":"2 minutes"},"schema":{"@context":"https:\/\/schema.org","@graph":[{"@type":"Article","@id":"https:\/\/kapitalis.com\/tunisie\/2024\/06\/21\/la-ctn-se-mobilise-pour-assurer-le-retour-des-expatries\/#article","isPartOf":{"@id":"https:\/\/kapitalis.com\/tunisie\/2024\/06\/21\/la-ctn-se-mobilise-pour-assurer-le-retour-des-expatries\/"},"author":{"name":"webmaster kapitalis","@id":"https:\/\/kapitalis.com\/tunisie\/#\/schema\/person\/d71f33a9ca44f7bad4698210b480c8e9"},"headline":"La CTN se mobilise pour assurer le retour des expatri\u00e9s","datePublished":"2024-06-21T07:15:22+00:00","dateModified":"2024-06-21T07:15:23+00:00","mainEntityOfPage":{"@id":"https:\/\/kapitalis.com\/tunisie\/2024\/06\/21\/la-ctn-se-mobilise-pour-assurer-le-retour-des-expatries\/"},"wordCount":312,"publisher":{"@id":"https:\/\/kapitalis.com\/tunisie\/#organization"},"image":{"@id":"https:\/\/kapitalis.com\/tunisie\/2024\/06\/21\/la-ctn-se-mobilise-pour-assurer-le-retour-des-expatries\/#primaryimage"},"thumbnailUrl":"https:\/\/kapitalis.com\/tunisie\/wp-content\/uploads\/2024\/06\/Ferry-Le-Tanit.jpg","keywords":["CTN","expatri\u00e9s","La Goulette","Marseille","navire Tanit","Omar Messaoudi","Tunisie"],"articleSection":["ECONOMIE","Tunisie"],"inLanguage":"fr-FR"},{"@type":"WebPage","@id":"https:\/\/kapitalis.com\/tunisie\/2024\/06\/21\/la-ctn-se-mobilise-pour-assurer-le-retour-des-expatries\/","url":"https:\/\/kapitalis.com\/tunisie\/2024\/06\/21\/la-ctn-se-mobilise-pour-assurer-le-retour-des-expatries\/","name":"La CTN se mobilise pour assurer le retour des expatri\u00e9s - Kapitalis","isPartOf":{"@id":"https:\/\/kapitalis.com\/tunisie\/#website"},"primaryImageOfPage":{"@id":"https:\/\/kapitalis.com\/tunisie\/2024\/06\/21\/la-ctn-se-mobilise-pour-assurer-le-retour-des-expatries\/#primaryimage"},"image":{"@id":"https:\/\/kapitalis.com\/tunisie\/2024\/06\/21\/la-ctn-se-mobilise-pour-assurer-le-retour-des-expatries\/#primaryimage"},"thumbnailUrl":"https:\/\/kapitalis.com\/tunisie\/wp-content\/uploads\/2024\/06\/Ferry-Le-Tanit.jpg","datePublished":"2024-06-21T07:15:22+00:00","dateModified":"2024-06-21T07:15:23+00:00","breadcrumb":{"@id":"https:\/\/kapitalis.com\/tunisie\/2024\/06\/21\/la-ctn-se-mobilise-pour-assurer-le-retour-des-expatries\/#breadcrumb"},"inLanguage":"fr-FR","potentialAction":[{"@type":"ReadAction","target":["https:\/\/kapitalis.com\/tunisie\/2024\/06\/21\/la-ctn-se-mobilise-pour-assurer-le-retour-des-expatries\/"]}]},{"@type":"ImageObject","inLanguage":"fr-FR","@id":"https:\/\/kapitalis.com\/tunisie\/2024\/06\/21\/la-ctn-se-mobilise-pour-assurer-le-retour-des-expatries\/#primaryimage","url":"https:\/\/kapitalis.com\/tunisie\/wp-content\/uploads\/2024\/06\/Ferry-Le-Tanit.jpg","contentUrl":"https:\/\/kapitalis.com\/tunisie\/wp-content\/uploads\/2024\/06\/Ferry-Le-Tanit.jpg","width":1200,"height":630},{"@type":"BreadcrumbList","@id":"https:\/\/kapitalis.com\/tunisie\/2024\/06\/21\/la-ctn-se-mobilise-pour-assurer-le-retour-des-expatries\/#breadcrumb","itemListElement":[{"@type":"ListItem","position":1,"name":"Accueil","item":"https:\/\/kapitalis.com\/tunisie\/"},{"@type":"ListItem","position":2,"name":"La CTN se mobilise pour assurer le retour des expatri\u00e9s"}]},{"@type":"WebSite","@id":"https:\/\/kapitalis.com\/tunisie\/#website","url":"https:\/\/kapitalis.com\/tunisie\/","name":"Kapitalis","description":"L&#039;actualit\u00e9 en Tunisie et dans le monde","publisher":{"@id":"https:\/\/kapitalis.com\/tunisie\/#organization"},"potentialAction":[{"@type":"SearchAction","target":{"@type":"EntryPoint","urlTemplate":"https:\/\/kapitalis.com\/tunisie\/?s={search_term_string}"},"query-input":{"@type":"PropertyValueSpecification","valueRequired":true,"valueName":"search_term_string"}}],"inLanguage":"fr-FR"},{"@type":"Organization","@id":"https:\/\/kapitalis.com\/tunisie\/#organization","name":"Kapitalis","url":"https:\/\/kapitalis.com\/tunisie\/","logo":{"@type":"ImageObject","inLanguage":"fr-FR","@id":"https:\/\/kapitalis.com\/tunisie\/#\/schema\/logo\/image\/","url":"https:\/\/kapitalis.com\/tunisie\/wp-content\/uploads\/2022\/05\/Kapitalis-big-size.png","contentUrl":"https:\/\/kapitalis.com\/tunisie\/wp-content\/uploads\/2022\/05\/Kapitalis-big-size.png","width":5000,"height":1500,"caption":"Kapitalis"},"image":{"@id":"https:\/\/kapitalis.com\/tunisie\/#\/schema\/logo\/image\/"},"sameAs":["https:\/\/www.facebook.com\/KapitalisInfo\/","https:\/\/x.com\/KapitalisInfo","https:\/\/www.youtube.com\/channel\/UC-yDYrHyfFBWWZaOw3FPg9Q"]},{"@type":"Person","@id":"https:\/\/kapitalis.com\/tunisie\/#\/schema\/person\/d71f33a9ca44f7bad4698210b480c8e9","name":"webmaster kapitalis","url":"https:\/\/kapitalis.com\/tunisie\/author\/webmaster-kapitalis\/"}]}},"_links":{"self":[{"href":"https:\/\/kapitalis.com\/tunisie\/wp-json\/wp\/v2\/posts\/13403677","targetHints":{"allow":["GET"]}}],"collection":[{"href":"https:\/\/kapitalis.com\/tunisie\/wp-json\/wp\/v2\/posts"}],"about":[{"href":"https:\/\/kapitalis.com\/tunisie\/wp-json\/wp\/v2\/types\/post"}],"author":[{"embeddable":true,"href":"https:\/\/kapitalis.com\/tunisie\/wp-json\/wp\/v2\/users\/8"}],"replies":[{"embeddable":true,"href":"https:\/\/kapitalis.com\/tunisie\/wp-json\/wp\/v2\/comments?post=13403677"}],"version-history":[{"count":1,"href":"https:\/\/kapitalis.com\/tunisie\/wp-json\/wp\/v2\/posts\/13403677\/revisions"}],"predecessor-version":[{"id":13403701,"href":"https:\/\/kapitalis.com\/tunisie\/wp-json\/wp\/v2\/posts\/13403677\/revisions\/13403701"}],"wp:featuredmedia":[{"embeddable":true,"href":"https:\/\/kapitalis.com\/tunisie\/wp-json\/wp\/v2\/media\/13403699"}],"wp:attachment":[{"href":"https:\/\/kapitalis.com\/tunisie\/wp-json\/wp\/v2\/media?parent=13403677"}],"wp:term":[{"taxonomy":"category","embeddable":true,"href":"https:\/\/kapitalis.com\/tunisie\/wp-json\/wp\/v2\/categories?post=13403677"},{"taxonomy":"post_tag","embeddable":true,"href":"https:\/\/kapitalis.com\/tunisie\/wp-json\/wp\/v2\/tags?post=13403677"}],"curies":[{"name":"wp","href":"https:\/\/api.w.org\/{rel}","templated":true}]}}