{"id":13404475,"date":"2024-06-21T11:00:49","date_gmt":"2024-06-21T10:00:49","guid":{"rendered":"https:\/\/kapitalis.com\/tunisie\/?p=13404475"},"modified":"2024-06-21T11:00:51","modified_gmt":"2024-06-21T10:00:51","slug":"apres-trois-jours-de-canicule-baisse-des-temperatures-sur-la-tunisie","status":"publish","type":"post","link":"https:\/\/kapitalis.com\/tunisie\/2024\/06\/21\/apres-trois-jours-de-canicule-baisse-des-temperatures-sur-la-tunisie\/","title":{"rendered":"Apr\u00e8s trois jours de canicule, baisse des temp\u00e9ratures sur la Tunisie"},"content":{"rendered":"\n<p><strong><em>Apr\u00e8s trois jours de canicule, une nette baisse des temp\u00e9ratures a \u00e9t\u00e9 observ\u00e9e dans la soir\u00e9e du jeudi 20 juin 2024, et l\u2019Institut national de la m\u00e9t\u00e9orologie (INM) annonce une poursuite de la baisse ce vendredi 21 juin dans toutes les r\u00e9gions de Tunisie. \u00a0<\/em><\/strong><em>(Illustration : Source d&rsquo;eau \u00e0 l&rsquo;oasis de Chebika, Tozeur)<\/em>.<\/p>\n\n\n\n<!--more-->\n\n\n\n<p>Les temp\u00e9ratures maximales varieront aujourd\u2019hui entre 26 et 33 degr\u00e9s dans les r\u00e9gions c\u00f4ti\u00e8res et entre 34 et 39 dans le reste des r\u00e9gions, \u00e0 l\u2019exception du sud-ouest o\u00f9 elles resteront relativement \u00e9lev\u00e9es, et atteindront 42 degr\u00e9s avec des acc\u00e8s de sirocco localement, indique l\u2019INM, ajoutant que les nuages seront rares dans la plupart des r\u00e9gions. \u00a0<\/p>\n","protected":false},"excerpt":{"rendered":"<p>Apr\u00e8s trois jours de canicule, une nette baisse des temp\u00e9ratures sur toute la Tunisie. <\/p>\n","protected":false},"author":8,"featured_media":13404498,"comment_status":"closed","ping_status":"open","sticky":false,"template":"","format":"standard","meta":{"footnotes":""},"categories":[998,2433],"tags":[3887,8589,1665,1208,62643],"class_list":["post-13404475","post","type-post","status-publish","format-standard","has-post-thumbnail","hentry","category-societe","category-tunisie","tag-canicule","tag-chebika","tag-temperatures","tag-tozeur","tag-tunisie"],"yoast_head":"<!-- This site is optimized with the Yoast SEO plugin v26.6 - https:\/\/yoast.com\/wordpress\/plugins\/seo\/ -->\n<title>Apr\u00e8s trois jours de canicule, baisse des temp\u00e9ratures sur la Tunisie - Kapitalis<\/title>\n<meta name=\"robots\" content=\"index, follow, max-snippet:-1, max-image-preview:large, max-video-preview:-1\" \/>\n<link rel=\"canonical\" href=\"https:\/\/kapitalis.com\/tunisie\/2024\/06\/21\/apres-trois-jours-de-canicule-baisse-des-temperatures-sur-la-tunisie\/\" \/>\n<meta property=\"og:locale\" content=\"fr_FR\" \/>\n<meta property=\"og:type\" content=\"article\" \/>\n<meta property=\"og:title\" content=\"Apr\u00e8s trois jours de canicule, baisse des temp\u00e9ratures sur la Tunisie - Kapitalis\" \/>\n<meta property=\"og:description\" content=\"Apr\u00e8s trois jours de canicule, une nette baisse des temp\u00e9ratures sur toute la Tunisie.\" \/>\n<meta property=\"og:url\" content=\"https:\/\/kapitalis.com\/tunisie\/2024\/06\/21\/apres-trois-jours-de-canicule-baisse-des-temperatures-sur-la-tunisie\/\" \/>\n<meta property=\"og:site_name\" content=\"Kapitalis\" \/>\n<meta property=\"article:publisher\" content=\"https:\/\/www.facebook.com\/KapitalisInfo\/\" \/>\n<meta property=\"article:published_time\" content=\"2024-06-21T10:00:49+00:00\" \/>\n<meta property=\"article:modified_time\" content=\"2024-06-21T10:00:51+00:00\" \/>\n<meta property=\"og:image\" content=\"https:\/\/kapitalis.com\/tunisie\/wp-content\/uploads\/2024\/06\/Source-Eau-Oasis-de-Chebika.jpg\" \/>\n\t<meta property=\"og:image:width\" content=\"1200\" \/>\n\t<meta property=\"og:image:height\" content=\"630\" \/>\n\t<meta property=\"og:image:type\" content=\"image\/jpeg\" \/>\n<meta name=\"author\" content=\"webmaster kapitalis\" \/>\n<meta name=\"twitter:card\" content=\"summary_large_image\" \/>\n<meta name=\"twitter:creator\" content=\"@KapitalisInfo\" \/>\n<meta name=\"twitter:site\" content=\"@KapitalisInfo\" \/>\n<meta name=\"twitter:label1\" content=\"\u00c9crit par\" \/>\n\t<meta name=\"twitter:data1\" content=\"webmaster kapitalis\" \/>\n\t<meta name=\"twitter:label2\" content=\"Dur\u00e9e de lecture estim\u00e9e\" \/>\n\t<meta name=\"twitter:data2\" content=\"1 minute\" \/>\n<script type=\"application\/ld+json\" class=\"yoast-schema-graph\">{\"@context\":\"https:\/\/schema.org\",\"@graph\":[{\"@type\":\"Article\",\"@id\":\"https:\/\/kapitalis.com\/tunisie\/2024\/06\/21\/apres-trois-jours-de-canicule-baisse-des-temperatures-sur-la-tunisie\/#article\",\"isPartOf\":{\"@id\":\"https:\/\/kapitalis.com\/tunisie\/2024\/06\/21\/apres-trois-jours-de-canicule-baisse-des-temperatures-sur-la-tunisie\/\"},\"author\":{\"name\":\"webmaster kapitalis\",\"@id\":\"https:\/\/kapitalis.com\/tunisie\/#\/schema\/person\/d71f33a9ca44f7bad4698210b480c8e9\"},\"headline\":\"Apr\u00e8s trois jours de canicule, baisse des temp\u00e9ratures sur la Tunisie\",\"datePublished\":\"2024-06-21T10:00:49+00:00\",\"dateModified\":\"2024-06-21T10:00:51+00:00\",\"mainEntityOfPage\":{\"@id\":\"https:\/\/kapitalis.com\/tunisie\/2024\/06\/21\/apres-trois-jours-de-canicule-baisse-des-temperatures-sur-la-tunisie\/\"},\"wordCount\":132,\"publisher\":{\"@id\":\"https:\/\/kapitalis.com\/tunisie\/#organization\"},\"image\":{\"@id\":\"https:\/\/kapitalis.com\/tunisie\/2024\/06\/21\/apres-trois-jours-de-canicule-baisse-des-temperatures-sur-la-tunisie\/#primaryimage\"},\"thumbnailUrl\":\"https:\/\/kapitalis.com\/tunisie\/wp-content\/uploads\/2024\/06\/Source-Eau-Oasis-de-Chebika.jpg\",\"keywords\":[\"canicule\",\"Chebika\",\"temp\u00e9ratures\",\"Tozeur\",\"Tunisie\"],\"articleSection\":[\"SOCIETE\",\"Tunisie\"],\"inLanguage\":\"fr-FR\"},{\"@type\":\"WebPage\",\"@id\":\"https:\/\/kapitalis.com\/tunisie\/2024\/06\/21\/apres-trois-jours-de-canicule-baisse-des-temperatures-sur-la-tunisie\/\",\"url\":\"https:\/\/kapitalis.com\/tunisie\/2024\/06\/21\/apres-trois-jours-de-canicule-baisse-des-temperatures-sur-la-tunisie\/\",\"name\":\"Apr\u00e8s trois jours de canicule, baisse des temp\u00e9ratures sur la Tunisie - Kapitalis\",\"isPartOf\":{\"@id\":\"https:\/\/kapitalis.com\/tunisie\/#website\"},\"primaryImageOfPage\":{\"@id\":\"https:\/\/kapitalis.com\/tunisie\/2024\/06\/21\/apres-trois-jours-de-canicule-baisse-des-temperatures-sur-la-tunisie\/#primaryimage\"},\"image\":{\"@id\":\"https:\/\/kapitalis.com\/tunisie\/2024\/06\/21\/apres-trois-jours-de-canicule-baisse-des-temperatures-sur-la-tunisie\/#primaryimage\"},\"thumbnailUrl\":\"https:\/\/kapitalis.com\/tunisie\/wp-content\/uploads\/2024\/06\/Source-Eau-Oasis-de-Chebika.jpg\",\"datePublished\":\"2024-06-21T10:00:49+00:00\",\"dateModified\":\"2024-06-21T10:00:51+00:00\",\"breadcrumb\":{\"@id\":\"https:\/\/kapitalis.com\/tunisie\/2024\/06\/21\/apres-trois-jours-de-canicule-baisse-des-temperatures-sur-la-tunisie\/#breadcrumb\"},\"inLanguage\":\"fr-FR\",\"potentialAction\":[{\"@type\":\"ReadAction\",\"target\":[\"https:\/\/kapitalis.com\/tunisie\/2024\/06\/21\/apres-trois-jours-de-canicule-baisse-des-temperatures-sur-la-tunisie\/\"]}]},{\"@type\":\"ImageObject\",\"inLanguage\":\"fr-FR\",\"@id\":\"https:\/\/kapitalis.com\/tunisie\/2024\/06\/21\/apres-trois-jours-de-canicule-baisse-des-temperatures-sur-la-tunisie\/#primaryimage\",\"url\":\"https:\/\/kapitalis.com\/tunisie\/wp-content\/uploads\/2024\/06\/Source-Eau-Oasis-de-Chebika.jpg\",\"contentUrl\":\"https:\/\/kapitalis.com\/tunisie\/wp-content\/uploads\/2024\/06\/Source-Eau-Oasis-de-Chebika.jpg\",\"width\":1200,\"height\":630},{\"@type\":\"BreadcrumbList\",\"@id\":\"https:\/\/kapitalis.com\/tunisie\/2024\/06\/21\/apres-trois-jours-de-canicule-baisse-des-temperatures-sur-la-tunisie\/#breadcrumb\",\"itemListElement\":[{\"@type\":\"ListItem\",\"position\":1,\"name\":\"Accueil\",\"item\":\"https:\/\/kapitalis.com\/tunisie\/\"},{\"@type\":\"ListItem\",\"position\":2,\"name\":\"Apr\u00e8s trois jours de canicule, baisse des temp\u00e9ratures sur la Tunisie\"}]},{\"@type\":\"WebSite\",\"@id\":\"https:\/\/kapitalis.com\/tunisie\/#website\",\"url\":\"https:\/\/kapitalis.com\/tunisie\/\",\"name\":\"Kapitalis\",\"description\":\"L&#039;actualit\u00e9 en Tunisie et dans le monde\",\"publisher\":{\"@id\":\"https:\/\/kapitalis.com\/tunisie\/#organization\"},\"potentialAction\":[{\"@type\":\"SearchAction\",\"target\":{\"@type\":\"EntryPoint\",\"urlTemplate\":\"https:\/\/kapitalis.com\/tunisie\/?s={search_term_string}\"},\"query-input\":{\"@type\":\"PropertyValueSpecification\",\"valueRequired\":true,\"valueName\":\"search_term_string\"}}],\"inLanguage\":\"fr-FR\"},{\"@type\":\"Organization\",\"@id\":\"https:\/\/kapitalis.com\/tunisie\/#organization\",\"name\":\"Kapitalis\",\"url\":\"https:\/\/kapitalis.com\/tunisie\/\",\"logo\":{\"@type\":\"ImageObject\",\"inLanguage\":\"fr-FR\",\"@id\":\"https:\/\/kapitalis.com\/tunisie\/#\/schema\/logo\/image\/\",\"url\":\"https:\/\/kapitalis.com\/tunisie\/wp-content\/uploads\/2022\/05\/Kapitalis-big-size.png\",\"contentUrl\":\"https:\/\/kapitalis.com\/tunisie\/wp-content\/uploads\/2022\/05\/Kapitalis-big-size.png\",\"width\":5000,\"height\":1500,\"caption\":\"Kapitalis\"},\"image\":{\"@id\":\"https:\/\/kapitalis.com\/tunisie\/#\/schema\/logo\/image\/\"},\"sameAs\":[\"https:\/\/www.facebook.com\/KapitalisInfo\/\",\"https:\/\/x.com\/KapitalisInfo\",\"https:\/\/www.youtube.com\/channel\/UC-yDYrHyfFBWWZaOw3FPg9Q\"]},{\"@type\":\"Person\",\"@id\":\"https:\/\/kapitalis.com\/tunisie\/#\/schema\/person\/d71f33a9ca44f7bad4698210b480c8e9\",\"name\":\"webmaster kapitalis\",\"url\":\"https:\/\/kapitalis.com\/tunisie\/author\/webmaster-kapitalis\/\"}]}<\/script>\n<!-- \/ Yoast SEO plugin. -->","yoast_head_json":{"title":"Apr\u00e8s trois jours de canicule, baisse des temp\u00e9ratures sur la Tunisie - Kapitalis","robots":{"index":"index","follow":"follow","max-snippet":"max-snippet:-1","max-image-preview":"max-image-preview:large","max-video-preview":"max-video-preview:-1"},"canonical":"https:\/\/kapitalis.com\/tunisie\/2024\/06\/21\/apres-trois-jours-de-canicule-baisse-des-temperatures-sur-la-tunisie\/","og_locale":"fr_FR","og_type":"article","og_title":"Apr\u00e8s trois jours de canicule, baisse des temp\u00e9ratures sur la Tunisie - Kapitalis","og_description":"Apr\u00e8s trois jours de canicule, une nette baisse des temp\u00e9ratures sur toute la Tunisie.","og_url":"https:\/\/kapitalis.com\/tunisie\/2024\/06\/21\/apres-trois-jours-de-canicule-baisse-des-temperatures-sur-la-tunisie\/","og_site_name":"Kapitalis","article_publisher":"https:\/\/www.facebook.com\/KapitalisInfo\/","article_published_time":"2024-06-21T10:00:49+00:00","article_modified_time":"2024-06-21T10:00:51+00:00","og_image":[{"width":1200,"height":630,"url":"https:\/\/kapitalis.com\/tunisie\/wp-content\/uploads\/2024\/06\/Source-Eau-Oasis-de-Chebika.jpg","type":"image\/jpeg"}],"author":"webmaster kapitalis","twitter_card":"summary_large_image","twitter_creator":"@KapitalisInfo","twitter_site":"@KapitalisInfo","twitter_misc":{"\u00c9crit par":"webmaster kapitalis","Dur\u00e9e de lecture estim\u00e9e":"1 minute"},"schema":{"@context":"https:\/\/schema.org","@graph":[{"@type":"Article","@id":"https:\/\/kapitalis.com\/tunisie\/2024\/06\/21\/apres-trois-jours-de-canicule-baisse-des-temperatures-sur-la-tunisie\/#article","isPartOf":{"@id":"https:\/\/kapitalis.com\/tunisie\/2024\/06\/21\/apres-trois-jours-de-canicule-baisse-des-temperatures-sur-la-tunisie\/"},"author":{"name":"webmaster kapitalis","@id":"https:\/\/kapitalis.com\/tunisie\/#\/schema\/person\/d71f33a9ca44f7bad4698210b480c8e9"},"headline":"Apr\u00e8s trois jours de canicule, baisse des temp\u00e9ratures sur la Tunisie","datePublished":"2024-06-21T10:00:49+00:00","dateModified":"2024-06-21T10:00:51+00:00","mainEntityOfPage":{"@id":"https:\/\/kapitalis.com\/tunisie\/2024\/06\/21\/apres-trois-jours-de-canicule-baisse-des-temperatures-sur-la-tunisie\/"},"wordCount":132,"publisher":{"@id":"https:\/\/kapitalis.com\/tunisie\/#organization"},"image":{"@id":"https:\/\/kapitalis.com\/tunisie\/2024\/06\/21\/apres-trois-jours-de-canicule-baisse-des-temperatures-sur-la-tunisie\/#primaryimage"},"thumbnailUrl":"https:\/\/kapitalis.com\/tunisie\/wp-content\/uploads\/2024\/06\/Source-Eau-Oasis-de-Chebika.jpg","keywords":["canicule","Chebika","temp\u00e9ratures","Tozeur","Tunisie"],"articleSection":["SOCIETE","Tunisie"],"inLanguage":"fr-FR"},{"@type":"WebPage","@id":"https:\/\/kapitalis.com\/tunisie\/2024\/06\/21\/apres-trois-jours-de-canicule-baisse-des-temperatures-sur-la-tunisie\/","url":"https:\/\/kapitalis.com\/tunisie\/2024\/06\/21\/apres-trois-jours-de-canicule-baisse-des-temperatures-sur-la-tunisie\/","name":"Apr\u00e8s trois jours de canicule, baisse des temp\u00e9ratures sur la Tunisie - Kapitalis","isPartOf":{"@id":"https:\/\/kapitalis.com\/tunisie\/#website"},"primaryImageOfPage":{"@id":"https:\/\/kapitalis.com\/tunisie\/2024\/06\/21\/apres-trois-jours-de-canicule-baisse-des-temperatures-sur-la-tunisie\/#primaryimage"},"image":{"@id":"https:\/\/kapitalis.com\/tunisie\/2024\/06\/21\/apres-trois-jours-de-canicule-baisse-des-temperatures-sur-la-tunisie\/#primaryimage"},"thumbnailUrl":"https:\/\/kapitalis.com\/tunisie\/wp-content\/uploads\/2024\/06\/Source-Eau-Oasis-de-Chebika.jpg","datePublished":"2024-06-21T10:00:49+00:00","dateModified":"2024-06-21T10:00:51+00:00","breadcrumb":{"@id":"https:\/\/kapitalis.com\/tunisie\/2024\/06\/21\/apres-trois-jours-de-canicule-baisse-des-temperatures-sur-la-tunisie\/#breadcrumb"},"inLanguage":"fr-FR","potentialAction":[{"@type":"ReadAction","target":["https:\/\/kapitalis.com\/tunisie\/2024\/06\/21\/apres-trois-jours-de-canicule-baisse-des-temperatures-sur-la-tunisie\/"]}]},{"@type":"ImageObject","inLanguage":"fr-FR","@id":"https:\/\/kapitalis.com\/tunisie\/2024\/06\/21\/apres-trois-jours-de-canicule-baisse-des-temperatures-sur-la-tunisie\/#primaryimage","url":"https:\/\/kapitalis.com\/tunisie\/wp-content\/uploads\/2024\/06\/Source-Eau-Oasis-de-Chebika.jpg","contentUrl":"https:\/\/kapitalis.com\/tunisie\/wp-content\/uploads\/2024\/06\/Source-Eau-Oasis-de-Chebika.jpg","width":1200,"height":630},{"@type":"BreadcrumbList","@id":"https:\/\/kapitalis.com\/tunisie\/2024\/06\/21\/apres-trois-jours-de-canicule-baisse-des-temperatures-sur-la-tunisie\/#breadcrumb","itemListElement":[{"@type":"ListItem","position":1,"name":"Accueil","item":"https:\/\/kapitalis.com\/tunisie\/"},{"@type":"ListItem","position":2,"name":"Apr\u00e8s trois jours de canicule, baisse des temp\u00e9ratures sur la Tunisie"}]},{"@type":"WebSite","@id":"https:\/\/kapitalis.com\/tunisie\/#website","url":"https:\/\/kapitalis.com\/tunisie\/","name":"Kapitalis","description":"L&#039;actualit\u00e9 en Tunisie et dans le monde","publisher":{"@id":"https:\/\/kapitalis.com\/tunisie\/#organization"},"potentialAction":[{"@type":"SearchAction","target":{"@type":"EntryPoint","urlTemplate":"https:\/\/kapitalis.com\/tunisie\/?s={search_term_string}"},"query-input":{"@type":"PropertyValueSpecification","valueRequired":true,"valueName":"search_term_string"}}],"inLanguage":"fr-FR"},{"@type":"Organization","@id":"https:\/\/kapitalis.com\/tunisie\/#organization","name":"Kapitalis","url":"https:\/\/kapitalis.com\/tunisie\/","logo":{"@type":"ImageObject","inLanguage":"fr-FR","@id":"https:\/\/kapitalis.com\/tunisie\/#\/schema\/logo\/image\/","url":"https:\/\/kapitalis.com\/tunisie\/wp-content\/uploads\/2022\/05\/Kapitalis-big-size.png","contentUrl":"https:\/\/kapitalis.com\/tunisie\/wp-content\/uploads\/2022\/05\/Kapitalis-big-size.png","width":5000,"height":1500,"caption":"Kapitalis"},"image":{"@id":"https:\/\/kapitalis.com\/tunisie\/#\/schema\/logo\/image\/"},"sameAs":["https:\/\/www.facebook.com\/KapitalisInfo\/","https:\/\/x.com\/KapitalisInfo","https:\/\/www.youtube.com\/channel\/UC-yDYrHyfFBWWZaOw3FPg9Q"]},{"@type":"Person","@id":"https:\/\/kapitalis.com\/tunisie\/#\/schema\/person\/d71f33a9ca44f7bad4698210b480c8e9","name":"webmaster kapitalis","url":"https:\/\/kapitalis.com\/tunisie\/author\/webmaster-kapitalis\/"}]}},"_links":{"self":[{"href":"https:\/\/kapitalis.com\/tunisie\/wp-json\/wp\/v2\/posts\/13404475","targetHints":{"allow":["GET"]}}],"collection":[{"href":"https:\/\/kapitalis.com\/tunisie\/wp-json\/wp\/v2\/posts"}],"about":[{"href":"https:\/\/kapitalis.com\/tunisie\/wp-json\/wp\/v2\/types\/post"}],"author":[{"embeddable":true,"href":"https:\/\/kapitalis.com\/tunisie\/wp-json\/wp\/v2\/users\/8"}],"replies":[{"embeddable":true,"href":"https:\/\/kapitalis.com\/tunisie\/wp-json\/wp\/v2\/comments?post=13404475"}],"version-history":[{"count":1,"href":"https:\/\/kapitalis.com\/tunisie\/wp-json\/wp\/v2\/posts\/13404475\/revisions"}],"predecessor-version":[{"id":13404507,"href":"https:\/\/kapitalis.com\/tunisie\/wp-json\/wp\/v2\/posts\/13404475\/revisions\/13404507"}],"wp:featuredmedia":[{"embeddable":true,"href":"https:\/\/kapitalis.com\/tunisie\/wp-json\/wp\/v2\/media\/13404498"}],"wp:attachment":[{"href":"https:\/\/kapitalis.com\/tunisie\/wp-json\/wp\/v2\/media?parent=13404475"}],"wp:term":[{"taxonomy":"category","embeddable":true,"href":"https:\/\/kapitalis.com\/tunisie\/wp-json\/wp\/v2\/categories?post=13404475"},{"taxonomy":"post_tag","embeddable":true,"href":"https:\/\/kapitalis.com\/tunisie\/wp-json\/wp\/v2\/tags?post=13404475"}],"curies":[{"name":"wp","href":"https:\/\/api.w.org\/{rel}","templated":true}]}}