{"id":13405124,"date":"2024-06-21T12:55:43","date_gmt":"2024-06-21T11:55:43","guid":{"rendered":"https:\/\/kapitalis.com\/tunisie\/?p=13405124"},"modified":"2024-06-21T12:55:44","modified_gmt":"2024-06-21T11:55:44","slug":"selon-un-bilan-provisoire-49-pelerins-tunisiens-morts-lors-du-hajj","status":"publish","type":"post","link":"https:\/\/kapitalis.com\/tunisie\/2024\/06\/21\/selon-un-bilan-provisoire-49-pelerins-tunisiens-morts-lors-du-hajj\/","title":{"rendered":"Selon un bilan provisoire, 49 p\u00e8lerins tunisiens morts lors du hajj"},"content":{"rendered":"\n<p>\u00a0<strong><em>Au moins 49 p\u00e8lerins tunisiens ont trouv\u00e9 la mort dans les lieux saints lors de l\u2019accomplissement des rites du Hajj 2024, en Arabie saoudite, annonce le ministre des Affaires religieuses, Brahim Cha\u00efbi.<\/em><\/strong><\/p>\n\n\n\n<!--more-->\n\n\n\n<p>Dans une d\u00e9claration aux m\u00e9dias, vendredi 21 juin 2024, \u00e0 l\u2019occasion de l\u2019arriv\u00e9e du premier vol de retour des p\u00e8lerins tunisiens, le ministre a pr\u00e9cis\u00e9 que 44 p\u00e8lerins d\u00e9c\u00e9d\u00e9s sont arriv\u00e9s aux lieux saints avec un visa touristique. Traduire&nbsp;: ces derniers ne faisaient pas partie de la d\u00e9l\u00e9gation officielle, laquelle n\u2019a pas \u00e9t\u00e9 \u00e9pargn\u00e9e, puisqu\u2019elle a compt\u00e9 5 morts.<\/p>\n\n\n\n<p>Le ministre a soulign\u00e9 que le nombre de morts dans les rangs des p\u00e8lerins tunisiens pourrait augmenter, alors que les annonces de d\u00e9c\u00e8s de p\u00e8lerins foisonnent dans les r\u00e9seaux sociaux. &nbsp;<\/p>\n\n\n\n<p>Le consulat g\u00e9n\u00e9ral de la Tunisie \u00e0 Djeddah avait annonc\u00e9, mardi dernier, que 23 p\u00e8lerins tunisiens \u00e9taient d\u00e9c\u00e9d\u00e9s lors de l\u2019accomplissement des rites du p\u00e8lerinage \u00e0 la Mecque.<\/p>\n","protected":false},"excerpt":{"rendered":"<p>Au moins 49 p\u00e8lerins tunisiens ont trouv\u00e9 la mort dans les lieux saints. <\/p>\n","protected":false},"author":8,"featured_media":5968797,"comment_status":"closed","ping_status":"open","sticky":false,"template":"","format":"standard","meta":{"footnotes":""},"categories":[998,2433],"tags":[2638,98160,10300,6717,6022,62643],"class_list":["post-13405124","post","type-post","status-publish","format-standard","has-post-thumbnail","hentry","category-societe","category-tunisie","tag-arabie-saoudite","tag-brahim-chaibi","tag-djeddah","tag-hajj","tag-pelerins","tag-tunisie"],"yoast_head":"<!-- This site is optimized with the Yoast SEO plugin v26.6 - https:\/\/yoast.com\/wordpress\/plugins\/seo\/ -->\n<title>Selon un bilan provisoire, 49 p\u00e8lerins tunisiens morts lors du hajj - Kapitalis<\/title>\n<meta name=\"robots\" content=\"index, follow, max-snippet:-1, max-image-preview:large, max-video-preview:-1\" \/>\n<link rel=\"canonical\" href=\"https:\/\/kapitalis.com\/tunisie\/2024\/06\/21\/selon-un-bilan-provisoire-49-pelerins-tunisiens-morts-lors-du-hajj\/\" \/>\n<meta property=\"og:locale\" content=\"fr_FR\" \/>\n<meta property=\"og:type\" content=\"article\" \/>\n<meta property=\"og:title\" content=\"Selon un bilan provisoire, 49 p\u00e8lerins tunisiens morts lors du hajj - Kapitalis\" \/>\n<meta property=\"og:description\" content=\"Au moins 49 p\u00e8lerins tunisiens ont trouv\u00e9 la mort dans les lieux saints.\" \/>\n<meta property=\"og:url\" content=\"https:\/\/kapitalis.com\/tunisie\/2024\/06\/21\/selon-un-bilan-provisoire-49-pelerins-tunisiens-morts-lors-du-hajj\/\" \/>\n<meta property=\"og:site_name\" content=\"Kapitalis\" \/>\n<meta property=\"article:publisher\" content=\"https:\/\/www.facebook.com\/KapitalisInfo\/\" \/>\n<meta property=\"article:published_time\" content=\"2024-06-21T11:55:43+00:00\" \/>\n<meta property=\"article:modified_time\" content=\"2024-06-21T11:55:44+00:00\" \/>\n<meta property=\"og:image\" content=\"https:\/\/kapitalis.com\/tunisie\/wp-content\/uploads\/2023\/01\/Pelerins-Tunisiens.jpg\" \/>\n\t<meta property=\"og:image:width\" content=\"1200\" \/>\n\t<meta property=\"og:image:height\" content=\"630\" \/>\n\t<meta property=\"og:image:type\" content=\"image\/jpeg\" \/>\n<meta name=\"author\" content=\"webmaster kapitalis\" \/>\n<meta name=\"twitter:card\" content=\"summary_large_image\" \/>\n<meta name=\"twitter:creator\" content=\"@KapitalisInfo\" \/>\n<meta name=\"twitter:site\" content=\"@KapitalisInfo\" \/>\n<meta name=\"twitter:label1\" content=\"\u00c9crit par\" \/>\n\t<meta name=\"twitter:data1\" content=\"webmaster kapitalis\" \/>\n\t<meta name=\"twitter:label2\" content=\"Dur\u00e9e de lecture estim\u00e9e\" \/>\n\t<meta name=\"twitter:data2\" content=\"1 minute\" \/>\n<script type=\"application\/ld+json\" class=\"yoast-schema-graph\">{\"@context\":\"https:\/\/schema.org\",\"@graph\":[{\"@type\":\"Article\",\"@id\":\"https:\/\/kapitalis.com\/tunisie\/2024\/06\/21\/selon-un-bilan-provisoire-49-pelerins-tunisiens-morts-lors-du-hajj\/#article\",\"isPartOf\":{\"@id\":\"https:\/\/kapitalis.com\/tunisie\/2024\/06\/21\/selon-un-bilan-provisoire-49-pelerins-tunisiens-morts-lors-du-hajj\/\"},\"author\":{\"name\":\"webmaster kapitalis\",\"@id\":\"https:\/\/kapitalis.com\/tunisie\/#\/schema\/person\/d71f33a9ca44f7bad4698210b480c8e9\"},\"headline\":\"Selon un bilan provisoire, 49 p\u00e8lerins tunisiens morts lors du hajj\",\"datePublished\":\"2024-06-21T11:55:43+00:00\",\"dateModified\":\"2024-06-21T11:55:44+00:00\",\"mainEntityOfPage\":{\"@id\":\"https:\/\/kapitalis.com\/tunisie\/2024\/06\/21\/selon-un-bilan-provisoire-49-pelerins-tunisiens-morts-lors-du-hajj\/\"},\"wordCount\":185,\"publisher\":{\"@id\":\"https:\/\/kapitalis.com\/tunisie\/#organization\"},\"image\":{\"@id\":\"https:\/\/kapitalis.com\/tunisie\/2024\/06\/21\/selon-un-bilan-provisoire-49-pelerins-tunisiens-morts-lors-du-hajj\/#primaryimage\"},\"thumbnailUrl\":\"https:\/\/kapitalis.com\/tunisie\/wp-content\/uploads\/2023\/01\/Pelerins-Tunisiens.jpg\",\"keywords\":[\"Arabie saoudite\",\"Brahim Cha\u00efbi\",\"Djeddah\",\"hajj\",\"p\u00e8lerins\",\"Tunisie\"],\"articleSection\":[\"SOCIETE\",\"Tunisie\"],\"inLanguage\":\"fr-FR\"},{\"@type\":\"WebPage\",\"@id\":\"https:\/\/kapitalis.com\/tunisie\/2024\/06\/21\/selon-un-bilan-provisoire-49-pelerins-tunisiens-morts-lors-du-hajj\/\",\"url\":\"https:\/\/kapitalis.com\/tunisie\/2024\/06\/21\/selon-un-bilan-provisoire-49-pelerins-tunisiens-morts-lors-du-hajj\/\",\"name\":\"Selon un bilan provisoire, 49 p\u00e8lerins tunisiens morts lors du hajj - Kapitalis\",\"isPartOf\":{\"@id\":\"https:\/\/kapitalis.com\/tunisie\/#website\"},\"primaryImageOfPage\":{\"@id\":\"https:\/\/kapitalis.com\/tunisie\/2024\/06\/21\/selon-un-bilan-provisoire-49-pelerins-tunisiens-morts-lors-du-hajj\/#primaryimage\"},\"image\":{\"@id\":\"https:\/\/kapitalis.com\/tunisie\/2024\/06\/21\/selon-un-bilan-provisoire-49-pelerins-tunisiens-morts-lors-du-hajj\/#primaryimage\"},\"thumbnailUrl\":\"https:\/\/kapitalis.com\/tunisie\/wp-content\/uploads\/2023\/01\/Pelerins-Tunisiens.jpg\",\"datePublished\":\"2024-06-21T11:55:43+00:00\",\"dateModified\":\"2024-06-21T11:55:44+00:00\",\"breadcrumb\":{\"@id\":\"https:\/\/kapitalis.com\/tunisie\/2024\/06\/21\/selon-un-bilan-provisoire-49-pelerins-tunisiens-morts-lors-du-hajj\/#breadcrumb\"},\"inLanguage\":\"fr-FR\",\"potentialAction\":[{\"@type\":\"ReadAction\",\"target\":[\"https:\/\/kapitalis.com\/tunisie\/2024\/06\/21\/selon-un-bilan-provisoire-49-pelerins-tunisiens-morts-lors-du-hajj\/\"]}]},{\"@type\":\"ImageObject\",\"inLanguage\":\"fr-FR\",\"@id\":\"https:\/\/kapitalis.com\/tunisie\/2024\/06\/21\/selon-un-bilan-provisoire-49-pelerins-tunisiens-morts-lors-du-hajj\/#primaryimage\",\"url\":\"https:\/\/kapitalis.com\/tunisie\/wp-content\/uploads\/2023\/01\/Pelerins-Tunisiens.jpg\",\"contentUrl\":\"https:\/\/kapitalis.com\/tunisie\/wp-content\/uploads\/2023\/01\/Pelerins-Tunisiens.jpg\",\"width\":1200,\"height\":630},{\"@type\":\"BreadcrumbList\",\"@id\":\"https:\/\/kapitalis.com\/tunisie\/2024\/06\/21\/selon-un-bilan-provisoire-49-pelerins-tunisiens-morts-lors-du-hajj\/#breadcrumb\",\"itemListElement\":[{\"@type\":\"ListItem\",\"position\":1,\"name\":\"Accueil\",\"item\":\"https:\/\/kapitalis.com\/tunisie\/\"},{\"@type\":\"ListItem\",\"position\":2,\"name\":\"Selon un bilan provisoire, 49 p\u00e8lerins tunisiens morts lors du hajj\"}]},{\"@type\":\"WebSite\",\"@id\":\"https:\/\/kapitalis.com\/tunisie\/#website\",\"url\":\"https:\/\/kapitalis.com\/tunisie\/\",\"name\":\"Kapitalis\",\"description\":\"L&#039;actualit\u00e9 en Tunisie et dans le monde\",\"publisher\":{\"@id\":\"https:\/\/kapitalis.com\/tunisie\/#organization\"},\"potentialAction\":[{\"@type\":\"SearchAction\",\"target\":{\"@type\":\"EntryPoint\",\"urlTemplate\":\"https:\/\/kapitalis.com\/tunisie\/?s={search_term_string}\"},\"query-input\":{\"@type\":\"PropertyValueSpecification\",\"valueRequired\":true,\"valueName\":\"search_term_string\"}}],\"inLanguage\":\"fr-FR\"},{\"@type\":\"Organization\",\"@id\":\"https:\/\/kapitalis.com\/tunisie\/#organization\",\"name\":\"Kapitalis\",\"url\":\"https:\/\/kapitalis.com\/tunisie\/\",\"logo\":{\"@type\":\"ImageObject\",\"inLanguage\":\"fr-FR\",\"@id\":\"https:\/\/kapitalis.com\/tunisie\/#\/schema\/logo\/image\/\",\"url\":\"https:\/\/kapitalis.com\/tunisie\/wp-content\/uploads\/2022\/05\/Kapitalis-big-size.png\",\"contentUrl\":\"https:\/\/kapitalis.com\/tunisie\/wp-content\/uploads\/2022\/05\/Kapitalis-big-size.png\",\"width\":5000,\"height\":1500,\"caption\":\"Kapitalis\"},\"image\":{\"@id\":\"https:\/\/kapitalis.com\/tunisie\/#\/schema\/logo\/image\/\"},\"sameAs\":[\"https:\/\/www.facebook.com\/KapitalisInfo\/\",\"https:\/\/x.com\/KapitalisInfo\",\"https:\/\/www.youtube.com\/channel\/UC-yDYrHyfFBWWZaOw3FPg9Q\"]},{\"@type\":\"Person\",\"@id\":\"https:\/\/kapitalis.com\/tunisie\/#\/schema\/person\/d71f33a9ca44f7bad4698210b480c8e9\",\"name\":\"webmaster kapitalis\",\"url\":\"https:\/\/kapitalis.com\/tunisie\/author\/webmaster-kapitalis\/\"}]}<\/script>\n<!-- \/ Yoast SEO plugin. -->","yoast_head_json":{"title":"Selon un bilan provisoire, 49 p\u00e8lerins tunisiens morts lors du hajj - Kapitalis","robots":{"index":"index","follow":"follow","max-snippet":"max-snippet:-1","max-image-preview":"max-image-preview:large","max-video-preview":"max-video-preview:-1"},"canonical":"https:\/\/kapitalis.com\/tunisie\/2024\/06\/21\/selon-un-bilan-provisoire-49-pelerins-tunisiens-morts-lors-du-hajj\/","og_locale":"fr_FR","og_type":"article","og_title":"Selon un bilan provisoire, 49 p\u00e8lerins tunisiens morts lors du hajj - Kapitalis","og_description":"Au moins 49 p\u00e8lerins tunisiens ont trouv\u00e9 la mort dans les lieux saints.","og_url":"https:\/\/kapitalis.com\/tunisie\/2024\/06\/21\/selon-un-bilan-provisoire-49-pelerins-tunisiens-morts-lors-du-hajj\/","og_site_name":"Kapitalis","article_publisher":"https:\/\/www.facebook.com\/KapitalisInfo\/","article_published_time":"2024-06-21T11:55:43+00:00","article_modified_time":"2024-06-21T11:55:44+00:00","og_image":[{"width":1200,"height":630,"url":"https:\/\/kapitalis.com\/tunisie\/wp-content\/uploads\/2023\/01\/Pelerins-Tunisiens.jpg","type":"image\/jpeg"}],"author":"webmaster kapitalis","twitter_card":"summary_large_image","twitter_creator":"@KapitalisInfo","twitter_site":"@KapitalisInfo","twitter_misc":{"\u00c9crit par":"webmaster kapitalis","Dur\u00e9e de lecture estim\u00e9e":"1 minute"},"schema":{"@context":"https:\/\/schema.org","@graph":[{"@type":"Article","@id":"https:\/\/kapitalis.com\/tunisie\/2024\/06\/21\/selon-un-bilan-provisoire-49-pelerins-tunisiens-morts-lors-du-hajj\/#article","isPartOf":{"@id":"https:\/\/kapitalis.com\/tunisie\/2024\/06\/21\/selon-un-bilan-provisoire-49-pelerins-tunisiens-morts-lors-du-hajj\/"},"author":{"name":"webmaster kapitalis","@id":"https:\/\/kapitalis.com\/tunisie\/#\/schema\/person\/d71f33a9ca44f7bad4698210b480c8e9"},"headline":"Selon un bilan provisoire, 49 p\u00e8lerins tunisiens morts lors du hajj","datePublished":"2024-06-21T11:55:43+00:00","dateModified":"2024-06-21T11:55:44+00:00","mainEntityOfPage":{"@id":"https:\/\/kapitalis.com\/tunisie\/2024\/06\/21\/selon-un-bilan-provisoire-49-pelerins-tunisiens-morts-lors-du-hajj\/"},"wordCount":185,"publisher":{"@id":"https:\/\/kapitalis.com\/tunisie\/#organization"},"image":{"@id":"https:\/\/kapitalis.com\/tunisie\/2024\/06\/21\/selon-un-bilan-provisoire-49-pelerins-tunisiens-morts-lors-du-hajj\/#primaryimage"},"thumbnailUrl":"https:\/\/kapitalis.com\/tunisie\/wp-content\/uploads\/2023\/01\/Pelerins-Tunisiens.jpg","keywords":["Arabie saoudite","Brahim Cha\u00efbi","Djeddah","hajj","p\u00e8lerins","Tunisie"],"articleSection":["SOCIETE","Tunisie"],"inLanguage":"fr-FR"},{"@type":"WebPage","@id":"https:\/\/kapitalis.com\/tunisie\/2024\/06\/21\/selon-un-bilan-provisoire-49-pelerins-tunisiens-morts-lors-du-hajj\/","url":"https:\/\/kapitalis.com\/tunisie\/2024\/06\/21\/selon-un-bilan-provisoire-49-pelerins-tunisiens-morts-lors-du-hajj\/","name":"Selon un bilan provisoire, 49 p\u00e8lerins tunisiens morts lors du hajj - Kapitalis","isPartOf":{"@id":"https:\/\/kapitalis.com\/tunisie\/#website"},"primaryImageOfPage":{"@id":"https:\/\/kapitalis.com\/tunisie\/2024\/06\/21\/selon-un-bilan-provisoire-49-pelerins-tunisiens-morts-lors-du-hajj\/#primaryimage"},"image":{"@id":"https:\/\/kapitalis.com\/tunisie\/2024\/06\/21\/selon-un-bilan-provisoire-49-pelerins-tunisiens-morts-lors-du-hajj\/#primaryimage"},"thumbnailUrl":"https:\/\/kapitalis.com\/tunisie\/wp-content\/uploads\/2023\/01\/Pelerins-Tunisiens.jpg","datePublished":"2024-06-21T11:55:43+00:00","dateModified":"2024-06-21T11:55:44+00:00","breadcrumb":{"@id":"https:\/\/kapitalis.com\/tunisie\/2024\/06\/21\/selon-un-bilan-provisoire-49-pelerins-tunisiens-morts-lors-du-hajj\/#breadcrumb"},"inLanguage":"fr-FR","potentialAction":[{"@type":"ReadAction","target":["https:\/\/kapitalis.com\/tunisie\/2024\/06\/21\/selon-un-bilan-provisoire-49-pelerins-tunisiens-morts-lors-du-hajj\/"]}]},{"@type":"ImageObject","inLanguage":"fr-FR","@id":"https:\/\/kapitalis.com\/tunisie\/2024\/06\/21\/selon-un-bilan-provisoire-49-pelerins-tunisiens-morts-lors-du-hajj\/#primaryimage","url":"https:\/\/kapitalis.com\/tunisie\/wp-content\/uploads\/2023\/01\/Pelerins-Tunisiens.jpg","contentUrl":"https:\/\/kapitalis.com\/tunisie\/wp-content\/uploads\/2023\/01\/Pelerins-Tunisiens.jpg","width":1200,"height":630},{"@type":"BreadcrumbList","@id":"https:\/\/kapitalis.com\/tunisie\/2024\/06\/21\/selon-un-bilan-provisoire-49-pelerins-tunisiens-morts-lors-du-hajj\/#breadcrumb","itemListElement":[{"@type":"ListItem","position":1,"name":"Accueil","item":"https:\/\/kapitalis.com\/tunisie\/"},{"@type":"ListItem","position":2,"name":"Selon un bilan provisoire, 49 p\u00e8lerins tunisiens morts lors du hajj"}]},{"@type":"WebSite","@id":"https:\/\/kapitalis.com\/tunisie\/#website","url":"https:\/\/kapitalis.com\/tunisie\/","name":"Kapitalis","description":"L&#039;actualit\u00e9 en Tunisie et dans le monde","publisher":{"@id":"https:\/\/kapitalis.com\/tunisie\/#organization"},"potentialAction":[{"@type":"SearchAction","target":{"@type":"EntryPoint","urlTemplate":"https:\/\/kapitalis.com\/tunisie\/?s={search_term_string}"},"query-input":{"@type":"PropertyValueSpecification","valueRequired":true,"valueName":"search_term_string"}}],"inLanguage":"fr-FR"},{"@type":"Organization","@id":"https:\/\/kapitalis.com\/tunisie\/#organization","name":"Kapitalis","url":"https:\/\/kapitalis.com\/tunisie\/","logo":{"@type":"ImageObject","inLanguage":"fr-FR","@id":"https:\/\/kapitalis.com\/tunisie\/#\/schema\/logo\/image\/","url":"https:\/\/kapitalis.com\/tunisie\/wp-content\/uploads\/2022\/05\/Kapitalis-big-size.png","contentUrl":"https:\/\/kapitalis.com\/tunisie\/wp-content\/uploads\/2022\/05\/Kapitalis-big-size.png","width":5000,"height":1500,"caption":"Kapitalis"},"image":{"@id":"https:\/\/kapitalis.com\/tunisie\/#\/schema\/logo\/image\/"},"sameAs":["https:\/\/www.facebook.com\/KapitalisInfo\/","https:\/\/x.com\/KapitalisInfo","https:\/\/www.youtube.com\/channel\/UC-yDYrHyfFBWWZaOw3FPg9Q"]},{"@type":"Person","@id":"https:\/\/kapitalis.com\/tunisie\/#\/schema\/person\/d71f33a9ca44f7bad4698210b480c8e9","name":"webmaster kapitalis","url":"https:\/\/kapitalis.com\/tunisie\/author\/webmaster-kapitalis\/"}]}},"_links":{"self":[{"href":"https:\/\/kapitalis.com\/tunisie\/wp-json\/wp\/v2\/posts\/13405124","targetHints":{"allow":["GET"]}}],"collection":[{"href":"https:\/\/kapitalis.com\/tunisie\/wp-json\/wp\/v2\/posts"}],"about":[{"href":"https:\/\/kapitalis.com\/tunisie\/wp-json\/wp\/v2\/types\/post"}],"author":[{"embeddable":true,"href":"https:\/\/kapitalis.com\/tunisie\/wp-json\/wp\/v2\/users\/8"}],"replies":[{"embeddable":true,"href":"https:\/\/kapitalis.com\/tunisie\/wp-json\/wp\/v2\/comments?post=13405124"}],"version-history":[{"count":1,"href":"https:\/\/kapitalis.com\/tunisie\/wp-json\/wp\/v2\/posts\/13405124\/revisions"}],"predecessor-version":[{"id":13405137,"href":"https:\/\/kapitalis.com\/tunisie\/wp-json\/wp\/v2\/posts\/13405124\/revisions\/13405137"}],"wp:featuredmedia":[{"embeddable":true,"href":"https:\/\/kapitalis.com\/tunisie\/wp-json\/wp\/v2\/media\/5968797"}],"wp:attachment":[{"href":"https:\/\/kapitalis.com\/tunisie\/wp-json\/wp\/v2\/media?parent=13405124"}],"wp:term":[{"taxonomy":"category","embeddable":true,"href":"https:\/\/kapitalis.com\/tunisie\/wp-json\/wp\/v2\/categories?post=13405124"},{"taxonomy":"post_tag","embeddable":true,"href":"https:\/\/kapitalis.com\/tunisie\/wp-json\/wp\/v2\/tags?post=13405124"}],"curies":[{"name":"wp","href":"https:\/\/api.w.org\/{rel}","templated":true}]}}