{"id":13414111,"date":"2024-06-22T11:09:56","date_gmt":"2024-06-22T10:09:56","guid":{"rendered":"https:\/\/kapitalis.com\/tunisie\/?p=13414111"},"modified":"2024-06-22T11:09:58","modified_gmt":"2024-06-22T10:09:58","slug":"la-tunisie-a-t-elle-encore-besoin-de-ses-architectes","status":"publish","type":"post","link":"https:\/\/kapitalis.com\/tunisie\/2024\/06\/22\/la-tunisie-a-t-elle-encore-besoin-de-ses-architectes\/","title":{"rendered":"La Tunisie a-t-elle encore besoin de ses architectes\u00a0?"},"content":{"rendered":"\n<p><strong><em>Nous faisons tout, en Tunisie, pour m\u00e9riter notre statut de pays sous-d\u00e9velopp\u00e9, et cela ne se limite pas seulement au fait que nous aimons vivre dans des conditions insalubres. Gouvernants et citoyens ont d\u00e9cid\u00e9 que les choses doivent rester dans l\u2019\u00e9tat de pr\u00e9carit\u00e9 o\u00f9 elles sont depuis toujours. Comment, vous demandez-vous? Notamment en r\u00e9duisant le r\u00f4le de l\u2019architecte et de l\u2019urbaniste \u00e0 une simple formalit\u00e9.<\/em><\/strong> (Illustration : <\/p>\n\n\n\n<p><strong>Ilyes Bellagha *<\/strong><\/p>\n\n\n\n<!--more-->\n\n\n<div class=\"wp-block-image\">\n<figure class=\"alignleft size-full\"><img loading=\"lazy\" decoding=\"async\" width=\"200\" height=\"200\" src=\"https:\/\/kapitalis.com\/tunisie\/wp-content\/uploads\/2023\/01\/Ilyes-Bellagha.jpg\" alt=\"\" class=\"wp-image-6080029\" srcset=\"https:\/\/kapitalis.com\/tunisie\/wp-content\/uploads\/2023\/01\/Ilyes-Bellagha.jpg 200w, https:\/\/kapitalis.com\/tunisie\/wp-content\/uploads\/2023\/01\/Ilyes-Bellagha-150x150.jpg 150w, https:\/\/kapitalis.com\/tunisie\/wp-content\/uploads\/2023\/01\/Ilyes-Bellagha-120x120.jpg 120w\" sizes=\"auto, (max-width: 200px) 100vw, 200px\" \/><\/figure>\n<\/div>\n\n\n<p>Partout o\u00f9 ils se soucient du bien-\u00eatre de leurs concitoyens, les dirigeants mettent les architectes et les urbanistes sur les devants de la sc\u00e8ne, sauf chez nous o\u00f9, pour avoir n\u00e9glig\u00e9 notre cadre de vie, nous avons manqu\u00e9 le train du d\u00e9veloppement. En fait, nous avons manqu\u00e9 deux rendez-vous cruciaux pour notre pays, ceux du 14 janvier 2011 et du 25 juillet 2021, changements politiques majeurs qui ne se sont pas traduits, pour les citoyens, par une am\u00e9lioration notable de leur cadre de vie.<\/p>\n\n\n\n<p>Les citoyens ont droit \u00e0 une vie de qualit\u00e9, et ce droit m\u00e9rite peut-\u00eatre un minist\u00e8re d\u00e9di\u00e9. Comprenez bien, chez nous, les architectes sont prisonniers d\u2019un minist\u00e8re, l\u2019Equipement et l\u2019Habitat, qui confond \u0153uvre et ouvrage, conception et travaux, et il suffit de voir le b\u00e2timent morne et triste o\u00f9 il est log\u00e9 pour mesurer l\u2019importance qu\u2019il accorde \u00e0 la qualit\u00e9 de la vie.<\/p>\n\n\n\n<p>Pour son 25<sup>e<\/sup> congr\u00e8s \u00e9lectif, l\u2019Ordre national des architectes doit faire, lui aussi, un bilan de ses r\u00e9alisations, plut\u00f4t rares, et de ses \u00e9checs, assez nombreux. Et son plus grand \u00e9chec r\u00e9side dans le fait que, par son inaction, il s\u2019est rendu complice de la marginalisation de la profession.<\/p>\n\n\n\n<figure class=\"wp-block-embed is-type-wp-embed is-provider-kapitalis wp-block-embed-kapitalis\"><div class=\"wp-block-embed__wrapper\">\n<blockquote class=\"wp-embedded-content\" data-secret=\"Kd5r0VMYYW\"><a href=\"https:\/\/kapitalis.com\/tunisie\/2022\/04\/08\/tunisie-a-propos-des-demolitions-de-constructions-anarchiques-a-sousse\/\">Tunisie : A propos des d\u00e9molitions de constructions anarchiques \u00e0 Sousse<\/a><\/blockquote><iframe loading=\"lazy\" class=\"wp-embedded-content\" sandbox=\"allow-scripts\" security=\"restricted\" style=\"position: absolute; clip: rect(1px, 1px, 1px, 1px);\" title=\"\u00ab\u00a0Tunisie : A propos des d\u00e9molitions de constructions anarchiques \u00e0 Sousse\u00a0\u00bb &#8212; Kapitalis\" src=\"https:\/\/kapitalis.com\/tunisie\/2022\/04\/08\/tunisie-a-propos-des-demolitions-de-constructions-anarchiques-a-sousse\/embed\/#?secret=ZnqvXvU8fd#?secret=Kd5r0VMYYW\" data-secret=\"Kd5r0VMYYW\" width=\"600\" height=\"338\" frameborder=\"0\" marginwidth=\"0\" marginheight=\"0\" scrolling=\"no\"><\/iframe>\n<\/div><\/figure>\n\n\n\n<p>Architectes, r\u00e9veillez-vous ! Aucun prince sur son cheval blanc ne viendra vous sauver. La Tunisie vous appartient plus qu\u2019aux ministres qui se succ\u00e8dent, et laissent la situation g\u00e9n\u00e9rale dans le pays se d\u00e9t\u00e9riorer davantage. Vous devez lutter contre l\u2019ignorance et l\u2019incomp\u00e9tence des dirigeants, dont certains devraient \u00eatre \u00e9loign\u00e9s pour le bien de la communaut\u00e9. Sinon, comment expliquer qu\u2019avec un si grand nombre d\u2019architectes sur le march\u00e9, nous ayons un paysage urbain aussi laid et aussi m\u00e9diocre. Rappelez-moi si j\u2019ai oubli\u00e9 une seule \u0153uvre digne d\u2019\u00eatre mentionn\u00e9e qui aurait \u00e9t\u00e9 r\u00e9alis\u00e9e au cours des derni\u00e8res d\u00e9cennies\u00a0!<\/p>\n\n\n\n<p>Est-il concevable aussi qu\u2019en Tunisie, l\u2019habitat spontan\u00e9 repr\u00e9sente une proportion si significative du paysage urbain ? Selon les donn\u00e9es disponibles, pr\u00e8s de la moiti\u00e9 du parc immobilier national est constitu\u00e9 d\u2019habitats informels, c\u2019est-\u00e0-dire non autoris\u00e9s voire anarchiques. Ce fl\u00e9au s\u2019est aggrav\u00e9, passant de 12% en 2010 \u00e0 pr\u00e8s de 48% en 2021. Ces habitats spontan\u00e9s se sont d\u00e9velopp\u00e9s principalement en raison de l\u2019absence de logements ad\u00e9quats et accessibles pour une large partie de la population. Des logements con\u00e7us par des architectes, dont le r\u00f4le est fondamental dans la mise en place d\u2019un cadre de vie agr\u00e9able. Ne sont-ce pas eux qui con\u00e7oivent des b\u00e2timents et des espaces urbains fonctionnels, esth\u00e9tiques et durables, r\u00e9pondant aux besoins de la soci\u00e9t\u00e9&nbsp;? En int\u00e9grant les traditions et l\u2019histoire locales dans leurs designs, ne pr\u00e9servent-ils pas l\u2019identit\u00e9 culturelle de la communaut\u00e9&nbsp;? Par l\u2019innovation, en introduisant de nouvelles technologies et des mat\u00e9riaux innovants, tels ceux garantissant l\u2019efficacit\u00e9 \u00e9nerg\u00e9tique, n\u2019am\u00e9liorent-ils pas la qualit\u00e9 de vie des citoyens&nbsp;? Ne jouent-ils pas \u00e9galement un r\u00f4le crucial dans la conception de b\u00e2timents \u00e9cologiques, r\u00e9duisant ainsi l\u2019empreinte carbone et promouvant un d\u00e9veloppement durable&nbsp;? Ne contribuent-t-ils pas, ce faisant, \u00e0 la cr\u00e9ation d\u2019espaces publics accessibles et inclusifs, favorisant l\u2019interaction sociale et la coh\u00e9sion de communaut\u00e9&nbsp;?<\/p>\n\n\n\n<figure class=\"wp-block-embed is-type-wp-embed is-provider-kapitalis wp-block-embed-kapitalis\"><div class=\"wp-block-embed__wrapper\">\n<blockquote class=\"wp-embedded-content\" data-secret=\"ozc0M4hdE1\"><a href=\"https:\/\/kapitalis.com\/tunisie\/2017\/12\/29\/attribution-marches-publics-blues-architectes-tunisiens\/\">Attribution des march\u00e9s publics : Le blues des architectes tunisiens<\/a><\/blockquote><iframe loading=\"lazy\" class=\"wp-embedded-content\" sandbox=\"allow-scripts\" security=\"restricted\" style=\"position: absolute; clip: rect(1px, 1px, 1px, 1px);\" title=\"\u00ab\u00a0Attribution des march\u00e9s publics : Le blues des architectes tunisiens\u00a0\u00bb &#8212; Kapitalis\" src=\"https:\/\/kapitalis.com\/tunisie\/2017\/12\/29\/attribution-marches-publics-blues-architectes-tunisiens\/embed\/#?secret=3KY5Z1sQgA#?secret=ozc0M4hdE1\" data-secret=\"ozc0M4hdE1\" width=\"600\" height=\"338\" frameborder=\"0\" marginwidth=\"0\" marginheight=\"0\" scrolling=\"no\"><\/iframe>\n<\/div><\/figure>\n\n\n\n<p>Bref, l\u2019architecte fa\u00e7onne non seulement l\u2019environnement b\u00e2ti, mais aussi les dynamiques sociales et culturelles&nbsp;et contribue \u00e0 l\u2019\u00e9dification d\u2019une nation et au d\u00e9veloppement d\u2019une civilisation. C\u2019est pourquoi son r\u00f4le doit \u00eatre valoris\u00e9 dans une soci\u00e9t\u00e9 qui aspire au d\u00e9veloppement. Mais ce n\u2019est malheureusement pas le cas en Tunisie, o\u00f9 les architectes sont consid\u00e9r\u00e9s comme la cinqui\u00e8me roue de la charrette.<\/p>\n\n\n\n<p>C\u2019est pour cela que le Conseil de l\u2019ordre des architectes, qui s\u2019appr\u00eate \u00e0 tenir son 26<sup>e<\/sup> congr\u00e8s, a beaucoup de pain sur la planche pour redorer le blason des architectes et, d\u2019abord, pour les imposer comme des artistes avant tout, confront\u00e9s \u00e0 une administration \u00e0 la fois sourde et bavarde, qui multiplie d\u00e9crets et arr\u00eat\u00e9s dont l\u2019unique but est de marginaliser les architectes et de r\u00e9duire leur r\u00f4le dans la soci\u00e9t\u00e9 \u00e0 de simples comparses sans impact r\u00e9el sur la vie de leurs compatriotes.<\/p>\n\n\n\n<p><em>* Architecte.\u00a0<\/em><\/p>\n\n\n\n<figure class=\"wp-block-embed is-type-wp-embed is-provider-kapitalis wp-block-embed-kapitalis\"><div class=\"wp-block-embed__wrapper\">\n<blockquote class=\"wp-embedded-content\" data-secret=\"c65L6OMAvD\"><a href=\"https:\/\/kapitalis.com\/tunisie\/2018\/01\/24\/tunisie-les-villes-sont-moches-mais-que-font-les-architectes\/\">Tunisie : Les villes sont moches, mais que font les architectes ?<\/a><\/blockquote><iframe loading=\"lazy\" class=\"wp-embedded-content\" sandbox=\"allow-scripts\" security=\"restricted\" style=\"position: absolute; clip: rect(1px, 1px, 1px, 1px);\" title=\"\u00ab\u00a0Tunisie : Les villes sont moches, mais que font les architectes ?\u00a0\u00bb &#8212; Kapitalis\" src=\"https:\/\/kapitalis.com\/tunisie\/2018\/01\/24\/tunisie-les-villes-sont-moches-mais-que-font-les-architectes\/embed\/#?secret=OHnLA9jisI#?secret=c65L6OMAvD\" data-secret=\"c65L6OMAvD\" width=\"600\" height=\"338\" frameborder=\"0\" marginwidth=\"0\" marginheight=\"0\" scrolling=\"no\"><\/iframe>\n<\/div><\/figure>\n","protected":false},"excerpt":{"rendered":"<p>En Tunisie, pr\u00e8s de la moiti\u00e9 du parc immobilier est constitu\u00e9 d\u2019habitats informels. <\/p>\n","protected":false},"author":8,"featured_media":13036119,"comment_status":"closed","ping_status":"open","sticky":false,"template":"","format":"standard","meta":{"footnotes":""},"categories":[992,994,995,1000,2433],"tags":[79086,1089,6865,116450,105019,116449,62643,86032],"class_list":["post-13414111","post","type-post","status-publish","format-standard","has-post-thumbnail","hentry","category-a-la-une","category-culture","category-economie","category-tribune","category-tunisie","tag-architecture","tag-equipement","tag-habitat","tag-habitats-informels","tag-ilyes-bellagha","tag-ordre-des-architectes","tag-tunisie","tag-urbanisme"],"yoast_head":"<!-- This site is optimized with the Yoast SEO plugin v26.6 - https:\/\/yoast.com\/wordpress\/plugins\/seo\/ -->\n<title>La Tunisie a-t-elle encore besoin de ses architectes\u00a0? - Kapitalis<\/title>\n<meta name=\"robots\" content=\"index, follow, max-snippet:-1, max-image-preview:large, max-video-preview:-1\" \/>\n<link rel=\"canonical\" href=\"https:\/\/kapitalis.com\/tunisie\/2024\/06\/22\/la-tunisie-a-t-elle-encore-besoin-de-ses-architectes\/\" \/>\n<meta property=\"og:locale\" content=\"fr_FR\" \/>\n<meta property=\"og:type\" content=\"article\" \/>\n<meta property=\"og:title\" content=\"La Tunisie a-t-elle encore besoin de ses architectes\u00a0? - Kapitalis\" \/>\n<meta property=\"og:description\" content=\"En Tunisie, pr\u00e8s de la moiti\u00e9 du parc immobilier est constitu\u00e9 d\u2019habitats informels.\" \/>\n<meta property=\"og:url\" content=\"https:\/\/kapitalis.com\/tunisie\/2024\/06\/22\/la-tunisie-a-t-elle-encore-besoin-de-ses-architectes\/\" \/>\n<meta property=\"og:site_name\" content=\"Kapitalis\" \/>\n<meta property=\"article:publisher\" content=\"https:\/\/www.facebook.com\/KapitalisInfo\/\" \/>\n<meta property=\"article:published_time\" content=\"2024-06-22T10:09:56+00:00\" \/>\n<meta property=\"article:modified_time\" content=\"2024-06-22T10:09:58+00:00\" \/>\n<meta property=\"og:image\" content=\"https:\/\/kapitalis.com\/tunisie\/wp-content\/uploads\/2024\/05\/Construction-anarchique.jpg\" \/>\n\t<meta property=\"og:image:width\" content=\"1200\" \/>\n\t<meta property=\"og:image:height\" content=\"630\" \/>\n\t<meta property=\"og:image:type\" content=\"image\/jpeg\" \/>\n<meta name=\"author\" content=\"webmaster kapitalis\" \/>\n<meta name=\"twitter:card\" content=\"summary_large_image\" \/>\n<meta name=\"twitter:creator\" content=\"@KapitalisInfo\" \/>\n<meta name=\"twitter:site\" content=\"@KapitalisInfo\" \/>\n<meta name=\"twitter:label1\" content=\"\u00c9crit par\" \/>\n\t<meta name=\"twitter:data1\" content=\"webmaster kapitalis\" \/>\n\t<meta name=\"twitter:label2\" content=\"Dur\u00e9e de lecture estim\u00e9e\" \/>\n\t<meta name=\"twitter:data2\" content=\"5 minutes\" \/>\n<script type=\"application\/ld+json\" class=\"yoast-schema-graph\">{\"@context\":\"https:\/\/schema.org\",\"@graph\":[{\"@type\":\"Article\",\"@id\":\"https:\/\/kapitalis.com\/tunisie\/2024\/06\/22\/la-tunisie-a-t-elle-encore-besoin-de-ses-architectes\/#article\",\"isPartOf\":{\"@id\":\"https:\/\/kapitalis.com\/tunisie\/2024\/06\/22\/la-tunisie-a-t-elle-encore-besoin-de-ses-architectes\/\"},\"author\":{\"name\":\"webmaster kapitalis\",\"@id\":\"https:\/\/kapitalis.com\/tunisie\/#\/schema\/person\/d71f33a9ca44f7bad4698210b480c8e9\"},\"headline\":\"La Tunisie a-t-elle encore besoin de ses architectes\u00a0?\",\"datePublished\":\"2024-06-22T10:09:56+00:00\",\"dateModified\":\"2024-06-22T10:09:58+00:00\",\"mainEntityOfPage\":{\"@id\":\"https:\/\/kapitalis.com\/tunisie\/2024\/06\/22\/la-tunisie-a-t-elle-encore-besoin-de-ses-architectes\/\"},\"wordCount\":844,\"publisher\":{\"@id\":\"https:\/\/kapitalis.com\/tunisie\/#organization\"},\"image\":{\"@id\":\"https:\/\/kapitalis.com\/tunisie\/2024\/06\/22\/la-tunisie-a-t-elle-encore-besoin-de-ses-architectes\/#primaryimage\"},\"thumbnailUrl\":\"https:\/\/kapitalis.com\/tunisie\/wp-content\/uploads\/2024\/05\/Construction-anarchique.jpg\",\"keywords\":[\"architecture\",\"\u00e9quipement\",\"habitat\",\"habitats informels\",\"Ilyes Bellagha\",\"Ordre des architectes\",\"Tunisie\",\"urbanisme\"],\"articleSection\":[\"A LA UNE\",\"CULTURE\",\"ECONOMIE\",\"TRIBUNE\",\"Tunisie\"],\"inLanguage\":\"fr-FR\"},{\"@type\":\"WebPage\",\"@id\":\"https:\/\/kapitalis.com\/tunisie\/2024\/06\/22\/la-tunisie-a-t-elle-encore-besoin-de-ses-architectes\/\",\"url\":\"https:\/\/kapitalis.com\/tunisie\/2024\/06\/22\/la-tunisie-a-t-elle-encore-besoin-de-ses-architectes\/\",\"name\":\"La Tunisie a-t-elle encore besoin de ses architectes\u00a0? - Kapitalis\",\"isPartOf\":{\"@id\":\"https:\/\/kapitalis.com\/tunisie\/#website\"},\"primaryImageOfPage\":{\"@id\":\"https:\/\/kapitalis.com\/tunisie\/2024\/06\/22\/la-tunisie-a-t-elle-encore-besoin-de-ses-architectes\/#primaryimage\"},\"image\":{\"@id\":\"https:\/\/kapitalis.com\/tunisie\/2024\/06\/22\/la-tunisie-a-t-elle-encore-besoin-de-ses-architectes\/#primaryimage\"},\"thumbnailUrl\":\"https:\/\/kapitalis.com\/tunisie\/wp-content\/uploads\/2024\/05\/Construction-anarchique.jpg\",\"datePublished\":\"2024-06-22T10:09:56+00:00\",\"dateModified\":\"2024-06-22T10:09:58+00:00\",\"breadcrumb\":{\"@id\":\"https:\/\/kapitalis.com\/tunisie\/2024\/06\/22\/la-tunisie-a-t-elle-encore-besoin-de-ses-architectes\/#breadcrumb\"},\"inLanguage\":\"fr-FR\",\"potentialAction\":[{\"@type\":\"ReadAction\",\"target\":[\"https:\/\/kapitalis.com\/tunisie\/2024\/06\/22\/la-tunisie-a-t-elle-encore-besoin-de-ses-architectes\/\"]}]},{\"@type\":\"ImageObject\",\"inLanguage\":\"fr-FR\",\"@id\":\"https:\/\/kapitalis.com\/tunisie\/2024\/06\/22\/la-tunisie-a-t-elle-encore-besoin-de-ses-architectes\/#primaryimage\",\"url\":\"https:\/\/kapitalis.com\/tunisie\/wp-content\/uploads\/2024\/05\/Construction-anarchique.jpg\",\"contentUrl\":\"https:\/\/kapitalis.com\/tunisie\/wp-content\/uploads\/2024\/05\/Construction-anarchique.jpg\",\"width\":1200,\"height\":630},{\"@type\":\"BreadcrumbList\",\"@id\":\"https:\/\/kapitalis.com\/tunisie\/2024\/06\/22\/la-tunisie-a-t-elle-encore-besoin-de-ses-architectes\/#breadcrumb\",\"itemListElement\":[{\"@type\":\"ListItem\",\"position\":1,\"name\":\"Accueil\",\"item\":\"https:\/\/kapitalis.com\/tunisie\/\"},{\"@type\":\"ListItem\",\"position\":2,\"name\":\"La Tunisie a-t-elle encore besoin de ses architectes\u00a0?\"}]},{\"@type\":\"WebSite\",\"@id\":\"https:\/\/kapitalis.com\/tunisie\/#website\",\"url\":\"https:\/\/kapitalis.com\/tunisie\/\",\"name\":\"Kapitalis\",\"description\":\"L&#039;actualit\u00e9 en Tunisie et dans le monde\",\"publisher\":{\"@id\":\"https:\/\/kapitalis.com\/tunisie\/#organization\"},\"potentialAction\":[{\"@type\":\"SearchAction\",\"target\":{\"@type\":\"EntryPoint\",\"urlTemplate\":\"https:\/\/kapitalis.com\/tunisie\/?s={search_term_string}\"},\"query-input\":{\"@type\":\"PropertyValueSpecification\",\"valueRequired\":true,\"valueName\":\"search_term_string\"}}],\"inLanguage\":\"fr-FR\"},{\"@type\":\"Organization\",\"@id\":\"https:\/\/kapitalis.com\/tunisie\/#organization\",\"name\":\"Kapitalis\",\"url\":\"https:\/\/kapitalis.com\/tunisie\/\",\"logo\":{\"@type\":\"ImageObject\",\"inLanguage\":\"fr-FR\",\"@id\":\"https:\/\/kapitalis.com\/tunisie\/#\/schema\/logo\/image\/\",\"url\":\"https:\/\/kapitalis.com\/tunisie\/wp-content\/uploads\/2022\/05\/Kapitalis-big-size.png\",\"contentUrl\":\"https:\/\/kapitalis.com\/tunisie\/wp-content\/uploads\/2022\/05\/Kapitalis-big-size.png\",\"width\":5000,\"height\":1500,\"caption\":\"Kapitalis\"},\"image\":{\"@id\":\"https:\/\/kapitalis.com\/tunisie\/#\/schema\/logo\/image\/\"},\"sameAs\":[\"https:\/\/www.facebook.com\/KapitalisInfo\/\",\"https:\/\/x.com\/KapitalisInfo\",\"https:\/\/www.youtube.com\/channel\/UC-yDYrHyfFBWWZaOw3FPg9Q\"]},{\"@type\":\"Person\",\"@id\":\"https:\/\/kapitalis.com\/tunisie\/#\/schema\/person\/d71f33a9ca44f7bad4698210b480c8e9\",\"name\":\"webmaster kapitalis\",\"url\":\"https:\/\/kapitalis.com\/tunisie\/author\/webmaster-kapitalis\/\"}]}<\/script>\n<!-- \/ Yoast SEO plugin. -->","yoast_head_json":{"title":"La Tunisie a-t-elle encore besoin de ses architectes\u00a0? - Kapitalis","robots":{"index":"index","follow":"follow","max-snippet":"max-snippet:-1","max-image-preview":"max-image-preview:large","max-video-preview":"max-video-preview:-1"},"canonical":"https:\/\/kapitalis.com\/tunisie\/2024\/06\/22\/la-tunisie-a-t-elle-encore-besoin-de-ses-architectes\/","og_locale":"fr_FR","og_type":"article","og_title":"La Tunisie a-t-elle encore besoin de ses architectes\u00a0? - Kapitalis","og_description":"En Tunisie, pr\u00e8s de la moiti\u00e9 du parc immobilier est constitu\u00e9 d\u2019habitats informels.","og_url":"https:\/\/kapitalis.com\/tunisie\/2024\/06\/22\/la-tunisie-a-t-elle-encore-besoin-de-ses-architectes\/","og_site_name":"Kapitalis","article_publisher":"https:\/\/www.facebook.com\/KapitalisInfo\/","article_published_time":"2024-06-22T10:09:56+00:00","article_modified_time":"2024-06-22T10:09:58+00:00","og_image":[{"width":1200,"height":630,"url":"https:\/\/kapitalis.com\/tunisie\/wp-content\/uploads\/2024\/05\/Construction-anarchique.jpg","type":"image\/jpeg"}],"author":"webmaster kapitalis","twitter_card":"summary_large_image","twitter_creator":"@KapitalisInfo","twitter_site":"@KapitalisInfo","twitter_misc":{"\u00c9crit par":"webmaster kapitalis","Dur\u00e9e de lecture estim\u00e9e":"5 minutes"},"schema":{"@context":"https:\/\/schema.org","@graph":[{"@type":"Article","@id":"https:\/\/kapitalis.com\/tunisie\/2024\/06\/22\/la-tunisie-a-t-elle-encore-besoin-de-ses-architectes\/#article","isPartOf":{"@id":"https:\/\/kapitalis.com\/tunisie\/2024\/06\/22\/la-tunisie-a-t-elle-encore-besoin-de-ses-architectes\/"},"author":{"name":"webmaster kapitalis","@id":"https:\/\/kapitalis.com\/tunisie\/#\/schema\/person\/d71f33a9ca44f7bad4698210b480c8e9"},"headline":"La Tunisie a-t-elle encore besoin de ses architectes\u00a0?","datePublished":"2024-06-22T10:09:56+00:00","dateModified":"2024-06-22T10:09:58+00:00","mainEntityOfPage":{"@id":"https:\/\/kapitalis.com\/tunisie\/2024\/06\/22\/la-tunisie-a-t-elle-encore-besoin-de-ses-architectes\/"},"wordCount":844,"publisher":{"@id":"https:\/\/kapitalis.com\/tunisie\/#organization"},"image":{"@id":"https:\/\/kapitalis.com\/tunisie\/2024\/06\/22\/la-tunisie-a-t-elle-encore-besoin-de-ses-architectes\/#primaryimage"},"thumbnailUrl":"https:\/\/kapitalis.com\/tunisie\/wp-content\/uploads\/2024\/05\/Construction-anarchique.jpg","keywords":["architecture","\u00e9quipement","habitat","habitats informels","Ilyes Bellagha","Ordre des architectes","Tunisie","urbanisme"],"articleSection":["A LA UNE","CULTURE","ECONOMIE","TRIBUNE","Tunisie"],"inLanguage":"fr-FR"},{"@type":"WebPage","@id":"https:\/\/kapitalis.com\/tunisie\/2024\/06\/22\/la-tunisie-a-t-elle-encore-besoin-de-ses-architectes\/","url":"https:\/\/kapitalis.com\/tunisie\/2024\/06\/22\/la-tunisie-a-t-elle-encore-besoin-de-ses-architectes\/","name":"La Tunisie a-t-elle encore besoin de ses architectes\u00a0? - Kapitalis","isPartOf":{"@id":"https:\/\/kapitalis.com\/tunisie\/#website"},"primaryImageOfPage":{"@id":"https:\/\/kapitalis.com\/tunisie\/2024\/06\/22\/la-tunisie-a-t-elle-encore-besoin-de-ses-architectes\/#primaryimage"},"image":{"@id":"https:\/\/kapitalis.com\/tunisie\/2024\/06\/22\/la-tunisie-a-t-elle-encore-besoin-de-ses-architectes\/#primaryimage"},"thumbnailUrl":"https:\/\/kapitalis.com\/tunisie\/wp-content\/uploads\/2024\/05\/Construction-anarchique.jpg","datePublished":"2024-06-22T10:09:56+00:00","dateModified":"2024-06-22T10:09:58+00:00","breadcrumb":{"@id":"https:\/\/kapitalis.com\/tunisie\/2024\/06\/22\/la-tunisie-a-t-elle-encore-besoin-de-ses-architectes\/#breadcrumb"},"inLanguage":"fr-FR","potentialAction":[{"@type":"ReadAction","target":["https:\/\/kapitalis.com\/tunisie\/2024\/06\/22\/la-tunisie-a-t-elle-encore-besoin-de-ses-architectes\/"]}]},{"@type":"ImageObject","inLanguage":"fr-FR","@id":"https:\/\/kapitalis.com\/tunisie\/2024\/06\/22\/la-tunisie-a-t-elle-encore-besoin-de-ses-architectes\/#primaryimage","url":"https:\/\/kapitalis.com\/tunisie\/wp-content\/uploads\/2024\/05\/Construction-anarchique.jpg","contentUrl":"https:\/\/kapitalis.com\/tunisie\/wp-content\/uploads\/2024\/05\/Construction-anarchique.jpg","width":1200,"height":630},{"@type":"BreadcrumbList","@id":"https:\/\/kapitalis.com\/tunisie\/2024\/06\/22\/la-tunisie-a-t-elle-encore-besoin-de-ses-architectes\/#breadcrumb","itemListElement":[{"@type":"ListItem","position":1,"name":"Accueil","item":"https:\/\/kapitalis.com\/tunisie\/"},{"@type":"ListItem","position":2,"name":"La Tunisie a-t-elle encore besoin de ses architectes\u00a0?"}]},{"@type":"WebSite","@id":"https:\/\/kapitalis.com\/tunisie\/#website","url":"https:\/\/kapitalis.com\/tunisie\/","name":"Kapitalis","description":"L&#039;actualit\u00e9 en Tunisie et dans le monde","publisher":{"@id":"https:\/\/kapitalis.com\/tunisie\/#organization"},"potentialAction":[{"@type":"SearchAction","target":{"@type":"EntryPoint","urlTemplate":"https:\/\/kapitalis.com\/tunisie\/?s={search_term_string}"},"query-input":{"@type":"PropertyValueSpecification","valueRequired":true,"valueName":"search_term_string"}}],"inLanguage":"fr-FR"},{"@type":"Organization","@id":"https:\/\/kapitalis.com\/tunisie\/#organization","name":"Kapitalis","url":"https:\/\/kapitalis.com\/tunisie\/","logo":{"@type":"ImageObject","inLanguage":"fr-FR","@id":"https:\/\/kapitalis.com\/tunisie\/#\/schema\/logo\/image\/","url":"https:\/\/kapitalis.com\/tunisie\/wp-content\/uploads\/2022\/05\/Kapitalis-big-size.png","contentUrl":"https:\/\/kapitalis.com\/tunisie\/wp-content\/uploads\/2022\/05\/Kapitalis-big-size.png","width":5000,"height":1500,"caption":"Kapitalis"},"image":{"@id":"https:\/\/kapitalis.com\/tunisie\/#\/schema\/logo\/image\/"},"sameAs":["https:\/\/www.facebook.com\/KapitalisInfo\/","https:\/\/x.com\/KapitalisInfo","https:\/\/www.youtube.com\/channel\/UC-yDYrHyfFBWWZaOw3FPg9Q"]},{"@type":"Person","@id":"https:\/\/kapitalis.com\/tunisie\/#\/schema\/person\/d71f33a9ca44f7bad4698210b480c8e9","name":"webmaster kapitalis","url":"https:\/\/kapitalis.com\/tunisie\/author\/webmaster-kapitalis\/"}]}},"_links":{"self":[{"href":"https:\/\/kapitalis.com\/tunisie\/wp-json\/wp\/v2\/posts\/13414111","targetHints":{"allow":["GET"]}}],"collection":[{"href":"https:\/\/kapitalis.com\/tunisie\/wp-json\/wp\/v2\/posts"}],"about":[{"href":"https:\/\/kapitalis.com\/tunisie\/wp-json\/wp\/v2\/types\/post"}],"author":[{"embeddable":true,"href":"https:\/\/kapitalis.com\/tunisie\/wp-json\/wp\/v2\/users\/8"}],"replies":[{"embeddable":true,"href":"https:\/\/kapitalis.com\/tunisie\/wp-json\/wp\/v2\/comments?post=13414111"}],"version-history":[{"count":1,"href":"https:\/\/kapitalis.com\/tunisie\/wp-json\/wp\/v2\/posts\/13414111\/revisions"}],"predecessor-version":[{"id":13414211,"href":"https:\/\/kapitalis.com\/tunisie\/wp-json\/wp\/v2\/posts\/13414111\/revisions\/13414211"}],"wp:featuredmedia":[{"embeddable":true,"href":"https:\/\/kapitalis.com\/tunisie\/wp-json\/wp\/v2\/media\/13036119"}],"wp:attachment":[{"href":"https:\/\/kapitalis.com\/tunisie\/wp-json\/wp\/v2\/media?parent=13414111"}],"wp:term":[{"taxonomy":"category","embeddable":true,"href":"https:\/\/kapitalis.com\/tunisie\/wp-json\/wp\/v2\/categories?post=13414111"},{"taxonomy":"post_tag","embeddable":true,"href":"https:\/\/kapitalis.com\/tunisie\/wp-json\/wp\/v2\/tags?post=13414111"}],"curies":[{"name":"wp","href":"https:\/\/api.w.org\/{rel}","templated":true}]}}