{"id":13428880,"date":"2024-06-24T10:57:53","date_gmt":"2024-06-24T09:57:53","guid":{"rendered":"https:\/\/kapitalis.com\/tunisie\/?p=13428880"},"modified":"2024-06-24T10:57:54","modified_gmt":"2024-06-24T09:57:54","slug":"le-fiasco-du-port-flottant-de-biden-a-gaza","status":"publish","type":"post","link":"https:\/\/kapitalis.com\/tunisie\/2024\/06\/24\/le-fiasco-du-port-flottant-de-biden-a-gaza\/","title":{"rendered":"Le fiasco du port flottant de Biden \u00e0 Gaza"},"content":{"rendered":"\n<p><strong><em>Le projet de port flottant au large de Gaza que Joe Biden avait pr\u00e9sent\u00e9 comme la solution pour faire parvenir l\u2019aide humanitaire pour les habitants de Gaza soumis \u00e0 l\u2019occupation g\u00e9nocidaire d\u2019Isra\u00ebl, s\u2019est av\u00e9r\u00e9 une catastrophe pour eux. Non seulement ce \u00abprojet\u00bb pernicieux qui est en r\u00e9alit\u00e9 une <a href=\"https:\/\/kapitalis.com\/tunisie\/2024\/03\/12\/le-port-flottant-de-biden-a-gaza-est-une-idee-de-netanyahu\/\" target=\"_blank\" rel=\"noreferrer noopener\">id\u00e9e souffl\u00e9e par Benjamin Netanyahu<\/a> visait \u00e0 acc\u00e9l\u00e9rer la <a href=\"https:\/\/kapitalis.com\/tunisie\/2024\/03\/09\/avec-son-port-flottant-a-gaza-biden-met-le-dernier-clou-dans-le-cercueil-de-lunrwa\/\" target=\"_blank\" rel=\"noreferrer noopener\">destruction de l\u2019UNRWA<\/a> pour tenter de s\u2019y substituer mais il confirme jour apr\u00e8s jour son inefficacit\u00e9 et pire ses s\u00e9rieuses failles op\u00e9rationnelles. Un v\u00e9ritable fiasco.\u00a0<\/em><\/strong><em>(Ph. US Army Central\/Reuters).<\/em><\/p>\n\n\n\n<p><strong>Imed Bahri<\/strong><\/p>\n\n\n\n<!--more-->\n\n\n\n<p>Julian Borger, correspondant du journal britannique <em><a href=\"https:\/\/www.theguardian.com\/world\/article\/2024\/jun\/23\/they-miscalculated-gazas-floating-aid-pier-failing-to-deliver-in-rough-seas\" target=\"_blank\" rel=\"noreferrer noopener\">The Guardian<\/a><\/em> \u00e0 Washington, a affirm\u00e9 que l\u2019avenir du port flottant que les \u00c9tats-Unis ont construit au large de Gaza \u00e9tait en question et que c\u2019\u00e9tait une erreur de calcul de la part des responsables am\u00e9ricains car le projet qui a co\u00fbt\u00e9 230 millions de dollars n\u2019a pas pu r\u00e9sister aux conditions maritimes difficiles et ne peut pas fournir les aides humanitaires \u00e0 ceux qui en ont besoin dans la bande de Gaza en raison de l\u2019absence de conditions de s\u00e9curit\u00e9.\u00a0<\/p>\n\n\n\n<p>Son avenir est donc remis en question car il n\u2019a \u00e9t\u00e9 utilis\u00e9 que pendant 12 jours depuis sa mise en service le 17 mai. Pendant cette p\u00e9riode d\u2019op\u00e9ration, l\u2019aide a \u00e9t\u00e9 jet\u00e9e sur la plage car il n\u2019y avait pas de camions pour la distribuer aux entrep\u00f4ts de la bande de Gaza en raison du manque de s\u00e9curit\u00e9.<\/p>\n\n\n\n<p>Le projet n\u2019a pas r\u00e9pondu aux attentes et lorsque le pr\u00e9sident Biden l\u2019a annonc\u00e9 dans son discours sur l\u2019\u00e9tat de l\u2019Union qu\u2019il a prononc\u00e9 le 7 mars, il avait d\u00e9clar\u00e9 que le quai flottant <em>\u00abentra\u00eenera une augmentation tr\u00e8s importante du volume de l\u2019aide humanitaire entrant \u00e0 Gaza chaque jour\u00bb<\/em>. Or, il n\u2019en fut rien\u2026<\/p>\n\n\n\n<h2 class=\"wp-block-heading\">Un \u00abmachin\u00bb couteux, inutile et bient\u00f4t d\u00e9mantel\u00e9 &nbsp;<\/h2>\n\n\n\n<p>La construction de la jet\u00e9e a pris deux mois car elle \u00e9tait install\u00e9e \u00e0 des kilom\u00e8tres de la c\u00f4te de Gaza. Environ 1000 soldats am\u00e9ricains ont travaill\u00e9 \u00e0 sa construction ainsi qu\u2019au navire de la marine am\u00e9ricaine le Cardican B qui servait de logement aux soldats.<\/p>\n\n\n\n<p>Pendant la courte p\u00e9riode d\u2019exploitation du quai, seuls 250 camions d\u2019aide humanitaire (4100 tonnes) ont \u00e9t\u00e9 transport\u00e9s \u00e0 Gaza, arriv\u00e9s par le couloir maritime, soit la moiti\u00e9 de ce qui arrive par voie terrestre \u00e0 Gaza en une journ\u00e9e. Les aides arriv\u00e9es sont rest\u00e9s bloqu\u00e9s au bout du couloir dans la zone de l\u2019organisation implant\u00e9e sur la plage. Depuis que 274 Palestiniens ont \u00e9t\u00e9 tu\u00e9s lors d\u2019une op\u00e9ration isra\u00e9lienne visant \u00e0 lib\u00e9rer quatre d\u00e9tenus isra\u00e9lien dans le camp de Nuseirat, le Programme alimentaire mondial (Pam) a d\u00e9cid\u00e9 de suspendre ses op\u00e9rations dans la bande de Gaza o\u00f9 ses camions \u00e9taient cens\u00e9s transporter la nourriture depuis la zone de l\u2019organisation et les acheminer par camions vers les zones de Gaza. Le programme indique que l\u2019examen de la situation s\u00e9curitaire est en cours.<\/p>\n\n\n\n<figure class=\"wp-block-embed is-type-wp-embed is-provider-kapitalis wp-block-embed-kapitalis\"><div class=\"wp-block-embed__wrapper\">\n<blockquote class=\"wp-embedded-content\" data-secret=\"mIs1GTLkjX\"><a href=\"https:\/\/kapitalis.com\/tunisie\/2024\/03\/12\/le-port-flottant-de-biden-a-gaza-est-une-idee-de-netanyahu\/\">Le port flottant de Biden \u00e0 Gaza est une id\u00e9e de&#8230; Netanyahu!<\/a><\/blockquote><iframe loading=\"lazy\" class=\"wp-embedded-content\" sandbox=\"allow-scripts\" security=\"restricted\" style=\"position: absolute; clip: rect(1px, 1px, 1px, 1px);\" title=\"\u00ab\u00a0Le port flottant de Biden \u00e0 Gaza est une id\u00e9e de&#8230; Netanyahu!\u00a0\u00bb &#8212; Kapitalis\" src=\"https:\/\/kapitalis.com\/tunisie\/2024\/03\/12\/le-port-flottant-de-biden-a-gaza-est-une-idee-de-netanyahu\/embed\/#?secret=AZymrN889s#?secret=mIs1GTLkjX\" data-secret=\"mIs1GTLkjX\" width=\"600\" height=\"338\" frameborder=\"0\" marginwidth=\"0\" marginheight=\"0\" scrolling=\"no\"><\/iframe>\n<\/div><\/figure>\n\n\n\n<p>Les conditions maritimes ont \u00e9galement contribu\u00e9 \u00e0 g\u00eaner les travaux de la jet\u00e9e car les conditions dans la zone de la M\u00e9diterran\u00e9e orientale n\u2019\u00e9taient pas aussi calmes que pr\u00e9vu.<\/p>\n\n\n\n<p>Le Pentagone a appel\u00e9 la jet\u00e9e flottante Joint Logistics Across the Shore (Glotus) car elle a \u00e9t\u00e9 con\u00e7ue pour r\u00e9sister aux conditions de mer de classe III qui d\u00e9finissent des niveaux de vagues compris entre 0,5 et 1,25 m\u00e8tres. Les concepteurs esp\u00e9raient que la mer resterait calme entre le printemps et l&rsquo;\u00e9t\u00e9 jusqu\u2019au d\u00e9but du mois de septembre mais la jet\u00e9e a subi de graves dommages le 25 mai, car les vagues \u00e9taient inhabituellement agit\u00e9es.<\/p>\n\n\n\n<p>Apr\u00e8s avoir \u00e9t\u00e9 r\u00e9par\u00e9 dans le port d\u2019Ashdod, en Isra\u00ebl, le quai flottant a \u00e9t\u00e9 remis \u00e0 sa place et a commenc\u00e9 ses activit\u00e9s le 8 juin mais il a fonctionn\u00e9 pendant une seule journ\u00e9e avant que les op\u00e9rations ne soient suspendues pendant deux jours suppl\u00e9mentaires.<\/p>\n\n\n\n<p>Le 14 juin, le quai a \u00e9t\u00e9 d\u00e9mantel\u00e9 et de nouveau exp\u00e9di\u00e9 au port d\u2019Ashdod par mesure de pr\u00e9caution contre les vagues tumultueuses. Il a \u00e9t\u00e9 restitu\u00e9 \u00e0 nouveau vendredi 21 juin et a \u00e9t\u00e9 utilis\u00e9 depuis lors pour charger 4160 tonnes. Cependant, des rapports indiquent la possibilit\u00e9 de le d\u00e9manteler le mois prochain, en raison de son incapacit\u00e9 \u00e0 r\u00e9sister aux conditions turbulentes en mer.<\/p>\n\n\n\n<p><em>\u00abIls ont mal \u00e9valu\u00e9\u00bb<\/em>, a comment\u00e9 Stephen Morrison, directeur adjoint du Centre d\u2019\u00e9tudes strat\u00e9giques et internationales.<em> \u00abIls n\u2019ont pas pleinement compris ce qui allait se passer en termes de m\u00e9t\u00e9o et le minist\u00e8re de la D\u00e9fense a abandonn\u00e9 et a \u00e9t\u00e9 clairement humili\u00e9\u00bb<\/em>, ajoute-t-il.&nbsp;<\/p>\n\n\n\n<p>Le Pentagone a quant lui reconnu les d\u00e9fis auxquels est confront\u00e9 le quai flottant mais a ni\u00e9 avoir pris la d\u00e9cision de le d\u00e9manteler avant la date pr\u00e9vue. Son porte-parole, le g\u00e9n\u00e9ral Patrick Ryder, a d\u00e9clar\u00e9: <em>\u00abNous n\u2019avons pas encore d\u00e9cid\u00e9 de la date d\u00e9finitive de la mission contrairement \u00e0 ce que rapportent les m\u00e9dias \u00e0 ce sujet.\u00bb<\/em><\/p>\n\n\n\n<p>La construction du quai visait \u00e0 cr\u00e9er un couloir ind\u00e9pendant d\u2019Isra\u00ebl par lequel l\u2019aide humanitaire pourrait entrer dans la bande d\u00e9vast\u00e9e et assi\u00e9g\u00e9e apr\u00e8s que l\u2019administration Biden se soit sentie frustr\u00e9e par le manque de points de passage suffisants pour que l\u2019aide humanitaire et les secours puissent entrer \u00e0 Gaza. Les organisations humanitaires impliqu\u00e9es dans la fourniture de l&rsquo;aide d&rsquo;urgence ont d\u00e9clar\u00e9 que quelque chose vaut mieux que rien mais elles ont exprim\u00e9 leurs inqui\u00e9tudes quant \u00e0 la construction d&rsquo;une jet\u00e9e co\u00fbteuse dans un contexte de matraquage m\u00e9diatique qui a d\u00e9tourn\u00e9 l&rsquo;attention de la pression politique exerc\u00e9e sur Isra\u00ebl pour ouvrir les passages terrestres aux camions ce qui est le moyen le plus efficace de fournir de la nourriture.<\/p>\n\n\n\n<h2 class=\"wp-block-heading\">Gaza priv\u00e9e d\u2019aide humanitaire \u00e0 cause du vide s\u00e9curitaire<\/h2>\n\n\n\n<figure class=\"wp-block-embed is-type-wp-embed is-provider-kapitalis wp-block-embed-kapitalis\"><div class=\"wp-block-embed__wrapper\">\n<blockquote class=\"wp-embedded-content\" data-secret=\"Rewd0ynIKd\"><a href=\"https:\/\/kapitalis.com\/tunisie\/2024\/03\/09\/avec-son-port-flottant-a-gaza-biden-met-le-dernier-clou-dans-le-cercueil-de-lunrwa\/\">Avec son port flottant \u00e0 Gaza, Biden met le dernier clou dans le cercueil de l\u2019UNRWA<\/a><\/blockquote><iframe loading=\"lazy\" class=\"wp-embedded-content\" sandbox=\"allow-scripts\" security=\"restricted\" style=\"position: absolute; clip: rect(1px, 1px, 1px, 1px);\" title=\"\u00ab\u00a0Avec son port flottant \u00e0 Gaza, Biden met le dernier clou dans le cercueil de l\u2019UNRWA\u00a0\u00bb &#8212; Kapitalis\" src=\"https:\/\/kapitalis.com\/tunisie\/2024\/03\/09\/avec-son-port-flottant-a-gaza-biden-met-le-dernier-clou-dans-le-cercueil-de-lunrwa\/embed\/#?secret=gXS3RNb8qM#?secret=Rewd0ynIKd\" data-secret=\"Rewd0ynIKd\" width=\"600\" height=\"338\" frameborder=\"0\" marginwidth=\"0\" marginheight=\"0\" scrolling=\"no\"><\/iframe>\n<\/div><\/figure>\n\n\n\n<p>Ziad Issa, directeur de recherche \u00e0 l\u2019organisation humanitaire britannique ActionAid, a d\u00e9clar\u00e9 que le nombre de camions entrant quotidiennement \u00e0 Gaza \u00e9tait tomb\u00e9 \u00e0 100 au cours de la premi\u00e8re quinzaine de juin. L\u2019aide n\u2019a pas \u00e9t\u00e9 distribu\u00e9e dans la bande de Gaza en raison des conditions de s\u00e9curit\u00e9. Le terminal de Rafah a cess\u00e9 de fonctionner depuis que l\u2019arm\u00e9e isra\u00e9lienne en a pris le contr\u00f4le le 7 mai et les camions ont \u00e9t\u00e9 d\u00e9tourn\u00e9s vers le poste-fronti\u00e8re de Karam Abu Salem (surnomm\u00e9 Kerem Shalom par les Isra\u00e9liens), dans le sud de la bande de Gaza mais les routes \u00e0 partir de l\u00e0 sont rest\u00e9es dangereuses. Issa a d\u00e9clar\u00e9: <em>\u00abLes travailleurs humanitaires et les routes ne sont pas en s\u00e9curit\u00e9 en raison des bombardements continus sur Gaza\u00bb<\/em>, et a ajout\u00e9: <em>\u00abNous n\u2019avons vu aucun changement depuis l\u2019annonce de la cessation tactique\u00bb<\/em>, faisant r\u00e9f\u00e9rence \u00e0 l\u2019annonce par l&rsquo;arm\u00e9e isra\u00e9lienne d\u2019une cessation tactique des op\u00e9rations, dimanche dernier.<\/p>\n\n\n\n<p>L\u2019arm\u00e9e isra\u00e9lienne constitue non seulement une menace pour le processus de distribution de l\u2019aide humanitaire mais les camions sont \u00e9galement soumis aux attaques des groupes de voleurs \u00e0 main arm\u00e9e qui se sont renforc\u00e9s au milieu des rues d\u00e9truites de Gaza. L\u2019UNRWA comptait sur la police palestinienne pour distribuer l\u2019aide mais Isra\u00ebl a cibl\u00e9 les policiers car ils \u00e9taient affili\u00e9s au gouvernement du Hamas. En son absence, un vide s\u00e9curitaire est apparu.<\/p>\n\n\n\n<p>Isra\u00ebl, en revanche, a refus\u00e9 de traiter avec l\u2019UNRWA apr\u00e8s avoir accus\u00e9 des employ\u00e9s de l\u2019institution onusienne d\u2019avoir particip\u00e9 \u00e0 l\u2019op\u00e9ration D\u00e9luge d&rsquo;Al-Aqsa le 7 octobre dernier sans fournir jusque-l\u00e0 la moindre de preuve de l&rsquo;implication pr\u00e9sum\u00e9e de 12 employ\u00e9s dans les attaques.<\/p>\n\n\n\n<p>Les \u00c9tats-Unis ont convaincu le Programme alimentaire mondial (Pam) de distribuer les produits transport\u00e9s via le quai. <em>\u00abIls ont \u00e9t\u00e9 pouss\u00e9s par les \u00c9tats-Unis \u00e0 \u00eatre une fa\u00e7ade et un partenaire sur le terrain\u00bb,<\/em> a d\u00e9clar\u00e9 Morrison avant de poursuivre: <em>\u00abIls \u00e9taient mal \u00e0 l\u2019aise et h\u00e9sitants. Ils ne voulaient pas se laisser entra\u00eener dans la folie terrifiante et le manque de s\u00e9curit\u00e9 sur le terrain.\u00bb<\/em> Compte tenu des probl\u00e8mes persistants aux points de passage terrestres, l\u2019administration Biden h\u00e9site \u00e0 abandonner le port flottant consid\u00e9r\u00e9 comme <em>\u00abun couloir vital pour l\u2019acheminement de l\u2019aide au milieu des besoins croissants de Gaza ainsi que du manque de s\u00e9curit\u00e9 qui a rendu tr\u00e8s difficile la distribution de l\u2019aide l\u2019aide via Kerem Shalom\u00bb<\/em>, selon les dires d\u2019un responsable am\u00e9ricain.<\/p>\n\n\n\n<figure class=\"wp-block-embed is-type-wp-embed is-provider-kapitalis wp-block-embed-kapitalis\"><div class=\"wp-block-embed__wrapper\">\n<blockquote class=\"wp-embedded-content\" data-secret=\"uCzynUJrVl\"><a href=\"https:\/\/kapitalis.com\/tunisie\/2024\/03\/08\/la-tromperie-derriere-le-port-flottant-de-biden-pour-gaza\/\">La tromperie derri\u00e8re le port flottant de Biden pour Gaza<\/a><\/blockquote><iframe loading=\"lazy\" class=\"wp-embedded-content\" sandbox=\"allow-scripts\" security=\"restricted\" style=\"position: absolute; clip: rect(1px, 1px, 1px, 1px);\" title=\"\u00ab\u00a0La tromperie derri\u00e8re le port flottant de Biden pour Gaza\u00a0\u00bb &#8212; Kapitalis\" src=\"https:\/\/kapitalis.com\/tunisie\/2024\/03\/08\/la-tromperie-derriere-le-port-flottant-de-biden-pour-gaza\/embed\/#?secret=P3t4T7YMa2#?secret=uCzynUJrVl\" data-secret=\"uCzynUJrVl\" width=\"600\" height=\"338\" frameborder=\"0\" marginwidth=\"0\" marginheight=\"0\" scrolling=\"no\"><\/iframe>\n<\/div><\/figure>\n","protected":false},"excerpt":{"rendered":"<p>Le port flottant au large de Gaza construit par Joe Biden s\u2019est av\u00e9r\u00e9 une catastrophe pour les Palestiniens. <\/p>\n","protected":false},"author":8,"featured_media":13428894,"comment_status":"closed","ping_status":"open","sticky":false,"template":"","format":"standard","meta":{"footnotes":""},"categories":[992,997,2433],"tags":[81405,78944,111626,2444,2478,72144,114419,111630,116491,111852,116490],"class_list":["post-13428880","post","type-post","status-publish","format-standard","has-post-thumbnail","hentry","category-a-la-une","category-politique","category-tunisie","tag-aide-humanitaire","tag-benjamin-netanyahu","tag-deluge-dal-aqsa","tag-gaza","tag-israel","tag-joe-biden","tag-port-flottant","tag-rafah","tag-stephen-morrison","tag-unrwa","tag-ziad-issa"],"yoast_head":"<!-- This site is optimized with the Yoast SEO plugin v26.6 - https:\/\/yoast.com\/wordpress\/plugins\/seo\/ -->\n<title>Le fiasco du port flottant de Biden \u00e0 Gaza - Kapitalis<\/title>\n<meta name=\"robots\" content=\"index, follow, max-snippet:-1, max-image-preview:large, max-video-preview:-1\" \/>\n<link rel=\"canonical\" href=\"https:\/\/kapitalis.com\/tunisie\/2024\/06\/24\/le-fiasco-du-port-flottant-de-biden-a-gaza\/\" \/>\n<meta property=\"og:locale\" content=\"fr_FR\" \/>\n<meta property=\"og:type\" content=\"article\" \/>\n<meta property=\"og:title\" content=\"Le fiasco du port flottant de Biden \u00e0 Gaza - Kapitalis\" \/>\n<meta property=\"og:description\" content=\"Le port flottant au large de Gaza construit par Joe Biden s\u2019est av\u00e9r\u00e9 une catastrophe pour les Palestiniens.\" \/>\n<meta property=\"og:url\" content=\"https:\/\/kapitalis.com\/tunisie\/2024\/06\/24\/le-fiasco-du-port-flottant-de-biden-a-gaza\/\" \/>\n<meta property=\"og:site_name\" content=\"Kapitalis\" \/>\n<meta property=\"article:publisher\" content=\"https:\/\/www.facebook.com\/KapitalisInfo\/\" \/>\n<meta property=\"article:published_time\" content=\"2024-06-24T09:57:53+00:00\" \/>\n<meta property=\"article:modified_time\" content=\"2024-06-24T09:57:54+00:00\" \/>\n<meta property=\"og:image\" content=\"https:\/\/kapitalis.com\/tunisie\/wp-content\/uploads\/2024\/06\/Port-flottant-Gaza-Reuters.jpg\" \/>\n\t<meta property=\"og:image:width\" content=\"1200\" \/>\n\t<meta property=\"og:image:height\" content=\"630\" \/>\n\t<meta property=\"og:image:type\" content=\"image\/jpeg\" \/>\n<meta name=\"author\" content=\"webmaster kapitalis\" \/>\n<meta name=\"twitter:card\" content=\"summary_large_image\" \/>\n<meta name=\"twitter:creator\" content=\"@KapitalisInfo\" \/>\n<meta name=\"twitter:site\" content=\"@KapitalisInfo\" \/>\n<meta name=\"twitter:label1\" content=\"\u00c9crit par\" \/>\n\t<meta name=\"twitter:data1\" content=\"webmaster kapitalis\" \/>\n\t<meta name=\"twitter:label2\" content=\"Dur\u00e9e de lecture estim\u00e9e\" \/>\n\t<meta name=\"twitter:data2\" content=\"7 minutes\" \/>\n<script type=\"application\/ld+json\" class=\"yoast-schema-graph\">{\"@context\":\"https:\/\/schema.org\",\"@graph\":[{\"@type\":\"Article\",\"@id\":\"https:\/\/kapitalis.com\/tunisie\/2024\/06\/24\/le-fiasco-du-port-flottant-de-biden-a-gaza\/#article\",\"isPartOf\":{\"@id\":\"https:\/\/kapitalis.com\/tunisie\/2024\/06\/24\/le-fiasco-du-port-flottant-de-biden-a-gaza\/\"},\"author\":{\"name\":\"webmaster kapitalis\",\"@id\":\"https:\/\/kapitalis.com\/tunisie\/#\/schema\/person\/d71f33a9ca44f7bad4698210b480c8e9\"},\"headline\":\"Le fiasco du port flottant de Biden \u00e0 Gaza\",\"datePublished\":\"2024-06-24T09:57:53+00:00\",\"dateModified\":\"2024-06-24T09:57:54+00:00\",\"mainEntityOfPage\":{\"@id\":\"https:\/\/kapitalis.com\/tunisie\/2024\/06\/24\/le-fiasco-du-port-flottant-de-biden-a-gaza\/\"},\"wordCount\":1515,\"publisher\":{\"@id\":\"https:\/\/kapitalis.com\/tunisie\/#organization\"},\"image\":{\"@id\":\"https:\/\/kapitalis.com\/tunisie\/2024\/06\/24\/le-fiasco-du-port-flottant-de-biden-a-gaza\/#primaryimage\"},\"thumbnailUrl\":\"https:\/\/kapitalis.com\/tunisie\/wp-content\/uploads\/2024\/06\/Port-flottant-Gaza-Reuters.jpg\",\"keywords\":[\"aide humanitaire\",\"Benjamin Netanyahu\",\"D\u00e9luge d\u2019Al-Aqsa\",\"Gaza\",\"Isra\u00ebl\",\"Joe Biden\",\"port flottant\",\"Rafah\",\"Stephen Morrison\",\"UNRWA\",\"Ziad Issa\"],\"articleSection\":[\"A LA UNE\",\"POLITIQUE\",\"Tunisie\"],\"inLanguage\":\"fr-FR\"},{\"@type\":\"WebPage\",\"@id\":\"https:\/\/kapitalis.com\/tunisie\/2024\/06\/24\/le-fiasco-du-port-flottant-de-biden-a-gaza\/\",\"url\":\"https:\/\/kapitalis.com\/tunisie\/2024\/06\/24\/le-fiasco-du-port-flottant-de-biden-a-gaza\/\",\"name\":\"Le fiasco du port flottant de Biden \u00e0 Gaza - Kapitalis\",\"isPartOf\":{\"@id\":\"https:\/\/kapitalis.com\/tunisie\/#website\"},\"primaryImageOfPage\":{\"@id\":\"https:\/\/kapitalis.com\/tunisie\/2024\/06\/24\/le-fiasco-du-port-flottant-de-biden-a-gaza\/#primaryimage\"},\"image\":{\"@id\":\"https:\/\/kapitalis.com\/tunisie\/2024\/06\/24\/le-fiasco-du-port-flottant-de-biden-a-gaza\/#primaryimage\"},\"thumbnailUrl\":\"https:\/\/kapitalis.com\/tunisie\/wp-content\/uploads\/2024\/06\/Port-flottant-Gaza-Reuters.jpg\",\"datePublished\":\"2024-06-24T09:57:53+00:00\",\"dateModified\":\"2024-06-24T09:57:54+00:00\",\"breadcrumb\":{\"@id\":\"https:\/\/kapitalis.com\/tunisie\/2024\/06\/24\/le-fiasco-du-port-flottant-de-biden-a-gaza\/#breadcrumb\"},\"inLanguage\":\"fr-FR\",\"potentialAction\":[{\"@type\":\"ReadAction\",\"target\":[\"https:\/\/kapitalis.com\/tunisie\/2024\/06\/24\/le-fiasco-du-port-flottant-de-biden-a-gaza\/\"]}]},{\"@type\":\"ImageObject\",\"inLanguage\":\"fr-FR\",\"@id\":\"https:\/\/kapitalis.com\/tunisie\/2024\/06\/24\/le-fiasco-du-port-flottant-de-biden-a-gaza\/#primaryimage\",\"url\":\"https:\/\/kapitalis.com\/tunisie\/wp-content\/uploads\/2024\/06\/Port-flottant-Gaza-Reuters.jpg\",\"contentUrl\":\"https:\/\/kapitalis.com\/tunisie\/wp-content\/uploads\/2024\/06\/Port-flottant-Gaza-Reuters.jpg\",\"width\":1200,\"height\":630},{\"@type\":\"BreadcrumbList\",\"@id\":\"https:\/\/kapitalis.com\/tunisie\/2024\/06\/24\/le-fiasco-du-port-flottant-de-biden-a-gaza\/#breadcrumb\",\"itemListElement\":[{\"@type\":\"ListItem\",\"position\":1,\"name\":\"Accueil\",\"item\":\"https:\/\/kapitalis.com\/tunisie\/\"},{\"@type\":\"ListItem\",\"position\":2,\"name\":\"Le fiasco du port flottant de Biden \u00e0 Gaza\"}]},{\"@type\":\"WebSite\",\"@id\":\"https:\/\/kapitalis.com\/tunisie\/#website\",\"url\":\"https:\/\/kapitalis.com\/tunisie\/\",\"name\":\"Kapitalis\",\"description\":\"L&#039;actualit\u00e9 en Tunisie et dans le monde\",\"publisher\":{\"@id\":\"https:\/\/kapitalis.com\/tunisie\/#organization\"},\"potentialAction\":[{\"@type\":\"SearchAction\",\"target\":{\"@type\":\"EntryPoint\",\"urlTemplate\":\"https:\/\/kapitalis.com\/tunisie\/?s={search_term_string}\"},\"query-input\":{\"@type\":\"PropertyValueSpecification\",\"valueRequired\":true,\"valueName\":\"search_term_string\"}}],\"inLanguage\":\"fr-FR\"},{\"@type\":\"Organization\",\"@id\":\"https:\/\/kapitalis.com\/tunisie\/#organization\",\"name\":\"Kapitalis\",\"url\":\"https:\/\/kapitalis.com\/tunisie\/\",\"logo\":{\"@type\":\"ImageObject\",\"inLanguage\":\"fr-FR\",\"@id\":\"https:\/\/kapitalis.com\/tunisie\/#\/schema\/logo\/image\/\",\"url\":\"https:\/\/kapitalis.com\/tunisie\/wp-content\/uploads\/2022\/05\/Kapitalis-big-size.png\",\"contentUrl\":\"https:\/\/kapitalis.com\/tunisie\/wp-content\/uploads\/2022\/05\/Kapitalis-big-size.png\",\"width\":5000,\"height\":1500,\"caption\":\"Kapitalis\"},\"image\":{\"@id\":\"https:\/\/kapitalis.com\/tunisie\/#\/schema\/logo\/image\/\"},\"sameAs\":[\"https:\/\/www.facebook.com\/KapitalisInfo\/\",\"https:\/\/x.com\/KapitalisInfo\",\"https:\/\/www.youtube.com\/channel\/UC-yDYrHyfFBWWZaOw3FPg9Q\"]},{\"@type\":\"Person\",\"@id\":\"https:\/\/kapitalis.com\/tunisie\/#\/schema\/person\/d71f33a9ca44f7bad4698210b480c8e9\",\"name\":\"webmaster kapitalis\",\"url\":\"https:\/\/kapitalis.com\/tunisie\/author\/webmaster-kapitalis\/\"}]}<\/script>\n<!-- \/ Yoast SEO plugin. -->","yoast_head_json":{"title":"Le fiasco du port flottant de Biden \u00e0 Gaza - Kapitalis","robots":{"index":"index","follow":"follow","max-snippet":"max-snippet:-1","max-image-preview":"max-image-preview:large","max-video-preview":"max-video-preview:-1"},"canonical":"https:\/\/kapitalis.com\/tunisie\/2024\/06\/24\/le-fiasco-du-port-flottant-de-biden-a-gaza\/","og_locale":"fr_FR","og_type":"article","og_title":"Le fiasco du port flottant de Biden \u00e0 Gaza - Kapitalis","og_description":"Le port flottant au large de Gaza construit par Joe Biden s\u2019est av\u00e9r\u00e9 une catastrophe pour les Palestiniens.","og_url":"https:\/\/kapitalis.com\/tunisie\/2024\/06\/24\/le-fiasco-du-port-flottant-de-biden-a-gaza\/","og_site_name":"Kapitalis","article_publisher":"https:\/\/www.facebook.com\/KapitalisInfo\/","article_published_time":"2024-06-24T09:57:53+00:00","article_modified_time":"2024-06-24T09:57:54+00:00","og_image":[{"width":1200,"height":630,"url":"https:\/\/kapitalis.com\/tunisie\/wp-content\/uploads\/2024\/06\/Port-flottant-Gaza-Reuters.jpg","type":"image\/jpeg"}],"author":"webmaster kapitalis","twitter_card":"summary_large_image","twitter_creator":"@KapitalisInfo","twitter_site":"@KapitalisInfo","twitter_misc":{"\u00c9crit par":"webmaster kapitalis","Dur\u00e9e de lecture estim\u00e9e":"7 minutes"},"schema":{"@context":"https:\/\/schema.org","@graph":[{"@type":"Article","@id":"https:\/\/kapitalis.com\/tunisie\/2024\/06\/24\/le-fiasco-du-port-flottant-de-biden-a-gaza\/#article","isPartOf":{"@id":"https:\/\/kapitalis.com\/tunisie\/2024\/06\/24\/le-fiasco-du-port-flottant-de-biden-a-gaza\/"},"author":{"name":"webmaster kapitalis","@id":"https:\/\/kapitalis.com\/tunisie\/#\/schema\/person\/d71f33a9ca44f7bad4698210b480c8e9"},"headline":"Le fiasco du port flottant de Biden \u00e0 Gaza","datePublished":"2024-06-24T09:57:53+00:00","dateModified":"2024-06-24T09:57:54+00:00","mainEntityOfPage":{"@id":"https:\/\/kapitalis.com\/tunisie\/2024\/06\/24\/le-fiasco-du-port-flottant-de-biden-a-gaza\/"},"wordCount":1515,"publisher":{"@id":"https:\/\/kapitalis.com\/tunisie\/#organization"},"image":{"@id":"https:\/\/kapitalis.com\/tunisie\/2024\/06\/24\/le-fiasco-du-port-flottant-de-biden-a-gaza\/#primaryimage"},"thumbnailUrl":"https:\/\/kapitalis.com\/tunisie\/wp-content\/uploads\/2024\/06\/Port-flottant-Gaza-Reuters.jpg","keywords":["aide humanitaire","Benjamin Netanyahu","D\u00e9luge d\u2019Al-Aqsa","Gaza","Isra\u00ebl","Joe Biden","port flottant","Rafah","Stephen Morrison","UNRWA","Ziad Issa"],"articleSection":["A LA UNE","POLITIQUE","Tunisie"],"inLanguage":"fr-FR"},{"@type":"WebPage","@id":"https:\/\/kapitalis.com\/tunisie\/2024\/06\/24\/le-fiasco-du-port-flottant-de-biden-a-gaza\/","url":"https:\/\/kapitalis.com\/tunisie\/2024\/06\/24\/le-fiasco-du-port-flottant-de-biden-a-gaza\/","name":"Le fiasco du port flottant de Biden \u00e0 Gaza - Kapitalis","isPartOf":{"@id":"https:\/\/kapitalis.com\/tunisie\/#website"},"primaryImageOfPage":{"@id":"https:\/\/kapitalis.com\/tunisie\/2024\/06\/24\/le-fiasco-du-port-flottant-de-biden-a-gaza\/#primaryimage"},"image":{"@id":"https:\/\/kapitalis.com\/tunisie\/2024\/06\/24\/le-fiasco-du-port-flottant-de-biden-a-gaza\/#primaryimage"},"thumbnailUrl":"https:\/\/kapitalis.com\/tunisie\/wp-content\/uploads\/2024\/06\/Port-flottant-Gaza-Reuters.jpg","datePublished":"2024-06-24T09:57:53+00:00","dateModified":"2024-06-24T09:57:54+00:00","breadcrumb":{"@id":"https:\/\/kapitalis.com\/tunisie\/2024\/06\/24\/le-fiasco-du-port-flottant-de-biden-a-gaza\/#breadcrumb"},"inLanguage":"fr-FR","potentialAction":[{"@type":"ReadAction","target":["https:\/\/kapitalis.com\/tunisie\/2024\/06\/24\/le-fiasco-du-port-flottant-de-biden-a-gaza\/"]}]},{"@type":"ImageObject","inLanguage":"fr-FR","@id":"https:\/\/kapitalis.com\/tunisie\/2024\/06\/24\/le-fiasco-du-port-flottant-de-biden-a-gaza\/#primaryimage","url":"https:\/\/kapitalis.com\/tunisie\/wp-content\/uploads\/2024\/06\/Port-flottant-Gaza-Reuters.jpg","contentUrl":"https:\/\/kapitalis.com\/tunisie\/wp-content\/uploads\/2024\/06\/Port-flottant-Gaza-Reuters.jpg","width":1200,"height":630},{"@type":"BreadcrumbList","@id":"https:\/\/kapitalis.com\/tunisie\/2024\/06\/24\/le-fiasco-du-port-flottant-de-biden-a-gaza\/#breadcrumb","itemListElement":[{"@type":"ListItem","position":1,"name":"Accueil","item":"https:\/\/kapitalis.com\/tunisie\/"},{"@type":"ListItem","position":2,"name":"Le fiasco du port flottant de Biden \u00e0 Gaza"}]},{"@type":"WebSite","@id":"https:\/\/kapitalis.com\/tunisie\/#website","url":"https:\/\/kapitalis.com\/tunisie\/","name":"Kapitalis","description":"L&#039;actualit\u00e9 en Tunisie et dans le monde","publisher":{"@id":"https:\/\/kapitalis.com\/tunisie\/#organization"},"potentialAction":[{"@type":"SearchAction","target":{"@type":"EntryPoint","urlTemplate":"https:\/\/kapitalis.com\/tunisie\/?s={search_term_string}"},"query-input":{"@type":"PropertyValueSpecification","valueRequired":true,"valueName":"search_term_string"}}],"inLanguage":"fr-FR"},{"@type":"Organization","@id":"https:\/\/kapitalis.com\/tunisie\/#organization","name":"Kapitalis","url":"https:\/\/kapitalis.com\/tunisie\/","logo":{"@type":"ImageObject","inLanguage":"fr-FR","@id":"https:\/\/kapitalis.com\/tunisie\/#\/schema\/logo\/image\/","url":"https:\/\/kapitalis.com\/tunisie\/wp-content\/uploads\/2022\/05\/Kapitalis-big-size.png","contentUrl":"https:\/\/kapitalis.com\/tunisie\/wp-content\/uploads\/2022\/05\/Kapitalis-big-size.png","width":5000,"height":1500,"caption":"Kapitalis"},"image":{"@id":"https:\/\/kapitalis.com\/tunisie\/#\/schema\/logo\/image\/"},"sameAs":["https:\/\/www.facebook.com\/KapitalisInfo\/","https:\/\/x.com\/KapitalisInfo","https:\/\/www.youtube.com\/channel\/UC-yDYrHyfFBWWZaOw3FPg9Q"]},{"@type":"Person","@id":"https:\/\/kapitalis.com\/tunisie\/#\/schema\/person\/d71f33a9ca44f7bad4698210b480c8e9","name":"webmaster kapitalis","url":"https:\/\/kapitalis.com\/tunisie\/author\/webmaster-kapitalis\/"}]}},"_links":{"self":[{"href":"https:\/\/kapitalis.com\/tunisie\/wp-json\/wp\/v2\/posts\/13428880","targetHints":{"allow":["GET"]}}],"collection":[{"href":"https:\/\/kapitalis.com\/tunisie\/wp-json\/wp\/v2\/posts"}],"about":[{"href":"https:\/\/kapitalis.com\/tunisie\/wp-json\/wp\/v2\/types\/post"}],"author":[{"embeddable":true,"href":"https:\/\/kapitalis.com\/tunisie\/wp-json\/wp\/v2\/users\/8"}],"replies":[{"embeddable":true,"href":"https:\/\/kapitalis.com\/tunisie\/wp-json\/wp\/v2\/comments?post=13428880"}],"version-history":[{"count":1,"href":"https:\/\/kapitalis.com\/tunisie\/wp-json\/wp\/v2\/posts\/13428880\/revisions"}],"predecessor-version":[{"id":13428988,"href":"https:\/\/kapitalis.com\/tunisie\/wp-json\/wp\/v2\/posts\/13428880\/revisions\/13428988"}],"wp:featuredmedia":[{"embeddable":true,"href":"https:\/\/kapitalis.com\/tunisie\/wp-json\/wp\/v2\/media\/13428894"}],"wp:attachment":[{"href":"https:\/\/kapitalis.com\/tunisie\/wp-json\/wp\/v2\/media?parent=13428880"}],"wp:term":[{"taxonomy":"category","embeddable":true,"href":"https:\/\/kapitalis.com\/tunisie\/wp-json\/wp\/v2\/categories?post=13428880"},{"taxonomy":"post_tag","embeddable":true,"href":"https:\/\/kapitalis.com\/tunisie\/wp-json\/wp\/v2\/tags?post=13428880"}],"curies":[{"name":"wp","href":"https:\/\/api.w.org\/{rel}","templated":true}]}}