{"id":13429322,"date":"2024-06-24T12:25:50","date_gmt":"2024-06-24T11:25:50","guid":{"rendered":"https:\/\/kapitalis.com\/tunisie\/?p=13429322"},"modified":"2024-06-24T12:25:51","modified_gmt":"2024-06-24T11:25:51","slug":"le-festival-du-cirque-et-des-arts-de-la-rue-demarre-a-tunis","status":"publish","type":"post","link":"https:\/\/kapitalis.com\/tunisie\/2024\/06\/24\/le-festival-du-cirque-et-des-arts-de-la-rue-demarre-a-tunis\/","title":{"rendered":"Le Festival du cirque et des arts de la rue d\u00e9marre \u00e0 Tunis"},"content":{"rendered":"\n<p><strong><em>Pour le plus grand plaisir des plus petits, le VIIe Festival international des arts du cirque et de la rue, qui s\u2019est ouvert le 21 juin 2024, par un spectacle donn\u00e9 sur l\u2019avenue Habib Bourguiba au centre-ville de Tunis, se poursuivra\u00a0 jusqu\u2019au 5 juillet, \u00e0 Zaghouan.<\/em><\/strong><\/p>\n\n\n\n<!--more-->\n\n\n\n<p>Avec des compagnies de cirque de 11 pays, Argentine, Chili, Egypte, France, Italie, Mauritanie, Mexique, Maroc, Russie, S\u00e9n\u00e9gal et Tunisie, le Festival d\u00e9j\u00e0 pr\u00e9sent\u00e9 un spectacle \u00e0 Siliana, pour se poursuivre ensuite \u00e0 Sfax le 27 juin, Hammam-Lif le 29 juin, Sousse le 30 juin, Kef le 2 juillet et Zaghouan le 5 juillet, o\u00f9 il sera cl\u00f4tur\u00e9 dans le cadre \u00e9vocateur du Temple des Eaux.<\/p>\n\n\n\n<p>Cet \u00e9v\u00e9nement annuel est organis\u00e9 par l\u2019Association des arts du cirque Paparouni, en collaboration avec le minist\u00e8re des Affaires culturelles, l\u2019Etablissement national pour la promotion des festivals et des manifestations culturelles et artistiques (ENPFMC), l\u2019Op\u00e9ra de Tunis et les commissariats r\u00e9gionaux des affaires culturelles de dix gouvernorats.<\/p>\n\n\n<div class=\"wp-block-image\">\n<figure class=\"aligncenter size-large\"><img loading=\"lazy\" decoding=\"async\" width=\"1024\" height=\"538\" src=\"https:\/\/kapitalis.com\/tunisie\/wp-content\/uploads\/2024\/06\/Festival-du-cirque-1-1024x538.jpg\" alt=\"\" class=\"wp-image-13429331\" srcset=\"https:\/\/kapitalis.com\/tunisie\/wp-content\/uploads\/2024\/06\/Festival-du-cirque-1-1024x538.jpg 1024w, https:\/\/kapitalis.com\/tunisie\/wp-content\/uploads\/2024\/06\/Festival-du-cirque-1-300x158.jpg 300w, https:\/\/kapitalis.com\/tunisie\/wp-content\/uploads\/2024\/06\/Festival-du-cirque-1-768x403.jpg 768w, https:\/\/kapitalis.com\/tunisie\/wp-content\/uploads\/2024\/06\/Festival-du-cirque-1-580x305.jpg 580w, https:\/\/kapitalis.com\/tunisie\/wp-content\/uploads\/2024\/06\/Festival-du-cirque-1-860x452.jpg 860w, https:\/\/kapitalis.com\/tunisie\/wp-content\/uploads\/2024\/06\/Festival-du-cirque-1-1160x609.jpg 1160w, https:\/\/kapitalis.com\/tunisie\/wp-content\/uploads\/2024\/06\/Festival-du-cirque-1.jpg 1200w\" sizes=\"auto, (max-width: 1024px) 100vw, 1024px\" \/><\/figure>\n<\/div>\n\n\n<p>Tout au long du festival, le programme comprend des spectacles de cirque gratuits, des ateliers pour les enfants et des stages pour les passionn\u00e9s de cette discipline.<\/p>\n\n\n\n<p>Pour la premi\u00e8re fois dans l\u2019histoire du Festival, un concours national d\u00e9di\u00e9 aux arts du cirque se tiendra \u00e9galement \u00e0 l\u2019Op\u00e9ra de Tunis.<\/p>\n\n\n<div class=\"wp-block-image\">\n<figure class=\"aligncenter size-large\"><img loading=\"lazy\" decoding=\"async\" width=\"1024\" height=\"538\" src=\"https:\/\/kapitalis.com\/tunisie\/wp-content\/uploads\/2024\/06\/Festival-du-cirque-2-1024x538.jpg\" alt=\"\" class=\"wp-image-13429334\" srcset=\"https:\/\/kapitalis.com\/tunisie\/wp-content\/uploads\/2024\/06\/Festival-du-cirque-2-1024x538.jpg 1024w, https:\/\/kapitalis.com\/tunisie\/wp-content\/uploads\/2024\/06\/Festival-du-cirque-2-300x158.jpg 300w, https:\/\/kapitalis.com\/tunisie\/wp-content\/uploads\/2024\/06\/Festival-du-cirque-2-768x403.jpg 768w, https:\/\/kapitalis.com\/tunisie\/wp-content\/uploads\/2024\/06\/Festival-du-cirque-2-580x305.jpg 580w, https:\/\/kapitalis.com\/tunisie\/wp-content\/uploads\/2024\/06\/Festival-du-cirque-2-860x452.jpg 860w, https:\/\/kapitalis.com\/tunisie\/wp-content\/uploads\/2024\/06\/Festival-du-cirque-2-1160x609.jpg 1160w, https:\/\/kapitalis.com\/tunisie\/wp-content\/uploads\/2024\/06\/Festival-du-cirque-2.jpg 1200w\" sizes=\"auto, (max-width: 1024px) 100vw, 1024px\" \/><\/figure>\n<\/div>\n\n\n<p>Dans cette \u00e9dition, l\u2019\u00e9v\u00e9nement renouvelle sa collaboration avec le minist\u00e8re du Tourisme et de l\u2019Artisanat et l\u2019Office national du tourisme de Tunisie (ONTT) \u00e0 travers un programme sp\u00e9cial de promotion du tourisme culturel, avec l\u2019organisation d\u2019un village artistique comprenant des activit\u00e9s pour tous les \u00e2ges, des ateliers d\u2019arts du cirque et des visites virtuelles des principaux sites arch\u00e9ologiques du pays. Le Festival international du cirque et des arts de la rue, lanc\u00e9 en 2018, a pour objectif de diffuser les arts du cirque et de promouvoir les derni\u00e8res tendances internationales du cirque contemporain.<\/p>\n","protected":false},"excerpt":{"rendered":"<p>Ouvert le 21 juin \u00e0 Tunis, le Festival international des arts du cirque et de la rue se poursuivra jusqu&rsquo;au 5 juillet. <\/p>\n","protected":false},"author":8,"featured_media":13429329,"comment_status":"closed","ping_status":"open","sticky":false,"template":"","format":"standard","meta":{"footnotes":""},"categories":[994,2433],"tags":[109125,89410,2394,115945,2763,72162,908,64491],"class_list":["post-13429322","post","type-post","status-publish","format-standard","has-post-thumbnail","hentry","category-culture","category-tunisie","tag-arts-de-la-rue","tag-cirque","tag-ontt","tag-paparouni","tag-siliana","tag-temple-des-eaux","tag-tourisme","tag-tunis"],"yoast_head":"<!-- This site is optimized with the Yoast SEO plugin v26.6 - https:\/\/yoast.com\/wordpress\/plugins\/seo\/ -->\n<title>Le Festival du cirque et des arts de la rue d\u00e9marre \u00e0 Tunis - Kapitalis<\/title>\n<meta name=\"robots\" content=\"index, follow, max-snippet:-1, max-image-preview:large, max-video-preview:-1\" \/>\n<link rel=\"canonical\" href=\"https:\/\/kapitalis.com\/tunisie\/2024\/06\/24\/le-festival-du-cirque-et-des-arts-de-la-rue-demarre-a-tunis\/\" \/>\n<meta property=\"og:locale\" content=\"fr_FR\" \/>\n<meta property=\"og:type\" content=\"article\" \/>\n<meta property=\"og:title\" content=\"Le Festival du cirque et des arts de la rue d\u00e9marre \u00e0 Tunis - Kapitalis\" \/>\n<meta property=\"og:description\" content=\"Ouvert le 21 juin \u00e0 Tunis, le Festival international des arts du cirque et de la rue se poursuivra jusqu&#039;au 5 juillet.\" \/>\n<meta property=\"og:url\" content=\"https:\/\/kapitalis.com\/tunisie\/2024\/06\/24\/le-festival-du-cirque-et-des-arts-de-la-rue-demarre-a-tunis\/\" \/>\n<meta property=\"og:site_name\" content=\"Kapitalis\" \/>\n<meta property=\"article:publisher\" content=\"https:\/\/www.facebook.com\/KapitalisInfo\/\" \/>\n<meta property=\"article:published_time\" content=\"2024-06-24T11:25:50+00:00\" \/>\n<meta property=\"article:modified_time\" content=\"2024-06-24T11:25:51+00:00\" \/>\n<meta property=\"og:image\" content=\"https:\/\/kapitalis.com\/tunisie\/wp-content\/uploads\/2024\/06\/Festival-du-cirque.jpg\" \/>\n\t<meta property=\"og:image:width\" content=\"1200\" \/>\n\t<meta property=\"og:image:height\" content=\"630\" \/>\n\t<meta property=\"og:image:type\" content=\"image\/jpeg\" \/>\n<meta name=\"author\" content=\"webmaster kapitalis\" \/>\n<meta name=\"twitter:card\" content=\"summary_large_image\" \/>\n<meta name=\"twitter:creator\" content=\"@KapitalisInfo\" \/>\n<meta name=\"twitter:site\" content=\"@KapitalisInfo\" \/>\n<meta name=\"twitter:label1\" content=\"\u00c9crit par\" \/>\n\t<meta name=\"twitter:data1\" content=\"webmaster kapitalis\" \/>\n\t<meta name=\"twitter:label2\" content=\"Dur\u00e9e de lecture estim\u00e9e\" \/>\n\t<meta name=\"twitter:data2\" content=\"3 minutes\" \/>\n<script type=\"application\/ld+json\" class=\"yoast-schema-graph\">{\"@context\":\"https:\/\/schema.org\",\"@graph\":[{\"@type\":\"Article\",\"@id\":\"https:\/\/kapitalis.com\/tunisie\/2024\/06\/24\/le-festival-du-cirque-et-des-arts-de-la-rue-demarre-a-tunis\/#article\",\"isPartOf\":{\"@id\":\"https:\/\/kapitalis.com\/tunisie\/2024\/06\/24\/le-festival-du-cirque-et-des-arts-de-la-rue-demarre-a-tunis\/\"},\"author\":{\"name\":\"webmaster kapitalis\",\"@id\":\"https:\/\/kapitalis.com\/tunisie\/#\/schema\/person\/d71f33a9ca44f7bad4698210b480c8e9\"},\"headline\":\"Le Festival du cirque et des arts de la rue d\u00e9marre \u00e0 Tunis\",\"datePublished\":\"2024-06-24T11:25:50+00:00\",\"dateModified\":\"2024-06-24T11:25:51+00:00\",\"mainEntityOfPage\":{\"@id\":\"https:\/\/kapitalis.com\/tunisie\/2024\/06\/24\/le-festival-du-cirque-et-des-arts-de-la-rue-demarre-a-tunis\/\"},\"wordCount\":333,\"publisher\":{\"@id\":\"https:\/\/kapitalis.com\/tunisie\/#organization\"},\"image\":{\"@id\":\"https:\/\/kapitalis.com\/tunisie\/2024\/06\/24\/le-festival-du-cirque-et-des-arts-de-la-rue-demarre-a-tunis\/#primaryimage\"},\"thumbnailUrl\":\"https:\/\/kapitalis.com\/tunisie\/wp-content\/uploads\/2024\/06\/Festival-du-cirque.jpg\",\"keywords\":[\"arts de la rue\",\"cirque\",\"ONTT\",\"Paparouni\",\"Siliana\",\"Temple des Eaux\",\"tourisme\",\"Tunis\"],\"articleSection\":[\"CULTURE\",\"Tunisie\"],\"inLanguage\":\"fr-FR\"},{\"@type\":\"WebPage\",\"@id\":\"https:\/\/kapitalis.com\/tunisie\/2024\/06\/24\/le-festival-du-cirque-et-des-arts-de-la-rue-demarre-a-tunis\/\",\"url\":\"https:\/\/kapitalis.com\/tunisie\/2024\/06\/24\/le-festival-du-cirque-et-des-arts-de-la-rue-demarre-a-tunis\/\",\"name\":\"Le Festival du cirque et des arts de la rue d\u00e9marre \u00e0 Tunis - Kapitalis\",\"isPartOf\":{\"@id\":\"https:\/\/kapitalis.com\/tunisie\/#website\"},\"primaryImageOfPage\":{\"@id\":\"https:\/\/kapitalis.com\/tunisie\/2024\/06\/24\/le-festival-du-cirque-et-des-arts-de-la-rue-demarre-a-tunis\/#primaryimage\"},\"image\":{\"@id\":\"https:\/\/kapitalis.com\/tunisie\/2024\/06\/24\/le-festival-du-cirque-et-des-arts-de-la-rue-demarre-a-tunis\/#primaryimage\"},\"thumbnailUrl\":\"https:\/\/kapitalis.com\/tunisie\/wp-content\/uploads\/2024\/06\/Festival-du-cirque.jpg\",\"datePublished\":\"2024-06-24T11:25:50+00:00\",\"dateModified\":\"2024-06-24T11:25:51+00:00\",\"breadcrumb\":{\"@id\":\"https:\/\/kapitalis.com\/tunisie\/2024\/06\/24\/le-festival-du-cirque-et-des-arts-de-la-rue-demarre-a-tunis\/#breadcrumb\"},\"inLanguage\":\"fr-FR\",\"potentialAction\":[{\"@type\":\"ReadAction\",\"target\":[\"https:\/\/kapitalis.com\/tunisie\/2024\/06\/24\/le-festival-du-cirque-et-des-arts-de-la-rue-demarre-a-tunis\/\"]}]},{\"@type\":\"ImageObject\",\"inLanguage\":\"fr-FR\",\"@id\":\"https:\/\/kapitalis.com\/tunisie\/2024\/06\/24\/le-festival-du-cirque-et-des-arts-de-la-rue-demarre-a-tunis\/#primaryimage\",\"url\":\"https:\/\/kapitalis.com\/tunisie\/wp-content\/uploads\/2024\/06\/Festival-du-cirque.jpg\",\"contentUrl\":\"https:\/\/kapitalis.com\/tunisie\/wp-content\/uploads\/2024\/06\/Festival-du-cirque.jpg\",\"width\":1200,\"height\":630},{\"@type\":\"BreadcrumbList\",\"@id\":\"https:\/\/kapitalis.com\/tunisie\/2024\/06\/24\/le-festival-du-cirque-et-des-arts-de-la-rue-demarre-a-tunis\/#breadcrumb\",\"itemListElement\":[{\"@type\":\"ListItem\",\"position\":1,\"name\":\"Accueil\",\"item\":\"https:\/\/kapitalis.com\/tunisie\/\"},{\"@type\":\"ListItem\",\"position\":2,\"name\":\"Le Festival du cirque et des arts de la rue d\u00e9marre \u00e0 Tunis\"}]},{\"@type\":\"WebSite\",\"@id\":\"https:\/\/kapitalis.com\/tunisie\/#website\",\"url\":\"https:\/\/kapitalis.com\/tunisie\/\",\"name\":\"Kapitalis\",\"description\":\"L&#039;actualit\u00e9 en Tunisie et dans le monde\",\"publisher\":{\"@id\":\"https:\/\/kapitalis.com\/tunisie\/#organization\"},\"potentialAction\":[{\"@type\":\"SearchAction\",\"target\":{\"@type\":\"EntryPoint\",\"urlTemplate\":\"https:\/\/kapitalis.com\/tunisie\/?s={search_term_string}\"},\"query-input\":{\"@type\":\"PropertyValueSpecification\",\"valueRequired\":true,\"valueName\":\"search_term_string\"}}],\"inLanguage\":\"fr-FR\"},{\"@type\":\"Organization\",\"@id\":\"https:\/\/kapitalis.com\/tunisie\/#organization\",\"name\":\"Kapitalis\",\"url\":\"https:\/\/kapitalis.com\/tunisie\/\",\"logo\":{\"@type\":\"ImageObject\",\"inLanguage\":\"fr-FR\",\"@id\":\"https:\/\/kapitalis.com\/tunisie\/#\/schema\/logo\/image\/\",\"url\":\"https:\/\/kapitalis.com\/tunisie\/wp-content\/uploads\/2022\/05\/Kapitalis-big-size.png\",\"contentUrl\":\"https:\/\/kapitalis.com\/tunisie\/wp-content\/uploads\/2022\/05\/Kapitalis-big-size.png\",\"width\":5000,\"height\":1500,\"caption\":\"Kapitalis\"},\"image\":{\"@id\":\"https:\/\/kapitalis.com\/tunisie\/#\/schema\/logo\/image\/\"},\"sameAs\":[\"https:\/\/www.facebook.com\/KapitalisInfo\/\",\"https:\/\/x.com\/KapitalisInfo\",\"https:\/\/www.youtube.com\/channel\/UC-yDYrHyfFBWWZaOw3FPg9Q\"]},{\"@type\":\"Person\",\"@id\":\"https:\/\/kapitalis.com\/tunisie\/#\/schema\/person\/d71f33a9ca44f7bad4698210b480c8e9\",\"name\":\"webmaster kapitalis\",\"url\":\"https:\/\/kapitalis.com\/tunisie\/author\/webmaster-kapitalis\/\"}]}<\/script>\n<!-- \/ Yoast SEO plugin. -->","yoast_head_json":{"title":"Le Festival du cirque et des arts de la rue d\u00e9marre \u00e0 Tunis - Kapitalis","robots":{"index":"index","follow":"follow","max-snippet":"max-snippet:-1","max-image-preview":"max-image-preview:large","max-video-preview":"max-video-preview:-1"},"canonical":"https:\/\/kapitalis.com\/tunisie\/2024\/06\/24\/le-festival-du-cirque-et-des-arts-de-la-rue-demarre-a-tunis\/","og_locale":"fr_FR","og_type":"article","og_title":"Le Festival du cirque et des arts de la rue d\u00e9marre \u00e0 Tunis - Kapitalis","og_description":"Ouvert le 21 juin \u00e0 Tunis, le Festival international des arts du cirque et de la rue se poursuivra jusqu'au 5 juillet.","og_url":"https:\/\/kapitalis.com\/tunisie\/2024\/06\/24\/le-festival-du-cirque-et-des-arts-de-la-rue-demarre-a-tunis\/","og_site_name":"Kapitalis","article_publisher":"https:\/\/www.facebook.com\/KapitalisInfo\/","article_published_time":"2024-06-24T11:25:50+00:00","article_modified_time":"2024-06-24T11:25:51+00:00","og_image":[{"width":1200,"height":630,"url":"https:\/\/kapitalis.com\/tunisie\/wp-content\/uploads\/2024\/06\/Festival-du-cirque.jpg","type":"image\/jpeg"}],"author":"webmaster kapitalis","twitter_card":"summary_large_image","twitter_creator":"@KapitalisInfo","twitter_site":"@KapitalisInfo","twitter_misc":{"\u00c9crit par":"webmaster kapitalis","Dur\u00e9e de lecture estim\u00e9e":"3 minutes"},"schema":{"@context":"https:\/\/schema.org","@graph":[{"@type":"Article","@id":"https:\/\/kapitalis.com\/tunisie\/2024\/06\/24\/le-festival-du-cirque-et-des-arts-de-la-rue-demarre-a-tunis\/#article","isPartOf":{"@id":"https:\/\/kapitalis.com\/tunisie\/2024\/06\/24\/le-festival-du-cirque-et-des-arts-de-la-rue-demarre-a-tunis\/"},"author":{"name":"webmaster kapitalis","@id":"https:\/\/kapitalis.com\/tunisie\/#\/schema\/person\/d71f33a9ca44f7bad4698210b480c8e9"},"headline":"Le Festival du cirque et des arts de la rue d\u00e9marre \u00e0 Tunis","datePublished":"2024-06-24T11:25:50+00:00","dateModified":"2024-06-24T11:25:51+00:00","mainEntityOfPage":{"@id":"https:\/\/kapitalis.com\/tunisie\/2024\/06\/24\/le-festival-du-cirque-et-des-arts-de-la-rue-demarre-a-tunis\/"},"wordCount":333,"publisher":{"@id":"https:\/\/kapitalis.com\/tunisie\/#organization"},"image":{"@id":"https:\/\/kapitalis.com\/tunisie\/2024\/06\/24\/le-festival-du-cirque-et-des-arts-de-la-rue-demarre-a-tunis\/#primaryimage"},"thumbnailUrl":"https:\/\/kapitalis.com\/tunisie\/wp-content\/uploads\/2024\/06\/Festival-du-cirque.jpg","keywords":["arts de la rue","cirque","ONTT","Paparouni","Siliana","Temple des Eaux","tourisme","Tunis"],"articleSection":["CULTURE","Tunisie"],"inLanguage":"fr-FR"},{"@type":"WebPage","@id":"https:\/\/kapitalis.com\/tunisie\/2024\/06\/24\/le-festival-du-cirque-et-des-arts-de-la-rue-demarre-a-tunis\/","url":"https:\/\/kapitalis.com\/tunisie\/2024\/06\/24\/le-festival-du-cirque-et-des-arts-de-la-rue-demarre-a-tunis\/","name":"Le Festival du cirque et des arts de la rue d\u00e9marre \u00e0 Tunis - Kapitalis","isPartOf":{"@id":"https:\/\/kapitalis.com\/tunisie\/#website"},"primaryImageOfPage":{"@id":"https:\/\/kapitalis.com\/tunisie\/2024\/06\/24\/le-festival-du-cirque-et-des-arts-de-la-rue-demarre-a-tunis\/#primaryimage"},"image":{"@id":"https:\/\/kapitalis.com\/tunisie\/2024\/06\/24\/le-festival-du-cirque-et-des-arts-de-la-rue-demarre-a-tunis\/#primaryimage"},"thumbnailUrl":"https:\/\/kapitalis.com\/tunisie\/wp-content\/uploads\/2024\/06\/Festival-du-cirque.jpg","datePublished":"2024-06-24T11:25:50+00:00","dateModified":"2024-06-24T11:25:51+00:00","breadcrumb":{"@id":"https:\/\/kapitalis.com\/tunisie\/2024\/06\/24\/le-festival-du-cirque-et-des-arts-de-la-rue-demarre-a-tunis\/#breadcrumb"},"inLanguage":"fr-FR","potentialAction":[{"@type":"ReadAction","target":["https:\/\/kapitalis.com\/tunisie\/2024\/06\/24\/le-festival-du-cirque-et-des-arts-de-la-rue-demarre-a-tunis\/"]}]},{"@type":"ImageObject","inLanguage":"fr-FR","@id":"https:\/\/kapitalis.com\/tunisie\/2024\/06\/24\/le-festival-du-cirque-et-des-arts-de-la-rue-demarre-a-tunis\/#primaryimage","url":"https:\/\/kapitalis.com\/tunisie\/wp-content\/uploads\/2024\/06\/Festival-du-cirque.jpg","contentUrl":"https:\/\/kapitalis.com\/tunisie\/wp-content\/uploads\/2024\/06\/Festival-du-cirque.jpg","width":1200,"height":630},{"@type":"BreadcrumbList","@id":"https:\/\/kapitalis.com\/tunisie\/2024\/06\/24\/le-festival-du-cirque-et-des-arts-de-la-rue-demarre-a-tunis\/#breadcrumb","itemListElement":[{"@type":"ListItem","position":1,"name":"Accueil","item":"https:\/\/kapitalis.com\/tunisie\/"},{"@type":"ListItem","position":2,"name":"Le Festival du cirque et des arts de la rue d\u00e9marre \u00e0 Tunis"}]},{"@type":"WebSite","@id":"https:\/\/kapitalis.com\/tunisie\/#website","url":"https:\/\/kapitalis.com\/tunisie\/","name":"Kapitalis","description":"L&#039;actualit\u00e9 en Tunisie et dans le monde","publisher":{"@id":"https:\/\/kapitalis.com\/tunisie\/#organization"},"potentialAction":[{"@type":"SearchAction","target":{"@type":"EntryPoint","urlTemplate":"https:\/\/kapitalis.com\/tunisie\/?s={search_term_string}"},"query-input":{"@type":"PropertyValueSpecification","valueRequired":true,"valueName":"search_term_string"}}],"inLanguage":"fr-FR"},{"@type":"Organization","@id":"https:\/\/kapitalis.com\/tunisie\/#organization","name":"Kapitalis","url":"https:\/\/kapitalis.com\/tunisie\/","logo":{"@type":"ImageObject","inLanguage":"fr-FR","@id":"https:\/\/kapitalis.com\/tunisie\/#\/schema\/logo\/image\/","url":"https:\/\/kapitalis.com\/tunisie\/wp-content\/uploads\/2022\/05\/Kapitalis-big-size.png","contentUrl":"https:\/\/kapitalis.com\/tunisie\/wp-content\/uploads\/2022\/05\/Kapitalis-big-size.png","width":5000,"height":1500,"caption":"Kapitalis"},"image":{"@id":"https:\/\/kapitalis.com\/tunisie\/#\/schema\/logo\/image\/"},"sameAs":["https:\/\/www.facebook.com\/KapitalisInfo\/","https:\/\/x.com\/KapitalisInfo","https:\/\/www.youtube.com\/channel\/UC-yDYrHyfFBWWZaOw3FPg9Q"]},{"@type":"Person","@id":"https:\/\/kapitalis.com\/tunisie\/#\/schema\/person\/d71f33a9ca44f7bad4698210b480c8e9","name":"webmaster kapitalis","url":"https:\/\/kapitalis.com\/tunisie\/author\/webmaster-kapitalis\/"}]}},"_links":{"self":[{"href":"https:\/\/kapitalis.com\/tunisie\/wp-json\/wp\/v2\/posts\/13429322","targetHints":{"allow":["GET"]}}],"collection":[{"href":"https:\/\/kapitalis.com\/tunisie\/wp-json\/wp\/v2\/posts"}],"about":[{"href":"https:\/\/kapitalis.com\/tunisie\/wp-json\/wp\/v2\/types\/post"}],"author":[{"embeddable":true,"href":"https:\/\/kapitalis.com\/tunisie\/wp-json\/wp\/v2\/users\/8"}],"replies":[{"embeddable":true,"href":"https:\/\/kapitalis.com\/tunisie\/wp-json\/wp\/v2\/comments?post=13429322"}],"version-history":[{"count":1,"href":"https:\/\/kapitalis.com\/tunisie\/wp-json\/wp\/v2\/posts\/13429322\/revisions"}],"predecessor-version":[{"id":13429345,"href":"https:\/\/kapitalis.com\/tunisie\/wp-json\/wp\/v2\/posts\/13429322\/revisions\/13429345"}],"wp:featuredmedia":[{"embeddable":true,"href":"https:\/\/kapitalis.com\/tunisie\/wp-json\/wp\/v2\/media\/13429329"}],"wp:attachment":[{"href":"https:\/\/kapitalis.com\/tunisie\/wp-json\/wp\/v2\/media?parent=13429322"}],"wp:term":[{"taxonomy":"category","embeddable":true,"href":"https:\/\/kapitalis.com\/tunisie\/wp-json\/wp\/v2\/categories?post=13429322"},{"taxonomy":"post_tag","embeddable":true,"href":"https:\/\/kapitalis.com\/tunisie\/wp-json\/wp\/v2\/tags?post=13429322"}],"curies":[{"name":"wp","href":"https:\/\/api.w.org\/{rel}","templated":true}]}}