{"id":13438336,"date":"2024-06-25T20:00:36","date_gmt":"2024-06-25T19:00:36","guid":{"rendered":"https:\/\/kapitalis.com\/tunisie\/?p=13438336"},"modified":"2024-06-25T20:36:24","modified_gmt":"2024-06-25T19:36:24","slug":"la-tunisie-abrite-du-26-au-28-juin-la-1ere-conference-sur-les-flux-financiers-illicites-en-afrique","status":"publish","type":"post","link":"https:\/\/kapitalis.com\/tunisie\/2024\/06\/25\/la-tunisie-abrite-du-26-au-28-juin-la-1ere-conference-sur-les-flux-financiers-illicites-en-afrique\/","title":{"rendered":"La Tunisie abrite, du 26 au 28 juin, la 1\u00e8re conf\u00e9rence sur \u00ab les flux financiers illicites en Afrique \u00bb"},"content":{"rendered":"\n<p><strong><em>La Tunisie abrite, du 26 au 28 juin 2024, la premi\u00e8re Conf\u00e9rence Panafricaine sur les flux financiers illicites en Afrique, qu\u2019organise l\u2019Union Africaine, sous le th\u00e8me : \u00ab L&rsquo;agenda fiscal de l&rsquo;Afrique dans la lutte contre les flux financiers illicites : Passer de la parole aux actes \u00bb.<\/em><\/strong><\/p>\n\n\n\n<!--more-->\n\n\n\n<p>L\u2019organisation de cette conf\u00e9rence en Tunisie s\u2019inscrit dans le cadre de l\u2019engagement continu de notre pays en faveur de l\u2019action africaine commune et le soutien des efforts d\u00e9ploy\u00e9s par le Continent pour relever les d\u00e9fis auxquels il fait face.<\/p>\n\n\n\n<p>L\u2019accueil par notre pays de cette conf\u00e9rence refl\u00e8te \u00e9galement l\u2019int\u00e9r\u00eat que porte notre pays au renforcement de la gouvernance, la lutte contre les flux financiers illicites, la corruption financi\u00e8re, l\u2019\u00e9vasion fiscale et le transfert ill\u00e9gal de fonds \u00e0 l\u2019\u00e9tranger, ainsi que le renforcement des l\u00e9gislations nationales, r\u00e9gionales et internationales devant permettre la r\u00e9cup\u00e9ration les fonds frauduleusement acquis et d\u00e9tourn\u00e9es \u00e0 l\u2019\u00e9tranger.<\/p>\n\n\n\n<p>Les travaux de la conf\u00e9rence rassembleront des responsables gouvernementaux et des experts internationaux d\u2019Afrique et d\u2019ailleurs qui d\u00e9battront des politiques de lutte contre les flux financiers illicites, partageront les bonnes exp\u00e9riences et discuteront du renforcement de la coop\u00e9ration internationale dans cette lutte en vue d\u2019un d\u00e9veloppement global et durable conform\u00e9ment \u00e0 l\u2019Agenda de D\u00e9veloppent pour l\u2019Afrique 2063.<\/p>\n\n\n\n<p>Nabil Ammar, Ministre des Affaires Etrang\u00e8res, de la Migration et des Tunisiens \u00e0 l\u2019Etranger, proc\u00e8dera, la matin\u00e9e du mercredi 26 juin 2024, \u00e0 l\u2019inauguration de cette conf\u00e9rence.<\/p>\n\n\n\n<p class=\"has-text-align-right\"><strong>Communiqu\u00e9<\/strong><\/p>\n","protected":false},"excerpt":{"rendered":"<p>La Tunisie abrite, du 26 au 28 juin 2024, la premi\u00e8re Conf\u00e9rence Panafricaine sur les flux financiers illicites en Afrique, qu\u2019organise l\u2019Union Africaine, sous le th\u00e8me : \u00ab L&rsquo;agenda fiscal de l&rsquo;Afrique dans la lutte contre les flux financiers illicites : Passer de la parole aux actes \u00bb.<\/p>\n","protected":false},"author":6,"featured_media":2597480,"comment_status":"closed","ping_status":"open","sticky":false,"template":"","format":"standard","meta":{"footnotes":""},"categories":[995,997,2433],"tags":[41,113189,74454,116524,62643],"class_list":["post-13438336","post","type-post","status-publish","format-standard","has-post-thumbnail","hentry","category-economie","category-politique","category-tunisie","tag-afrique","tag-flux-financiers-illicites","tag-mae","tag-panafricaine","tag-tunisie"],"yoast_head":"<!-- This site is optimized with the Yoast SEO plugin v26.6 - https:\/\/yoast.com\/wordpress\/plugins\/seo\/ -->\n<title>La Tunisie abrite, du 26 au 28 juin, la 1\u00e8re conf\u00e9rence sur \u00ab les flux financiers illicites en Afrique \u00bb - Kapitalis<\/title>\n<meta name=\"robots\" content=\"index, follow, max-snippet:-1, max-image-preview:large, max-video-preview:-1\" \/>\n<link rel=\"canonical\" href=\"https:\/\/kapitalis.com\/tunisie\/2024\/06\/25\/la-tunisie-abrite-du-26-au-28-juin-la-1ere-conference-sur-les-flux-financiers-illicites-en-afrique\/\" \/>\n<meta property=\"og:locale\" content=\"fr_FR\" \/>\n<meta property=\"og:type\" content=\"article\" \/>\n<meta property=\"og:title\" content=\"La Tunisie abrite, du 26 au 28 juin, la 1\u00e8re conf\u00e9rence sur \u00ab les flux financiers illicites en Afrique \u00bb - Kapitalis\" \/>\n<meta property=\"og:description\" content=\"La Tunisie abrite, du 26 au 28 juin 2024, la premi\u00e8re Conf\u00e9rence Panafricaine sur les flux financiers illicites en Afrique, qu\u2019organise l\u2019Union Africaine, sous le th\u00e8me : \u00ab L&rsquo;agenda fiscal de l&rsquo;Afrique dans la lutte contre les flux financiers illicites : Passer de la parole aux actes \u00bb.\" \/>\n<meta property=\"og:url\" content=\"https:\/\/kapitalis.com\/tunisie\/2024\/06\/25\/la-tunisie-abrite-du-26-au-28-juin-la-1ere-conference-sur-les-flux-financiers-illicites-en-afrique\/\" \/>\n<meta property=\"og:site_name\" content=\"Kapitalis\" \/>\n<meta property=\"article:publisher\" content=\"https:\/\/www.facebook.com\/KapitalisInfo\/\" \/>\n<meta property=\"article:published_time\" content=\"2024-06-25T19:00:36+00:00\" \/>\n<meta property=\"article:modified_time\" content=\"2024-06-25T19:36:24+00:00\" \/>\n<meta property=\"og:image\" content=\"https:\/\/kapitalis.com\/tunisie\/wp-content\/uploads\/2022\/07\/Affaires-etrangeres.jpg\" \/>\n\t<meta property=\"og:image:width\" content=\"1200\" \/>\n\t<meta property=\"og:image:height\" content=\"630\" \/>\n\t<meta property=\"og:image:type\" content=\"image\/jpeg\" \/>\n<meta name=\"author\" content=\"Yusra NY\" \/>\n<meta name=\"twitter:card\" content=\"summary_large_image\" \/>\n<meta name=\"twitter:creator\" content=\"@KapitalisInfo\" \/>\n<meta name=\"twitter:site\" content=\"@KapitalisInfo\" \/>\n<meta name=\"twitter:label1\" content=\"\u00c9crit par\" \/>\n\t<meta name=\"twitter:data1\" content=\"Yusra NY\" \/>\n\t<meta name=\"twitter:label2\" content=\"Dur\u00e9e de lecture estim\u00e9e\" \/>\n\t<meta name=\"twitter:data2\" content=\"2 minutes\" \/>\n<script type=\"application\/ld+json\" class=\"yoast-schema-graph\">{\"@context\":\"https:\/\/schema.org\",\"@graph\":[{\"@type\":\"Article\",\"@id\":\"https:\/\/kapitalis.com\/tunisie\/2024\/06\/25\/la-tunisie-abrite-du-26-au-28-juin-la-1ere-conference-sur-les-flux-financiers-illicites-en-afrique\/#article\",\"isPartOf\":{\"@id\":\"https:\/\/kapitalis.com\/tunisie\/2024\/06\/25\/la-tunisie-abrite-du-26-au-28-juin-la-1ere-conference-sur-les-flux-financiers-illicites-en-afrique\/\"},\"author\":{\"name\":\"Yusra NY\",\"@id\":\"https:\/\/kapitalis.com\/tunisie\/#\/schema\/person\/74bbde0154d49d790a92aaeac5bc01d5\"},\"headline\":\"La Tunisie abrite, du 26 au 28 juin, la 1\u00e8re conf\u00e9rence sur \u00ab les flux financiers illicites en Afrique \u00bb\",\"datePublished\":\"2024-06-25T19:00:36+00:00\",\"dateModified\":\"2024-06-25T19:36:24+00:00\",\"mainEntityOfPage\":{\"@id\":\"https:\/\/kapitalis.com\/tunisie\/2024\/06\/25\/la-tunisie-abrite-du-26-au-28-juin-la-1ere-conference-sur-les-flux-financiers-illicites-en-afrique\/\"},\"wordCount\":283,\"publisher\":{\"@id\":\"https:\/\/kapitalis.com\/tunisie\/#organization\"},\"image\":{\"@id\":\"https:\/\/kapitalis.com\/tunisie\/2024\/06\/25\/la-tunisie-abrite-du-26-au-28-juin-la-1ere-conference-sur-les-flux-financiers-illicites-en-afrique\/#primaryimage\"},\"thumbnailUrl\":\"https:\/\/kapitalis.com\/tunisie\/wp-content\/uploads\/2022\/07\/Affaires-etrangeres.jpg\",\"keywords\":[\"Afrique\",\"flux financiers illicites\",\"MAE\",\"Panafricaine\",\"Tunisie\"],\"articleSection\":[\"ECONOMIE\",\"POLITIQUE\",\"Tunisie\"],\"inLanguage\":\"fr-FR\"},{\"@type\":\"WebPage\",\"@id\":\"https:\/\/kapitalis.com\/tunisie\/2024\/06\/25\/la-tunisie-abrite-du-26-au-28-juin-la-1ere-conference-sur-les-flux-financiers-illicites-en-afrique\/\",\"url\":\"https:\/\/kapitalis.com\/tunisie\/2024\/06\/25\/la-tunisie-abrite-du-26-au-28-juin-la-1ere-conference-sur-les-flux-financiers-illicites-en-afrique\/\",\"name\":\"La Tunisie abrite, du 26 au 28 juin, la 1\u00e8re conf\u00e9rence sur \u00ab les flux financiers illicites en Afrique \u00bb - Kapitalis\",\"isPartOf\":{\"@id\":\"https:\/\/kapitalis.com\/tunisie\/#website\"},\"primaryImageOfPage\":{\"@id\":\"https:\/\/kapitalis.com\/tunisie\/2024\/06\/25\/la-tunisie-abrite-du-26-au-28-juin-la-1ere-conference-sur-les-flux-financiers-illicites-en-afrique\/#primaryimage\"},\"image\":{\"@id\":\"https:\/\/kapitalis.com\/tunisie\/2024\/06\/25\/la-tunisie-abrite-du-26-au-28-juin-la-1ere-conference-sur-les-flux-financiers-illicites-en-afrique\/#primaryimage\"},\"thumbnailUrl\":\"https:\/\/kapitalis.com\/tunisie\/wp-content\/uploads\/2022\/07\/Affaires-etrangeres.jpg\",\"datePublished\":\"2024-06-25T19:00:36+00:00\",\"dateModified\":\"2024-06-25T19:36:24+00:00\",\"breadcrumb\":{\"@id\":\"https:\/\/kapitalis.com\/tunisie\/2024\/06\/25\/la-tunisie-abrite-du-26-au-28-juin-la-1ere-conference-sur-les-flux-financiers-illicites-en-afrique\/#breadcrumb\"},\"inLanguage\":\"fr-FR\",\"potentialAction\":[{\"@type\":\"ReadAction\",\"target\":[\"https:\/\/kapitalis.com\/tunisie\/2024\/06\/25\/la-tunisie-abrite-du-26-au-28-juin-la-1ere-conference-sur-les-flux-financiers-illicites-en-afrique\/\"]}]},{\"@type\":\"ImageObject\",\"inLanguage\":\"fr-FR\",\"@id\":\"https:\/\/kapitalis.com\/tunisie\/2024\/06\/25\/la-tunisie-abrite-du-26-au-28-juin-la-1ere-conference-sur-les-flux-financiers-illicites-en-afrique\/#primaryimage\",\"url\":\"https:\/\/kapitalis.com\/tunisie\/wp-content\/uploads\/2022\/07\/Affaires-etrangeres.jpg\",\"contentUrl\":\"https:\/\/kapitalis.com\/tunisie\/wp-content\/uploads\/2022\/07\/Affaires-etrangeres.jpg\",\"width\":1200,\"height\":630},{\"@type\":\"BreadcrumbList\",\"@id\":\"https:\/\/kapitalis.com\/tunisie\/2024\/06\/25\/la-tunisie-abrite-du-26-au-28-juin-la-1ere-conference-sur-les-flux-financiers-illicites-en-afrique\/#breadcrumb\",\"itemListElement\":[{\"@type\":\"ListItem\",\"position\":1,\"name\":\"Accueil\",\"item\":\"https:\/\/kapitalis.com\/tunisie\/\"},{\"@type\":\"ListItem\",\"position\":2,\"name\":\"La Tunisie abrite, du 26 au 28 juin, la 1\u00e8re conf\u00e9rence sur \u00ab les flux financiers illicites en Afrique \u00bb\"}]},{\"@type\":\"WebSite\",\"@id\":\"https:\/\/kapitalis.com\/tunisie\/#website\",\"url\":\"https:\/\/kapitalis.com\/tunisie\/\",\"name\":\"Kapitalis\",\"description\":\"L&#039;actualit\u00e9 en Tunisie et dans le monde\",\"publisher\":{\"@id\":\"https:\/\/kapitalis.com\/tunisie\/#organization\"},\"potentialAction\":[{\"@type\":\"SearchAction\",\"target\":{\"@type\":\"EntryPoint\",\"urlTemplate\":\"https:\/\/kapitalis.com\/tunisie\/?s={search_term_string}\"},\"query-input\":{\"@type\":\"PropertyValueSpecification\",\"valueRequired\":true,\"valueName\":\"search_term_string\"}}],\"inLanguage\":\"fr-FR\"},{\"@type\":\"Organization\",\"@id\":\"https:\/\/kapitalis.com\/tunisie\/#organization\",\"name\":\"Kapitalis\",\"url\":\"https:\/\/kapitalis.com\/tunisie\/\",\"logo\":{\"@type\":\"ImageObject\",\"inLanguage\":\"fr-FR\",\"@id\":\"https:\/\/kapitalis.com\/tunisie\/#\/schema\/logo\/image\/\",\"url\":\"https:\/\/kapitalis.com\/tunisie\/wp-content\/uploads\/2022\/05\/Kapitalis-big-size.png\",\"contentUrl\":\"https:\/\/kapitalis.com\/tunisie\/wp-content\/uploads\/2022\/05\/Kapitalis-big-size.png\",\"width\":5000,\"height\":1500,\"caption\":\"Kapitalis\"},\"image\":{\"@id\":\"https:\/\/kapitalis.com\/tunisie\/#\/schema\/logo\/image\/\"},\"sameAs\":[\"https:\/\/www.facebook.com\/KapitalisInfo\/\",\"https:\/\/x.com\/KapitalisInfo\",\"https:\/\/www.youtube.com\/channel\/UC-yDYrHyfFBWWZaOw3FPg9Q\"]},{\"@type\":\"Person\",\"@id\":\"https:\/\/kapitalis.com\/tunisie\/#\/schema\/person\/74bbde0154d49d790a92aaeac5bc01d5\",\"name\":\"Yusra NY\",\"url\":\"https:\/\/kapitalis.com\/tunisie\/author\/yuza_adam\/\"}]}<\/script>\n<!-- \/ Yoast SEO plugin. -->","yoast_head_json":{"title":"La Tunisie abrite, du 26 au 28 juin, la 1\u00e8re conf\u00e9rence sur \u00ab les flux financiers illicites en Afrique \u00bb - Kapitalis","robots":{"index":"index","follow":"follow","max-snippet":"max-snippet:-1","max-image-preview":"max-image-preview:large","max-video-preview":"max-video-preview:-1"},"canonical":"https:\/\/kapitalis.com\/tunisie\/2024\/06\/25\/la-tunisie-abrite-du-26-au-28-juin-la-1ere-conference-sur-les-flux-financiers-illicites-en-afrique\/","og_locale":"fr_FR","og_type":"article","og_title":"La Tunisie abrite, du 26 au 28 juin, la 1\u00e8re conf\u00e9rence sur \u00ab les flux financiers illicites en Afrique \u00bb - Kapitalis","og_description":"La Tunisie abrite, du 26 au 28 juin 2024, la premi\u00e8re Conf\u00e9rence Panafricaine sur les flux financiers illicites en Afrique, qu\u2019organise l\u2019Union Africaine, sous le th\u00e8me : \u00ab L&rsquo;agenda fiscal de l&rsquo;Afrique dans la lutte contre les flux financiers illicites : Passer de la parole aux actes \u00bb.","og_url":"https:\/\/kapitalis.com\/tunisie\/2024\/06\/25\/la-tunisie-abrite-du-26-au-28-juin-la-1ere-conference-sur-les-flux-financiers-illicites-en-afrique\/","og_site_name":"Kapitalis","article_publisher":"https:\/\/www.facebook.com\/KapitalisInfo\/","article_published_time":"2024-06-25T19:00:36+00:00","article_modified_time":"2024-06-25T19:36:24+00:00","og_image":[{"width":1200,"height":630,"url":"https:\/\/kapitalis.com\/tunisie\/wp-content\/uploads\/2022\/07\/Affaires-etrangeres.jpg","type":"image\/jpeg"}],"author":"Yusra NY","twitter_card":"summary_large_image","twitter_creator":"@KapitalisInfo","twitter_site":"@KapitalisInfo","twitter_misc":{"\u00c9crit par":"Yusra NY","Dur\u00e9e de lecture estim\u00e9e":"2 minutes"},"schema":{"@context":"https:\/\/schema.org","@graph":[{"@type":"Article","@id":"https:\/\/kapitalis.com\/tunisie\/2024\/06\/25\/la-tunisie-abrite-du-26-au-28-juin-la-1ere-conference-sur-les-flux-financiers-illicites-en-afrique\/#article","isPartOf":{"@id":"https:\/\/kapitalis.com\/tunisie\/2024\/06\/25\/la-tunisie-abrite-du-26-au-28-juin-la-1ere-conference-sur-les-flux-financiers-illicites-en-afrique\/"},"author":{"name":"Yusra NY","@id":"https:\/\/kapitalis.com\/tunisie\/#\/schema\/person\/74bbde0154d49d790a92aaeac5bc01d5"},"headline":"La Tunisie abrite, du 26 au 28 juin, la 1\u00e8re conf\u00e9rence sur \u00ab les flux financiers illicites en Afrique \u00bb","datePublished":"2024-06-25T19:00:36+00:00","dateModified":"2024-06-25T19:36:24+00:00","mainEntityOfPage":{"@id":"https:\/\/kapitalis.com\/tunisie\/2024\/06\/25\/la-tunisie-abrite-du-26-au-28-juin-la-1ere-conference-sur-les-flux-financiers-illicites-en-afrique\/"},"wordCount":283,"publisher":{"@id":"https:\/\/kapitalis.com\/tunisie\/#organization"},"image":{"@id":"https:\/\/kapitalis.com\/tunisie\/2024\/06\/25\/la-tunisie-abrite-du-26-au-28-juin-la-1ere-conference-sur-les-flux-financiers-illicites-en-afrique\/#primaryimage"},"thumbnailUrl":"https:\/\/kapitalis.com\/tunisie\/wp-content\/uploads\/2022\/07\/Affaires-etrangeres.jpg","keywords":["Afrique","flux financiers illicites","MAE","Panafricaine","Tunisie"],"articleSection":["ECONOMIE","POLITIQUE","Tunisie"],"inLanguage":"fr-FR"},{"@type":"WebPage","@id":"https:\/\/kapitalis.com\/tunisie\/2024\/06\/25\/la-tunisie-abrite-du-26-au-28-juin-la-1ere-conference-sur-les-flux-financiers-illicites-en-afrique\/","url":"https:\/\/kapitalis.com\/tunisie\/2024\/06\/25\/la-tunisie-abrite-du-26-au-28-juin-la-1ere-conference-sur-les-flux-financiers-illicites-en-afrique\/","name":"La Tunisie abrite, du 26 au 28 juin, la 1\u00e8re conf\u00e9rence sur \u00ab les flux financiers illicites en Afrique \u00bb - Kapitalis","isPartOf":{"@id":"https:\/\/kapitalis.com\/tunisie\/#website"},"primaryImageOfPage":{"@id":"https:\/\/kapitalis.com\/tunisie\/2024\/06\/25\/la-tunisie-abrite-du-26-au-28-juin-la-1ere-conference-sur-les-flux-financiers-illicites-en-afrique\/#primaryimage"},"image":{"@id":"https:\/\/kapitalis.com\/tunisie\/2024\/06\/25\/la-tunisie-abrite-du-26-au-28-juin-la-1ere-conference-sur-les-flux-financiers-illicites-en-afrique\/#primaryimage"},"thumbnailUrl":"https:\/\/kapitalis.com\/tunisie\/wp-content\/uploads\/2022\/07\/Affaires-etrangeres.jpg","datePublished":"2024-06-25T19:00:36+00:00","dateModified":"2024-06-25T19:36:24+00:00","breadcrumb":{"@id":"https:\/\/kapitalis.com\/tunisie\/2024\/06\/25\/la-tunisie-abrite-du-26-au-28-juin-la-1ere-conference-sur-les-flux-financiers-illicites-en-afrique\/#breadcrumb"},"inLanguage":"fr-FR","potentialAction":[{"@type":"ReadAction","target":["https:\/\/kapitalis.com\/tunisie\/2024\/06\/25\/la-tunisie-abrite-du-26-au-28-juin-la-1ere-conference-sur-les-flux-financiers-illicites-en-afrique\/"]}]},{"@type":"ImageObject","inLanguage":"fr-FR","@id":"https:\/\/kapitalis.com\/tunisie\/2024\/06\/25\/la-tunisie-abrite-du-26-au-28-juin-la-1ere-conference-sur-les-flux-financiers-illicites-en-afrique\/#primaryimage","url":"https:\/\/kapitalis.com\/tunisie\/wp-content\/uploads\/2022\/07\/Affaires-etrangeres.jpg","contentUrl":"https:\/\/kapitalis.com\/tunisie\/wp-content\/uploads\/2022\/07\/Affaires-etrangeres.jpg","width":1200,"height":630},{"@type":"BreadcrumbList","@id":"https:\/\/kapitalis.com\/tunisie\/2024\/06\/25\/la-tunisie-abrite-du-26-au-28-juin-la-1ere-conference-sur-les-flux-financiers-illicites-en-afrique\/#breadcrumb","itemListElement":[{"@type":"ListItem","position":1,"name":"Accueil","item":"https:\/\/kapitalis.com\/tunisie\/"},{"@type":"ListItem","position":2,"name":"La Tunisie abrite, du 26 au 28 juin, la 1\u00e8re conf\u00e9rence sur \u00ab les flux financiers illicites en Afrique \u00bb"}]},{"@type":"WebSite","@id":"https:\/\/kapitalis.com\/tunisie\/#website","url":"https:\/\/kapitalis.com\/tunisie\/","name":"Kapitalis","description":"L&#039;actualit\u00e9 en Tunisie et dans le monde","publisher":{"@id":"https:\/\/kapitalis.com\/tunisie\/#organization"},"potentialAction":[{"@type":"SearchAction","target":{"@type":"EntryPoint","urlTemplate":"https:\/\/kapitalis.com\/tunisie\/?s={search_term_string}"},"query-input":{"@type":"PropertyValueSpecification","valueRequired":true,"valueName":"search_term_string"}}],"inLanguage":"fr-FR"},{"@type":"Organization","@id":"https:\/\/kapitalis.com\/tunisie\/#organization","name":"Kapitalis","url":"https:\/\/kapitalis.com\/tunisie\/","logo":{"@type":"ImageObject","inLanguage":"fr-FR","@id":"https:\/\/kapitalis.com\/tunisie\/#\/schema\/logo\/image\/","url":"https:\/\/kapitalis.com\/tunisie\/wp-content\/uploads\/2022\/05\/Kapitalis-big-size.png","contentUrl":"https:\/\/kapitalis.com\/tunisie\/wp-content\/uploads\/2022\/05\/Kapitalis-big-size.png","width":5000,"height":1500,"caption":"Kapitalis"},"image":{"@id":"https:\/\/kapitalis.com\/tunisie\/#\/schema\/logo\/image\/"},"sameAs":["https:\/\/www.facebook.com\/KapitalisInfo\/","https:\/\/x.com\/KapitalisInfo","https:\/\/www.youtube.com\/channel\/UC-yDYrHyfFBWWZaOw3FPg9Q"]},{"@type":"Person","@id":"https:\/\/kapitalis.com\/tunisie\/#\/schema\/person\/74bbde0154d49d790a92aaeac5bc01d5","name":"Yusra NY","url":"https:\/\/kapitalis.com\/tunisie\/author\/yuza_adam\/"}]}},"_links":{"self":[{"href":"https:\/\/kapitalis.com\/tunisie\/wp-json\/wp\/v2\/posts\/13438336","targetHints":{"allow":["GET"]}}],"collection":[{"href":"https:\/\/kapitalis.com\/tunisie\/wp-json\/wp\/v2\/posts"}],"about":[{"href":"https:\/\/kapitalis.com\/tunisie\/wp-json\/wp\/v2\/types\/post"}],"author":[{"embeddable":true,"href":"https:\/\/kapitalis.com\/tunisie\/wp-json\/wp\/v2\/users\/6"}],"replies":[{"embeddable":true,"href":"https:\/\/kapitalis.com\/tunisie\/wp-json\/wp\/v2\/comments?post=13438336"}],"version-history":[{"count":2,"href":"https:\/\/kapitalis.com\/tunisie\/wp-json\/wp\/v2\/posts\/13438336\/revisions"}],"predecessor-version":[{"id":13438355,"href":"https:\/\/kapitalis.com\/tunisie\/wp-json\/wp\/v2\/posts\/13438336\/revisions\/13438355"}],"wp:featuredmedia":[{"embeddable":true,"href":"https:\/\/kapitalis.com\/tunisie\/wp-json\/wp\/v2\/media\/2597480"}],"wp:attachment":[{"href":"https:\/\/kapitalis.com\/tunisie\/wp-json\/wp\/v2\/media?parent=13438336"}],"wp:term":[{"taxonomy":"category","embeddable":true,"href":"https:\/\/kapitalis.com\/tunisie\/wp-json\/wp\/v2\/categories?post=13438336"},{"taxonomy":"post_tag","embeddable":true,"href":"https:\/\/kapitalis.com\/tunisie\/wp-json\/wp\/v2\/tags?post=13438336"}],"curies":[{"name":"wp","href":"https:\/\/api.w.org\/{rel}","templated":true}]}}