{"id":134481,"date":"2018-01-22T19:02:21","date_gmt":"2018-01-22T18:02:21","guid":{"rendered":"http:\/\/kapitalis.com\/tunisie\/?p=134481"},"modified":"2018-01-22T19:02:21","modified_gmt":"2018-01-22T18:02:21","slug":"sept-ans-apres-printemps-arabe-tunisie-face-a-avenir-incertain","status":"publish","type":"post","link":"https:\/\/kapitalis.com\/tunisie\/2018\/01\/22\/sept-ans-apres-printemps-arabe-tunisie-face-a-avenir-incertain\/","title":{"rendered":"Sept ans apr\u00e8s le Printemps arabe, la Tunisie face \u00e0 un avenir incertain"},"content":{"rendered":"<p style=\"text-align: center;\"><img loading=\"lazy\" decoding=\"async\" class=\"alignnone size-full wp-image-133052\" src=\"http:\/\/kapitalis.com\/tunisie\/wp-content\/uploads\/2018\/01\/Manifestations-2018.jpg\" alt=\"\" width=\"626\" height=\"380\" \/><\/p>\n<p><em><strong>Si les \u00e9lites tunisiennes continuent \u00e0 \u00abfaire mumuse\u00bb alors que Carthage br\u00fble, la seule d\u00e9mocratie naissante du monde arabe risque de s\u2019autod\u00e9truire ou revenir \u00e0 un r\u00e9gime autoritaire.<\/strong> <\/em><\/p>\n<p>Par <strong>Francis Ghil\u00e8s\u00a0<\/strong>*<\/p>\n<p><!--more--><\/p>\n<p><img loading=\"lazy\" decoding=\"async\" class=\"alignnone size-full wp-image-134482 alignleft\" src=\"http:\/\/kapitalis.com\/tunisie\/wp-content\/uploads\/2018\/01\/Francis-Ghiles.jpg\" alt=\"\" width=\"200\" height=\"200\" \/>Cela fait sept ans que le dictateur Ben Ali a \u00e9t\u00e9 d\u00e9pos\u00e9. Sa chute a d\u00e9capit\u00e9 sa famille r\u00e9gnante pr\u00e9datrice et l\u00e9galis\u00e9 la formation de partis politiques \u2013 notamment le parti islamiste Ennahdha. Elle a \u00e9galement d\u00e9clench\u00e9 une vague de soul\u00e8vements \u00e0 travers le monde arabe. Cependant, aujourd\u2019hui, la Tunisie fait face \u00e0 une nouvelle r\u00e9volution, \u00e0 moins que ses dirigeants n\u2019articulent et mettent en \u0153uvre des r\u00e9formes capables de redonner de l\u2019espoir aux masses d\u00e9sesp\u00e9r\u00e9es de jeunes sans emploi et sans instruction.<\/p>\n<h3>Le tsunami nahdhaoui balaie tout sur son passage<\/h3>\n<p>La libert\u00e9 d\u2019expression, qui a suivi la mise hors jeu de l\u2019ancien r\u00e9gime, s\u2019est transform\u00e9e aujourd\u2019hui trop souvent en une libert\u00e9 au chantage et \u00e0 l\u2019insulte. Des \u00e9lections libres et \u00e9quitables ont accord\u00e9 \u00e0 Ennahdha et \u00e0 son chef charismatique, Rached Ghannouchi, une majorit\u00e9 parlementaire, en octobre 2011, qu\u2019ils ont perdue trois ann\u00e9es plus tard \u2013 ceci constituant un cas rare d\u2019un parti islamiste essuyant un revers \u00e9lectoral.<\/p>\n<p>Au lieu de s\u2019atteler \u00e0 la t\u00e2che de r\u00e9former l\u2019\u00e9conomie, Ennahdha s\u2019\u00e9tait plut\u00f4t occup\u00e9 \u00e0 tenter de d\u00e9tricoter le Code du statut personnel, promulgu\u00e9 en 1956 par le fondateur de la Tunisie moderne, Habib Bourguiba.\u00a0 Cette loi fondatrice accordait aux femmes tunisiennes des droits \u00e9gaux \u00e0 ceux des hommes \u2013 \u00e0 l\u2019exception des droits successoraux.<\/p>\n<p>Ils se sont attach\u00e9s \u00e0 ajouter 140.000 employ\u00e9s \u00e0 une fonction publique et \u00e0 des soci\u00e9t\u00e9s nationales d\u00e9j\u00e0 excessivement pl\u00e9thoriques \u2013 et, dans la majorit\u00e9 \u00e9crasante de ces nouveaux recrutements, il s\u2019agissait de sympathisants du mouvement islamiste et tr\u00e8s souvent de personnes qui ne poss\u00e9daient pas les comp\u00e9tences requises.<\/p>\n<p>Ils ont \u00e9galement ferm\u00e9 les yeux sur certains de leurs partisans extr\u00e9mistes qui sont devenus des terroristes djihadistes et qui ont rejoint des camps d\u2019entra\u00eenement en Libye voisine.<\/p>\n<p>R\u00e9sultats du passage d\u2019Ennahdha au pouvoir: cela a eu pour effet de d\u00e9moraliser un service public auparavant raisonnablement efficient; les attaques terroristes contre le mus\u00e9e du Bardo, \u00e0 Tunis, et dans la station baln\u00e9aire de Sousse, en 2015, ont d\u00e9vast\u00e9 le secteur vital du tourisme; et les investisseurs \u00e9trangers potentiels ont pris peur de placer leur argent dans le florissant secteur industriel offshore.<\/p>\n<p>Il y a \u00e0 peine plus de trois ans, l\u2019\u00e9lection pr\u00e9sidentielle a port\u00e9 au pouvoir B\u00e9ji Ca\u00efd Essebsi, alors \u00e2g\u00e9 de 91 ans, un ancien ministre sous Bourguiba qui n\u2019a jamais \u00e9t\u00e9 li\u00e9 aux d\u00e9rives du r\u00e9gime Ben Ali (1987-2011). En 2012, il fonde Nidaa Tounes, une large coalition de partis la\u00efcs, pour contrecarrer les id\u00e9es d\u2019Ennahdha.<\/p>\n<p>Nidaa Tounes remporte le plus grand nombre de si\u00e8ges dans le nouvelle Assembl\u00e9e des repr\u00e9sentants du peuple (ARP), mais la d\u00e9cision de Si B\u00e9ji de former une alliance avec Ennahdha a instantan\u00e9ment entra\u00een\u00e9 une scission au sein de son parti, qui n\u2019a plus fini de perdre ses d\u00e9put\u00e9s.<\/p>\n<p>Plus important encore, le pr\u00e9sident a refus\u00e9 d\u2019accorder \u00e0 ses deux premiers ministres, Habib Essid et Youssef Chahed, les pleins pouvoirs qui leur sont octroy\u00e9s par la nouvelle constitution de 2014.<\/p>\n<h3 style=\"text-align: center;\"><img loading=\"lazy\" decoding=\"async\" class=\"alignnone wp-image-113236\" src=\"http:\/\/kapitalis.com\/tunisie\/wp-content\/uploads\/2017\/09\/Ghannouchi-Caid-Essebsi.jpg\" alt=\"\" width=\"500\" height=\"304\" \/><\/h3>\n<p style=\"text-align: center;\"><em>L&rsquo;alliance\u00a0Nidaa Tounes et Ennahdha\u00a0 a \u00e9c\u0153ur\u00e9 la majorit\u00e9 des Tunisiens.<\/em><\/p>\n<h3>Une \u00e9conomie agonisante<\/h3>\n<p>L\u2019alliance entre Nidaa Tounes et Ennahdha a d\u00e9concert\u00e9 les partisans des deux formations politiques et entra\u00een\u00e9 une sorte de jeu de miroir entre les deux dirigeants qui a \u00e9c\u0153ur\u00e9 la majorit\u00e9 des Tunisiens \u2013 les riches, autant que les pauvres.<\/p>\n<p>La croissance \u00e9conomique a \u00e9t\u00e9 morose et les comptes ext\u00e9rieurs du pays se sont s\u00e9rieusement d\u00e9t\u00e9rior\u00e9s. Malgr\u00e9 l\u2019accord conclu en mai 2016 avec le FMI, octroyant \u00e0 la Tunisie un pr\u00eat de 2,9 milliards de dollars, la dette externe est mont\u00e9e de moins de 40% du PIB, en 2010, \u00e0 pr\u00e8s de 80%, l\u2019an dernier, et le d\u00e9ficit des transactions courantes a doubl\u00e9. La dette publique \u00e9quivaut actuellement 70% du PIB, compar\u00e9e \u00e0 40%, en 2010. L\u2019ann\u00e9e derni\u00e8re, le dinar tunisien a perdu 20% de sa valeur contre l\u2019euro et l\u2019inflation a atteint une moyenne annuelle de 6,3%.<\/p>\n<p>Pire, le secteur informel n\u2019a cess\u00e9 de s\u2019\u00e9tendre et il accapare actuellement la moiti\u00e9 du PIB, avec tout ce que ce ph\u00e9nom\u00e8ne implique comme distorsions \u00e9conomiques. L\u2019Etat perd de pr\u00e9cieux revenus fiscaux et les produits \u00e9trangers introduits clandestinement par la fronti\u00e8re tuniso-libyenne poussent les entreprises tunisiennes \u00e0 mettre la clef sous la porte.<\/p>\n<p>L\u2019enveloppe salariale de fonction publique engloutit 40% du budget de l\u2019Etat ou 15% du PIB, alors que le budget des investissements, qui est essentiel \u00e0 la relance de la croissance, ne repr\u00e9sente que 20%. Il n\u2019existe aucune volont\u00e9 politique de r\u00e9former un syst\u00e8me fiscal extr\u00eamement injuste qui encourage les classes professionnelles \u00e0 \u00e9viter le paiement de l\u2019imp\u00f4t.<\/p>\n<p>Des hommes d\u2019affaires mafieux, qui ont fait fortune dans la contrebande, financent avec leur argent sale les partis politiques. Et, \u00e9tant donn\u00e9 que l\u2019autorit\u00e9 de l\u2019Etat s\u2019est d\u00e9lit\u00e9e, les constructions anarchiques ont d\u00e9truit la campagne; la petite corruption s\u2019est r\u00e9pandue comme un cancer.<\/p>\n<p>La jeunesse d\u00e9sesp\u00e8re et les jeunes entrepreneurs souhaitant mettre sur pied leurs propres affaires sont confront\u00e9s \u00e0 des fonctionnaires indiff\u00e9rents et arrogants, ils sont soumis \u00e0 une interminable course-poursuite des documents administratifs et n\u2019obtiennent pratiquement aucune ligne de cr\u00e9dit aupr\u00e8s des banques. Sept gouvernements se sont succ\u00e9d\u00e9 \u00e0 la direction des affaires du pays et les deux derniers premiers ministres ont donn\u00e9 la preuve de leur incapacit\u00e9 \u00e0 \u00e9laborer un plan de r\u00e9formes audacieux.<\/p>\n<p>L\u2019UGTT, la deuxi\u00e8me plus ancienne centrale syndicale en Afrique, a toujours jou\u00e9 un r\u00f4le politique crucial en Tunisie, depuis sa cr\u00e9ation en 1946. Aujourd\u2019hui, son secr\u00e9taire g\u00e9n\u00e9ral, Noureddine Taboubi, qui se consid\u00e8re comme v\u00e9ritable faiseur de rois dans le pays, a r\u00e9cemment mis en garde le ministre des Finances contre toute tentative de privatisation des entreprises nationales.<\/p>\n<p>La politique d\u00e9mocratique a d\u00e9g\u00e9n\u00e9r\u00e9 sous les effets conjugu\u00e9s de la corruption, les luttes internes et la d\u00e9magogie. Lorsque les \u00e9lecteurs se rendront aux urnes pour voter, \u00e0 l\u2019occasion des municipales du printemps prochain, ils seront impitoyables \u00e0 l\u2019\u00e9gard de ceux qui les gouvernent et il est fort probable qu\u2019une forte majorit\u00e9 de jeunes Tunisiens choisiront de s\u2019abstenir.<\/p>\n<p style=\"text-align: center;\"><img loading=\"lazy\" decoding=\"async\" class=\"alignnone wp-image-133087\" src=\"http:\/\/kapitalis.com\/tunisie\/wp-content\/uploads\/2018\/01\/Noureddine-Taboubi-UGTT.jpg\" alt=\"\" width=\"500\" height=\"304\" \/><\/p>\n<p style=\"text-align: center;\"><em>Le secr\u00e9taire g\u00e9n\u00e9ral de l&rsquo;UGTT, Noureddine Taboubi, se consid\u00e8re comme v\u00e9ritable faiseur de rois.<\/em><\/p>\n<h3>Des \u00e9lites d\u00e9connect\u00e9es<\/h3>\n<p>Si leurs dirigeants les appelaient \u00e0 verser du sang, de la sueur et des larmes, en contrepartie de la r\u00e9alisation de grands travaux d\u2019infrastructures publiques et la mise en \u0153uvre d\u2019un ambitieux programme de formation professionnelle, ils pourraient regagner la confiance et le soutien de nombre de Tunisiens.<\/p>\n<p>Les r\u00e9centes augmentations de prix d\u00e9cid\u00e9es par le gouvernement Chahed ont \u00e9t\u00e9 si maladroitement pr\u00e9sent\u00e9es qu\u2019elles ne pouvaient qu\u2019entra\u00eener une r\u00e9action violente. Parmi les manifestants, des saboteurs se sont certainement infiltr\u00e9s. De l\u2019argent de mafiosi a, sans doute aussi, servi \u00e0 soudoyer de jeunes casseurs pour br\u00fbler des \u00e9difices publics et mettre \u00e0 sac d\u2019autres \u00e9tablissements. Cependant, ceux d\u2019entre les Tunisiens qui menacent le plus s\u00e9rieusement la jeune exp\u00e9rience d\u00e9mocratique tunisienne, on ne les trouve pas dans les rues des villages pauvres de l\u2019arri\u00e8re-pays comme Kasserine ou Sidi Bouzid.<\/p>\n<p>Ce sont plut\u00f4t ces \u00e9lites de la Tunisie qui vivent confortablement dans les banlieues r\u00e9sidentielles de la capitale, notamment \u00e0 Carthage. Si cette caste ne cesse pas de magouiller, une r\u00e9p\u00e9tition encore plus violente que ce qui s\u2019est pass\u00e9 en 2011 se pr\u00e9pare.<\/p>\n<p>Certes, le pr\u00e9sident a jou\u00e9 un r\u00f4le tr\u00e8s utile durant la transition d\u00e9mocratique, mais \u00e0 pr\u00e9sent il devrait accorder au chef du gouvernement, quel qu\u2019il soit, les pouvoirs que lui reconna\u00eet la constitution de 2014 et qu\u2019il cesse de pr\u00e9tendre qu\u2019il est une r\u00e9incarnation de Bourguiba. (\u2026)<\/p>\n<p>L\u2019Occident ne peut rester indiff\u00e9rent au sort de la Tunisie, car c\u2019est bien l\u2019intervention en Libye, men\u00e9e par la France et soutenue par l\u2019Otan, en 2011, qui a d\u00e9truit le r\u00e9gime de Mouammar Kadhafi. Pourtant, personne \u00e0 Paris, Londres ou Washington n\u2019a pens\u00e9 aux cons\u00e9quences de la d\u00e9sint\u00e9gration de la Libye. Selon un r\u00e9cent rapport de la Banque mondiale, la Tunisie perd annuellement deux points de pourcentage de croissance \u00e0 cause de la crise libyenne. Si le pays venait \u00e0 s\u2019effondrer, la crise migratoire \u00e0 laquelle l\u2019UE est confront\u00e9e actuellement en Libye deviendrait totalement ing\u00e9rable.<\/p>\n<p>La Tunisie m\u00e9rite un soutien \u00e9conomique occidental fort. Quelques milliards de dollars est une bien petite somme \u00e0 payer pour emp\u00eacher que les feux qui consument Carthage ne se r\u00e9pandent.<\/p>\n<p style=\"text-align: right;\"><em>Traduit de l\u2019anglais par<\/em><strong> Marwan Chahla<\/strong><\/p>\n<p><em>*Francis Ghil\u00e8s est chercheur associ\u00e9 principal aupr\u00e8s du Centre pour les affaires internationales de Barcelone. Il a servi comme correspondant du \u2018Financial Times\u2019 pour l\u2019Afrique du nord de 1977 \u00e0 1995.<\/em><\/p>\n<p><em>**Le titre est de l\u2019auteur et les intertitres sont de la r\u00e9daction.<\/em><\/p>\n<p><em><strong>Source<\/strong><\/em>: <a href=\"https:\/\/blogs.spectator.co.uk\/2018\/01\/seven-years-after-the-arab-spring-tunisia-faces-an-uncertain-future\/\"><em>\u2018\u2018The Spectator\u2019\u2019<\/em><\/a>.<\/p>\n<p>&nbsp;<\/p>\n<p><em><strong>Articles du m\u00eame auteur dans Kapitalis:\u00a0<\/strong><\/em><\/p>\n<blockquote class=\"wp-embedded-content\" data-secret=\"suHAp12g0U\"><p><a href=\"https:\/\/kapitalis.com\/tunisie\/2017\/04\/24\/la-relance-laborieuse-du-tourisme-tunisien\/\">La relance laborieuse du tourisme tunisien<\/a><\/p><\/blockquote>\n<p><iframe loading=\"lazy\" class=\"wp-embedded-content\" sandbox=\"allow-scripts\" security=\"restricted\" style=\"position: absolute; clip: rect(1px, 1px, 1px, 1px);\" title=\"\u00ab\u00a0La relance laborieuse du tourisme tunisien\u00a0\u00bb &#8212; Kapitalis\" src=\"https:\/\/kapitalis.com\/tunisie\/2017\/04\/24\/la-relance-laborieuse-du-tourisme-tunisien\/embed\/#?secret=ZRao7kAPGf#?secret=suHAp12g0U\" data-secret=\"suHAp12g0U\" width=\"600\" height=\"338\" frameborder=\"0\" marginwidth=\"0\" marginheight=\"0\" scrolling=\"no\"><\/iframe><\/p>\n<blockquote class=\"wp-embedded-content\" data-secret=\"AGZrayN5g4\"><p><a href=\"https:\/\/kapitalis.com\/tunisie\/2016\/11\/30\/la-tunisie-ou-le-progres-en-dents-de-scie-22\/\">La Tunisie ou le progr\u00e8s en dents de scie (2\/2)<\/a><\/p><\/blockquote>\n<p><iframe loading=\"lazy\" class=\"wp-embedded-content\" sandbox=\"allow-scripts\" security=\"restricted\" style=\"position: absolute; clip: rect(1px, 1px, 1px, 1px);\" title=\"\u00ab\u00a0La Tunisie ou le progr\u00e8s en dents de scie (2\/2)\u00a0\u00bb &#8212; Kapitalis\" src=\"https:\/\/kapitalis.com\/tunisie\/2016\/11\/30\/la-tunisie-ou-le-progres-en-dents-de-scie-22\/embed\/#?secret=fhJktcDy2Y#?secret=AGZrayN5g4\" data-secret=\"AGZrayN5g4\" width=\"600\" height=\"338\" frameborder=\"0\" marginwidth=\"0\" marginheight=\"0\" scrolling=\"no\"><\/iframe><\/p>\n<blockquote class=\"wp-embedded-content\" data-secret=\"NDXB79UeRF\"><p><a href=\"https:\/\/kapitalis.com\/tunisie\/2015\/10\/11\/nobel-de-la-paix-a-la-tunisie-le-choix-irreprochable-du-comite-doslo\/\">Nobel de la Paix \u00e0 la Tunisie: Le choix irr\u00e9prochable du comit\u00e9 d\u2019Oslo<\/a><\/p><\/blockquote>\n<p><iframe loading=\"lazy\" class=\"wp-embedded-content\" sandbox=\"allow-scripts\" security=\"restricted\" style=\"position: absolute; clip: rect(1px, 1px, 1px, 1px);\" title=\"\u00ab\u00a0Nobel de la Paix \u00e0 la Tunisie: Le choix irr\u00e9prochable du comit\u00e9 d\u2019Oslo\u00a0\u00bb &#8212; Kapitalis\" src=\"https:\/\/kapitalis.com\/tunisie\/2015\/10\/11\/nobel-de-la-paix-a-la-tunisie-le-choix-irreprochable-du-comite-doslo\/embed\/#?secret=4F7LB3j990#?secret=NDXB79UeRF\" data-secret=\"NDXB79UeRF\" width=\"600\" height=\"338\" frameborder=\"0\" marginwidth=\"0\" marginheight=\"0\" scrolling=\"no\"><\/iframe><\/p>\n","protected":false},"excerpt":{"rendered":"<p>Si les \u00e9lites tunisiennes continuent \u00e0 \u00abfaire mumuse\u00bb alors que Carthage br\u00fble, la seule d\u00e9mocratie naissante du monde arabe risque de s\u2019autod\u00e9truire ou revenir \u00e0 un r\u00e9gime autoritaire. Par Francis Ghil\u00e8s\u00a0*<\/p>\n","protected":false},"author":8,"featured_media":134482,"comment_status":"open","ping_status":"open","sticky":false,"template":"","format":"standard","meta":{"footnotes":""},"categories":[992,997,1000,2433],"tags":[1108,435,1648,21897],"class_list":["post-134481","post","type-post","status-publish","format-standard","has-post-thumbnail","hentry","category-a-la-une","category-politique","category-tribune","category-tunisie","tag-beji-caid-essebsi","tag-habib-essid","tag-islamistes","tag-noureddine-taboubi"],"yoast_head":"<!-- This site is optimized with the Yoast SEO plugin v26.6 - https:\/\/yoast.com\/wordpress\/plugins\/seo\/ -->\n<title>Sept ans apr\u00e8s le Printemps arabe, la Tunisie face \u00e0 un avenir incertain - Kapitalis<\/title>\n<meta name=\"robots\" content=\"index, follow, max-snippet:-1, max-image-preview:large, max-video-preview:-1\" \/>\n<link rel=\"canonical\" href=\"https:\/\/kapitalis.com\/tunisie\/2018\/01\/22\/sept-ans-apres-printemps-arabe-tunisie-face-a-avenir-incertain\/\" \/>\n<meta property=\"og:locale\" content=\"fr_FR\" \/>\n<meta property=\"og:type\" content=\"article\" \/>\n<meta property=\"og:title\" content=\"Sept ans apr\u00e8s le Printemps arabe, la Tunisie face \u00e0 un avenir incertain - Kapitalis\" \/>\n<meta property=\"og:description\" content=\"Si les \u00e9lites tunisiennes continuent \u00e0 \u00abfaire mumuse\u00bb alors que Carthage br\u00fble, la seule d\u00e9mocratie naissante du monde arabe risque de s\u2019autod\u00e9truire ou revenir \u00e0 un r\u00e9gime autoritaire. Par Francis Ghil\u00e8s\u00a0*\" \/>\n<meta property=\"og:url\" content=\"https:\/\/kapitalis.com\/tunisie\/2018\/01\/22\/sept-ans-apres-printemps-arabe-tunisie-face-a-avenir-incertain\/\" \/>\n<meta property=\"og:site_name\" content=\"Kapitalis\" \/>\n<meta property=\"article:publisher\" content=\"https:\/\/www.facebook.com\/KapitalisInfo\/\" \/>\n<meta property=\"article:published_time\" content=\"2018-01-22T18:02:21+00:00\" \/>\n<meta property=\"og:image\" content=\"https:\/\/kapitalis.com\/tunisie\/wp-content\/uploads\/2022\/05\/kapitalis-logo-fb.png\" \/>\n\t<meta property=\"og:image:width\" content=\"1200\" \/>\n\t<meta property=\"og:image:height\" content=\"630\" \/>\n\t<meta property=\"og:image:type\" content=\"image\/png\" \/>\n<meta name=\"author\" content=\"webmaster kapitalis\" \/>\n<meta name=\"twitter:card\" content=\"summary_large_image\" \/>\n<meta name=\"twitter:creator\" content=\"@KapitalisInfo\" \/>\n<meta name=\"twitter:site\" content=\"@KapitalisInfo\" \/>\n<meta name=\"twitter:label1\" content=\"\u00c9crit par\" \/>\n\t<meta name=\"twitter:data1\" content=\"webmaster kapitalis\" \/>\n\t<meta name=\"twitter:label2\" content=\"Dur\u00e9e de lecture estim\u00e9e\" \/>\n\t<meta name=\"twitter:data2\" content=\"8 minutes\" \/>\n<script type=\"application\/ld+json\" class=\"yoast-schema-graph\">{\"@context\":\"https:\/\/schema.org\",\"@graph\":[{\"@type\":\"Article\",\"@id\":\"https:\/\/kapitalis.com\/tunisie\/2018\/01\/22\/sept-ans-apres-printemps-arabe-tunisie-face-a-avenir-incertain\/#article\",\"isPartOf\":{\"@id\":\"https:\/\/kapitalis.com\/tunisie\/2018\/01\/22\/sept-ans-apres-printemps-arabe-tunisie-face-a-avenir-incertain\/\"},\"author\":{\"name\":\"webmaster kapitalis\",\"@id\":\"https:\/\/kapitalis.com\/tunisie\/#\/schema\/person\/d71f33a9ca44f7bad4698210b480c8e9\"},\"headline\":\"Sept ans apr\u00e8s le Printemps arabe, la Tunisie face \u00e0 un avenir incertain\",\"datePublished\":\"2018-01-22T18:02:21+00:00\",\"mainEntityOfPage\":{\"@id\":\"https:\/\/kapitalis.com\/tunisie\/2018\/01\/22\/sept-ans-apres-printemps-arabe-tunisie-face-a-avenir-incertain\/\"},\"wordCount\":1629,\"commentCount\":17,\"publisher\":{\"@id\":\"https:\/\/kapitalis.com\/tunisie\/#organization\"},\"image\":{\"@id\":\"https:\/\/kapitalis.com\/tunisie\/2018\/01\/22\/sept-ans-apres-printemps-arabe-tunisie-face-a-avenir-incertain\/#primaryimage\"},\"thumbnailUrl\":\"\",\"keywords\":[\"B\u00e9ji Ca\u00efd Essebsi\",\"Habib Essid\",\"islamistes\",\"Noureddine Taboubi\"],\"articleSection\":[\"A LA UNE\",\"POLITIQUE\",\"TRIBUNE\",\"Tunisie\"],\"inLanguage\":\"fr-FR\",\"potentialAction\":[{\"@type\":\"CommentAction\",\"name\":\"Comment\",\"target\":[\"https:\/\/kapitalis.com\/tunisie\/2018\/01\/22\/sept-ans-apres-printemps-arabe-tunisie-face-a-avenir-incertain\/#respond\"]}]},{\"@type\":\"WebPage\",\"@id\":\"https:\/\/kapitalis.com\/tunisie\/2018\/01\/22\/sept-ans-apres-printemps-arabe-tunisie-face-a-avenir-incertain\/\",\"url\":\"https:\/\/kapitalis.com\/tunisie\/2018\/01\/22\/sept-ans-apres-printemps-arabe-tunisie-face-a-avenir-incertain\/\",\"name\":\"Sept ans apr\u00e8s le Printemps arabe, la Tunisie face \u00e0 un avenir incertain - Kapitalis\",\"isPartOf\":{\"@id\":\"https:\/\/kapitalis.com\/tunisie\/#website\"},\"primaryImageOfPage\":{\"@id\":\"https:\/\/kapitalis.com\/tunisie\/2018\/01\/22\/sept-ans-apres-printemps-arabe-tunisie-face-a-avenir-incertain\/#primaryimage\"},\"image\":{\"@id\":\"https:\/\/kapitalis.com\/tunisie\/2018\/01\/22\/sept-ans-apres-printemps-arabe-tunisie-face-a-avenir-incertain\/#primaryimage\"},\"thumbnailUrl\":\"\",\"datePublished\":\"2018-01-22T18:02:21+00:00\",\"breadcrumb\":{\"@id\":\"https:\/\/kapitalis.com\/tunisie\/2018\/01\/22\/sept-ans-apres-printemps-arabe-tunisie-face-a-avenir-incertain\/#breadcrumb\"},\"inLanguage\":\"fr-FR\",\"potentialAction\":[{\"@type\":\"ReadAction\",\"target\":[\"https:\/\/kapitalis.com\/tunisie\/2018\/01\/22\/sept-ans-apres-printemps-arabe-tunisie-face-a-avenir-incertain\/\"]}]},{\"@type\":\"ImageObject\",\"inLanguage\":\"fr-FR\",\"@id\":\"https:\/\/kapitalis.com\/tunisie\/2018\/01\/22\/sept-ans-apres-printemps-arabe-tunisie-face-a-avenir-incertain\/#primaryimage\",\"url\":\"\",\"contentUrl\":\"\"},{\"@type\":\"BreadcrumbList\",\"@id\":\"https:\/\/kapitalis.com\/tunisie\/2018\/01\/22\/sept-ans-apres-printemps-arabe-tunisie-face-a-avenir-incertain\/#breadcrumb\",\"itemListElement\":[{\"@type\":\"ListItem\",\"position\":1,\"name\":\"Accueil\",\"item\":\"https:\/\/kapitalis.com\/tunisie\/\"},{\"@type\":\"ListItem\",\"position\":2,\"name\":\"Sept ans apr\u00e8s le Printemps arabe, la Tunisie face \u00e0 un avenir incertain\"}]},{\"@type\":\"WebSite\",\"@id\":\"https:\/\/kapitalis.com\/tunisie\/#website\",\"url\":\"https:\/\/kapitalis.com\/tunisie\/\",\"name\":\"Kapitalis\",\"description\":\"L&#039;actualit\u00e9 en Tunisie et dans le monde\",\"publisher\":{\"@id\":\"https:\/\/kapitalis.com\/tunisie\/#organization\"},\"potentialAction\":[{\"@type\":\"SearchAction\",\"target\":{\"@type\":\"EntryPoint\",\"urlTemplate\":\"https:\/\/kapitalis.com\/tunisie\/?s={search_term_string}\"},\"query-input\":{\"@type\":\"PropertyValueSpecification\",\"valueRequired\":true,\"valueName\":\"search_term_string\"}}],\"inLanguage\":\"fr-FR\"},{\"@type\":\"Organization\",\"@id\":\"https:\/\/kapitalis.com\/tunisie\/#organization\",\"name\":\"Kapitalis\",\"url\":\"https:\/\/kapitalis.com\/tunisie\/\",\"logo\":{\"@type\":\"ImageObject\",\"inLanguage\":\"fr-FR\",\"@id\":\"https:\/\/kapitalis.com\/tunisie\/#\/schema\/logo\/image\/\",\"url\":\"https:\/\/kapitalis.com\/tunisie\/wp-content\/uploads\/2022\/05\/Kapitalis-big-size.png\",\"contentUrl\":\"https:\/\/kapitalis.com\/tunisie\/wp-content\/uploads\/2022\/05\/Kapitalis-big-size.png\",\"width\":5000,\"height\":1500,\"caption\":\"Kapitalis\"},\"image\":{\"@id\":\"https:\/\/kapitalis.com\/tunisie\/#\/schema\/logo\/image\/\"},\"sameAs\":[\"https:\/\/www.facebook.com\/KapitalisInfo\/\",\"https:\/\/x.com\/KapitalisInfo\",\"https:\/\/www.youtube.com\/channel\/UC-yDYrHyfFBWWZaOw3FPg9Q\"]},{\"@type\":\"Person\",\"@id\":\"https:\/\/kapitalis.com\/tunisie\/#\/schema\/person\/d71f33a9ca44f7bad4698210b480c8e9\",\"name\":\"webmaster kapitalis\",\"url\":\"https:\/\/kapitalis.com\/tunisie\/author\/webmaster-kapitalis\/\"}]}<\/script>\n<!-- \/ Yoast SEO plugin. -->","yoast_head_json":{"title":"Sept ans apr\u00e8s le Printemps arabe, la Tunisie face \u00e0 un avenir incertain - Kapitalis","robots":{"index":"index","follow":"follow","max-snippet":"max-snippet:-1","max-image-preview":"max-image-preview:large","max-video-preview":"max-video-preview:-1"},"canonical":"https:\/\/kapitalis.com\/tunisie\/2018\/01\/22\/sept-ans-apres-printemps-arabe-tunisie-face-a-avenir-incertain\/","og_locale":"fr_FR","og_type":"article","og_title":"Sept ans apr\u00e8s le Printemps arabe, la Tunisie face \u00e0 un avenir incertain - Kapitalis","og_description":"Si les \u00e9lites tunisiennes continuent \u00e0 \u00abfaire mumuse\u00bb alors que Carthage br\u00fble, la seule d\u00e9mocratie naissante du monde arabe risque de s\u2019autod\u00e9truire ou revenir \u00e0 un r\u00e9gime autoritaire. Par Francis Ghil\u00e8s\u00a0*","og_url":"https:\/\/kapitalis.com\/tunisie\/2018\/01\/22\/sept-ans-apres-printemps-arabe-tunisie-face-a-avenir-incertain\/","og_site_name":"Kapitalis","article_publisher":"https:\/\/www.facebook.com\/KapitalisInfo\/","article_published_time":"2018-01-22T18:02:21+00:00","og_image":[{"width":1200,"height":630,"url":"https:\/\/kapitalis.com\/tunisie\/wp-content\/uploads\/2022\/05\/kapitalis-logo-fb.png","type":"image\/png"}],"author":"webmaster kapitalis","twitter_card":"summary_large_image","twitter_creator":"@KapitalisInfo","twitter_site":"@KapitalisInfo","twitter_misc":{"\u00c9crit par":"webmaster kapitalis","Dur\u00e9e de lecture estim\u00e9e":"8 minutes"},"schema":{"@context":"https:\/\/schema.org","@graph":[{"@type":"Article","@id":"https:\/\/kapitalis.com\/tunisie\/2018\/01\/22\/sept-ans-apres-printemps-arabe-tunisie-face-a-avenir-incertain\/#article","isPartOf":{"@id":"https:\/\/kapitalis.com\/tunisie\/2018\/01\/22\/sept-ans-apres-printemps-arabe-tunisie-face-a-avenir-incertain\/"},"author":{"name":"webmaster kapitalis","@id":"https:\/\/kapitalis.com\/tunisie\/#\/schema\/person\/d71f33a9ca44f7bad4698210b480c8e9"},"headline":"Sept ans apr\u00e8s le Printemps arabe, la Tunisie face \u00e0 un avenir incertain","datePublished":"2018-01-22T18:02:21+00:00","mainEntityOfPage":{"@id":"https:\/\/kapitalis.com\/tunisie\/2018\/01\/22\/sept-ans-apres-printemps-arabe-tunisie-face-a-avenir-incertain\/"},"wordCount":1629,"commentCount":17,"publisher":{"@id":"https:\/\/kapitalis.com\/tunisie\/#organization"},"image":{"@id":"https:\/\/kapitalis.com\/tunisie\/2018\/01\/22\/sept-ans-apres-printemps-arabe-tunisie-face-a-avenir-incertain\/#primaryimage"},"thumbnailUrl":"","keywords":["B\u00e9ji Ca\u00efd Essebsi","Habib Essid","islamistes","Noureddine Taboubi"],"articleSection":["A LA UNE","POLITIQUE","TRIBUNE","Tunisie"],"inLanguage":"fr-FR","potentialAction":[{"@type":"CommentAction","name":"Comment","target":["https:\/\/kapitalis.com\/tunisie\/2018\/01\/22\/sept-ans-apres-printemps-arabe-tunisie-face-a-avenir-incertain\/#respond"]}]},{"@type":"WebPage","@id":"https:\/\/kapitalis.com\/tunisie\/2018\/01\/22\/sept-ans-apres-printemps-arabe-tunisie-face-a-avenir-incertain\/","url":"https:\/\/kapitalis.com\/tunisie\/2018\/01\/22\/sept-ans-apres-printemps-arabe-tunisie-face-a-avenir-incertain\/","name":"Sept ans apr\u00e8s le Printemps arabe, la Tunisie face \u00e0 un avenir incertain - Kapitalis","isPartOf":{"@id":"https:\/\/kapitalis.com\/tunisie\/#website"},"primaryImageOfPage":{"@id":"https:\/\/kapitalis.com\/tunisie\/2018\/01\/22\/sept-ans-apres-printemps-arabe-tunisie-face-a-avenir-incertain\/#primaryimage"},"image":{"@id":"https:\/\/kapitalis.com\/tunisie\/2018\/01\/22\/sept-ans-apres-printemps-arabe-tunisie-face-a-avenir-incertain\/#primaryimage"},"thumbnailUrl":"","datePublished":"2018-01-22T18:02:21+00:00","breadcrumb":{"@id":"https:\/\/kapitalis.com\/tunisie\/2018\/01\/22\/sept-ans-apres-printemps-arabe-tunisie-face-a-avenir-incertain\/#breadcrumb"},"inLanguage":"fr-FR","potentialAction":[{"@type":"ReadAction","target":["https:\/\/kapitalis.com\/tunisie\/2018\/01\/22\/sept-ans-apres-printemps-arabe-tunisie-face-a-avenir-incertain\/"]}]},{"@type":"ImageObject","inLanguage":"fr-FR","@id":"https:\/\/kapitalis.com\/tunisie\/2018\/01\/22\/sept-ans-apres-printemps-arabe-tunisie-face-a-avenir-incertain\/#primaryimage","url":"","contentUrl":""},{"@type":"BreadcrumbList","@id":"https:\/\/kapitalis.com\/tunisie\/2018\/01\/22\/sept-ans-apres-printemps-arabe-tunisie-face-a-avenir-incertain\/#breadcrumb","itemListElement":[{"@type":"ListItem","position":1,"name":"Accueil","item":"https:\/\/kapitalis.com\/tunisie\/"},{"@type":"ListItem","position":2,"name":"Sept ans apr\u00e8s le Printemps arabe, la Tunisie face \u00e0 un avenir incertain"}]},{"@type":"WebSite","@id":"https:\/\/kapitalis.com\/tunisie\/#website","url":"https:\/\/kapitalis.com\/tunisie\/","name":"Kapitalis","description":"L&#039;actualit\u00e9 en Tunisie et dans le monde","publisher":{"@id":"https:\/\/kapitalis.com\/tunisie\/#organization"},"potentialAction":[{"@type":"SearchAction","target":{"@type":"EntryPoint","urlTemplate":"https:\/\/kapitalis.com\/tunisie\/?s={search_term_string}"},"query-input":{"@type":"PropertyValueSpecification","valueRequired":true,"valueName":"search_term_string"}}],"inLanguage":"fr-FR"},{"@type":"Organization","@id":"https:\/\/kapitalis.com\/tunisie\/#organization","name":"Kapitalis","url":"https:\/\/kapitalis.com\/tunisie\/","logo":{"@type":"ImageObject","inLanguage":"fr-FR","@id":"https:\/\/kapitalis.com\/tunisie\/#\/schema\/logo\/image\/","url":"https:\/\/kapitalis.com\/tunisie\/wp-content\/uploads\/2022\/05\/Kapitalis-big-size.png","contentUrl":"https:\/\/kapitalis.com\/tunisie\/wp-content\/uploads\/2022\/05\/Kapitalis-big-size.png","width":5000,"height":1500,"caption":"Kapitalis"},"image":{"@id":"https:\/\/kapitalis.com\/tunisie\/#\/schema\/logo\/image\/"},"sameAs":["https:\/\/www.facebook.com\/KapitalisInfo\/","https:\/\/x.com\/KapitalisInfo","https:\/\/www.youtube.com\/channel\/UC-yDYrHyfFBWWZaOw3FPg9Q"]},{"@type":"Person","@id":"https:\/\/kapitalis.com\/tunisie\/#\/schema\/person\/d71f33a9ca44f7bad4698210b480c8e9","name":"webmaster kapitalis","url":"https:\/\/kapitalis.com\/tunisie\/author\/webmaster-kapitalis\/"}]}},"_links":{"self":[{"href":"https:\/\/kapitalis.com\/tunisie\/wp-json\/wp\/v2\/posts\/134481","targetHints":{"allow":["GET"]}}],"collection":[{"href":"https:\/\/kapitalis.com\/tunisie\/wp-json\/wp\/v2\/posts"}],"about":[{"href":"https:\/\/kapitalis.com\/tunisie\/wp-json\/wp\/v2\/types\/post"}],"author":[{"embeddable":true,"href":"https:\/\/kapitalis.com\/tunisie\/wp-json\/wp\/v2\/users\/8"}],"replies":[{"embeddable":true,"href":"https:\/\/kapitalis.com\/tunisie\/wp-json\/wp\/v2\/comments?post=134481"}],"version-history":[{"count":0,"href":"https:\/\/kapitalis.com\/tunisie\/wp-json\/wp\/v2\/posts\/134481\/revisions"}],"wp:featuredmedia":[{"embeddable":true,"href":"https:\/\/kapitalis.com\/tunisie\/wp-json\/wp\/v2\/media\/134482"}],"wp:attachment":[{"href":"https:\/\/kapitalis.com\/tunisie\/wp-json\/wp\/v2\/media?parent=134481"}],"wp:term":[{"taxonomy":"category","embeddable":true,"href":"https:\/\/kapitalis.com\/tunisie\/wp-json\/wp\/v2\/categories?post=134481"},{"taxonomy":"post_tag","embeddable":true,"href":"https:\/\/kapitalis.com\/tunisie\/wp-json\/wp\/v2\/tags?post=134481"}],"curies":[{"name":"wp","href":"https:\/\/api.w.org\/{rel}","templated":true}]}}