{"id":13450393,"date":"2024-06-28T09:20:36","date_gmt":"2024-06-28T08:20:36","guid":{"rendered":"https:\/\/kapitalis.com\/tunisie\/?p=13450393"},"modified":"2024-06-28T09:29:12","modified_gmt":"2024-06-28T08:29:12","slug":"majoration-du-salaire-minimum-garanti-de-7-a-partir-de-juillet-2024","status":"publish","type":"post","link":"https:\/\/kapitalis.com\/tunisie\/2024\/06\/28\/majoration-du-salaire-minimum-garanti-de-7-a-partir-de-juillet-2024\/","title":{"rendered":"Majoration du salaire minimum garanti de 7% \u00e0 partir de juillet 2024"},"content":{"rendered":"\n<p><strong><em>Le salaire minimum interprofessionnel garanti (Smig) sera major\u00e9 de 7% pour les salari\u00e9s du secteur priv\u00e9 \u00e0 partir du mois de juillet prochain avec un effet r\u00e9troactif \u00e0 partir du 1er mai 2024.<\/em><\/strong><\/p>\n\n\n\n<!--more-->\n\n\n\n<p>C\u2019est ce qui a \u00e9t\u00e9 annonc\u00e9 dans un communiqu\u00e9 de la pr\u00e9sidence de la r\u00e9publique publi\u00e9 \u00e0 la suite de la rencontre, hier, jeudi 27 juin 2024, au Palais de Carthage, entre le \u00a0pr\u00e9sident de la r\u00e9publique, Ka\u00efs Sa\u00efed, et le ministre des Affaires sociales, Kamel Madouri.<\/p>\n\n\n\n<p>Une seconde augmentation de 7,5% est \u00e9galement programm\u00e9e au 1er janvier 2025, qui induira, en cons\u00e9quence, la majoration des pensions de retraite du secteur priv\u00e9 avec un effet r\u00e9troactif \u00e0 compter du 1<sup>er<\/sup> mai 2024 et qui concerne pr\u00e8s d\u2019un million de retrait\u00e9s, pr\u00e9cise le m\u00eame communiqu\u00e9.<\/p>\n\n\n\n<p>Rappelons que la derni\u00e8re majoration du Smig remonte \u00e0 novembre 2015.<\/p>\n\n\n\n<p>On ne peut que se f\u00e9liciter d\u2019une telle d\u00e9cision qui aurait des r\u00e9percussions positives sur plusieurs cat\u00e9gories de travailleurs qui verraient leur pouvoir d\u2019achat l\u00e9g\u00e8rement am\u00e9lior\u00e9 en cette p\u00e9riode de crise o\u00f9 l\u2019inflation d\u00e9passe les 7%, mais on aimerait entendre l\u2019avis de la ministre des Finances sur les r\u00e9percussions d\u2019une telle d\u00e9cision sur les finances publiques. Dans quelle cagnotte va-t-elle puiser les fonds que l\u2019Etat va d\u00e9penser \u00e0 la suite d\u2019une telle d\u00e9cision?<\/p>\n\n\n\n<p>L&rsquo;entretien d\u2019hier a \u00e9galement abord\u00e9 les dossiers de la <a href=\"https:\/\/kapitalis.com\/tunisie\/2024\/02\/24\/la-tunisie-interdit-la-sous-traitance-dans-le-secteur-public\/\" target=\"_blank\" rel=\"noreferrer noopener\">sous-traitance <\/a>dans les secteurs public et priv\u00e9 et celui des contrats de travail \u00e0 dur\u00e9e d\u00e9termin\u00e9e (CDD), pratiques que le chef de l\u2019Etat cherche \u00e0 abolir.<em> \u00abCes questions ne peuvent \u00eatre r\u00e9solues autrement que de mani\u00e8re irr\u00e9vocable qui rompt compl\u00e8tement avec le pass\u00e9 et barre la voie \u00e0 ceux qui cherchent \u00e0 se soustraire aux nouvelles dispositions\u00bb, <\/em>a d\u00e9clar\u00e9 le chef de l\u2019\u00c9tat. Il importe, lors de l\u2019\u00e9laboration des textes applicables aux cas envisag\u00e9s, de faire barrage \u00e0 ceux qui cherchent \u00e0 priver les travailleurs de leurs droits l\u00e9gitimes, a martel\u00e9 le pr\u00e9sident Sa\u00efed, soulignant que <em>\u00abcette volont\u00e9 ferme doit \u00eatre port\u00e9e par une nouvelle l\u00e9gislation qui abolirait toutes les formes de travail pr\u00e9caire et d\u2019exploitation de la main-d\u2019\u0153uvre\u00bb<\/em>.<\/p>\n\n\n\n<p>Une nouvelle r\u00e9glementation qui interviendrait, a pr\u00e9cis\u00e9 le pr\u00e9sident Sa\u00efed, en cons\u00e9cration des dispositions de la Constitution visant \u00e0 garantir les droits fondamentaux des travailleurs ainsi que les droits des citoyens \u00e0 travailler dans des conditions d\u00e9centes en contrepartie de salaires \u00e9quitables.<\/p>\n\n\n\n<p>Avec de telles d\u00e9cisions, le pr\u00e9sident Sa\u00efed continue de mettre en place son nouveau mod\u00e8le \u00e9conomique \u00e0 forte port\u00e9e sociale. Il reste cependant \u00e0 harmoniser la politique \u00e9conomique du pays qui demeure, globalement, lib\u00e9rale avec une forte dose d&rsquo;\u00e9tatisme d\u00e9suet. <\/p>\n\n\n\n<figure class=\"wp-block-embed is-type-wp-embed is-provider-kapitalis wp-block-embed-kapitalis\"><div class=\"wp-block-embed__wrapper\">\n<blockquote class=\"wp-embedded-content\" data-secret=\"RFNmbIouGM\"><a href=\"https:\/\/kapitalis.com\/tunisie\/2024\/03\/07\/tunisie-saied-dattaque-a-la-sous-traitance-dans-le-secteur-prive\/\">Tunisie\u00a0: Sa\u00efed s\u2019attaque \u00e0 la sous-traitance dans le secteur priv\u00e9<\/a><\/blockquote><iframe loading=\"lazy\" class=\"wp-embedded-content\" sandbox=\"allow-scripts\" security=\"restricted\" style=\"position: absolute; clip: rect(1px, 1px, 1px, 1px);\" title=\"\u00ab\u00a0Tunisie\u00a0: Sa\u00efed s\u2019attaque \u00e0 la sous-traitance dans le secteur priv\u00e9\u00a0\u00bb &#8212; Kapitalis\" src=\"https:\/\/kapitalis.com\/tunisie\/2024\/03\/07\/tunisie-saied-dattaque-a-la-sous-traitance-dans-le-secteur-prive\/embed\/#?secret=pMTuEEq9OO#?secret=RFNmbIouGM\" data-secret=\"RFNmbIouGM\" width=\"600\" height=\"338\" frameborder=\"0\" marginwidth=\"0\" marginheight=\"0\" scrolling=\"no\"><\/iframe>\n<\/div><\/figure>\n\n\n\n<p class=\"has-text-align-right\"><strong>I. B.<\/strong> (avec Tap).<\/p>\n","protected":false},"excerpt":{"rendered":"<p>Le pr\u00e9sident Sa\u00efed continue de mettre en place son nouveau mod\u00e8le \u00e9conomique \u00e0 forte port\u00e9e sociale. <\/p>\n","protected":false},"author":8,"featured_media":13450413,"comment_status":"closed","ping_status":"open","sticky":false,"template":"","format":"standard","meta":{"footnotes":""},"categories":[995,997,2433],"tags":[76012,115860,102316,116572,2148,107650],"class_list":["post-13450393","post","type-post","status-publish","format-standard","has-post-thumbnail","hentry","category-economie","category-politique","category-tunisie","tag-kais-saied-2","tag-kamel-madouri","tag-pensions-de-retraite","tag-salaire-minimum-garanti","tag-smig","tag-sous-traitance"],"yoast_head":"<!-- This site is optimized with the Yoast SEO plugin v26.6 - https:\/\/yoast.com\/wordpress\/plugins\/seo\/ -->\n<title>Majoration du salaire minimum garanti de 7% \u00e0 partir de juillet 2024 - Kapitalis<\/title>\n<meta name=\"robots\" content=\"index, follow, max-snippet:-1, max-image-preview:large, max-video-preview:-1\" \/>\n<link rel=\"canonical\" href=\"https:\/\/kapitalis.com\/tunisie\/2024\/06\/28\/majoration-du-salaire-minimum-garanti-de-7-a-partir-de-juillet-2024\/\" \/>\n<meta property=\"og:locale\" content=\"fr_FR\" \/>\n<meta property=\"og:type\" content=\"article\" \/>\n<meta property=\"og:title\" content=\"Majoration du salaire minimum garanti de 7% \u00e0 partir de juillet 2024 - Kapitalis\" \/>\n<meta property=\"og:description\" content=\"Le pr\u00e9sident Sa\u00efed continue de mettre en place son nouveau mod\u00e8le \u00e9conomique \u00e0 forte port\u00e9e sociale.\" \/>\n<meta property=\"og:url\" content=\"https:\/\/kapitalis.com\/tunisie\/2024\/06\/28\/majoration-du-salaire-minimum-garanti-de-7-a-partir-de-juillet-2024\/\" \/>\n<meta property=\"og:site_name\" content=\"Kapitalis\" \/>\n<meta property=\"article:publisher\" content=\"https:\/\/www.facebook.com\/KapitalisInfo\/\" \/>\n<meta property=\"article:published_time\" content=\"2024-06-28T08:20:36+00:00\" \/>\n<meta property=\"article:modified_time\" content=\"2024-06-28T08:29:12+00:00\" \/>\n<meta property=\"og:image\" content=\"https:\/\/kapitalis.com\/tunisie\/wp-content\/uploads\/2024\/06\/Kais-Saied-Kamel-Maddouri-1.jpg\" \/>\n\t<meta property=\"og:image:width\" content=\"1200\" \/>\n\t<meta property=\"og:image:height\" content=\"630\" \/>\n\t<meta property=\"og:image:type\" content=\"image\/jpeg\" \/>\n<meta name=\"author\" content=\"webmaster kapitalis\" \/>\n<meta name=\"twitter:card\" content=\"summary_large_image\" \/>\n<meta name=\"twitter:creator\" content=\"@KapitalisInfo\" \/>\n<meta name=\"twitter:site\" content=\"@KapitalisInfo\" \/>\n<meta name=\"twitter:label1\" content=\"\u00c9crit par\" \/>\n\t<meta name=\"twitter:data1\" content=\"webmaster kapitalis\" \/>\n\t<meta name=\"twitter:label2\" content=\"Dur\u00e9e de lecture estim\u00e9e\" \/>\n\t<meta name=\"twitter:data2\" content=\"3 minutes\" \/>\n<script type=\"application\/ld+json\" class=\"yoast-schema-graph\">{\"@context\":\"https:\/\/schema.org\",\"@graph\":[{\"@type\":\"Article\",\"@id\":\"https:\/\/kapitalis.com\/tunisie\/2024\/06\/28\/majoration-du-salaire-minimum-garanti-de-7-a-partir-de-juillet-2024\/#article\",\"isPartOf\":{\"@id\":\"https:\/\/kapitalis.com\/tunisie\/2024\/06\/28\/majoration-du-salaire-minimum-garanti-de-7-a-partir-de-juillet-2024\/\"},\"author\":{\"name\":\"webmaster kapitalis\",\"@id\":\"https:\/\/kapitalis.com\/tunisie\/#\/schema\/person\/d71f33a9ca44f7bad4698210b480c8e9\"},\"headline\":\"Majoration du salaire minimum garanti de 7% \u00e0 partir de juillet 2024\",\"datePublished\":\"2024-06-28T08:20:36+00:00\",\"dateModified\":\"2024-06-28T08:29:12+00:00\",\"mainEntityOfPage\":{\"@id\":\"https:\/\/kapitalis.com\/tunisie\/2024\/06\/28\/majoration-du-salaire-minimum-garanti-de-7-a-partir-de-juillet-2024\/\"},\"wordCount\":487,\"publisher\":{\"@id\":\"https:\/\/kapitalis.com\/tunisie\/#organization\"},\"image\":{\"@id\":\"https:\/\/kapitalis.com\/tunisie\/2024\/06\/28\/majoration-du-salaire-minimum-garanti-de-7-a-partir-de-juillet-2024\/#primaryimage\"},\"thumbnailUrl\":\"https:\/\/kapitalis.com\/tunisie\/wp-content\/uploads\/2024\/06\/Kais-Saied-Kamel-Maddouri-1.jpg\",\"keywords\":[\"Ka\u00efs Sa\u00efed\",\"Kamel Madouri\",\"pensions de retraite\",\"salaire minimum garanti\",\"smig\",\"sous-traitance\"],\"articleSection\":[\"ECONOMIE\",\"POLITIQUE\",\"Tunisie\"],\"inLanguage\":\"fr-FR\"},{\"@type\":\"WebPage\",\"@id\":\"https:\/\/kapitalis.com\/tunisie\/2024\/06\/28\/majoration-du-salaire-minimum-garanti-de-7-a-partir-de-juillet-2024\/\",\"url\":\"https:\/\/kapitalis.com\/tunisie\/2024\/06\/28\/majoration-du-salaire-minimum-garanti-de-7-a-partir-de-juillet-2024\/\",\"name\":\"Majoration du salaire minimum garanti de 7% \u00e0 partir de juillet 2024 - Kapitalis\",\"isPartOf\":{\"@id\":\"https:\/\/kapitalis.com\/tunisie\/#website\"},\"primaryImageOfPage\":{\"@id\":\"https:\/\/kapitalis.com\/tunisie\/2024\/06\/28\/majoration-du-salaire-minimum-garanti-de-7-a-partir-de-juillet-2024\/#primaryimage\"},\"image\":{\"@id\":\"https:\/\/kapitalis.com\/tunisie\/2024\/06\/28\/majoration-du-salaire-minimum-garanti-de-7-a-partir-de-juillet-2024\/#primaryimage\"},\"thumbnailUrl\":\"https:\/\/kapitalis.com\/tunisie\/wp-content\/uploads\/2024\/06\/Kais-Saied-Kamel-Maddouri-1.jpg\",\"datePublished\":\"2024-06-28T08:20:36+00:00\",\"dateModified\":\"2024-06-28T08:29:12+00:00\",\"breadcrumb\":{\"@id\":\"https:\/\/kapitalis.com\/tunisie\/2024\/06\/28\/majoration-du-salaire-minimum-garanti-de-7-a-partir-de-juillet-2024\/#breadcrumb\"},\"inLanguage\":\"fr-FR\",\"potentialAction\":[{\"@type\":\"ReadAction\",\"target\":[\"https:\/\/kapitalis.com\/tunisie\/2024\/06\/28\/majoration-du-salaire-minimum-garanti-de-7-a-partir-de-juillet-2024\/\"]}]},{\"@type\":\"ImageObject\",\"inLanguage\":\"fr-FR\",\"@id\":\"https:\/\/kapitalis.com\/tunisie\/2024\/06\/28\/majoration-du-salaire-minimum-garanti-de-7-a-partir-de-juillet-2024\/#primaryimage\",\"url\":\"https:\/\/kapitalis.com\/tunisie\/wp-content\/uploads\/2024\/06\/Kais-Saied-Kamel-Maddouri-1.jpg\",\"contentUrl\":\"https:\/\/kapitalis.com\/tunisie\/wp-content\/uploads\/2024\/06\/Kais-Saied-Kamel-Maddouri-1.jpg\",\"width\":1200,\"height\":630},{\"@type\":\"BreadcrumbList\",\"@id\":\"https:\/\/kapitalis.com\/tunisie\/2024\/06\/28\/majoration-du-salaire-minimum-garanti-de-7-a-partir-de-juillet-2024\/#breadcrumb\",\"itemListElement\":[{\"@type\":\"ListItem\",\"position\":1,\"name\":\"Accueil\",\"item\":\"https:\/\/kapitalis.com\/tunisie\/\"},{\"@type\":\"ListItem\",\"position\":2,\"name\":\"Majoration du salaire minimum garanti de 7% \u00e0 partir de juillet 2024\"}]},{\"@type\":\"WebSite\",\"@id\":\"https:\/\/kapitalis.com\/tunisie\/#website\",\"url\":\"https:\/\/kapitalis.com\/tunisie\/\",\"name\":\"Kapitalis\",\"description\":\"L&#039;actualit\u00e9 en Tunisie et dans le monde\",\"publisher\":{\"@id\":\"https:\/\/kapitalis.com\/tunisie\/#organization\"},\"potentialAction\":[{\"@type\":\"SearchAction\",\"target\":{\"@type\":\"EntryPoint\",\"urlTemplate\":\"https:\/\/kapitalis.com\/tunisie\/?s={search_term_string}\"},\"query-input\":{\"@type\":\"PropertyValueSpecification\",\"valueRequired\":true,\"valueName\":\"search_term_string\"}}],\"inLanguage\":\"fr-FR\"},{\"@type\":\"Organization\",\"@id\":\"https:\/\/kapitalis.com\/tunisie\/#organization\",\"name\":\"Kapitalis\",\"url\":\"https:\/\/kapitalis.com\/tunisie\/\",\"logo\":{\"@type\":\"ImageObject\",\"inLanguage\":\"fr-FR\",\"@id\":\"https:\/\/kapitalis.com\/tunisie\/#\/schema\/logo\/image\/\",\"url\":\"https:\/\/kapitalis.com\/tunisie\/wp-content\/uploads\/2022\/05\/Kapitalis-big-size.png\",\"contentUrl\":\"https:\/\/kapitalis.com\/tunisie\/wp-content\/uploads\/2022\/05\/Kapitalis-big-size.png\",\"width\":5000,\"height\":1500,\"caption\":\"Kapitalis\"},\"image\":{\"@id\":\"https:\/\/kapitalis.com\/tunisie\/#\/schema\/logo\/image\/\"},\"sameAs\":[\"https:\/\/www.facebook.com\/KapitalisInfo\/\",\"https:\/\/x.com\/KapitalisInfo\",\"https:\/\/www.youtube.com\/channel\/UC-yDYrHyfFBWWZaOw3FPg9Q\"]},{\"@type\":\"Person\",\"@id\":\"https:\/\/kapitalis.com\/tunisie\/#\/schema\/person\/d71f33a9ca44f7bad4698210b480c8e9\",\"name\":\"webmaster kapitalis\",\"url\":\"https:\/\/kapitalis.com\/tunisie\/author\/webmaster-kapitalis\/\"}]}<\/script>\n<!-- \/ Yoast SEO plugin. -->","yoast_head_json":{"title":"Majoration du salaire minimum garanti de 7% \u00e0 partir de juillet 2024 - Kapitalis","robots":{"index":"index","follow":"follow","max-snippet":"max-snippet:-1","max-image-preview":"max-image-preview:large","max-video-preview":"max-video-preview:-1"},"canonical":"https:\/\/kapitalis.com\/tunisie\/2024\/06\/28\/majoration-du-salaire-minimum-garanti-de-7-a-partir-de-juillet-2024\/","og_locale":"fr_FR","og_type":"article","og_title":"Majoration du salaire minimum garanti de 7% \u00e0 partir de juillet 2024 - Kapitalis","og_description":"Le pr\u00e9sident Sa\u00efed continue de mettre en place son nouveau mod\u00e8le \u00e9conomique \u00e0 forte port\u00e9e sociale.","og_url":"https:\/\/kapitalis.com\/tunisie\/2024\/06\/28\/majoration-du-salaire-minimum-garanti-de-7-a-partir-de-juillet-2024\/","og_site_name":"Kapitalis","article_publisher":"https:\/\/www.facebook.com\/KapitalisInfo\/","article_published_time":"2024-06-28T08:20:36+00:00","article_modified_time":"2024-06-28T08:29:12+00:00","og_image":[{"width":1200,"height":630,"url":"https:\/\/kapitalis.com\/tunisie\/wp-content\/uploads\/2024\/06\/Kais-Saied-Kamel-Maddouri-1.jpg","type":"image\/jpeg"}],"author":"webmaster kapitalis","twitter_card":"summary_large_image","twitter_creator":"@KapitalisInfo","twitter_site":"@KapitalisInfo","twitter_misc":{"\u00c9crit par":"webmaster kapitalis","Dur\u00e9e de lecture estim\u00e9e":"3 minutes"},"schema":{"@context":"https:\/\/schema.org","@graph":[{"@type":"Article","@id":"https:\/\/kapitalis.com\/tunisie\/2024\/06\/28\/majoration-du-salaire-minimum-garanti-de-7-a-partir-de-juillet-2024\/#article","isPartOf":{"@id":"https:\/\/kapitalis.com\/tunisie\/2024\/06\/28\/majoration-du-salaire-minimum-garanti-de-7-a-partir-de-juillet-2024\/"},"author":{"name":"webmaster kapitalis","@id":"https:\/\/kapitalis.com\/tunisie\/#\/schema\/person\/d71f33a9ca44f7bad4698210b480c8e9"},"headline":"Majoration du salaire minimum garanti de 7% \u00e0 partir de juillet 2024","datePublished":"2024-06-28T08:20:36+00:00","dateModified":"2024-06-28T08:29:12+00:00","mainEntityOfPage":{"@id":"https:\/\/kapitalis.com\/tunisie\/2024\/06\/28\/majoration-du-salaire-minimum-garanti-de-7-a-partir-de-juillet-2024\/"},"wordCount":487,"publisher":{"@id":"https:\/\/kapitalis.com\/tunisie\/#organization"},"image":{"@id":"https:\/\/kapitalis.com\/tunisie\/2024\/06\/28\/majoration-du-salaire-minimum-garanti-de-7-a-partir-de-juillet-2024\/#primaryimage"},"thumbnailUrl":"https:\/\/kapitalis.com\/tunisie\/wp-content\/uploads\/2024\/06\/Kais-Saied-Kamel-Maddouri-1.jpg","keywords":["Ka\u00efs Sa\u00efed","Kamel Madouri","pensions de retraite","salaire minimum garanti","smig","sous-traitance"],"articleSection":["ECONOMIE","POLITIQUE","Tunisie"],"inLanguage":"fr-FR"},{"@type":"WebPage","@id":"https:\/\/kapitalis.com\/tunisie\/2024\/06\/28\/majoration-du-salaire-minimum-garanti-de-7-a-partir-de-juillet-2024\/","url":"https:\/\/kapitalis.com\/tunisie\/2024\/06\/28\/majoration-du-salaire-minimum-garanti-de-7-a-partir-de-juillet-2024\/","name":"Majoration du salaire minimum garanti de 7% \u00e0 partir de juillet 2024 - Kapitalis","isPartOf":{"@id":"https:\/\/kapitalis.com\/tunisie\/#website"},"primaryImageOfPage":{"@id":"https:\/\/kapitalis.com\/tunisie\/2024\/06\/28\/majoration-du-salaire-minimum-garanti-de-7-a-partir-de-juillet-2024\/#primaryimage"},"image":{"@id":"https:\/\/kapitalis.com\/tunisie\/2024\/06\/28\/majoration-du-salaire-minimum-garanti-de-7-a-partir-de-juillet-2024\/#primaryimage"},"thumbnailUrl":"https:\/\/kapitalis.com\/tunisie\/wp-content\/uploads\/2024\/06\/Kais-Saied-Kamel-Maddouri-1.jpg","datePublished":"2024-06-28T08:20:36+00:00","dateModified":"2024-06-28T08:29:12+00:00","breadcrumb":{"@id":"https:\/\/kapitalis.com\/tunisie\/2024\/06\/28\/majoration-du-salaire-minimum-garanti-de-7-a-partir-de-juillet-2024\/#breadcrumb"},"inLanguage":"fr-FR","potentialAction":[{"@type":"ReadAction","target":["https:\/\/kapitalis.com\/tunisie\/2024\/06\/28\/majoration-du-salaire-minimum-garanti-de-7-a-partir-de-juillet-2024\/"]}]},{"@type":"ImageObject","inLanguage":"fr-FR","@id":"https:\/\/kapitalis.com\/tunisie\/2024\/06\/28\/majoration-du-salaire-minimum-garanti-de-7-a-partir-de-juillet-2024\/#primaryimage","url":"https:\/\/kapitalis.com\/tunisie\/wp-content\/uploads\/2024\/06\/Kais-Saied-Kamel-Maddouri-1.jpg","contentUrl":"https:\/\/kapitalis.com\/tunisie\/wp-content\/uploads\/2024\/06\/Kais-Saied-Kamel-Maddouri-1.jpg","width":1200,"height":630},{"@type":"BreadcrumbList","@id":"https:\/\/kapitalis.com\/tunisie\/2024\/06\/28\/majoration-du-salaire-minimum-garanti-de-7-a-partir-de-juillet-2024\/#breadcrumb","itemListElement":[{"@type":"ListItem","position":1,"name":"Accueil","item":"https:\/\/kapitalis.com\/tunisie\/"},{"@type":"ListItem","position":2,"name":"Majoration du salaire minimum garanti de 7% \u00e0 partir de juillet 2024"}]},{"@type":"WebSite","@id":"https:\/\/kapitalis.com\/tunisie\/#website","url":"https:\/\/kapitalis.com\/tunisie\/","name":"Kapitalis","description":"L&#039;actualit\u00e9 en Tunisie et dans le monde","publisher":{"@id":"https:\/\/kapitalis.com\/tunisie\/#organization"},"potentialAction":[{"@type":"SearchAction","target":{"@type":"EntryPoint","urlTemplate":"https:\/\/kapitalis.com\/tunisie\/?s={search_term_string}"},"query-input":{"@type":"PropertyValueSpecification","valueRequired":true,"valueName":"search_term_string"}}],"inLanguage":"fr-FR"},{"@type":"Organization","@id":"https:\/\/kapitalis.com\/tunisie\/#organization","name":"Kapitalis","url":"https:\/\/kapitalis.com\/tunisie\/","logo":{"@type":"ImageObject","inLanguage":"fr-FR","@id":"https:\/\/kapitalis.com\/tunisie\/#\/schema\/logo\/image\/","url":"https:\/\/kapitalis.com\/tunisie\/wp-content\/uploads\/2022\/05\/Kapitalis-big-size.png","contentUrl":"https:\/\/kapitalis.com\/tunisie\/wp-content\/uploads\/2022\/05\/Kapitalis-big-size.png","width":5000,"height":1500,"caption":"Kapitalis"},"image":{"@id":"https:\/\/kapitalis.com\/tunisie\/#\/schema\/logo\/image\/"},"sameAs":["https:\/\/www.facebook.com\/KapitalisInfo\/","https:\/\/x.com\/KapitalisInfo","https:\/\/www.youtube.com\/channel\/UC-yDYrHyfFBWWZaOw3FPg9Q"]},{"@type":"Person","@id":"https:\/\/kapitalis.com\/tunisie\/#\/schema\/person\/d71f33a9ca44f7bad4698210b480c8e9","name":"webmaster kapitalis","url":"https:\/\/kapitalis.com\/tunisie\/author\/webmaster-kapitalis\/"}]}},"_links":{"self":[{"href":"https:\/\/kapitalis.com\/tunisie\/wp-json\/wp\/v2\/posts\/13450393","targetHints":{"allow":["GET"]}}],"collection":[{"href":"https:\/\/kapitalis.com\/tunisie\/wp-json\/wp\/v2\/posts"}],"about":[{"href":"https:\/\/kapitalis.com\/tunisie\/wp-json\/wp\/v2\/types\/post"}],"author":[{"embeddable":true,"href":"https:\/\/kapitalis.com\/tunisie\/wp-json\/wp\/v2\/users\/8"}],"replies":[{"embeddable":true,"href":"https:\/\/kapitalis.com\/tunisie\/wp-json\/wp\/v2\/comments?post=13450393"}],"version-history":[{"count":3,"href":"https:\/\/kapitalis.com\/tunisie\/wp-json\/wp\/v2\/posts\/13450393\/revisions"}],"predecessor-version":[{"id":13450491,"href":"https:\/\/kapitalis.com\/tunisie\/wp-json\/wp\/v2\/posts\/13450393\/revisions\/13450491"}],"wp:featuredmedia":[{"embeddable":true,"href":"https:\/\/kapitalis.com\/tunisie\/wp-json\/wp\/v2\/media\/13450413"}],"wp:attachment":[{"href":"https:\/\/kapitalis.com\/tunisie\/wp-json\/wp\/v2\/media?parent=13450393"}],"wp:term":[{"taxonomy":"category","embeddable":true,"href":"https:\/\/kapitalis.com\/tunisie\/wp-json\/wp\/v2\/categories?post=13450393"},{"taxonomy":"post_tag","embeddable":true,"href":"https:\/\/kapitalis.com\/tunisie\/wp-json\/wp\/v2\/tags?post=13450393"}],"curies":[{"name":"wp","href":"https:\/\/api.w.org\/{rel}","templated":true}]}}