{"id":134741,"date":"2018-01-24T10:46:55","date_gmt":"2018-01-24T09:46:55","guid":{"rendered":"http:\/\/kapitalis.com\/tunisie\/?p=134741"},"modified":"2018-01-24T10:46:55","modified_gmt":"2018-01-24T09:46:55","slug":"kasserine-deces-dun-agent-de-steg-suite-a-electrocution","status":"publish","type":"post","link":"https:\/\/kapitalis.com\/tunisie\/2018\/01\/24\/kasserine-deces-dun-agent-de-steg-suite-a-electrocution\/","title":{"rendered":"Kasserine : D\u00e9c\u00e8s d\u2019un agent de la Steg suite \u00e0 une \u00e9lectrocution"},"content":{"rendered":"<p style=\"text-align: center;\"><img loading=\"lazy\" decoding=\"async\" class=\"alignnone size-full wp-image-134747\" src=\"http:\/\/kapitalis.com\/tunisie\/wp-content\/uploads\/2018\/01\/Steg-Kasserine-deces-agent.jpg\" alt=\"\" width=\"626\" height=\"380\" \/><\/p>\n<p><em><strong>Un agent de la soci\u00e9t\u00e9 tunisienne de l\u2019\u00e9lectricit\u00e9 et du gaz (Steg) a \u00e9t\u00e9 \u00e9lectrocut\u00e9 hier, mardi 23 janvier 2018, \u00e0 Daghra (Kasserine). Il a succomb\u00e9 \u00e0 ses blessures.<\/strong><\/em><!--more--><\/p>\n<p>Othmane Mhamdi, p\u00e8re de famille, qui travaille depuis plusieurs ann\u00e9es \u00e0 la Steg, intervenait, hier, sur une ligne \u00e0 haute tension.\u00a0Electrocut\u00e9, ses coll\u00e8gues ont alert\u00e9 la protection civile qui l\u2019a rapidement transport\u00e9 \u00e0 l\u2019h\u00f4pital r\u00e9gional de Kasserine mais il a succomb\u00e9 \u00e0 ses blessures avant m\u00eame d&rsquo;\u00eatre pris en charge par les m\u00e9decins.<\/p>\n<p>Il sera enterr\u00e9, aujourd&rsquo;hui, mercredi 24 janvier, au cimeti\u00e8re Ouled Aziza, \u00e0 Kasserine.<\/p>\n<p style=\"text-align: right;\"><strong>Y. N.<\/strong><\/p>\n<blockquote class=\"wp-embedded-content\" data-secret=\"3VsYcOYVyC\"><p><a href=\"https:\/\/kapitalis.com\/tunisie\/2017\/11\/13\/inondations-a-gabes-un-agent-de-la-steg-meurt-electrocute\/\">Inondations \u00e0 Gab\u00e8s : Un agent de la Steg meurt \u00e9lectrocut\u00e9<\/a><\/p><\/blockquote>\n<p><iframe loading=\"lazy\" class=\"wp-embedded-content\" sandbox=\"allow-scripts\" security=\"restricted\" style=\"position: absolute; clip: rect(1px, 1px, 1px, 1px);\" title=\"\u00ab\u00a0Inondations \u00e0 Gab\u00e8s : Un agent de la Steg meurt \u00e9lectrocut\u00e9\u00a0\u00bb &#8212; Kapitalis\" src=\"https:\/\/kapitalis.com\/tunisie\/2017\/11\/13\/inondations-a-gabes-un-agent-de-la-steg-meurt-electrocute\/embed\/#?secret=saNEn9Ug9i#?secret=3VsYcOYVyC\" data-secret=\"3VsYcOYVyC\" width=\"600\" height=\"338\" frameborder=\"0\" marginwidth=\"0\" marginheight=\"0\" scrolling=\"no\"><\/iframe><\/p>\n<blockquote class=\"wp-embedded-content\" data-secret=\"Vgi2oBjrPn\"><p><a href=\"https:\/\/kapitalis.com\/tunisie\/2016\/10\/27\/gabes-colere-apres-le-deces-dun-agent-de-la-steg\/\">Gab\u00e8s : Col\u00e8re apr\u00e8s le d\u00e9c\u00e8s d\u2019un agent de la Steg<\/a><\/p><\/blockquote>\n<p><iframe loading=\"lazy\" class=\"wp-embedded-content\" sandbox=\"allow-scripts\" security=\"restricted\" style=\"position: absolute; clip: rect(1px, 1px, 1px, 1px);\" title=\"\u00ab\u00a0Gab\u00e8s : Col\u00e8re apr\u00e8s le d\u00e9c\u00e8s d\u2019un agent de la Steg\u00a0\u00bb &#8212; Kapitalis\" src=\"https:\/\/kapitalis.com\/tunisie\/2016\/10\/27\/gabes-colere-apres-le-deces-dun-agent-de-la-steg\/embed\/#?secret=ZDVtnGBMN0#?secret=Vgi2oBjrPn\" data-secret=\"Vgi2oBjrPn\" width=\"600\" height=\"338\" frameborder=\"0\" marginwidth=\"0\" marginheight=\"0\" scrolling=\"no\"><\/iframe><\/p>\n","protected":false},"excerpt":{"rendered":"<p>Un agent de la soci\u00e9t\u00e9 tunisienne de l\u2019\u00e9lectricit\u00e9 et du gaz (Steg) a \u00e9t\u00e9 \u00e9lectrocut\u00e9 hier, mardi 23 janvier 2018, \u00e0 Daghra (Kasserine). Il a succomb\u00e9 \u00e0 ses blessures.<\/p>\n","protected":false},"author":6,"featured_media":134747,"comment_status":"open","ping_status":"open","sticky":false,"template":"","format":"standard","meta":{"footnotes":""},"categories":[998,2433],"tags":[5375,525,3763],"class_list":["post-134741","post","type-post","status-publish","format-standard","has-post-thumbnail","hentry","category-societe","category-tunisie","tag-electrocute","tag-kasserine","tag-steg"],"yoast_head":"<!-- This site is optimized with the Yoast SEO plugin v26.6 - https:\/\/yoast.com\/wordpress\/plugins\/seo\/ -->\n<title>Kasserine : D\u00e9c\u00e8s d\u2019un agent de la Steg suite \u00e0 une \u00e9lectrocution - Kapitalis<\/title>\n<meta name=\"robots\" content=\"index, follow, max-snippet:-1, max-image-preview:large, max-video-preview:-1\" \/>\n<link rel=\"canonical\" href=\"https:\/\/kapitalis.com\/tunisie\/2018\/01\/24\/kasserine-deces-dun-agent-de-steg-suite-a-electrocution\/\" \/>\n<meta property=\"og:locale\" content=\"fr_FR\" \/>\n<meta property=\"og:type\" content=\"article\" \/>\n<meta property=\"og:title\" content=\"Kasserine : D\u00e9c\u00e8s d\u2019un agent de la Steg suite \u00e0 une \u00e9lectrocution - Kapitalis\" \/>\n<meta property=\"og:description\" content=\"Un agent de la soci\u00e9t\u00e9 tunisienne de l\u2019\u00e9lectricit\u00e9 et du gaz (Steg) a \u00e9t\u00e9 \u00e9lectrocut\u00e9 hier, mardi 23 janvier 2018, \u00e0 Daghra (Kasserine). Il a succomb\u00e9 \u00e0 ses blessures.\" \/>\n<meta property=\"og:url\" content=\"https:\/\/kapitalis.com\/tunisie\/2018\/01\/24\/kasserine-deces-dun-agent-de-steg-suite-a-electrocution\/\" \/>\n<meta property=\"og:site_name\" content=\"Kapitalis\" \/>\n<meta property=\"article:publisher\" content=\"https:\/\/www.facebook.com\/KapitalisInfo\/\" \/>\n<meta property=\"article:published_time\" content=\"2018-01-24T09:46:55+00:00\" \/>\n<meta property=\"og:image\" content=\"https:\/\/kapitalis.com\/tunisie\/wp-content\/uploads\/2022\/05\/kapitalis-logo-fb.png\" \/>\n\t<meta property=\"og:image:width\" content=\"1200\" \/>\n\t<meta property=\"og:image:height\" content=\"630\" \/>\n\t<meta property=\"og:image:type\" content=\"image\/png\" \/>\n<meta name=\"author\" content=\"Yusra NY\" \/>\n<meta name=\"twitter:card\" content=\"summary_large_image\" \/>\n<meta name=\"twitter:creator\" content=\"@KapitalisInfo\" \/>\n<meta name=\"twitter:site\" content=\"@KapitalisInfo\" \/>\n<meta name=\"twitter:label1\" content=\"\u00c9crit par\" \/>\n\t<meta name=\"twitter:data1\" content=\"Yusra NY\" \/>\n\t<meta name=\"twitter:label2\" content=\"Dur\u00e9e de lecture estim\u00e9e\" \/>\n\t<meta name=\"twitter:data2\" content=\"1 minute\" \/>\n<script type=\"application\/ld+json\" class=\"yoast-schema-graph\">{\"@context\":\"https:\/\/schema.org\",\"@graph\":[{\"@type\":\"Article\",\"@id\":\"https:\/\/kapitalis.com\/tunisie\/2018\/01\/24\/kasserine-deces-dun-agent-de-steg-suite-a-electrocution\/#article\",\"isPartOf\":{\"@id\":\"https:\/\/kapitalis.com\/tunisie\/2018\/01\/24\/kasserine-deces-dun-agent-de-steg-suite-a-electrocution\/\"},\"author\":{\"name\":\"Yusra NY\",\"@id\":\"https:\/\/kapitalis.com\/tunisie\/#\/schema\/person\/74bbde0154d49d790a92aaeac5bc01d5\"},\"headline\":\"Kasserine : D\u00e9c\u00e8s d\u2019un agent de la Steg suite \u00e0 une \u00e9lectrocution\",\"datePublished\":\"2018-01-24T09:46:55+00:00\",\"mainEntityOfPage\":{\"@id\":\"https:\/\/kapitalis.com\/tunisie\/2018\/01\/24\/kasserine-deces-dun-agent-de-steg-suite-a-electrocution\/\"},\"wordCount\":124,\"commentCount\":2,\"publisher\":{\"@id\":\"https:\/\/kapitalis.com\/tunisie\/#organization\"},\"image\":{\"@id\":\"https:\/\/kapitalis.com\/tunisie\/2018\/01\/24\/kasserine-deces-dun-agent-de-steg-suite-a-electrocution\/#primaryimage\"},\"thumbnailUrl\":\"\",\"keywords\":[\"\u00e9lectrocut\u00e9\",\"Kasserine\",\"Steg\"],\"articleSection\":[\"SOCIETE\",\"Tunisie\"],\"inLanguage\":\"fr-FR\",\"potentialAction\":[{\"@type\":\"CommentAction\",\"name\":\"Comment\",\"target\":[\"https:\/\/kapitalis.com\/tunisie\/2018\/01\/24\/kasserine-deces-dun-agent-de-steg-suite-a-electrocution\/#respond\"]}]},{\"@type\":\"WebPage\",\"@id\":\"https:\/\/kapitalis.com\/tunisie\/2018\/01\/24\/kasserine-deces-dun-agent-de-steg-suite-a-electrocution\/\",\"url\":\"https:\/\/kapitalis.com\/tunisie\/2018\/01\/24\/kasserine-deces-dun-agent-de-steg-suite-a-electrocution\/\",\"name\":\"Kasserine : D\u00e9c\u00e8s d\u2019un agent de la Steg suite \u00e0 une \u00e9lectrocution - Kapitalis\",\"isPartOf\":{\"@id\":\"https:\/\/kapitalis.com\/tunisie\/#website\"},\"primaryImageOfPage\":{\"@id\":\"https:\/\/kapitalis.com\/tunisie\/2018\/01\/24\/kasserine-deces-dun-agent-de-steg-suite-a-electrocution\/#primaryimage\"},\"image\":{\"@id\":\"https:\/\/kapitalis.com\/tunisie\/2018\/01\/24\/kasserine-deces-dun-agent-de-steg-suite-a-electrocution\/#primaryimage\"},\"thumbnailUrl\":\"\",\"datePublished\":\"2018-01-24T09:46:55+00:00\",\"breadcrumb\":{\"@id\":\"https:\/\/kapitalis.com\/tunisie\/2018\/01\/24\/kasserine-deces-dun-agent-de-steg-suite-a-electrocution\/#breadcrumb\"},\"inLanguage\":\"fr-FR\",\"potentialAction\":[{\"@type\":\"ReadAction\",\"target\":[\"https:\/\/kapitalis.com\/tunisie\/2018\/01\/24\/kasserine-deces-dun-agent-de-steg-suite-a-electrocution\/\"]}]},{\"@type\":\"ImageObject\",\"inLanguage\":\"fr-FR\",\"@id\":\"https:\/\/kapitalis.com\/tunisie\/2018\/01\/24\/kasserine-deces-dun-agent-de-steg-suite-a-electrocution\/#primaryimage\",\"url\":\"\",\"contentUrl\":\"\"},{\"@type\":\"BreadcrumbList\",\"@id\":\"https:\/\/kapitalis.com\/tunisie\/2018\/01\/24\/kasserine-deces-dun-agent-de-steg-suite-a-electrocution\/#breadcrumb\",\"itemListElement\":[{\"@type\":\"ListItem\",\"position\":1,\"name\":\"Accueil\",\"item\":\"https:\/\/kapitalis.com\/tunisie\/\"},{\"@type\":\"ListItem\",\"position\":2,\"name\":\"Kasserine : D\u00e9c\u00e8s d\u2019un agent de la Steg suite \u00e0 une \u00e9lectrocution\"}]},{\"@type\":\"WebSite\",\"@id\":\"https:\/\/kapitalis.com\/tunisie\/#website\",\"url\":\"https:\/\/kapitalis.com\/tunisie\/\",\"name\":\"Kapitalis\",\"description\":\"L&#039;actualit\u00e9 en Tunisie et dans le monde\",\"publisher\":{\"@id\":\"https:\/\/kapitalis.com\/tunisie\/#organization\"},\"potentialAction\":[{\"@type\":\"SearchAction\",\"target\":{\"@type\":\"EntryPoint\",\"urlTemplate\":\"https:\/\/kapitalis.com\/tunisie\/?s={search_term_string}\"},\"query-input\":{\"@type\":\"PropertyValueSpecification\",\"valueRequired\":true,\"valueName\":\"search_term_string\"}}],\"inLanguage\":\"fr-FR\"},{\"@type\":\"Organization\",\"@id\":\"https:\/\/kapitalis.com\/tunisie\/#organization\",\"name\":\"Kapitalis\",\"url\":\"https:\/\/kapitalis.com\/tunisie\/\",\"logo\":{\"@type\":\"ImageObject\",\"inLanguage\":\"fr-FR\",\"@id\":\"https:\/\/kapitalis.com\/tunisie\/#\/schema\/logo\/image\/\",\"url\":\"https:\/\/kapitalis.com\/tunisie\/wp-content\/uploads\/2022\/05\/Kapitalis-big-size.png\",\"contentUrl\":\"https:\/\/kapitalis.com\/tunisie\/wp-content\/uploads\/2022\/05\/Kapitalis-big-size.png\",\"width\":5000,\"height\":1500,\"caption\":\"Kapitalis\"},\"image\":{\"@id\":\"https:\/\/kapitalis.com\/tunisie\/#\/schema\/logo\/image\/\"},\"sameAs\":[\"https:\/\/www.facebook.com\/KapitalisInfo\/\",\"https:\/\/x.com\/KapitalisInfo\",\"https:\/\/www.youtube.com\/channel\/UC-yDYrHyfFBWWZaOw3FPg9Q\"]},{\"@type\":\"Person\",\"@id\":\"https:\/\/kapitalis.com\/tunisie\/#\/schema\/person\/74bbde0154d49d790a92aaeac5bc01d5\",\"name\":\"Yusra NY\",\"url\":\"https:\/\/kapitalis.com\/tunisie\/author\/yuza_adam\/\"}]}<\/script>\n<!-- \/ Yoast SEO plugin. -->","yoast_head_json":{"title":"Kasserine : D\u00e9c\u00e8s d\u2019un agent de la Steg suite \u00e0 une \u00e9lectrocution - Kapitalis","robots":{"index":"index","follow":"follow","max-snippet":"max-snippet:-1","max-image-preview":"max-image-preview:large","max-video-preview":"max-video-preview:-1"},"canonical":"https:\/\/kapitalis.com\/tunisie\/2018\/01\/24\/kasserine-deces-dun-agent-de-steg-suite-a-electrocution\/","og_locale":"fr_FR","og_type":"article","og_title":"Kasserine : D\u00e9c\u00e8s d\u2019un agent de la Steg suite \u00e0 une \u00e9lectrocution - Kapitalis","og_description":"Un agent de la soci\u00e9t\u00e9 tunisienne de l\u2019\u00e9lectricit\u00e9 et du gaz (Steg) a \u00e9t\u00e9 \u00e9lectrocut\u00e9 hier, mardi 23 janvier 2018, \u00e0 Daghra (Kasserine). Il a succomb\u00e9 \u00e0 ses blessures.","og_url":"https:\/\/kapitalis.com\/tunisie\/2018\/01\/24\/kasserine-deces-dun-agent-de-steg-suite-a-electrocution\/","og_site_name":"Kapitalis","article_publisher":"https:\/\/www.facebook.com\/KapitalisInfo\/","article_published_time":"2018-01-24T09:46:55+00:00","og_image":[{"width":1200,"height":630,"url":"https:\/\/kapitalis.com\/tunisie\/wp-content\/uploads\/2022\/05\/kapitalis-logo-fb.png","type":"image\/png"}],"author":"Yusra NY","twitter_card":"summary_large_image","twitter_creator":"@KapitalisInfo","twitter_site":"@KapitalisInfo","twitter_misc":{"\u00c9crit par":"Yusra NY","Dur\u00e9e de lecture estim\u00e9e":"1 minute"},"schema":{"@context":"https:\/\/schema.org","@graph":[{"@type":"Article","@id":"https:\/\/kapitalis.com\/tunisie\/2018\/01\/24\/kasserine-deces-dun-agent-de-steg-suite-a-electrocution\/#article","isPartOf":{"@id":"https:\/\/kapitalis.com\/tunisie\/2018\/01\/24\/kasserine-deces-dun-agent-de-steg-suite-a-electrocution\/"},"author":{"name":"Yusra NY","@id":"https:\/\/kapitalis.com\/tunisie\/#\/schema\/person\/74bbde0154d49d790a92aaeac5bc01d5"},"headline":"Kasserine : D\u00e9c\u00e8s d\u2019un agent de la Steg suite \u00e0 une \u00e9lectrocution","datePublished":"2018-01-24T09:46:55+00:00","mainEntityOfPage":{"@id":"https:\/\/kapitalis.com\/tunisie\/2018\/01\/24\/kasserine-deces-dun-agent-de-steg-suite-a-electrocution\/"},"wordCount":124,"commentCount":2,"publisher":{"@id":"https:\/\/kapitalis.com\/tunisie\/#organization"},"image":{"@id":"https:\/\/kapitalis.com\/tunisie\/2018\/01\/24\/kasserine-deces-dun-agent-de-steg-suite-a-electrocution\/#primaryimage"},"thumbnailUrl":"","keywords":["\u00e9lectrocut\u00e9","Kasserine","Steg"],"articleSection":["SOCIETE","Tunisie"],"inLanguage":"fr-FR","potentialAction":[{"@type":"CommentAction","name":"Comment","target":["https:\/\/kapitalis.com\/tunisie\/2018\/01\/24\/kasserine-deces-dun-agent-de-steg-suite-a-electrocution\/#respond"]}]},{"@type":"WebPage","@id":"https:\/\/kapitalis.com\/tunisie\/2018\/01\/24\/kasserine-deces-dun-agent-de-steg-suite-a-electrocution\/","url":"https:\/\/kapitalis.com\/tunisie\/2018\/01\/24\/kasserine-deces-dun-agent-de-steg-suite-a-electrocution\/","name":"Kasserine : D\u00e9c\u00e8s d\u2019un agent de la Steg suite \u00e0 une \u00e9lectrocution - Kapitalis","isPartOf":{"@id":"https:\/\/kapitalis.com\/tunisie\/#website"},"primaryImageOfPage":{"@id":"https:\/\/kapitalis.com\/tunisie\/2018\/01\/24\/kasserine-deces-dun-agent-de-steg-suite-a-electrocution\/#primaryimage"},"image":{"@id":"https:\/\/kapitalis.com\/tunisie\/2018\/01\/24\/kasserine-deces-dun-agent-de-steg-suite-a-electrocution\/#primaryimage"},"thumbnailUrl":"","datePublished":"2018-01-24T09:46:55+00:00","breadcrumb":{"@id":"https:\/\/kapitalis.com\/tunisie\/2018\/01\/24\/kasserine-deces-dun-agent-de-steg-suite-a-electrocution\/#breadcrumb"},"inLanguage":"fr-FR","potentialAction":[{"@type":"ReadAction","target":["https:\/\/kapitalis.com\/tunisie\/2018\/01\/24\/kasserine-deces-dun-agent-de-steg-suite-a-electrocution\/"]}]},{"@type":"ImageObject","inLanguage":"fr-FR","@id":"https:\/\/kapitalis.com\/tunisie\/2018\/01\/24\/kasserine-deces-dun-agent-de-steg-suite-a-electrocution\/#primaryimage","url":"","contentUrl":""},{"@type":"BreadcrumbList","@id":"https:\/\/kapitalis.com\/tunisie\/2018\/01\/24\/kasserine-deces-dun-agent-de-steg-suite-a-electrocution\/#breadcrumb","itemListElement":[{"@type":"ListItem","position":1,"name":"Accueil","item":"https:\/\/kapitalis.com\/tunisie\/"},{"@type":"ListItem","position":2,"name":"Kasserine : D\u00e9c\u00e8s d\u2019un agent de la Steg suite \u00e0 une \u00e9lectrocution"}]},{"@type":"WebSite","@id":"https:\/\/kapitalis.com\/tunisie\/#website","url":"https:\/\/kapitalis.com\/tunisie\/","name":"Kapitalis","description":"L&#039;actualit\u00e9 en Tunisie et dans le monde","publisher":{"@id":"https:\/\/kapitalis.com\/tunisie\/#organization"},"potentialAction":[{"@type":"SearchAction","target":{"@type":"EntryPoint","urlTemplate":"https:\/\/kapitalis.com\/tunisie\/?s={search_term_string}"},"query-input":{"@type":"PropertyValueSpecification","valueRequired":true,"valueName":"search_term_string"}}],"inLanguage":"fr-FR"},{"@type":"Organization","@id":"https:\/\/kapitalis.com\/tunisie\/#organization","name":"Kapitalis","url":"https:\/\/kapitalis.com\/tunisie\/","logo":{"@type":"ImageObject","inLanguage":"fr-FR","@id":"https:\/\/kapitalis.com\/tunisie\/#\/schema\/logo\/image\/","url":"https:\/\/kapitalis.com\/tunisie\/wp-content\/uploads\/2022\/05\/Kapitalis-big-size.png","contentUrl":"https:\/\/kapitalis.com\/tunisie\/wp-content\/uploads\/2022\/05\/Kapitalis-big-size.png","width":5000,"height":1500,"caption":"Kapitalis"},"image":{"@id":"https:\/\/kapitalis.com\/tunisie\/#\/schema\/logo\/image\/"},"sameAs":["https:\/\/www.facebook.com\/KapitalisInfo\/","https:\/\/x.com\/KapitalisInfo","https:\/\/www.youtube.com\/channel\/UC-yDYrHyfFBWWZaOw3FPg9Q"]},{"@type":"Person","@id":"https:\/\/kapitalis.com\/tunisie\/#\/schema\/person\/74bbde0154d49d790a92aaeac5bc01d5","name":"Yusra NY","url":"https:\/\/kapitalis.com\/tunisie\/author\/yuza_adam\/"}]}},"_links":{"self":[{"href":"https:\/\/kapitalis.com\/tunisie\/wp-json\/wp\/v2\/posts\/134741","targetHints":{"allow":["GET"]}}],"collection":[{"href":"https:\/\/kapitalis.com\/tunisie\/wp-json\/wp\/v2\/posts"}],"about":[{"href":"https:\/\/kapitalis.com\/tunisie\/wp-json\/wp\/v2\/types\/post"}],"author":[{"embeddable":true,"href":"https:\/\/kapitalis.com\/tunisie\/wp-json\/wp\/v2\/users\/6"}],"replies":[{"embeddable":true,"href":"https:\/\/kapitalis.com\/tunisie\/wp-json\/wp\/v2\/comments?post=134741"}],"version-history":[{"count":0,"href":"https:\/\/kapitalis.com\/tunisie\/wp-json\/wp\/v2\/posts\/134741\/revisions"}],"wp:featuredmedia":[{"embeddable":true,"href":"https:\/\/kapitalis.com\/tunisie\/wp-json\/wp\/v2\/media\/134747"}],"wp:attachment":[{"href":"https:\/\/kapitalis.com\/tunisie\/wp-json\/wp\/v2\/media?parent=134741"}],"wp:term":[{"taxonomy":"category","embeddable":true,"href":"https:\/\/kapitalis.com\/tunisie\/wp-json\/wp\/v2\/categories?post=134741"},{"taxonomy":"post_tag","embeddable":true,"href":"https:\/\/kapitalis.com\/tunisie\/wp-json\/wp\/v2\/tags?post=134741"}],"curies":[{"name":"wp","href":"https:\/\/api.w.org\/{rel}","templated":true}]}}