{"id":13476987,"date":"2024-07-01T08:40:22","date_gmt":"2024-07-01T07:40:22","guid":{"rendered":"https:\/\/kapitalis.com\/tunisie\/?p=13476987"},"modified":"2024-07-01T08:40:24","modified_gmt":"2024-07-01T07:40:24","slug":"tunisie-les-limogeages-amelioreraient-ils-les-services-publics","status":"publish","type":"post","link":"https:\/\/kapitalis.com\/tunisie\/2024\/07\/01\/tunisie-les-limogeages-amelioreraient-ils-les-services-publics\/","title":{"rendered":"Tunisie\u00a0: Les limogeages am\u00e9lioreraient-ils les services publics\u00a0?"},"content":{"rendered":"\n<p><strong><em>Les limogeages sont sans doute n\u00e9cessaires pour rappeler les agents de l\u2019Etat \u00e0 leurs responsabilit\u00e9s et leur signifier que le service public est un sacerdoce et un fardeau, et non un privil\u00e8ge ou un cadeau. Mais ces licenciements, pour autant qu\u2019ils soient bien m\u00e9rit\u00e9s, doivent \u00eatre accompagn\u00e9s de d\u00e9cisions au plus pr\u00e8s des carences et des dysfonctionnements constat\u00e9s, sinon ils risquent d\u2019ajouter aux d\u00e9sordres constat\u00e9s.<\/em><\/strong> <em>(Illustration : la fuite dans la conduite d&rsquo;eau de la Sonede. Photo publi\u00e9e par la pr\u00e9sidence de la r\u00e9publique). <\/em> <\/p>\n\n\n\n<p><strong>Imed Bahri<\/strong><\/p>\n\n\n\n<!--more-->\n\n\n\n<p>Le feuilleton des limogeages se poursuit et s\u2019acc\u00e9l\u00e8re. Derni\u00e8re <em>\u00abvictime\u00bb<\/em> en date, le chef du district d\u2019El-Manar (Tunis) de la Soci\u00e9t\u00e9 nationale d\u2019exploitation et de distribution des eaux (Sonede).<\/p>\n\n\n\n<p>Le haut fonctionnaire a \u00e9t\u00e9 d\u00e9mis de ses fonctions suite \u00e0 une visite nocturne, effectu\u00e9e samedi 29 juin 2024 par le pr\u00e9sident de la r\u00e9publique Ka\u00efs Sa\u00efed \u00e0 la banlieue ouest de Tunis, o\u00f9 il a constat\u00e9 la fuite de grandes quantit\u00e9s d\u2019eau potable d\u2019une conduite appartenant \u00e0 la Sonede, comme l\u2019a fait savoir, dimanche, la pr\u00e9sidence de la r\u00e9publique, qui a \u00e9galement ordonn\u00e9 l\u2019ouverture d\u2019une enqu\u00eate judiciaire \u00e0 ce propos.<\/p>\n\n\n\n<p>Ce limogeage survient quarante-huit heures apr\u00e8s celui de deux hauts fonctionnaires de la municipalit\u00e9 de Tunis, \u00e9galement \u00e0 la suite d\u2019une visite pr\u00e9sidentielle, la veille, \u00e0 des \u00e9tablissements relevant de leur responsabilit\u00e9 et o\u00f9 de graves manquements ont \u00e9t\u00e9 not\u00e9s.<\/p>\n\n\n\n<figure class=\"wp-block-embed is-type-wp-embed is-provider-kapitalis wp-block-embed-kapitalis\"><div class=\"wp-block-embed__wrapper\">\n<blockquote class=\"wp-embedded-content\" data-secret=\"KbtnuHz8B6\"><a href=\"https:\/\/kapitalis.com\/tunisie\/2024\/06\/29\/gabegie-publique-en-tunisie-defaillance-humaine-ou-deficience-structurelle\/\">Gabegie publique en Tunisie\u00a0: d\u00e9faillance humaine ou d\u00e9ficience structurelle\u00a0?<\/a><\/blockquote><iframe loading=\"lazy\" class=\"wp-embedded-content\" sandbox=\"allow-scripts\" security=\"restricted\" style=\"position: absolute; clip: rect(1px, 1px, 1px, 1px);\" title=\"\u00ab\u00a0Gabegie publique en Tunisie\u00a0: d\u00e9faillance humaine ou d\u00e9ficience structurelle\u00a0?\u00a0\u00bb &#8212; Kapitalis\" src=\"https:\/\/kapitalis.com\/tunisie\/2024\/06\/29\/gabegie-publique-en-tunisie-defaillance-humaine-ou-deficience-structurelle\/embed\/#?secret=ZuBdJkUFuV#?secret=KbtnuHz8B6\" data-secret=\"KbtnuHz8B6\" width=\"600\" height=\"338\" frameborder=\"0\" marginwidth=\"0\" marginheight=\"0\" scrolling=\"no\"><\/iframe>\n<\/div><\/figure>\n\n\n\n<h2 class=\"wp-block-heading\">Le verdict est d\u00e9j\u00e0 tomb\u00e9<\/h2>\n\n\n\n<p>C\u2019est le dernier d\u2019une longue s\u00e9rie qui va sans doute se poursuivre et peut-\u00eatre s\u2019amplifier, car le sc\u00e9nario rod\u00e9 des visites pr\u00e9sidentielles suivies de limogeages ne risque pas de s\u2019arr\u00eater l\u00e0. Et pour cause&nbsp;: beaucoup de choses ne marchent pas dans le pays, et le gouvernement semble d\u00e9pass\u00e9 par l\u2019ampleur des probl\u00e8mes auxquels il doit faire face en m\u00eame temps. Alors, en attendant que des solutions r\u00e9elles et durables soient trouv\u00e9es \u00e0 ces probl\u00e8mes, la <em>\u00absolution\u00bb<\/em> trouv\u00e9e dans l\u2019imm\u00e9diat est d\u2019en faire endosser la responsabilit\u00e9 \u00e0 quelques agents de l\u2019Etat et de les renvoyer chez eux, une mani\u00e8re d\u2019alimenter la vindicte du peuple contre ses \u00e9lites \u2013 ici administratives \u2013 et d\u2019apaiser un tant soit peu sa col\u00e8re.<\/p>\n\n\n\n<p>On attendra le r\u00e9sultat de l\u2019enqu\u00eate en cours pour savoir si la responsabilit\u00e9 directe du chef du district de la Sonede d\u2019El-Manar est engag\u00e9e dans le manquement observ\u00e9 par le chef de l\u2019Etat, mais on constatera, au passage, que le verdict est d\u00e9j\u00e0 tomb\u00e9 et que le&nbsp; concern\u00e9 ne semble avoir aucune voie de recours.<\/p>\n\n\n\n<p>On comprend la col\u00e8re du pr\u00e9sident de la r\u00e9publique, qui se juxtapose \u00e0 une col\u00e8re plus grande et plus profonde, celle des citoyens qui souffrent de la d\u00e9t\u00e9rioration des services publics et d\u00e9sesp\u00e8rent de voir des am\u00e9liorations \u00e0 l\u2019horizon. Mais on ne peut s\u2019emp\u00eacher de constater que la m\u00e9thode des limogeages tarde \u00e0 encore \u00e0 donner ses fruits.<\/p>\n\n\n\n<figure class=\"wp-block-embed is-type-wp-embed is-provider-kapitalis wp-block-embed-kapitalis\"><div class=\"wp-block-embed__wrapper\">\n<blockquote class=\"wp-embedded-content\" data-secret=\"SQtjHa2Lfd\"><a href=\"https:\/\/kapitalis.com\/tunisie\/2023\/06\/27\/kais-saied-et-les-saboteurs-une-fiction-a-plusieurs-inconnues\/\">Ka\u00efs Sa\u00efed et les saboteurs, une fiction \u00e0 plusieurs inconnues<\/a><\/blockquote><iframe loading=\"lazy\" class=\"wp-embedded-content\" sandbox=\"allow-scripts\" security=\"restricted\" style=\"position: absolute; clip: rect(1px, 1px, 1px, 1px);\" title=\"\u00ab\u00a0Ka\u00efs Sa\u00efed et les saboteurs, une fiction \u00e0 plusieurs inconnues\u00a0\u00bb &#8212; Kapitalis\" src=\"https:\/\/kapitalis.com\/tunisie\/2023\/06\/27\/kais-saied-et-les-saboteurs-une-fiction-a-plusieurs-inconnues\/embed\/#?secret=FZ0MXIuVg4#?secret=SQtjHa2Lfd\" data-secret=\"SQtjHa2Lfd\" width=\"600\" height=\"338\" frameborder=\"0\" marginwidth=\"0\" marginheight=\"0\" scrolling=\"no\"><\/iframe>\n<\/div><\/figure>\n\n\n\n<h2 class=\"wp-block-heading\">Un syst\u00e8me de gouvernance<\/h2>\n\n\n\n<p>Les limogeages sont sans doute n\u00e9cessaires pour rappeler les agents de l\u2019Etat \u00e0 leurs responsabilit\u00e9s et leur signifier que le service public est un sacerdoce et un fardeau, et non un privil\u00e8ge ou un cadeau. Mais ces licenciements, pour autant qu\u2019ils soient bien m\u00e9rit\u00e9s, doivent \u00eatre accompagn\u00e9s de d\u00e9cisions au plus pr\u00e8s des carences et des dysfonctionnements constat\u00e9s.<\/p>\n\n\n\n<p>Il s\u2019agit de comprendre pourquoi telle ou telle service ne marche pas et trouver des solutions structurelles et durables aux probl\u00e8mes constat\u00e9s. Sinon, on risque de voir les responsables publics, ainsi mis \u00e0 l\u2019index et d\u00e9sign\u00e9s \u00e0 la vindicte populaire, craindre pour leur avenir, se braquer davantage et s\u2019interdire toute initiative dont ils risqueraient de payer cher les cons\u00e9quences au cas o\u00f9 les choses tourneraient au vinaigre.<\/p>\n\n\n\n<p>On ne change pas un syst\u00e8me de gouvernance d\u00e9faillant en changeant seulement les hommes et les femmes qui le composent. Ce sont ses m\u00e9thodes, ses moyens et ses ressources qui doivent \u00eatre r\u00e9vis\u00e9s de mani\u00e8re \u00e0 le rendre plus r\u00e9actif, plus diligent et plus efficace, afin que les pannes, quand elles surviennent, comme la fuite d\u2019eau constat\u00e9e par le pr\u00e9sident de la r\u00e9publique, soient rapidement constat\u00e9es et r\u00e9par\u00e9es, de mani\u00e8re \u00e0 r\u00e9duire les d\u00e9sagr\u00e9ments pour les citoyens et les pertes pour la communaut\u00e9 nationale.<\/p>\n\n\n\n<figure class=\"wp-block-embed is-type-wp-embed is-provider-kapitalis wp-block-embed-kapitalis\"><div class=\"wp-block-embed__wrapper\">\n<blockquote class=\"wp-embedded-content\" data-secret=\"0MrxTMKLAQ\"><a href=\"https:\/\/kapitalis.com\/tunisie\/2023\/09\/02\/tunisie-le-limogeage-comme-methode-de-gouvernement\/\">Tunisie\u00a0: le limogeage comme m\u00e9thode de gouvernement \u00a0<\/a><\/blockquote><iframe loading=\"lazy\" class=\"wp-embedded-content\" sandbox=\"allow-scripts\" security=\"restricted\" style=\"position: absolute; clip: rect(1px, 1px, 1px, 1px);\" title=\"\u00ab\u00a0Tunisie\u00a0: le limogeage comme m\u00e9thode de gouvernement \u00a0\u00a0\u00bb &#8212; Kapitalis\" src=\"https:\/\/kapitalis.com\/tunisie\/2023\/09\/02\/tunisie-le-limogeage-comme-methode-de-gouvernement\/embed\/#?secret=Pi89iQDzdk#?secret=0MrxTMKLAQ\" data-secret=\"0MrxTMKLAQ\" width=\"600\" height=\"338\" frameborder=\"0\" marginwidth=\"0\" marginheight=\"0\" scrolling=\"no\"><\/iframe>\n<\/div><\/figure>\n","protected":false},"excerpt":{"rendered":"<p>Le feuilleton des limogeages se poursuit et s\u2019acc\u00e9l\u00e8re. Derni\u00e8re \u00abvictime\u00bb en date, le chef du district d\u2019El-Manar de la Sonede.<\/p>\n","protected":false},"author":8,"featured_media":13477019,"comment_status":"closed","ping_status":"open","sticky":false,"template":"","format":"standard","meta":{"footnotes":""},"categories":[992,997,2433],"tags":[5161,76012,1847,849,62643],"class_list":["post-13476987","post","type-post","status-publish","format-standard","has-post-thumbnail","hentry","category-a-la-une","category-politique","category-tunisie","tag-el-manar","tag-kais-saied-2","tag-limogeage","tag-sonede","tag-tunisie"],"yoast_head":"<!-- This site is optimized with the Yoast SEO plugin v26.6 - https:\/\/yoast.com\/wordpress\/plugins\/seo\/ -->\n<title>Tunisie\u00a0: Les limogeages am\u00e9lioreraient-ils les services publics\u00a0? - Kapitalis<\/title>\n<meta name=\"robots\" content=\"index, follow, max-snippet:-1, max-image-preview:large, max-video-preview:-1\" \/>\n<link rel=\"canonical\" href=\"https:\/\/kapitalis.com\/tunisie\/2024\/07\/01\/tunisie-les-limogeages-amelioreraient-ils-les-services-publics\/\" \/>\n<meta property=\"og:locale\" content=\"fr_FR\" \/>\n<meta property=\"og:type\" content=\"article\" \/>\n<meta property=\"og:title\" content=\"Tunisie\u00a0: Les limogeages am\u00e9lioreraient-ils les services publics\u00a0? - Kapitalis\" \/>\n<meta property=\"og:description\" content=\"Le feuilleton des limogeages se poursuit et s\u2019acc\u00e9l\u00e8re. Derni\u00e8re \u00abvictime\u00bb en date, le chef du district d\u2019El-Manar de la Sonede.\" \/>\n<meta property=\"og:url\" content=\"https:\/\/kapitalis.com\/tunisie\/2024\/07\/01\/tunisie-les-limogeages-amelioreraient-ils-les-services-publics\/\" \/>\n<meta property=\"og:site_name\" content=\"Kapitalis\" \/>\n<meta property=\"article:publisher\" content=\"https:\/\/www.facebook.com\/KapitalisInfo\/\" \/>\n<meta property=\"article:published_time\" content=\"2024-07-01T07:40:22+00:00\" \/>\n<meta property=\"article:modified_time\" content=\"2024-07-01T07:40:24+00:00\" \/>\n<meta property=\"og:image\" content=\"https:\/\/kapitalis.com\/tunisie\/wp-content\/uploads\/2024\/07\/Limogeage-Sonede.jpg\" \/>\n\t<meta property=\"og:image:width\" content=\"1200\" \/>\n\t<meta property=\"og:image:height\" content=\"630\" \/>\n\t<meta property=\"og:image:type\" content=\"image\/jpeg\" \/>\n<meta name=\"author\" content=\"webmaster kapitalis\" \/>\n<meta name=\"twitter:card\" content=\"summary_large_image\" \/>\n<meta name=\"twitter:creator\" content=\"@KapitalisInfo\" \/>\n<meta name=\"twitter:site\" content=\"@KapitalisInfo\" \/>\n<meta name=\"twitter:label1\" content=\"\u00c9crit par\" \/>\n\t<meta name=\"twitter:data1\" content=\"webmaster kapitalis\" \/>\n\t<meta name=\"twitter:label2\" content=\"Dur\u00e9e de lecture estim\u00e9e\" \/>\n\t<meta name=\"twitter:data2\" content=\"4 minutes\" \/>\n<script type=\"application\/ld+json\" class=\"yoast-schema-graph\">{\"@context\":\"https:\/\/schema.org\",\"@graph\":[{\"@type\":\"Article\",\"@id\":\"https:\/\/kapitalis.com\/tunisie\/2024\/07\/01\/tunisie-les-limogeages-amelioreraient-ils-les-services-publics\/#article\",\"isPartOf\":{\"@id\":\"https:\/\/kapitalis.com\/tunisie\/2024\/07\/01\/tunisie-les-limogeages-amelioreraient-ils-les-services-publics\/\"},\"author\":{\"name\":\"webmaster kapitalis\",\"@id\":\"https:\/\/kapitalis.com\/tunisie\/#\/schema\/person\/d71f33a9ca44f7bad4698210b480c8e9\"},\"headline\":\"Tunisie\u00a0: Les limogeages am\u00e9lioreraient-ils les services publics\u00a0?\",\"datePublished\":\"2024-07-01T07:40:22+00:00\",\"dateModified\":\"2024-07-01T07:40:24+00:00\",\"mainEntityOfPage\":{\"@id\":\"https:\/\/kapitalis.com\/tunisie\/2024\/07\/01\/tunisie-les-limogeages-amelioreraient-ils-les-services-publics\/\"},\"wordCount\":804,\"publisher\":{\"@id\":\"https:\/\/kapitalis.com\/tunisie\/#organization\"},\"image\":{\"@id\":\"https:\/\/kapitalis.com\/tunisie\/2024\/07\/01\/tunisie-les-limogeages-amelioreraient-ils-les-services-publics\/#primaryimage\"},\"thumbnailUrl\":\"https:\/\/kapitalis.com\/tunisie\/wp-content\/uploads\/2024\/07\/Limogeage-Sonede.jpg\",\"keywords\":[\"El-Manar\",\"Ka\u00efs Sa\u00efed\",\"limogeage\",\"Sonede\",\"Tunisie\"],\"articleSection\":[\"A LA UNE\",\"POLITIQUE\",\"Tunisie\"],\"inLanguage\":\"fr-FR\"},{\"@type\":\"WebPage\",\"@id\":\"https:\/\/kapitalis.com\/tunisie\/2024\/07\/01\/tunisie-les-limogeages-amelioreraient-ils-les-services-publics\/\",\"url\":\"https:\/\/kapitalis.com\/tunisie\/2024\/07\/01\/tunisie-les-limogeages-amelioreraient-ils-les-services-publics\/\",\"name\":\"Tunisie\u00a0: Les limogeages am\u00e9lioreraient-ils les services publics\u00a0? - Kapitalis\",\"isPartOf\":{\"@id\":\"https:\/\/kapitalis.com\/tunisie\/#website\"},\"primaryImageOfPage\":{\"@id\":\"https:\/\/kapitalis.com\/tunisie\/2024\/07\/01\/tunisie-les-limogeages-amelioreraient-ils-les-services-publics\/#primaryimage\"},\"image\":{\"@id\":\"https:\/\/kapitalis.com\/tunisie\/2024\/07\/01\/tunisie-les-limogeages-amelioreraient-ils-les-services-publics\/#primaryimage\"},\"thumbnailUrl\":\"https:\/\/kapitalis.com\/tunisie\/wp-content\/uploads\/2024\/07\/Limogeage-Sonede.jpg\",\"datePublished\":\"2024-07-01T07:40:22+00:00\",\"dateModified\":\"2024-07-01T07:40:24+00:00\",\"breadcrumb\":{\"@id\":\"https:\/\/kapitalis.com\/tunisie\/2024\/07\/01\/tunisie-les-limogeages-amelioreraient-ils-les-services-publics\/#breadcrumb\"},\"inLanguage\":\"fr-FR\",\"potentialAction\":[{\"@type\":\"ReadAction\",\"target\":[\"https:\/\/kapitalis.com\/tunisie\/2024\/07\/01\/tunisie-les-limogeages-amelioreraient-ils-les-services-publics\/\"]}]},{\"@type\":\"ImageObject\",\"inLanguage\":\"fr-FR\",\"@id\":\"https:\/\/kapitalis.com\/tunisie\/2024\/07\/01\/tunisie-les-limogeages-amelioreraient-ils-les-services-publics\/#primaryimage\",\"url\":\"https:\/\/kapitalis.com\/tunisie\/wp-content\/uploads\/2024\/07\/Limogeage-Sonede.jpg\",\"contentUrl\":\"https:\/\/kapitalis.com\/tunisie\/wp-content\/uploads\/2024\/07\/Limogeage-Sonede.jpg\",\"width\":1200,\"height\":630},{\"@type\":\"BreadcrumbList\",\"@id\":\"https:\/\/kapitalis.com\/tunisie\/2024\/07\/01\/tunisie-les-limogeages-amelioreraient-ils-les-services-publics\/#breadcrumb\",\"itemListElement\":[{\"@type\":\"ListItem\",\"position\":1,\"name\":\"Accueil\",\"item\":\"https:\/\/kapitalis.com\/tunisie\/\"},{\"@type\":\"ListItem\",\"position\":2,\"name\":\"Tunisie\u00a0: Les limogeages am\u00e9lioreraient-ils les services publics\u00a0?\"}]},{\"@type\":\"WebSite\",\"@id\":\"https:\/\/kapitalis.com\/tunisie\/#website\",\"url\":\"https:\/\/kapitalis.com\/tunisie\/\",\"name\":\"Kapitalis\",\"description\":\"L&#039;actualit\u00e9 en Tunisie et dans le monde\",\"publisher\":{\"@id\":\"https:\/\/kapitalis.com\/tunisie\/#organization\"},\"potentialAction\":[{\"@type\":\"SearchAction\",\"target\":{\"@type\":\"EntryPoint\",\"urlTemplate\":\"https:\/\/kapitalis.com\/tunisie\/?s={search_term_string}\"},\"query-input\":{\"@type\":\"PropertyValueSpecification\",\"valueRequired\":true,\"valueName\":\"search_term_string\"}}],\"inLanguage\":\"fr-FR\"},{\"@type\":\"Organization\",\"@id\":\"https:\/\/kapitalis.com\/tunisie\/#organization\",\"name\":\"Kapitalis\",\"url\":\"https:\/\/kapitalis.com\/tunisie\/\",\"logo\":{\"@type\":\"ImageObject\",\"inLanguage\":\"fr-FR\",\"@id\":\"https:\/\/kapitalis.com\/tunisie\/#\/schema\/logo\/image\/\",\"url\":\"https:\/\/kapitalis.com\/tunisie\/wp-content\/uploads\/2022\/05\/Kapitalis-big-size.png\",\"contentUrl\":\"https:\/\/kapitalis.com\/tunisie\/wp-content\/uploads\/2022\/05\/Kapitalis-big-size.png\",\"width\":5000,\"height\":1500,\"caption\":\"Kapitalis\"},\"image\":{\"@id\":\"https:\/\/kapitalis.com\/tunisie\/#\/schema\/logo\/image\/\"},\"sameAs\":[\"https:\/\/www.facebook.com\/KapitalisInfo\/\",\"https:\/\/x.com\/KapitalisInfo\",\"https:\/\/www.youtube.com\/channel\/UC-yDYrHyfFBWWZaOw3FPg9Q\"]},{\"@type\":\"Person\",\"@id\":\"https:\/\/kapitalis.com\/tunisie\/#\/schema\/person\/d71f33a9ca44f7bad4698210b480c8e9\",\"name\":\"webmaster kapitalis\",\"url\":\"https:\/\/kapitalis.com\/tunisie\/author\/webmaster-kapitalis\/\"}]}<\/script>\n<!-- \/ Yoast SEO plugin. -->","yoast_head_json":{"title":"Tunisie\u00a0: Les limogeages am\u00e9lioreraient-ils les services publics\u00a0? - Kapitalis","robots":{"index":"index","follow":"follow","max-snippet":"max-snippet:-1","max-image-preview":"max-image-preview:large","max-video-preview":"max-video-preview:-1"},"canonical":"https:\/\/kapitalis.com\/tunisie\/2024\/07\/01\/tunisie-les-limogeages-amelioreraient-ils-les-services-publics\/","og_locale":"fr_FR","og_type":"article","og_title":"Tunisie\u00a0: Les limogeages am\u00e9lioreraient-ils les services publics\u00a0? - Kapitalis","og_description":"Le feuilleton des limogeages se poursuit et s\u2019acc\u00e9l\u00e8re. Derni\u00e8re \u00abvictime\u00bb en date, le chef du district d\u2019El-Manar de la Sonede.","og_url":"https:\/\/kapitalis.com\/tunisie\/2024\/07\/01\/tunisie-les-limogeages-amelioreraient-ils-les-services-publics\/","og_site_name":"Kapitalis","article_publisher":"https:\/\/www.facebook.com\/KapitalisInfo\/","article_published_time":"2024-07-01T07:40:22+00:00","article_modified_time":"2024-07-01T07:40:24+00:00","og_image":[{"width":1200,"height":630,"url":"https:\/\/kapitalis.com\/tunisie\/wp-content\/uploads\/2024\/07\/Limogeage-Sonede.jpg","type":"image\/jpeg"}],"author":"webmaster kapitalis","twitter_card":"summary_large_image","twitter_creator":"@KapitalisInfo","twitter_site":"@KapitalisInfo","twitter_misc":{"\u00c9crit par":"webmaster kapitalis","Dur\u00e9e de lecture estim\u00e9e":"4 minutes"},"schema":{"@context":"https:\/\/schema.org","@graph":[{"@type":"Article","@id":"https:\/\/kapitalis.com\/tunisie\/2024\/07\/01\/tunisie-les-limogeages-amelioreraient-ils-les-services-publics\/#article","isPartOf":{"@id":"https:\/\/kapitalis.com\/tunisie\/2024\/07\/01\/tunisie-les-limogeages-amelioreraient-ils-les-services-publics\/"},"author":{"name":"webmaster kapitalis","@id":"https:\/\/kapitalis.com\/tunisie\/#\/schema\/person\/d71f33a9ca44f7bad4698210b480c8e9"},"headline":"Tunisie\u00a0: Les limogeages am\u00e9lioreraient-ils les services publics\u00a0?","datePublished":"2024-07-01T07:40:22+00:00","dateModified":"2024-07-01T07:40:24+00:00","mainEntityOfPage":{"@id":"https:\/\/kapitalis.com\/tunisie\/2024\/07\/01\/tunisie-les-limogeages-amelioreraient-ils-les-services-publics\/"},"wordCount":804,"publisher":{"@id":"https:\/\/kapitalis.com\/tunisie\/#organization"},"image":{"@id":"https:\/\/kapitalis.com\/tunisie\/2024\/07\/01\/tunisie-les-limogeages-amelioreraient-ils-les-services-publics\/#primaryimage"},"thumbnailUrl":"https:\/\/kapitalis.com\/tunisie\/wp-content\/uploads\/2024\/07\/Limogeage-Sonede.jpg","keywords":["El-Manar","Ka\u00efs Sa\u00efed","limogeage","Sonede","Tunisie"],"articleSection":["A LA UNE","POLITIQUE","Tunisie"],"inLanguage":"fr-FR"},{"@type":"WebPage","@id":"https:\/\/kapitalis.com\/tunisie\/2024\/07\/01\/tunisie-les-limogeages-amelioreraient-ils-les-services-publics\/","url":"https:\/\/kapitalis.com\/tunisie\/2024\/07\/01\/tunisie-les-limogeages-amelioreraient-ils-les-services-publics\/","name":"Tunisie\u00a0: Les limogeages am\u00e9lioreraient-ils les services publics\u00a0? - Kapitalis","isPartOf":{"@id":"https:\/\/kapitalis.com\/tunisie\/#website"},"primaryImageOfPage":{"@id":"https:\/\/kapitalis.com\/tunisie\/2024\/07\/01\/tunisie-les-limogeages-amelioreraient-ils-les-services-publics\/#primaryimage"},"image":{"@id":"https:\/\/kapitalis.com\/tunisie\/2024\/07\/01\/tunisie-les-limogeages-amelioreraient-ils-les-services-publics\/#primaryimage"},"thumbnailUrl":"https:\/\/kapitalis.com\/tunisie\/wp-content\/uploads\/2024\/07\/Limogeage-Sonede.jpg","datePublished":"2024-07-01T07:40:22+00:00","dateModified":"2024-07-01T07:40:24+00:00","breadcrumb":{"@id":"https:\/\/kapitalis.com\/tunisie\/2024\/07\/01\/tunisie-les-limogeages-amelioreraient-ils-les-services-publics\/#breadcrumb"},"inLanguage":"fr-FR","potentialAction":[{"@type":"ReadAction","target":["https:\/\/kapitalis.com\/tunisie\/2024\/07\/01\/tunisie-les-limogeages-amelioreraient-ils-les-services-publics\/"]}]},{"@type":"ImageObject","inLanguage":"fr-FR","@id":"https:\/\/kapitalis.com\/tunisie\/2024\/07\/01\/tunisie-les-limogeages-amelioreraient-ils-les-services-publics\/#primaryimage","url":"https:\/\/kapitalis.com\/tunisie\/wp-content\/uploads\/2024\/07\/Limogeage-Sonede.jpg","contentUrl":"https:\/\/kapitalis.com\/tunisie\/wp-content\/uploads\/2024\/07\/Limogeage-Sonede.jpg","width":1200,"height":630},{"@type":"BreadcrumbList","@id":"https:\/\/kapitalis.com\/tunisie\/2024\/07\/01\/tunisie-les-limogeages-amelioreraient-ils-les-services-publics\/#breadcrumb","itemListElement":[{"@type":"ListItem","position":1,"name":"Accueil","item":"https:\/\/kapitalis.com\/tunisie\/"},{"@type":"ListItem","position":2,"name":"Tunisie\u00a0: Les limogeages am\u00e9lioreraient-ils les services publics\u00a0?"}]},{"@type":"WebSite","@id":"https:\/\/kapitalis.com\/tunisie\/#website","url":"https:\/\/kapitalis.com\/tunisie\/","name":"Kapitalis","description":"L&#039;actualit\u00e9 en Tunisie et dans le monde","publisher":{"@id":"https:\/\/kapitalis.com\/tunisie\/#organization"},"potentialAction":[{"@type":"SearchAction","target":{"@type":"EntryPoint","urlTemplate":"https:\/\/kapitalis.com\/tunisie\/?s={search_term_string}"},"query-input":{"@type":"PropertyValueSpecification","valueRequired":true,"valueName":"search_term_string"}}],"inLanguage":"fr-FR"},{"@type":"Organization","@id":"https:\/\/kapitalis.com\/tunisie\/#organization","name":"Kapitalis","url":"https:\/\/kapitalis.com\/tunisie\/","logo":{"@type":"ImageObject","inLanguage":"fr-FR","@id":"https:\/\/kapitalis.com\/tunisie\/#\/schema\/logo\/image\/","url":"https:\/\/kapitalis.com\/tunisie\/wp-content\/uploads\/2022\/05\/Kapitalis-big-size.png","contentUrl":"https:\/\/kapitalis.com\/tunisie\/wp-content\/uploads\/2022\/05\/Kapitalis-big-size.png","width":5000,"height":1500,"caption":"Kapitalis"},"image":{"@id":"https:\/\/kapitalis.com\/tunisie\/#\/schema\/logo\/image\/"},"sameAs":["https:\/\/www.facebook.com\/KapitalisInfo\/","https:\/\/x.com\/KapitalisInfo","https:\/\/www.youtube.com\/channel\/UC-yDYrHyfFBWWZaOw3FPg9Q"]},{"@type":"Person","@id":"https:\/\/kapitalis.com\/tunisie\/#\/schema\/person\/d71f33a9ca44f7bad4698210b480c8e9","name":"webmaster kapitalis","url":"https:\/\/kapitalis.com\/tunisie\/author\/webmaster-kapitalis\/"}]}},"_links":{"self":[{"href":"https:\/\/kapitalis.com\/tunisie\/wp-json\/wp\/v2\/posts\/13476987","targetHints":{"allow":["GET"]}}],"collection":[{"href":"https:\/\/kapitalis.com\/tunisie\/wp-json\/wp\/v2\/posts"}],"about":[{"href":"https:\/\/kapitalis.com\/tunisie\/wp-json\/wp\/v2\/types\/post"}],"author":[{"embeddable":true,"href":"https:\/\/kapitalis.com\/tunisie\/wp-json\/wp\/v2\/users\/8"}],"replies":[{"embeddable":true,"href":"https:\/\/kapitalis.com\/tunisie\/wp-json\/wp\/v2\/comments?post=13476987"}],"version-history":[{"count":1,"href":"https:\/\/kapitalis.com\/tunisie\/wp-json\/wp\/v2\/posts\/13476987\/revisions"}],"predecessor-version":[{"id":13477021,"href":"https:\/\/kapitalis.com\/tunisie\/wp-json\/wp\/v2\/posts\/13476987\/revisions\/13477021"}],"wp:featuredmedia":[{"embeddable":true,"href":"https:\/\/kapitalis.com\/tunisie\/wp-json\/wp\/v2\/media\/13477019"}],"wp:attachment":[{"href":"https:\/\/kapitalis.com\/tunisie\/wp-json\/wp\/v2\/media?parent=13476987"}],"wp:term":[{"taxonomy":"category","embeddable":true,"href":"https:\/\/kapitalis.com\/tunisie\/wp-json\/wp\/v2\/categories?post=13476987"},{"taxonomy":"post_tag","embeddable":true,"href":"https:\/\/kapitalis.com\/tunisie\/wp-json\/wp\/v2\/tags?post=13476987"}],"curies":[{"name":"wp","href":"https:\/\/api.w.org\/{rel}","templated":true}]}}