{"id":134866,"date":"2018-01-24T16:16:01","date_gmt":"2018-01-24T15:16:01","guid":{"rendered":"http:\/\/kapitalis.com\/tunisie\/?p=134866"},"modified":"2018-01-24T16:16:01","modified_gmt":"2018-01-24T15:16:01","slug":"ressources-humaines-lexportation-est-une-affaire-de-cadres-specialises","status":"publish","type":"post","link":"https:\/\/kapitalis.com\/tunisie\/2018\/01\/24\/ressources-humaines-lexportation-est-une-affaire-de-cadres-specialises\/","title":{"rendered":"Ressources humaines : L\u2019exportation est une affaire de cadres sp\u00e9cialis\u00e9s"},"content":{"rendered":"<p style=\"text-align: center;\"><img loading=\"lazy\" decoding=\"async\" class=\"alignnone size-full wp-image-134868\" src=\"http:\/\/kapitalis.com\/tunisie\/wp-content\/uploads\/2018\/01\/Cepex-Atelier.jpg\" alt=\"\" width=\"626\" height=\"380\" \/><\/p>\n<p><em><strong>La formation de cadres sp\u00e9cialis\u00e9s dans le d\u00e9veloppement des exportations aidera les entreprises \u00e0 mieux se d\u00e9ployer sur les march\u00e9s ext\u00e9rieurs.<\/strong><\/em><\/p>\n<p><!--more--><\/p>\n<p>La Maison de l\u2019exportateur, si\u00e8ge du Centre de promotion des exportations (Cepex), a abrit\u00e9 aujourd\u2019hui, mercredi 24 janvier 2018, un atelier d\u2019\u00e9change sous le th\u00e8me <em>\u00abP\u00e9renniser l\u2019export par l\u2019insertion de comp\u00e9tences requalifi\u00e9es au service de l\u2019internationalisation des entreprises\u00bb. <\/em><\/p>\n<p>Le Fonds d\u2019appui \u00e0 la comp\u00e9titivit\u00e9 et au d\u00e9veloppement des exportations (<a href=\"http:\/\/kapitalis.com\/tunisie\/2015\/12\/25\/tasdir-un-nouveau-mecanisme-dedie-aux-entreprises-exportatrices\/\">Tasdir+<\/a>) a vocation, en sus de l\u2019appui financier qu\u2019il fournit aux entreprises, \u00e0 les conseiller et les orienter dans leurs d\u00e9marches. C\u2019est dans ce cadre qu\u2019il a \u00e9t\u00e9 proc\u00e9d\u00e9 \u00e0 la r\u00e9vision de plusieurs plans de d\u00e9veloppement pr\u00e9sent\u00e9s par les entreprises, et plus particuli\u00e8rement les nouvellement exportatrices, pour y ins\u00e9rer des actions de d\u00e9veloppement organisationnel n\u00e9cessaires (appui par un conseiller export dans la d\u00e9marche, mise en place d\u2019une cellule export, formation \u00e0 des outils et technique sp\u00e9cifiques \u00e0 l\u2019exportation\u2026) voire recruter un cadre sp\u00e9cifiquement d\u00e9di\u00e9 au d\u00e9veloppement export.<\/p>\n<p>C\u2019est pourquoi le programme a d\u00e9cid\u00e9 de lancer, en collaboration avec l\u2019Agence nationale pour l\u2019emploi et le travail ind\u00e9pendant (Aneti), qui dispose d\u2019une exp\u00e9rience unique en mati\u00e8re de requalification ainsi que d\u2019une panoplie adapt\u00e9e de facilit\u00e9s de formation continue et d\u2019incitations \u00e0 l\u2019embauche, une action transversale pour la requalification de comp\u00e9tences TIC en commerciaux internationaux afin de cr\u00e9er un gisement de jeunes comp\u00e9tences qualifi\u00e9es en TIC et en commerce international.<\/p>\n<p>Cette premi\u00e8re exp\u00e9rience pilote \u00e0 vocation \u00e0 \u00eatre par la suite dupliqu\u00e9e \u00e0 plusieurs autres secteurs (sant\u00e9, agro-alimentaire, enseignement\u2026) de mani\u00e8re \u00e0 aboutir, \u00e0 l\u2019horizon 2020, \u00e0 un gisement de 200 technico-commerciaux internationaux dans les diff\u00e9rents domaines ou le besoin s\u2019est fait ressentir<\/p>\n<p>A cet effet, l\u2019atelier d\u2019\u00e9change organis\u00e9 aujourd\u2019hui vise \u00e0 permettre aux entreprises b\u00e9n\u00e9ficiaires d\u2019exprimer leurs besoins et d\u2019enrichir la d\u00e9marche de ce projet.<\/p>\n<p style=\"text-align: center;\"><img loading=\"lazy\" decoding=\"async\" class=\"alignnone wp-image-134871\" src=\"http:\/\/kapitalis.com\/tunisie\/wp-content\/uploads\/2018\/01\/Cepex-Atelier-Tasdir-.jpg\" alt=\"\" width=\"500\" height=\"375\" \/><\/p>\n<p>L\u2019atelier a \u00e9t\u00e9 ouvert par Samir Azzi, Pdg du Cepex par int\u00e9rim, en pr\u00e9sence de Mohamed Mani, DG de l\u2019Aneti, et Riadh Bezzarga, directeur coordinateur de Tasdir+.<\/p>\n<p>La journ\u00e9e a \u00e9t\u00e9 suivie par la signature d&rsquo;un accord de partenariat entre Tasdir+ et Aneti donnant la possibilit\u00e9 et l\u2019opportunit\u00e9 \u00e0 de jeunes dipl\u00f4m\u00e9s du secteur des TIC de b\u00e9n\u00e9ficier d\u2019une formation pertinente pouvant leur permettre d\u2019\u00eatre recrut\u00e9s par des entreprises b\u00e9n\u00e9ficiaires de Tasdir+.<\/p>\n<p>\u00c0 noter que Tasdir+ est dot\u00e9 d\u2019un budget de 23,5 millions USD pour financer les op\u00e9rations visant \u00e0 encourager le d\u00e9veloppement des exportations tunisiennes avec une augmentation de la valeur ajout\u00e9e, un enrichissement de la gamme et la diversification des march\u00e9s. \u00c0 cet effet, il offre un appui technique et financier aux entreprises industrielles et de services tunisiens.<\/p>\n<p>A ce jour, Tasdir+ a approuv\u00e9 les dossiers de 277 entreprises et d\u00e9cid\u00e9 l\u2019octroi de pr\u00e8s de 29 millions de dinars tunisiens (MDT) de subventions.<\/p>\n<p style=\"text-align: right;\"><strong>I. B.<\/strong> (avec communiqu\u00e9).<\/p>\n<blockquote class=\"wp-embedded-content\" data-secret=\"SQ0zldnpkZ\"><p><a href=\"https:\/\/kapitalis.com\/tunisie\/2017\/09\/05\/appui-aux-exportations-bilan-du-fonds-tasdir\/\">Appui aux exportations: Bilan du fonds Tasdir+<\/a><\/p><\/blockquote>\n<p><iframe loading=\"lazy\" class=\"wp-embedded-content\" sandbox=\"allow-scripts\" security=\"restricted\" style=\"position: absolute; clip: rect(1px, 1px, 1px, 1px);\" title=\"\u00ab\u00a0Appui aux exportations: Bilan du fonds Tasdir+\u00a0\u00bb &#8212; Kapitalis\" src=\"https:\/\/kapitalis.com\/tunisie\/2017\/09\/05\/appui-aux-exportations-bilan-du-fonds-tasdir\/embed\/#?secret=KaHfsU94qx#?secret=SQ0zldnpkZ\" data-secret=\"SQ0zldnpkZ\" width=\"600\" height=\"338\" frameborder=\"0\" marginwidth=\"0\" marginheight=\"0\" scrolling=\"no\"><\/iframe><\/p>\n<blockquote class=\"wp-embedded-content\" data-secret=\"8ThSKfczCT\"><p><a href=\"https:\/\/kapitalis.com\/tunisie\/2017\/02\/21\/tasdir-lancement-du-2e-appel-a-candidatures-2\/\">Tasdir+ : Lancement du 2e appel \u00e0 candidatures<\/a><\/p><\/blockquote>\n<p><iframe loading=\"lazy\" class=\"wp-embedded-content\" sandbox=\"allow-scripts\" security=\"restricted\" style=\"position: absolute; clip: rect(1px, 1px, 1px, 1px);\" title=\"\u00ab\u00a0Tasdir+ : Lancement du 2e appel \u00e0 candidatures\u00a0\u00bb &#8212; Kapitalis\" src=\"https:\/\/kapitalis.com\/tunisie\/2017\/02\/21\/tasdir-lancement-du-2e-appel-a-candidatures-2\/embed\/#?secret=4bpqdBzIcJ#?secret=8ThSKfczCT\" data-secret=\"8ThSKfczCT\" width=\"600\" height=\"338\" frameborder=\"0\" marginwidth=\"0\" marginheight=\"0\" scrolling=\"no\"><\/iframe><\/p>\n<p>&nbsp;<\/p>\n<p>&nbsp;<\/p>\n<p>&nbsp;<\/p>\n","protected":false},"excerpt":{"rendered":"<p>La formation de cadres sp\u00e9cialis\u00e9s dans le d\u00e9veloppement des exportations aidera les entreprises \u00e0 mieux se d\u00e9ployer sur les march\u00e9s ext\u00e9rieurs.<\/p>\n","protected":false},"author":8,"featured_media":134868,"comment_status":"open","ping_status":"open","sticky":false,"template":"","format":"standard","meta":{"footnotes":""},"categories":[995,2433],"tags":[17610,5008,1575,22172,41628,40280,11727],"class_list":["post-134866","post","type-post","status-publish","format-standard","has-post-thumbnail","hentry","category-economie","category-tunisie","tag-aneti","tag-centre-de-promotion-des-exportations","tag-cepex","tag-maison-de-lexportateur","tag-riadh-bezzarga","tag-samir-azzi","tag-tasdir"],"yoast_head":"<!-- This site is optimized with the Yoast SEO plugin v26.6 - https:\/\/yoast.com\/wordpress\/plugins\/seo\/ -->\n<title>Ressources humaines : L\u2019exportation est une affaire de cadres sp\u00e9cialis\u00e9s - Kapitalis<\/title>\n<meta name=\"robots\" content=\"index, follow, max-snippet:-1, max-image-preview:large, max-video-preview:-1\" \/>\n<link rel=\"canonical\" href=\"https:\/\/kapitalis.com\/tunisie\/2018\/01\/24\/ressources-humaines-lexportation-est-une-affaire-de-cadres-specialises\/\" \/>\n<meta property=\"og:locale\" content=\"fr_FR\" \/>\n<meta property=\"og:type\" content=\"article\" \/>\n<meta property=\"og:title\" content=\"Ressources humaines : L\u2019exportation est une affaire de cadres sp\u00e9cialis\u00e9s - Kapitalis\" \/>\n<meta property=\"og:description\" content=\"La formation de cadres sp\u00e9cialis\u00e9s dans le d\u00e9veloppement des exportations aidera les entreprises \u00e0 mieux se d\u00e9ployer sur les march\u00e9s ext\u00e9rieurs.\" \/>\n<meta property=\"og:url\" content=\"https:\/\/kapitalis.com\/tunisie\/2018\/01\/24\/ressources-humaines-lexportation-est-une-affaire-de-cadres-specialises\/\" \/>\n<meta property=\"og:site_name\" content=\"Kapitalis\" \/>\n<meta property=\"article:publisher\" content=\"https:\/\/www.facebook.com\/KapitalisInfo\/\" \/>\n<meta property=\"article:published_time\" content=\"2018-01-24T15:16:01+00:00\" \/>\n<meta property=\"og:image\" content=\"https:\/\/kapitalis.com\/tunisie\/wp-content\/uploads\/2022\/05\/kapitalis-logo-fb.png\" \/>\n\t<meta property=\"og:image:width\" content=\"1200\" \/>\n\t<meta property=\"og:image:height\" content=\"630\" \/>\n\t<meta property=\"og:image:type\" content=\"image\/png\" \/>\n<meta name=\"author\" content=\"webmaster kapitalis\" \/>\n<meta name=\"twitter:card\" content=\"summary_large_image\" \/>\n<meta name=\"twitter:creator\" content=\"@KapitalisInfo\" \/>\n<meta name=\"twitter:site\" content=\"@KapitalisInfo\" \/>\n<meta name=\"twitter:label1\" content=\"\u00c9crit par\" \/>\n\t<meta name=\"twitter:data1\" content=\"webmaster kapitalis\" \/>\n\t<meta name=\"twitter:label2\" content=\"Dur\u00e9e de lecture estim\u00e9e\" \/>\n\t<meta name=\"twitter:data2\" content=\"3 minutes\" \/>\n<script type=\"application\/ld+json\" class=\"yoast-schema-graph\">{\"@context\":\"https:\/\/schema.org\",\"@graph\":[{\"@type\":\"Article\",\"@id\":\"https:\/\/kapitalis.com\/tunisie\/2018\/01\/24\/ressources-humaines-lexportation-est-une-affaire-de-cadres-specialises\/#article\",\"isPartOf\":{\"@id\":\"https:\/\/kapitalis.com\/tunisie\/2018\/01\/24\/ressources-humaines-lexportation-est-une-affaire-de-cadres-specialises\/\"},\"author\":{\"name\":\"webmaster kapitalis\",\"@id\":\"https:\/\/kapitalis.com\/tunisie\/#\/schema\/person\/d71f33a9ca44f7bad4698210b480c8e9\"},\"headline\":\"Ressources humaines : L\u2019exportation est une affaire de cadres sp\u00e9cialis\u00e9s\",\"datePublished\":\"2018-01-24T15:16:01+00:00\",\"mainEntityOfPage\":{\"@id\":\"https:\/\/kapitalis.com\/tunisie\/2018\/01\/24\/ressources-humaines-lexportation-est-une-affaire-de-cadres-specialises\/\"},\"wordCount\":550,\"commentCount\":1,\"publisher\":{\"@id\":\"https:\/\/kapitalis.com\/tunisie\/#organization\"},\"image\":{\"@id\":\"https:\/\/kapitalis.com\/tunisie\/2018\/01\/24\/ressources-humaines-lexportation-est-une-affaire-de-cadres-specialises\/#primaryimage\"},\"thumbnailUrl\":\"\",\"keywords\":[\"Aneti\",\"Centre de promotion des exportations\",\"Cepex\",\"Maison de l'Exportateur\",\"Riadh Bezzarga\",\"Samir Azzi\",\"Tasdir+\"],\"articleSection\":[\"ECONOMIE\",\"Tunisie\"],\"inLanguage\":\"fr-FR\",\"potentialAction\":[{\"@type\":\"CommentAction\",\"name\":\"Comment\",\"target\":[\"https:\/\/kapitalis.com\/tunisie\/2018\/01\/24\/ressources-humaines-lexportation-est-une-affaire-de-cadres-specialises\/#respond\"]}]},{\"@type\":\"WebPage\",\"@id\":\"https:\/\/kapitalis.com\/tunisie\/2018\/01\/24\/ressources-humaines-lexportation-est-une-affaire-de-cadres-specialises\/\",\"url\":\"https:\/\/kapitalis.com\/tunisie\/2018\/01\/24\/ressources-humaines-lexportation-est-une-affaire-de-cadres-specialises\/\",\"name\":\"Ressources humaines : L\u2019exportation est une affaire de cadres sp\u00e9cialis\u00e9s - Kapitalis\",\"isPartOf\":{\"@id\":\"https:\/\/kapitalis.com\/tunisie\/#website\"},\"primaryImageOfPage\":{\"@id\":\"https:\/\/kapitalis.com\/tunisie\/2018\/01\/24\/ressources-humaines-lexportation-est-une-affaire-de-cadres-specialises\/#primaryimage\"},\"image\":{\"@id\":\"https:\/\/kapitalis.com\/tunisie\/2018\/01\/24\/ressources-humaines-lexportation-est-une-affaire-de-cadres-specialises\/#primaryimage\"},\"thumbnailUrl\":\"\",\"datePublished\":\"2018-01-24T15:16:01+00:00\",\"breadcrumb\":{\"@id\":\"https:\/\/kapitalis.com\/tunisie\/2018\/01\/24\/ressources-humaines-lexportation-est-une-affaire-de-cadres-specialises\/#breadcrumb\"},\"inLanguage\":\"fr-FR\",\"potentialAction\":[{\"@type\":\"ReadAction\",\"target\":[\"https:\/\/kapitalis.com\/tunisie\/2018\/01\/24\/ressources-humaines-lexportation-est-une-affaire-de-cadres-specialises\/\"]}]},{\"@type\":\"ImageObject\",\"inLanguage\":\"fr-FR\",\"@id\":\"https:\/\/kapitalis.com\/tunisie\/2018\/01\/24\/ressources-humaines-lexportation-est-une-affaire-de-cadres-specialises\/#primaryimage\",\"url\":\"\",\"contentUrl\":\"\"},{\"@type\":\"BreadcrumbList\",\"@id\":\"https:\/\/kapitalis.com\/tunisie\/2018\/01\/24\/ressources-humaines-lexportation-est-une-affaire-de-cadres-specialises\/#breadcrumb\",\"itemListElement\":[{\"@type\":\"ListItem\",\"position\":1,\"name\":\"Accueil\",\"item\":\"https:\/\/kapitalis.com\/tunisie\/\"},{\"@type\":\"ListItem\",\"position\":2,\"name\":\"Ressources humaines : L\u2019exportation est une affaire de cadres sp\u00e9cialis\u00e9s\"}]},{\"@type\":\"WebSite\",\"@id\":\"https:\/\/kapitalis.com\/tunisie\/#website\",\"url\":\"https:\/\/kapitalis.com\/tunisie\/\",\"name\":\"Kapitalis\",\"description\":\"L&#039;actualit\u00e9 en Tunisie et dans le monde\",\"publisher\":{\"@id\":\"https:\/\/kapitalis.com\/tunisie\/#organization\"},\"potentialAction\":[{\"@type\":\"SearchAction\",\"target\":{\"@type\":\"EntryPoint\",\"urlTemplate\":\"https:\/\/kapitalis.com\/tunisie\/?s={search_term_string}\"},\"query-input\":{\"@type\":\"PropertyValueSpecification\",\"valueRequired\":true,\"valueName\":\"search_term_string\"}}],\"inLanguage\":\"fr-FR\"},{\"@type\":\"Organization\",\"@id\":\"https:\/\/kapitalis.com\/tunisie\/#organization\",\"name\":\"Kapitalis\",\"url\":\"https:\/\/kapitalis.com\/tunisie\/\",\"logo\":{\"@type\":\"ImageObject\",\"inLanguage\":\"fr-FR\",\"@id\":\"https:\/\/kapitalis.com\/tunisie\/#\/schema\/logo\/image\/\",\"url\":\"https:\/\/kapitalis.com\/tunisie\/wp-content\/uploads\/2022\/05\/Kapitalis-big-size.png\",\"contentUrl\":\"https:\/\/kapitalis.com\/tunisie\/wp-content\/uploads\/2022\/05\/Kapitalis-big-size.png\",\"width\":5000,\"height\":1500,\"caption\":\"Kapitalis\"},\"image\":{\"@id\":\"https:\/\/kapitalis.com\/tunisie\/#\/schema\/logo\/image\/\"},\"sameAs\":[\"https:\/\/www.facebook.com\/KapitalisInfo\/\",\"https:\/\/x.com\/KapitalisInfo\",\"https:\/\/www.youtube.com\/channel\/UC-yDYrHyfFBWWZaOw3FPg9Q\"]},{\"@type\":\"Person\",\"@id\":\"https:\/\/kapitalis.com\/tunisie\/#\/schema\/person\/d71f33a9ca44f7bad4698210b480c8e9\",\"name\":\"webmaster kapitalis\",\"url\":\"https:\/\/kapitalis.com\/tunisie\/author\/webmaster-kapitalis\/\"}]}<\/script>\n<!-- \/ Yoast SEO plugin. -->","yoast_head_json":{"title":"Ressources humaines : L\u2019exportation est une affaire de cadres sp\u00e9cialis\u00e9s - Kapitalis","robots":{"index":"index","follow":"follow","max-snippet":"max-snippet:-1","max-image-preview":"max-image-preview:large","max-video-preview":"max-video-preview:-1"},"canonical":"https:\/\/kapitalis.com\/tunisie\/2018\/01\/24\/ressources-humaines-lexportation-est-une-affaire-de-cadres-specialises\/","og_locale":"fr_FR","og_type":"article","og_title":"Ressources humaines : L\u2019exportation est une affaire de cadres sp\u00e9cialis\u00e9s - Kapitalis","og_description":"La formation de cadres sp\u00e9cialis\u00e9s dans le d\u00e9veloppement des exportations aidera les entreprises \u00e0 mieux se d\u00e9ployer sur les march\u00e9s ext\u00e9rieurs.","og_url":"https:\/\/kapitalis.com\/tunisie\/2018\/01\/24\/ressources-humaines-lexportation-est-une-affaire-de-cadres-specialises\/","og_site_name":"Kapitalis","article_publisher":"https:\/\/www.facebook.com\/KapitalisInfo\/","article_published_time":"2018-01-24T15:16:01+00:00","og_image":[{"width":1200,"height":630,"url":"https:\/\/kapitalis.com\/tunisie\/wp-content\/uploads\/2022\/05\/kapitalis-logo-fb.png","type":"image\/png"}],"author":"webmaster kapitalis","twitter_card":"summary_large_image","twitter_creator":"@KapitalisInfo","twitter_site":"@KapitalisInfo","twitter_misc":{"\u00c9crit par":"webmaster kapitalis","Dur\u00e9e de lecture estim\u00e9e":"3 minutes"},"schema":{"@context":"https:\/\/schema.org","@graph":[{"@type":"Article","@id":"https:\/\/kapitalis.com\/tunisie\/2018\/01\/24\/ressources-humaines-lexportation-est-une-affaire-de-cadres-specialises\/#article","isPartOf":{"@id":"https:\/\/kapitalis.com\/tunisie\/2018\/01\/24\/ressources-humaines-lexportation-est-une-affaire-de-cadres-specialises\/"},"author":{"name":"webmaster kapitalis","@id":"https:\/\/kapitalis.com\/tunisie\/#\/schema\/person\/d71f33a9ca44f7bad4698210b480c8e9"},"headline":"Ressources humaines : L\u2019exportation est une affaire de cadres sp\u00e9cialis\u00e9s","datePublished":"2018-01-24T15:16:01+00:00","mainEntityOfPage":{"@id":"https:\/\/kapitalis.com\/tunisie\/2018\/01\/24\/ressources-humaines-lexportation-est-une-affaire-de-cadres-specialises\/"},"wordCount":550,"commentCount":1,"publisher":{"@id":"https:\/\/kapitalis.com\/tunisie\/#organization"},"image":{"@id":"https:\/\/kapitalis.com\/tunisie\/2018\/01\/24\/ressources-humaines-lexportation-est-une-affaire-de-cadres-specialises\/#primaryimage"},"thumbnailUrl":"","keywords":["Aneti","Centre de promotion des exportations","Cepex","Maison de l'Exportateur","Riadh Bezzarga","Samir Azzi","Tasdir+"],"articleSection":["ECONOMIE","Tunisie"],"inLanguage":"fr-FR","potentialAction":[{"@type":"CommentAction","name":"Comment","target":["https:\/\/kapitalis.com\/tunisie\/2018\/01\/24\/ressources-humaines-lexportation-est-une-affaire-de-cadres-specialises\/#respond"]}]},{"@type":"WebPage","@id":"https:\/\/kapitalis.com\/tunisie\/2018\/01\/24\/ressources-humaines-lexportation-est-une-affaire-de-cadres-specialises\/","url":"https:\/\/kapitalis.com\/tunisie\/2018\/01\/24\/ressources-humaines-lexportation-est-une-affaire-de-cadres-specialises\/","name":"Ressources humaines : L\u2019exportation est une affaire de cadres sp\u00e9cialis\u00e9s - Kapitalis","isPartOf":{"@id":"https:\/\/kapitalis.com\/tunisie\/#website"},"primaryImageOfPage":{"@id":"https:\/\/kapitalis.com\/tunisie\/2018\/01\/24\/ressources-humaines-lexportation-est-une-affaire-de-cadres-specialises\/#primaryimage"},"image":{"@id":"https:\/\/kapitalis.com\/tunisie\/2018\/01\/24\/ressources-humaines-lexportation-est-une-affaire-de-cadres-specialises\/#primaryimage"},"thumbnailUrl":"","datePublished":"2018-01-24T15:16:01+00:00","breadcrumb":{"@id":"https:\/\/kapitalis.com\/tunisie\/2018\/01\/24\/ressources-humaines-lexportation-est-une-affaire-de-cadres-specialises\/#breadcrumb"},"inLanguage":"fr-FR","potentialAction":[{"@type":"ReadAction","target":["https:\/\/kapitalis.com\/tunisie\/2018\/01\/24\/ressources-humaines-lexportation-est-une-affaire-de-cadres-specialises\/"]}]},{"@type":"ImageObject","inLanguage":"fr-FR","@id":"https:\/\/kapitalis.com\/tunisie\/2018\/01\/24\/ressources-humaines-lexportation-est-une-affaire-de-cadres-specialises\/#primaryimage","url":"","contentUrl":""},{"@type":"BreadcrumbList","@id":"https:\/\/kapitalis.com\/tunisie\/2018\/01\/24\/ressources-humaines-lexportation-est-une-affaire-de-cadres-specialises\/#breadcrumb","itemListElement":[{"@type":"ListItem","position":1,"name":"Accueil","item":"https:\/\/kapitalis.com\/tunisie\/"},{"@type":"ListItem","position":2,"name":"Ressources humaines : L\u2019exportation est une affaire de cadres sp\u00e9cialis\u00e9s"}]},{"@type":"WebSite","@id":"https:\/\/kapitalis.com\/tunisie\/#website","url":"https:\/\/kapitalis.com\/tunisie\/","name":"Kapitalis","description":"L&#039;actualit\u00e9 en Tunisie et dans le monde","publisher":{"@id":"https:\/\/kapitalis.com\/tunisie\/#organization"},"potentialAction":[{"@type":"SearchAction","target":{"@type":"EntryPoint","urlTemplate":"https:\/\/kapitalis.com\/tunisie\/?s={search_term_string}"},"query-input":{"@type":"PropertyValueSpecification","valueRequired":true,"valueName":"search_term_string"}}],"inLanguage":"fr-FR"},{"@type":"Organization","@id":"https:\/\/kapitalis.com\/tunisie\/#organization","name":"Kapitalis","url":"https:\/\/kapitalis.com\/tunisie\/","logo":{"@type":"ImageObject","inLanguage":"fr-FR","@id":"https:\/\/kapitalis.com\/tunisie\/#\/schema\/logo\/image\/","url":"https:\/\/kapitalis.com\/tunisie\/wp-content\/uploads\/2022\/05\/Kapitalis-big-size.png","contentUrl":"https:\/\/kapitalis.com\/tunisie\/wp-content\/uploads\/2022\/05\/Kapitalis-big-size.png","width":5000,"height":1500,"caption":"Kapitalis"},"image":{"@id":"https:\/\/kapitalis.com\/tunisie\/#\/schema\/logo\/image\/"},"sameAs":["https:\/\/www.facebook.com\/KapitalisInfo\/","https:\/\/x.com\/KapitalisInfo","https:\/\/www.youtube.com\/channel\/UC-yDYrHyfFBWWZaOw3FPg9Q"]},{"@type":"Person","@id":"https:\/\/kapitalis.com\/tunisie\/#\/schema\/person\/d71f33a9ca44f7bad4698210b480c8e9","name":"webmaster kapitalis","url":"https:\/\/kapitalis.com\/tunisie\/author\/webmaster-kapitalis\/"}]}},"_links":{"self":[{"href":"https:\/\/kapitalis.com\/tunisie\/wp-json\/wp\/v2\/posts\/134866","targetHints":{"allow":["GET"]}}],"collection":[{"href":"https:\/\/kapitalis.com\/tunisie\/wp-json\/wp\/v2\/posts"}],"about":[{"href":"https:\/\/kapitalis.com\/tunisie\/wp-json\/wp\/v2\/types\/post"}],"author":[{"embeddable":true,"href":"https:\/\/kapitalis.com\/tunisie\/wp-json\/wp\/v2\/users\/8"}],"replies":[{"embeddable":true,"href":"https:\/\/kapitalis.com\/tunisie\/wp-json\/wp\/v2\/comments?post=134866"}],"version-history":[{"count":0,"href":"https:\/\/kapitalis.com\/tunisie\/wp-json\/wp\/v2\/posts\/134866\/revisions"}],"wp:featuredmedia":[{"embeddable":true,"href":"https:\/\/kapitalis.com\/tunisie\/wp-json\/wp\/v2\/media\/134868"}],"wp:attachment":[{"href":"https:\/\/kapitalis.com\/tunisie\/wp-json\/wp\/v2\/media?parent=134866"}],"wp:term":[{"taxonomy":"category","embeddable":true,"href":"https:\/\/kapitalis.com\/tunisie\/wp-json\/wp\/v2\/categories?post=134866"},{"taxonomy":"post_tag","embeddable":true,"href":"https:\/\/kapitalis.com\/tunisie\/wp-json\/wp\/v2\/tags?post=134866"}],"curies":[{"name":"wp","href":"https:\/\/api.w.org\/{rel}","templated":true}]}}