{"id":13504191,"date":"2024-07-04T19:41:25","date_gmt":"2024-07-04T18:41:25","guid":{"rendered":"https:\/\/kapitalis.com\/tunisie\/?p=13504191"},"modified":"2024-07-04T20:06:29","modified_gmt":"2024-07-04T19:06:29","slug":"presidentielle-mondher-zenaidi-annonce-officiellement-son-intention-de-se-porter-candidat","status":"publish","type":"post","link":"https:\/\/kapitalis.com\/tunisie\/2024\/07\/04\/presidentielle-mondher-zenaidi-annonce-officiellement-son-intention-de-se-porter-candidat\/","title":{"rendered":"Pr\u00e9sidentielle : Mondher Zenaidi annonce officiellement son intention de se porter candidat"},"content":{"rendered":"\n<p><em><strong>L&rsquo;ancien ministre Mondher Zenaidi a officiellement annonc\u00e9, ce jeudi 4 juillet 2024, sa candidature \u00e0 la prochaine pr\u00e9sidentielle, pr\u00e9vue pour le dimanche 6 octobre 2024.<\/strong><\/em><\/p>\n\n\n\n<!--more-->\n\n\n\n<p>Apr\u00e8s avoir publi\u00e9 de nombreuses vid\u00e9os sur les r\u00e9seaux sociaux, \u00e9voquant la situation g\u00e9n\u00e9rale en Tunisie et appelant les Tunisiens \u00e0 rallier son \u00ab <em>projet de sauvetage national<\/em> \u00bb, Mondher Zenaidi, ancien ministre sous Ben Ali et candidat malheureux \u00e0 la pr\u00e9sidentielle de 2014, a annonc\u00e9 officiellement sa candidature \u00e0 la pr\u00e9sidentielle ce jeudi via un post diffus\u00e9 via sa page Facebook.<\/p>\n\n\n\n<p>S&rsquo;adressant aux Tunisiens, Mondher Zenaidi les a appel\u00e9s \u00e0 <em>\u00ab participer de mani\u00e8re pacifique, d\u00e9mocratique et patriotique pour permettre la r\u00e9ussite de la pr\u00e9sidentielle et \u00e0 faire pression pour que leur droit ne soit pas bafou\u00e9 et permettre des \u00e9lections libres, justes, d\u00e9mocratiques et transparentes, qui n&rsquo;excluent personne <\/em>\u00bb.<\/p>\n\n\n\n<p>Il a ainsi appel\u00e9 les Tunisiens \u00e0 se rendre en masse aux urnes, \u00ab <em> pour une participation large et historique, en votant pour une Tunisie d&rsquo;espoir et de changement.. une Tunisie meilleure <\/em>\u00bb.<\/p>\n\n\n\n<p class=\"has-text-align-right\"><strong>Y. N.<\/strong><\/p>\n\n\n\n<figure class=\"wp-block-embed is-type-wp-embed is-provider-kapitalis wp-block-embed-kapitalis\"><div class=\"wp-block-embed__wrapper\">\n<blockquote class=\"wp-embedded-content\" data-secret=\"h4pa6LbLjk\"><a href=\"https:\/\/kapitalis.com\/tunisie\/2024\/05\/14\/mondher-zenaidi-a-kais-saied-il-est-temps-de-partir\/\">Mondher Zena\u00efdi \u00e0 Ka\u00efs Sa\u00efed\u00a0: \u00abIl est temps de partir\u00bb<\/a><\/blockquote><iframe loading=\"lazy\" class=\"wp-embedded-content\" sandbox=\"allow-scripts\" security=\"restricted\" style=\"position: absolute; clip: rect(1px, 1px, 1px, 1px);\" title=\"\u00ab\u00a0Mondher Zena\u00efdi \u00e0 Ka\u00efs Sa\u00efed\u00a0: \u00abIl est temps de partir\u00bb\u00a0\u00bb &#8212; Kapitalis\" src=\"https:\/\/kapitalis.com\/tunisie\/2024\/05\/14\/mondher-zenaidi-a-kais-saied-il-est-temps-de-partir\/embed\/#?secret=qE9wTXlAjp#?secret=h4pa6LbLjk\" data-secret=\"h4pa6LbLjk\" width=\"600\" height=\"338\" frameborder=\"0\" marginwidth=\"0\" marginheight=\"0\" scrolling=\"no\"><\/iframe>\n<\/div><\/figure>\n\n\n\n<figure class=\"wp-block-embed is-type-wp-embed is-provider-kapitalis wp-block-embed-kapitalis\"><div class=\"wp-block-embed__wrapper\">\n<blockquote class=\"wp-embedded-content\" data-secret=\"xxp3XGaLDX\"><a href=\"https:\/\/kapitalis.com\/tunisie\/2024\/06\/30\/quest-ce-qui-fait-courir-mondher-zenaidi-video\/\">Qu\u2019est-ce qui fait courir Mondher Zena\u00efdi\u00a0? (Vid\u00e9o)<\/a><\/blockquote><iframe loading=\"lazy\" class=\"wp-embedded-content\" sandbox=\"allow-scripts\" security=\"restricted\" style=\"position: absolute; clip: rect(1px, 1px, 1px, 1px);\" title=\"\u00ab\u00a0Qu\u2019est-ce qui fait courir Mondher Zena\u00efdi\u00a0? (Vid\u00e9o)\u00a0\u00bb &#8212; Kapitalis\" src=\"https:\/\/kapitalis.com\/tunisie\/2024\/06\/30\/quest-ce-qui-fait-courir-mondher-zenaidi-video\/embed\/#?secret=J3YS4wIH4Y#?secret=xxp3XGaLDX\" data-secret=\"xxp3XGaLDX\" width=\"600\" height=\"338\" frameborder=\"0\" marginwidth=\"0\" marginheight=\"0\" scrolling=\"no\"><\/iframe>\n<\/div><\/figure>\n","protected":false},"excerpt":{"rendered":"<p>L&rsquo;ancien ministre Mondher Zenaidi a officiellement annonc\u00e9, ce jeudi 4 juillet 2024, sa candidature \u00e0 la prochaine pr\u00e9sidentielle, pr\u00e9vue pour le dimanche 6 octobre 2024.<\/p>\n","protected":false},"author":6,"featured_media":13504205,"comment_status":"closed","ping_status":"open","sticky":false,"template":"","format":"standard","meta":{"footnotes":""},"categories":[997,2433],"tags":[313,499,6521,4797,62643,64489],"class_list":["post-13504191","post","type-post","status-publish","format-standard","has-post-thumbnail","hentry","category-politique","category-tunisie","tag-elections","tag-isie","tag-mondher-zenaidi","tag-presidentielle","tag-tunisie","tag-urnes"],"yoast_head":"<!-- This site is optimized with the Yoast SEO plugin v26.6 - https:\/\/yoast.com\/wordpress\/plugins\/seo\/ -->\n<title>Pr\u00e9sidentielle : Mondher Zenaidi annonce officiellement son intention de se porter candidat - Kapitalis<\/title>\n<meta name=\"robots\" content=\"index, follow, max-snippet:-1, max-image-preview:large, max-video-preview:-1\" \/>\n<link rel=\"canonical\" href=\"https:\/\/kapitalis.com\/tunisie\/2024\/07\/04\/presidentielle-mondher-zenaidi-annonce-officiellement-son-intention-de-se-porter-candidat\/\" \/>\n<meta property=\"og:locale\" content=\"fr_FR\" \/>\n<meta property=\"og:type\" content=\"article\" \/>\n<meta property=\"og:title\" content=\"Pr\u00e9sidentielle : Mondher Zenaidi annonce officiellement son intention de se porter candidat - Kapitalis\" \/>\n<meta property=\"og:description\" content=\"L&rsquo;ancien ministre Mondher Zenaidi a officiellement annonc\u00e9, ce jeudi 4 juillet 2024, sa candidature \u00e0 la prochaine pr\u00e9sidentielle, pr\u00e9vue pour le dimanche 6 octobre 2024.\" \/>\n<meta property=\"og:url\" content=\"https:\/\/kapitalis.com\/tunisie\/2024\/07\/04\/presidentielle-mondher-zenaidi-annonce-officiellement-son-intention-de-se-porter-candidat\/\" \/>\n<meta property=\"og:site_name\" content=\"Kapitalis\" \/>\n<meta property=\"article:publisher\" content=\"https:\/\/www.facebook.com\/KapitalisInfo\/\" \/>\n<meta property=\"article:published_time\" content=\"2024-07-04T18:41:25+00:00\" \/>\n<meta property=\"article:modified_time\" content=\"2024-07-04T19:06:29+00:00\" \/>\n<meta property=\"og:image\" content=\"https:\/\/kapitalis.com\/tunisie\/wp-content\/uploads\/2024\/07\/Mondher-Zenaidi.jpg\" \/>\n\t<meta property=\"og:image:width\" content=\"1200\" \/>\n\t<meta property=\"og:image:height\" content=\"630\" \/>\n\t<meta property=\"og:image:type\" content=\"image\/jpeg\" \/>\n<meta name=\"author\" content=\"Yusra NY\" \/>\n<meta name=\"twitter:card\" content=\"summary_large_image\" \/>\n<meta name=\"twitter:creator\" content=\"@KapitalisInfo\" \/>\n<meta name=\"twitter:site\" content=\"@KapitalisInfo\" \/>\n<meta name=\"twitter:label1\" content=\"\u00c9crit par\" \/>\n\t<meta name=\"twitter:data1\" content=\"Yusra NY\" \/>\n\t<meta name=\"twitter:label2\" content=\"Dur\u00e9e de lecture estim\u00e9e\" \/>\n\t<meta name=\"twitter:data2\" content=\"2 minutes\" \/>\n<script type=\"application\/ld+json\" class=\"yoast-schema-graph\">{\"@context\":\"https:\/\/schema.org\",\"@graph\":[{\"@type\":\"Article\",\"@id\":\"https:\/\/kapitalis.com\/tunisie\/2024\/07\/04\/presidentielle-mondher-zenaidi-annonce-officiellement-son-intention-de-se-porter-candidat\/#article\",\"isPartOf\":{\"@id\":\"https:\/\/kapitalis.com\/tunisie\/2024\/07\/04\/presidentielle-mondher-zenaidi-annonce-officiellement-son-intention-de-se-porter-candidat\/\"},\"author\":{\"name\":\"Yusra NY\",\"@id\":\"https:\/\/kapitalis.com\/tunisie\/#\/schema\/person\/74bbde0154d49d790a92aaeac5bc01d5\"},\"headline\":\"Pr\u00e9sidentielle : Mondher Zenaidi annonce officiellement son intention de se porter candidat\",\"datePublished\":\"2024-07-04T18:41:25+00:00\",\"dateModified\":\"2024-07-04T19:06:29+00:00\",\"mainEntityOfPage\":{\"@id\":\"https:\/\/kapitalis.com\/tunisie\/2024\/07\/04\/presidentielle-mondher-zenaidi-annonce-officiellement-son-intention-de-se-porter-candidat\/\"},\"wordCount\":190,\"publisher\":{\"@id\":\"https:\/\/kapitalis.com\/tunisie\/#organization\"},\"image\":{\"@id\":\"https:\/\/kapitalis.com\/tunisie\/2024\/07\/04\/presidentielle-mondher-zenaidi-annonce-officiellement-son-intention-de-se-porter-candidat\/#primaryimage\"},\"thumbnailUrl\":\"https:\/\/kapitalis.com\/tunisie\/wp-content\/uploads\/2024\/07\/Mondher-Zenaidi.jpg\",\"keywords\":[\"\u00e9lections\",\"Isie\",\"Mondher Zenaidi\",\"pr\u00e9sidentielle\",\"Tunisie\",\"urnes\"],\"articleSection\":[\"POLITIQUE\",\"Tunisie\"],\"inLanguage\":\"fr-FR\"},{\"@type\":\"WebPage\",\"@id\":\"https:\/\/kapitalis.com\/tunisie\/2024\/07\/04\/presidentielle-mondher-zenaidi-annonce-officiellement-son-intention-de-se-porter-candidat\/\",\"url\":\"https:\/\/kapitalis.com\/tunisie\/2024\/07\/04\/presidentielle-mondher-zenaidi-annonce-officiellement-son-intention-de-se-porter-candidat\/\",\"name\":\"Pr\u00e9sidentielle : Mondher Zenaidi annonce officiellement son intention de se porter candidat - Kapitalis\",\"isPartOf\":{\"@id\":\"https:\/\/kapitalis.com\/tunisie\/#website\"},\"primaryImageOfPage\":{\"@id\":\"https:\/\/kapitalis.com\/tunisie\/2024\/07\/04\/presidentielle-mondher-zenaidi-annonce-officiellement-son-intention-de-se-porter-candidat\/#primaryimage\"},\"image\":{\"@id\":\"https:\/\/kapitalis.com\/tunisie\/2024\/07\/04\/presidentielle-mondher-zenaidi-annonce-officiellement-son-intention-de-se-porter-candidat\/#primaryimage\"},\"thumbnailUrl\":\"https:\/\/kapitalis.com\/tunisie\/wp-content\/uploads\/2024\/07\/Mondher-Zenaidi.jpg\",\"datePublished\":\"2024-07-04T18:41:25+00:00\",\"dateModified\":\"2024-07-04T19:06:29+00:00\",\"breadcrumb\":{\"@id\":\"https:\/\/kapitalis.com\/tunisie\/2024\/07\/04\/presidentielle-mondher-zenaidi-annonce-officiellement-son-intention-de-se-porter-candidat\/#breadcrumb\"},\"inLanguage\":\"fr-FR\",\"potentialAction\":[{\"@type\":\"ReadAction\",\"target\":[\"https:\/\/kapitalis.com\/tunisie\/2024\/07\/04\/presidentielle-mondher-zenaidi-annonce-officiellement-son-intention-de-se-porter-candidat\/\"]}]},{\"@type\":\"ImageObject\",\"inLanguage\":\"fr-FR\",\"@id\":\"https:\/\/kapitalis.com\/tunisie\/2024\/07\/04\/presidentielle-mondher-zenaidi-annonce-officiellement-son-intention-de-se-porter-candidat\/#primaryimage\",\"url\":\"https:\/\/kapitalis.com\/tunisie\/wp-content\/uploads\/2024\/07\/Mondher-Zenaidi.jpg\",\"contentUrl\":\"https:\/\/kapitalis.com\/tunisie\/wp-content\/uploads\/2024\/07\/Mondher-Zenaidi.jpg\",\"width\":1200,\"height\":630},{\"@type\":\"BreadcrumbList\",\"@id\":\"https:\/\/kapitalis.com\/tunisie\/2024\/07\/04\/presidentielle-mondher-zenaidi-annonce-officiellement-son-intention-de-se-porter-candidat\/#breadcrumb\",\"itemListElement\":[{\"@type\":\"ListItem\",\"position\":1,\"name\":\"Accueil\",\"item\":\"https:\/\/kapitalis.com\/tunisie\/\"},{\"@type\":\"ListItem\",\"position\":2,\"name\":\"Pr\u00e9sidentielle : Mondher Zenaidi annonce officiellement son intention de se porter candidat\"}]},{\"@type\":\"WebSite\",\"@id\":\"https:\/\/kapitalis.com\/tunisie\/#website\",\"url\":\"https:\/\/kapitalis.com\/tunisie\/\",\"name\":\"Kapitalis\",\"description\":\"L&#039;actualit\u00e9 en Tunisie et dans le monde\",\"publisher\":{\"@id\":\"https:\/\/kapitalis.com\/tunisie\/#organization\"},\"potentialAction\":[{\"@type\":\"SearchAction\",\"target\":{\"@type\":\"EntryPoint\",\"urlTemplate\":\"https:\/\/kapitalis.com\/tunisie\/?s={search_term_string}\"},\"query-input\":{\"@type\":\"PropertyValueSpecification\",\"valueRequired\":true,\"valueName\":\"search_term_string\"}}],\"inLanguage\":\"fr-FR\"},{\"@type\":\"Organization\",\"@id\":\"https:\/\/kapitalis.com\/tunisie\/#organization\",\"name\":\"Kapitalis\",\"url\":\"https:\/\/kapitalis.com\/tunisie\/\",\"logo\":{\"@type\":\"ImageObject\",\"inLanguage\":\"fr-FR\",\"@id\":\"https:\/\/kapitalis.com\/tunisie\/#\/schema\/logo\/image\/\",\"url\":\"https:\/\/kapitalis.com\/tunisie\/wp-content\/uploads\/2022\/05\/Kapitalis-big-size.png\",\"contentUrl\":\"https:\/\/kapitalis.com\/tunisie\/wp-content\/uploads\/2022\/05\/Kapitalis-big-size.png\",\"width\":5000,\"height\":1500,\"caption\":\"Kapitalis\"},\"image\":{\"@id\":\"https:\/\/kapitalis.com\/tunisie\/#\/schema\/logo\/image\/\"},\"sameAs\":[\"https:\/\/www.facebook.com\/KapitalisInfo\/\",\"https:\/\/x.com\/KapitalisInfo\",\"https:\/\/www.youtube.com\/channel\/UC-yDYrHyfFBWWZaOw3FPg9Q\"]},{\"@type\":\"Person\",\"@id\":\"https:\/\/kapitalis.com\/tunisie\/#\/schema\/person\/74bbde0154d49d790a92aaeac5bc01d5\",\"name\":\"Yusra NY\",\"url\":\"https:\/\/kapitalis.com\/tunisie\/author\/yuza_adam\/\"}]}<\/script>\n<!-- \/ Yoast SEO plugin. -->","yoast_head_json":{"title":"Pr\u00e9sidentielle : Mondher Zenaidi annonce officiellement son intention de se porter candidat - Kapitalis","robots":{"index":"index","follow":"follow","max-snippet":"max-snippet:-1","max-image-preview":"max-image-preview:large","max-video-preview":"max-video-preview:-1"},"canonical":"https:\/\/kapitalis.com\/tunisie\/2024\/07\/04\/presidentielle-mondher-zenaidi-annonce-officiellement-son-intention-de-se-porter-candidat\/","og_locale":"fr_FR","og_type":"article","og_title":"Pr\u00e9sidentielle : Mondher Zenaidi annonce officiellement son intention de se porter candidat - Kapitalis","og_description":"L&rsquo;ancien ministre Mondher Zenaidi a officiellement annonc\u00e9, ce jeudi 4 juillet 2024, sa candidature \u00e0 la prochaine pr\u00e9sidentielle, pr\u00e9vue pour le dimanche 6 octobre 2024.","og_url":"https:\/\/kapitalis.com\/tunisie\/2024\/07\/04\/presidentielle-mondher-zenaidi-annonce-officiellement-son-intention-de-se-porter-candidat\/","og_site_name":"Kapitalis","article_publisher":"https:\/\/www.facebook.com\/KapitalisInfo\/","article_published_time":"2024-07-04T18:41:25+00:00","article_modified_time":"2024-07-04T19:06:29+00:00","og_image":[{"width":1200,"height":630,"url":"https:\/\/kapitalis.com\/tunisie\/wp-content\/uploads\/2024\/07\/Mondher-Zenaidi.jpg","type":"image\/jpeg"}],"author":"Yusra NY","twitter_card":"summary_large_image","twitter_creator":"@KapitalisInfo","twitter_site":"@KapitalisInfo","twitter_misc":{"\u00c9crit par":"Yusra NY","Dur\u00e9e de lecture estim\u00e9e":"2 minutes"},"schema":{"@context":"https:\/\/schema.org","@graph":[{"@type":"Article","@id":"https:\/\/kapitalis.com\/tunisie\/2024\/07\/04\/presidentielle-mondher-zenaidi-annonce-officiellement-son-intention-de-se-porter-candidat\/#article","isPartOf":{"@id":"https:\/\/kapitalis.com\/tunisie\/2024\/07\/04\/presidentielle-mondher-zenaidi-annonce-officiellement-son-intention-de-se-porter-candidat\/"},"author":{"name":"Yusra NY","@id":"https:\/\/kapitalis.com\/tunisie\/#\/schema\/person\/74bbde0154d49d790a92aaeac5bc01d5"},"headline":"Pr\u00e9sidentielle : Mondher Zenaidi annonce officiellement son intention de se porter candidat","datePublished":"2024-07-04T18:41:25+00:00","dateModified":"2024-07-04T19:06:29+00:00","mainEntityOfPage":{"@id":"https:\/\/kapitalis.com\/tunisie\/2024\/07\/04\/presidentielle-mondher-zenaidi-annonce-officiellement-son-intention-de-se-porter-candidat\/"},"wordCount":190,"publisher":{"@id":"https:\/\/kapitalis.com\/tunisie\/#organization"},"image":{"@id":"https:\/\/kapitalis.com\/tunisie\/2024\/07\/04\/presidentielle-mondher-zenaidi-annonce-officiellement-son-intention-de-se-porter-candidat\/#primaryimage"},"thumbnailUrl":"https:\/\/kapitalis.com\/tunisie\/wp-content\/uploads\/2024\/07\/Mondher-Zenaidi.jpg","keywords":["\u00e9lections","Isie","Mondher Zenaidi","pr\u00e9sidentielle","Tunisie","urnes"],"articleSection":["POLITIQUE","Tunisie"],"inLanguage":"fr-FR"},{"@type":"WebPage","@id":"https:\/\/kapitalis.com\/tunisie\/2024\/07\/04\/presidentielle-mondher-zenaidi-annonce-officiellement-son-intention-de-se-porter-candidat\/","url":"https:\/\/kapitalis.com\/tunisie\/2024\/07\/04\/presidentielle-mondher-zenaidi-annonce-officiellement-son-intention-de-se-porter-candidat\/","name":"Pr\u00e9sidentielle : Mondher Zenaidi annonce officiellement son intention de se porter candidat - Kapitalis","isPartOf":{"@id":"https:\/\/kapitalis.com\/tunisie\/#website"},"primaryImageOfPage":{"@id":"https:\/\/kapitalis.com\/tunisie\/2024\/07\/04\/presidentielle-mondher-zenaidi-annonce-officiellement-son-intention-de-se-porter-candidat\/#primaryimage"},"image":{"@id":"https:\/\/kapitalis.com\/tunisie\/2024\/07\/04\/presidentielle-mondher-zenaidi-annonce-officiellement-son-intention-de-se-porter-candidat\/#primaryimage"},"thumbnailUrl":"https:\/\/kapitalis.com\/tunisie\/wp-content\/uploads\/2024\/07\/Mondher-Zenaidi.jpg","datePublished":"2024-07-04T18:41:25+00:00","dateModified":"2024-07-04T19:06:29+00:00","breadcrumb":{"@id":"https:\/\/kapitalis.com\/tunisie\/2024\/07\/04\/presidentielle-mondher-zenaidi-annonce-officiellement-son-intention-de-se-porter-candidat\/#breadcrumb"},"inLanguage":"fr-FR","potentialAction":[{"@type":"ReadAction","target":["https:\/\/kapitalis.com\/tunisie\/2024\/07\/04\/presidentielle-mondher-zenaidi-annonce-officiellement-son-intention-de-se-porter-candidat\/"]}]},{"@type":"ImageObject","inLanguage":"fr-FR","@id":"https:\/\/kapitalis.com\/tunisie\/2024\/07\/04\/presidentielle-mondher-zenaidi-annonce-officiellement-son-intention-de-se-porter-candidat\/#primaryimage","url":"https:\/\/kapitalis.com\/tunisie\/wp-content\/uploads\/2024\/07\/Mondher-Zenaidi.jpg","contentUrl":"https:\/\/kapitalis.com\/tunisie\/wp-content\/uploads\/2024\/07\/Mondher-Zenaidi.jpg","width":1200,"height":630},{"@type":"BreadcrumbList","@id":"https:\/\/kapitalis.com\/tunisie\/2024\/07\/04\/presidentielle-mondher-zenaidi-annonce-officiellement-son-intention-de-se-porter-candidat\/#breadcrumb","itemListElement":[{"@type":"ListItem","position":1,"name":"Accueil","item":"https:\/\/kapitalis.com\/tunisie\/"},{"@type":"ListItem","position":2,"name":"Pr\u00e9sidentielle : Mondher Zenaidi annonce officiellement son intention de se porter candidat"}]},{"@type":"WebSite","@id":"https:\/\/kapitalis.com\/tunisie\/#website","url":"https:\/\/kapitalis.com\/tunisie\/","name":"Kapitalis","description":"L&#039;actualit\u00e9 en Tunisie et dans le monde","publisher":{"@id":"https:\/\/kapitalis.com\/tunisie\/#organization"},"potentialAction":[{"@type":"SearchAction","target":{"@type":"EntryPoint","urlTemplate":"https:\/\/kapitalis.com\/tunisie\/?s={search_term_string}"},"query-input":{"@type":"PropertyValueSpecification","valueRequired":true,"valueName":"search_term_string"}}],"inLanguage":"fr-FR"},{"@type":"Organization","@id":"https:\/\/kapitalis.com\/tunisie\/#organization","name":"Kapitalis","url":"https:\/\/kapitalis.com\/tunisie\/","logo":{"@type":"ImageObject","inLanguage":"fr-FR","@id":"https:\/\/kapitalis.com\/tunisie\/#\/schema\/logo\/image\/","url":"https:\/\/kapitalis.com\/tunisie\/wp-content\/uploads\/2022\/05\/Kapitalis-big-size.png","contentUrl":"https:\/\/kapitalis.com\/tunisie\/wp-content\/uploads\/2022\/05\/Kapitalis-big-size.png","width":5000,"height":1500,"caption":"Kapitalis"},"image":{"@id":"https:\/\/kapitalis.com\/tunisie\/#\/schema\/logo\/image\/"},"sameAs":["https:\/\/www.facebook.com\/KapitalisInfo\/","https:\/\/x.com\/KapitalisInfo","https:\/\/www.youtube.com\/channel\/UC-yDYrHyfFBWWZaOw3FPg9Q"]},{"@type":"Person","@id":"https:\/\/kapitalis.com\/tunisie\/#\/schema\/person\/74bbde0154d49d790a92aaeac5bc01d5","name":"Yusra NY","url":"https:\/\/kapitalis.com\/tunisie\/author\/yuza_adam\/"}]}},"_links":{"self":[{"href":"https:\/\/kapitalis.com\/tunisie\/wp-json\/wp\/v2\/posts\/13504191","targetHints":{"allow":["GET"]}}],"collection":[{"href":"https:\/\/kapitalis.com\/tunisie\/wp-json\/wp\/v2\/posts"}],"about":[{"href":"https:\/\/kapitalis.com\/tunisie\/wp-json\/wp\/v2\/types\/post"}],"author":[{"embeddable":true,"href":"https:\/\/kapitalis.com\/tunisie\/wp-json\/wp\/v2\/users\/6"}],"replies":[{"embeddable":true,"href":"https:\/\/kapitalis.com\/tunisie\/wp-json\/wp\/v2\/comments?post=13504191"}],"version-history":[{"count":3,"href":"https:\/\/kapitalis.com\/tunisie\/wp-json\/wp\/v2\/posts\/13504191\/revisions"}],"predecessor-version":[{"id":13504235,"href":"https:\/\/kapitalis.com\/tunisie\/wp-json\/wp\/v2\/posts\/13504191\/revisions\/13504235"}],"wp:featuredmedia":[{"embeddable":true,"href":"https:\/\/kapitalis.com\/tunisie\/wp-json\/wp\/v2\/media\/13504205"}],"wp:attachment":[{"href":"https:\/\/kapitalis.com\/tunisie\/wp-json\/wp\/v2\/media?parent=13504191"}],"wp:term":[{"taxonomy":"category","embeddable":true,"href":"https:\/\/kapitalis.com\/tunisie\/wp-json\/wp\/v2\/categories?post=13504191"},{"taxonomy":"post_tag","embeddable":true,"href":"https:\/\/kapitalis.com\/tunisie\/wp-json\/wp\/v2\/tags?post=13504191"}],"curies":[{"name":"wp","href":"https:\/\/api.w.org\/{rel}","templated":true}]}}