{"id":13515593,"date":"2024-07-06T11:34:47","date_gmt":"2024-07-06T10:34:47","guid":{"rendered":"https:\/\/kapitalis.com\/tunisie\/?p=13515593"},"modified":"2024-07-06T11:34:48","modified_gmt":"2024-07-06T10:34:48","slug":"lancement-du-comite-national-tunisien-de-la-cci","status":"publish","type":"post","link":"https:\/\/kapitalis.com\/tunisie\/2024\/07\/06\/lancement-du-comite-national-tunisien-de-la-cci\/","title":{"rendered":"Lancement du comit\u00e9 national tunisien de la CCI"},"content":{"rendered":"\n<p><strong><em>Le nouveau comit\u00e9 national tunisien de la Chambre de commerce internationale (ICC) a \u00e9t\u00e9 officiellement lanc\u00e9 vendredi 5\u00a0 juillet 2024 \u00e0 Tunis, a indiqu\u00e9 le vice-pr\u00e9sident de la ICC Tunisia, Khelil Chaibi.<\/em><\/strong><\/p>\n\n\n\n<!--more-->\n\n\n\n<p>S\u2019exprimant lors de la conf\u00e9rence de lancement, il a expliqu\u00e9 que la cr\u00e9ation de ce comit\u00e9 (ICC Tunisia) constitue une \u00e9tape cruciale vers le renforcement de la pr\u00e9sence de la Tunisie sur la sc\u00e8ne mondiale, la dynamisation du commerce et la promotion des investissements \u00e9trangers. <em>\u00abA travers cette initiative, nous affirmons notre engagement \u00e0 soutenir les entreprises tunisiennes dans leur qu\u00eate d<\/em><em>\u2019<\/em><em>expansion et de d\u00e9veloppement \u00e0 l<\/em><em>\u2019<\/em><em>international\u00bb<\/em>, a-t-il ajout\u00e9.<\/p>\n\n\n\n<p><em>\u00abLa cr\u00e9ation d\u2019ICC Tunisie constitue un acquis historique pour la Tunisie puisqu\u2019elle rejoint officiellement la ICC, une organisation institutionnelle repr\u00e9sentant 45 millions d\u2019entreprises dans plus de 170 pays\u00bb<\/em>, a soulign\u00e9 Cha\u00efbi.<\/p>\n\n\n\n<p>Le pr\u00e9sident du Conseil bancaire et financier (CBF), N\u00e9jib Ghandri, a soulign\u00e9 que la mise en place de ce comit\u00e9 national, qui contribuera au d\u00e9veloppement \u00e9conomique de la Tunisie, est le fruit d\u2019un travail acharn\u00e9, d\u2019une collaboration productive et d&rsquo;une d\u00e9termination partag\u00e9e \u00e0 placer le secteur bancaire et financier secteur au service du d\u00e9veloppement \u00e9conomique et financier.<\/p>\n\n\n\n<p><em>\u00abNos institutions financi\u00e8res ne sont pas seulement des interm\u00e9diaires de capitaux, mais aussi des moteurs d<\/em><em>\u2019<\/em><em>innovation, des conseillers et un soutien pour les gestionnaires de risques, et des facilitateurs du commerce et des investissements\u00bb<\/em>, a-t-il expliqu\u00e9.<\/p>\n\n\n\n<p>La conf\u00e9rence de lancement s\u2019est d\u00e9roul\u00e9e en pr\u00e9sence du secr\u00e9taire g\u00e9n\u00e9ral de la ICC, John Denton, et du secr\u00e9taire g\u00e9n\u00e9ral adjoint du r\u00e9seau ICC, Julian Kassum.<\/p>\n","protected":false},"excerpt":{"rendered":"<p>Le nouveau comit\u00e9 national tunisien de la Chambre de commerce internationale (ICC) officiellement lanc\u00e9.<\/p>\n","protected":false},"author":8,"featured_media":13515674,"comment_status":"closed","ping_status":"open","sticky":false,"template":"","format":"standard","meta":{"footnotes":""},"categories":[995,2433],"tags":[99791,113790,116769,116768,99510,116767],"class_list":["post-13515593","post","type-post","status-publish","format-standard","has-post-thumbnail","hentry","category-economie","category-tunisie","tag-cbf","tag-icc-tunisia","tag-john-denton","tag-julian-kassum","tag-khelil-chaibi-3","tag-nejib-ghandri"],"yoast_head":"<!-- This site is optimized with the Yoast SEO plugin v26.6 - https:\/\/yoast.com\/wordpress\/plugins\/seo\/ -->\n<title>Lancement du comit\u00e9 national tunisien de la CCI - Kapitalis<\/title>\n<meta name=\"robots\" content=\"index, follow, max-snippet:-1, max-image-preview:large, max-video-preview:-1\" \/>\n<link rel=\"canonical\" href=\"https:\/\/kapitalis.com\/tunisie\/2024\/07\/06\/lancement-du-comite-national-tunisien-de-la-cci\/\" \/>\n<meta property=\"og:locale\" content=\"fr_FR\" \/>\n<meta property=\"og:type\" content=\"article\" \/>\n<meta property=\"og:title\" content=\"Lancement du comit\u00e9 national tunisien de la CCI - Kapitalis\" \/>\n<meta property=\"og:description\" content=\"Le nouveau comit\u00e9 national tunisien de la Chambre de commerce internationale (ICC) officiellement lanc\u00e9.\" \/>\n<meta property=\"og:url\" content=\"https:\/\/kapitalis.com\/tunisie\/2024\/07\/06\/lancement-du-comite-national-tunisien-de-la-cci\/\" \/>\n<meta property=\"og:site_name\" content=\"Kapitalis\" \/>\n<meta property=\"article:publisher\" content=\"https:\/\/www.facebook.com\/KapitalisInfo\/\" \/>\n<meta property=\"article:published_time\" content=\"2024-07-06T10:34:47+00:00\" \/>\n<meta property=\"article:modified_time\" content=\"2024-07-06T10:34:48+00:00\" \/>\n<meta property=\"og:image\" content=\"https:\/\/kapitalis.com\/tunisie\/wp-content\/uploads\/2024\/07\/ICC-Tunisia.jpg\" \/>\n\t<meta property=\"og:image:width\" content=\"1200\" \/>\n\t<meta property=\"og:image:height\" content=\"630\" \/>\n\t<meta property=\"og:image:type\" content=\"image\/jpeg\" \/>\n<meta name=\"author\" content=\"webmaster kapitalis\" \/>\n<meta name=\"twitter:card\" content=\"summary_large_image\" \/>\n<meta name=\"twitter:creator\" content=\"@KapitalisInfo\" \/>\n<meta name=\"twitter:site\" content=\"@KapitalisInfo\" \/>\n<meta name=\"twitter:label1\" content=\"\u00c9crit par\" \/>\n\t<meta name=\"twitter:data1\" content=\"webmaster kapitalis\" \/>\n\t<meta name=\"twitter:label2\" content=\"Dur\u00e9e de lecture estim\u00e9e\" \/>\n\t<meta name=\"twitter:data2\" content=\"2 minutes\" \/>\n<script type=\"application\/ld+json\" class=\"yoast-schema-graph\">{\"@context\":\"https:\/\/schema.org\",\"@graph\":[{\"@type\":\"Article\",\"@id\":\"https:\/\/kapitalis.com\/tunisie\/2024\/07\/06\/lancement-du-comite-national-tunisien-de-la-cci\/#article\",\"isPartOf\":{\"@id\":\"https:\/\/kapitalis.com\/tunisie\/2024\/07\/06\/lancement-du-comite-national-tunisien-de-la-cci\/\"},\"author\":{\"name\":\"webmaster kapitalis\",\"@id\":\"https:\/\/kapitalis.com\/tunisie\/#\/schema\/person\/d71f33a9ca44f7bad4698210b480c8e9\"},\"headline\":\"Lancement du comit\u00e9 national tunisien de la CCI\",\"datePublished\":\"2024-07-06T10:34:47+00:00\",\"dateModified\":\"2024-07-06T10:34:48+00:00\",\"mainEntityOfPage\":{\"@id\":\"https:\/\/kapitalis.com\/tunisie\/2024\/07\/06\/lancement-du-comite-national-tunisien-de-la-cci\/\"},\"wordCount\":290,\"publisher\":{\"@id\":\"https:\/\/kapitalis.com\/tunisie\/#organization\"},\"image\":{\"@id\":\"https:\/\/kapitalis.com\/tunisie\/2024\/07\/06\/lancement-du-comite-national-tunisien-de-la-cci\/#primaryimage\"},\"thumbnailUrl\":\"https:\/\/kapitalis.com\/tunisie\/wp-content\/uploads\/2024\/07\/ICC-Tunisia.jpg\",\"keywords\":[\"CBF\",\"ICC Tunisia\",\"John Denton\",\"Julian Kassum\",\"Khelil Chaibi\",\"N\u00e9jib Ghandri\"],\"articleSection\":[\"ECONOMIE\",\"Tunisie\"],\"inLanguage\":\"fr-FR\"},{\"@type\":\"WebPage\",\"@id\":\"https:\/\/kapitalis.com\/tunisie\/2024\/07\/06\/lancement-du-comite-national-tunisien-de-la-cci\/\",\"url\":\"https:\/\/kapitalis.com\/tunisie\/2024\/07\/06\/lancement-du-comite-national-tunisien-de-la-cci\/\",\"name\":\"Lancement du comit\u00e9 national tunisien de la CCI - Kapitalis\",\"isPartOf\":{\"@id\":\"https:\/\/kapitalis.com\/tunisie\/#website\"},\"primaryImageOfPage\":{\"@id\":\"https:\/\/kapitalis.com\/tunisie\/2024\/07\/06\/lancement-du-comite-national-tunisien-de-la-cci\/#primaryimage\"},\"image\":{\"@id\":\"https:\/\/kapitalis.com\/tunisie\/2024\/07\/06\/lancement-du-comite-national-tunisien-de-la-cci\/#primaryimage\"},\"thumbnailUrl\":\"https:\/\/kapitalis.com\/tunisie\/wp-content\/uploads\/2024\/07\/ICC-Tunisia.jpg\",\"datePublished\":\"2024-07-06T10:34:47+00:00\",\"dateModified\":\"2024-07-06T10:34:48+00:00\",\"breadcrumb\":{\"@id\":\"https:\/\/kapitalis.com\/tunisie\/2024\/07\/06\/lancement-du-comite-national-tunisien-de-la-cci\/#breadcrumb\"},\"inLanguage\":\"fr-FR\",\"potentialAction\":[{\"@type\":\"ReadAction\",\"target\":[\"https:\/\/kapitalis.com\/tunisie\/2024\/07\/06\/lancement-du-comite-national-tunisien-de-la-cci\/\"]}]},{\"@type\":\"ImageObject\",\"inLanguage\":\"fr-FR\",\"@id\":\"https:\/\/kapitalis.com\/tunisie\/2024\/07\/06\/lancement-du-comite-national-tunisien-de-la-cci\/#primaryimage\",\"url\":\"https:\/\/kapitalis.com\/tunisie\/wp-content\/uploads\/2024\/07\/ICC-Tunisia.jpg\",\"contentUrl\":\"https:\/\/kapitalis.com\/tunisie\/wp-content\/uploads\/2024\/07\/ICC-Tunisia.jpg\",\"width\":1200,\"height\":630},{\"@type\":\"BreadcrumbList\",\"@id\":\"https:\/\/kapitalis.com\/tunisie\/2024\/07\/06\/lancement-du-comite-national-tunisien-de-la-cci\/#breadcrumb\",\"itemListElement\":[{\"@type\":\"ListItem\",\"position\":1,\"name\":\"Accueil\",\"item\":\"https:\/\/kapitalis.com\/tunisie\/\"},{\"@type\":\"ListItem\",\"position\":2,\"name\":\"Lancement du comit\u00e9 national tunisien de la CCI\"}]},{\"@type\":\"WebSite\",\"@id\":\"https:\/\/kapitalis.com\/tunisie\/#website\",\"url\":\"https:\/\/kapitalis.com\/tunisie\/\",\"name\":\"Kapitalis\",\"description\":\"L&#039;actualit\u00e9 en Tunisie et dans le monde\",\"publisher\":{\"@id\":\"https:\/\/kapitalis.com\/tunisie\/#organization\"},\"potentialAction\":[{\"@type\":\"SearchAction\",\"target\":{\"@type\":\"EntryPoint\",\"urlTemplate\":\"https:\/\/kapitalis.com\/tunisie\/?s={search_term_string}\"},\"query-input\":{\"@type\":\"PropertyValueSpecification\",\"valueRequired\":true,\"valueName\":\"search_term_string\"}}],\"inLanguage\":\"fr-FR\"},{\"@type\":\"Organization\",\"@id\":\"https:\/\/kapitalis.com\/tunisie\/#organization\",\"name\":\"Kapitalis\",\"url\":\"https:\/\/kapitalis.com\/tunisie\/\",\"logo\":{\"@type\":\"ImageObject\",\"inLanguage\":\"fr-FR\",\"@id\":\"https:\/\/kapitalis.com\/tunisie\/#\/schema\/logo\/image\/\",\"url\":\"https:\/\/kapitalis.com\/tunisie\/wp-content\/uploads\/2022\/05\/Kapitalis-big-size.png\",\"contentUrl\":\"https:\/\/kapitalis.com\/tunisie\/wp-content\/uploads\/2022\/05\/Kapitalis-big-size.png\",\"width\":5000,\"height\":1500,\"caption\":\"Kapitalis\"},\"image\":{\"@id\":\"https:\/\/kapitalis.com\/tunisie\/#\/schema\/logo\/image\/\"},\"sameAs\":[\"https:\/\/www.facebook.com\/KapitalisInfo\/\",\"https:\/\/x.com\/KapitalisInfo\",\"https:\/\/www.youtube.com\/channel\/UC-yDYrHyfFBWWZaOw3FPg9Q\"]},{\"@type\":\"Person\",\"@id\":\"https:\/\/kapitalis.com\/tunisie\/#\/schema\/person\/d71f33a9ca44f7bad4698210b480c8e9\",\"name\":\"webmaster kapitalis\",\"url\":\"https:\/\/kapitalis.com\/tunisie\/author\/webmaster-kapitalis\/\"}]}<\/script>\n<!-- \/ Yoast SEO plugin. -->","yoast_head_json":{"title":"Lancement du comit\u00e9 national tunisien de la CCI - Kapitalis","robots":{"index":"index","follow":"follow","max-snippet":"max-snippet:-1","max-image-preview":"max-image-preview:large","max-video-preview":"max-video-preview:-1"},"canonical":"https:\/\/kapitalis.com\/tunisie\/2024\/07\/06\/lancement-du-comite-national-tunisien-de-la-cci\/","og_locale":"fr_FR","og_type":"article","og_title":"Lancement du comit\u00e9 national tunisien de la CCI - Kapitalis","og_description":"Le nouveau comit\u00e9 national tunisien de la Chambre de commerce internationale (ICC) officiellement lanc\u00e9.","og_url":"https:\/\/kapitalis.com\/tunisie\/2024\/07\/06\/lancement-du-comite-national-tunisien-de-la-cci\/","og_site_name":"Kapitalis","article_publisher":"https:\/\/www.facebook.com\/KapitalisInfo\/","article_published_time":"2024-07-06T10:34:47+00:00","article_modified_time":"2024-07-06T10:34:48+00:00","og_image":[{"width":1200,"height":630,"url":"https:\/\/kapitalis.com\/tunisie\/wp-content\/uploads\/2024\/07\/ICC-Tunisia.jpg","type":"image\/jpeg"}],"author":"webmaster kapitalis","twitter_card":"summary_large_image","twitter_creator":"@KapitalisInfo","twitter_site":"@KapitalisInfo","twitter_misc":{"\u00c9crit par":"webmaster kapitalis","Dur\u00e9e de lecture estim\u00e9e":"2 minutes"},"schema":{"@context":"https:\/\/schema.org","@graph":[{"@type":"Article","@id":"https:\/\/kapitalis.com\/tunisie\/2024\/07\/06\/lancement-du-comite-national-tunisien-de-la-cci\/#article","isPartOf":{"@id":"https:\/\/kapitalis.com\/tunisie\/2024\/07\/06\/lancement-du-comite-national-tunisien-de-la-cci\/"},"author":{"name":"webmaster kapitalis","@id":"https:\/\/kapitalis.com\/tunisie\/#\/schema\/person\/d71f33a9ca44f7bad4698210b480c8e9"},"headline":"Lancement du comit\u00e9 national tunisien de la CCI","datePublished":"2024-07-06T10:34:47+00:00","dateModified":"2024-07-06T10:34:48+00:00","mainEntityOfPage":{"@id":"https:\/\/kapitalis.com\/tunisie\/2024\/07\/06\/lancement-du-comite-national-tunisien-de-la-cci\/"},"wordCount":290,"publisher":{"@id":"https:\/\/kapitalis.com\/tunisie\/#organization"},"image":{"@id":"https:\/\/kapitalis.com\/tunisie\/2024\/07\/06\/lancement-du-comite-national-tunisien-de-la-cci\/#primaryimage"},"thumbnailUrl":"https:\/\/kapitalis.com\/tunisie\/wp-content\/uploads\/2024\/07\/ICC-Tunisia.jpg","keywords":["CBF","ICC Tunisia","John Denton","Julian Kassum","Khelil Chaibi","N\u00e9jib Ghandri"],"articleSection":["ECONOMIE","Tunisie"],"inLanguage":"fr-FR"},{"@type":"WebPage","@id":"https:\/\/kapitalis.com\/tunisie\/2024\/07\/06\/lancement-du-comite-national-tunisien-de-la-cci\/","url":"https:\/\/kapitalis.com\/tunisie\/2024\/07\/06\/lancement-du-comite-national-tunisien-de-la-cci\/","name":"Lancement du comit\u00e9 national tunisien de la CCI - Kapitalis","isPartOf":{"@id":"https:\/\/kapitalis.com\/tunisie\/#website"},"primaryImageOfPage":{"@id":"https:\/\/kapitalis.com\/tunisie\/2024\/07\/06\/lancement-du-comite-national-tunisien-de-la-cci\/#primaryimage"},"image":{"@id":"https:\/\/kapitalis.com\/tunisie\/2024\/07\/06\/lancement-du-comite-national-tunisien-de-la-cci\/#primaryimage"},"thumbnailUrl":"https:\/\/kapitalis.com\/tunisie\/wp-content\/uploads\/2024\/07\/ICC-Tunisia.jpg","datePublished":"2024-07-06T10:34:47+00:00","dateModified":"2024-07-06T10:34:48+00:00","breadcrumb":{"@id":"https:\/\/kapitalis.com\/tunisie\/2024\/07\/06\/lancement-du-comite-national-tunisien-de-la-cci\/#breadcrumb"},"inLanguage":"fr-FR","potentialAction":[{"@type":"ReadAction","target":["https:\/\/kapitalis.com\/tunisie\/2024\/07\/06\/lancement-du-comite-national-tunisien-de-la-cci\/"]}]},{"@type":"ImageObject","inLanguage":"fr-FR","@id":"https:\/\/kapitalis.com\/tunisie\/2024\/07\/06\/lancement-du-comite-national-tunisien-de-la-cci\/#primaryimage","url":"https:\/\/kapitalis.com\/tunisie\/wp-content\/uploads\/2024\/07\/ICC-Tunisia.jpg","contentUrl":"https:\/\/kapitalis.com\/tunisie\/wp-content\/uploads\/2024\/07\/ICC-Tunisia.jpg","width":1200,"height":630},{"@type":"BreadcrumbList","@id":"https:\/\/kapitalis.com\/tunisie\/2024\/07\/06\/lancement-du-comite-national-tunisien-de-la-cci\/#breadcrumb","itemListElement":[{"@type":"ListItem","position":1,"name":"Accueil","item":"https:\/\/kapitalis.com\/tunisie\/"},{"@type":"ListItem","position":2,"name":"Lancement du comit\u00e9 national tunisien de la CCI"}]},{"@type":"WebSite","@id":"https:\/\/kapitalis.com\/tunisie\/#website","url":"https:\/\/kapitalis.com\/tunisie\/","name":"Kapitalis","description":"L&#039;actualit\u00e9 en Tunisie et dans le monde","publisher":{"@id":"https:\/\/kapitalis.com\/tunisie\/#organization"},"potentialAction":[{"@type":"SearchAction","target":{"@type":"EntryPoint","urlTemplate":"https:\/\/kapitalis.com\/tunisie\/?s={search_term_string}"},"query-input":{"@type":"PropertyValueSpecification","valueRequired":true,"valueName":"search_term_string"}}],"inLanguage":"fr-FR"},{"@type":"Organization","@id":"https:\/\/kapitalis.com\/tunisie\/#organization","name":"Kapitalis","url":"https:\/\/kapitalis.com\/tunisie\/","logo":{"@type":"ImageObject","inLanguage":"fr-FR","@id":"https:\/\/kapitalis.com\/tunisie\/#\/schema\/logo\/image\/","url":"https:\/\/kapitalis.com\/tunisie\/wp-content\/uploads\/2022\/05\/Kapitalis-big-size.png","contentUrl":"https:\/\/kapitalis.com\/tunisie\/wp-content\/uploads\/2022\/05\/Kapitalis-big-size.png","width":5000,"height":1500,"caption":"Kapitalis"},"image":{"@id":"https:\/\/kapitalis.com\/tunisie\/#\/schema\/logo\/image\/"},"sameAs":["https:\/\/www.facebook.com\/KapitalisInfo\/","https:\/\/x.com\/KapitalisInfo","https:\/\/www.youtube.com\/channel\/UC-yDYrHyfFBWWZaOw3FPg9Q"]},{"@type":"Person","@id":"https:\/\/kapitalis.com\/tunisie\/#\/schema\/person\/d71f33a9ca44f7bad4698210b480c8e9","name":"webmaster kapitalis","url":"https:\/\/kapitalis.com\/tunisie\/author\/webmaster-kapitalis\/"}]}},"_links":{"self":[{"href":"https:\/\/kapitalis.com\/tunisie\/wp-json\/wp\/v2\/posts\/13515593","targetHints":{"allow":["GET"]}}],"collection":[{"href":"https:\/\/kapitalis.com\/tunisie\/wp-json\/wp\/v2\/posts"}],"about":[{"href":"https:\/\/kapitalis.com\/tunisie\/wp-json\/wp\/v2\/types\/post"}],"author":[{"embeddable":true,"href":"https:\/\/kapitalis.com\/tunisie\/wp-json\/wp\/v2\/users\/8"}],"replies":[{"embeddable":true,"href":"https:\/\/kapitalis.com\/tunisie\/wp-json\/wp\/v2\/comments?post=13515593"}],"version-history":[{"count":1,"href":"https:\/\/kapitalis.com\/tunisie\/wp-json\/wp\/v2\/posts\/13515593\/revisions"}],"predecessor-version":[{"id":13515677,"href":"https:\/\/kapitalis.com\/tunisie\/wp-json\/wp\/v2\/posts\/13515593\/revisions\/13515677"}],"wp:featuredmedia":[{"embeddable":true,"href":"https:\/\/kapitalis.com\/tunisie\/wp-json\/wp\/v2\/media\/13515674"}],"wp:attachment":[{"href":"https:\/\/kapitalis.com\/tunisie\/wp-json\/wp\/v2\/media?parent=13515593"}],"wp:term":[{"taxonomy":"category","embeddable":true,"href":"https:\/\/kapitalis.com\/tunisie\/wp-json\/wp\/v2\/categories?post=13515593"},{"taxonomy":"post_tag","embeddable":true,"href":"https:\/\/kapitalis.com\/tunisie\/wp-json\/wp\/v2\/tags?post=13515593"}],"curies":[{"name":"wp","href":"https:\/\/api.w.org\/{rel}","templated":true}]}}