{"id":13516,"date":"2015-09-11T12:08:04","date_gmt":"2015-09-11T11:08:04","guid":{"rendered":"http:\/\/kapitalis.com\/tunisie\/?p=13516"},"modified":"2015-09-11T12:10:33","modified_gmt":"2015-09-11T11:10:33","slug":"les-grandes-lignes-des-jtc-2015","status":"publish","type":"post","link":"https:\/\/kapitalis.com\/tunisie\/2015\/09\/11\/les-grandes-lignes-des-jtc-2015\/","title":{"rendered":"Les grandes lignes des JTC 2015"},"content":{"rendered":"<p><center><iframe loading=\"lazy\" id=\"div1\" src=\"https:\/\/www.youtube.com\/embed\/CtunAroWO4c?rel=0&amp;iv_load_policy=3&amp;showinfo=0&amp;modestbranding=1&amp;fs=0\" width=\"699\" height=\"394\" frameborder=\"0\" allowfullscreen=\"allowfullscreen\"><\/iframe><\/center><\/p>\n<p>M. Lassaad Jamoussi pr\u00e9sente le programme de la 17\u00e8me \u00e9dition des journ\u00e9es th\u00e9\u00e2trales de Carthage (JTC) qui, baptis\u00e9e \u00ab\u00a0journ\u00e9es th\u00e9\u00e2trales de Carthage dans chaque d\u00e9l\u00e9gation\u00a0\u00bb, sera marqu\u00e9e par l&rsquo;ouverture d&rsquo;une semaine th\u00e9\u00e2trale dans les r\u00e9gions, du 9 au 16 octobre; une premi\u00e8re dans l&rsquo;histoire des JTC.<br \/>\nL&rsquo;ouverture officielle de cette \u00e9dition se fera, le 16 octobre \u00e0 Tunis, et se poursuivra jusqu&rsquo;au 24 du m\u00eame mois.<\/p>\n<p><center><iframe loading=\"lazy\" id=\"div1\" src=\"https:\/\/www.youtube.com\/embed\/ZUNy9u-j7b0?rel=0&amp;iv_load_policy=3&amp;showinfo=0&amp;modestbranding=1&amp;fs=0\" width=\"699\" height=\"394\" frameborder=\"0\" allowfullscreen=\"allowfullscreen\"><\/iframe><\/center><\/p>\n","protected":false},"excerpt":{"rendered":"<p>M. Lassaad Jamoussi pr\u00e9sente le programme de la 17\u00e8me \u00e9dition des journ\u00e9es th\u00e9\u00e2trales de Carthage (JTC) qui, baptis\u00e9e \u00ab\u00a0journ\u00e9es th\u00e9\u00e2trales de Carthage dans chaque d\u00e9l\u00e9gation\u00a0\u00bb, sera marqu\u00e9e par l&rsquo;ouverture d&rsquo;une semaine th\u00e9\u00e2trale dans les r\u00e9gions, du 9 au 16 octobre; une premi\u00e8re dans l&rsquo;histoire des JTC. L&rsquo;ouverture officielle de cette \u00e9dition se fera, le 16&#8230;<\/p>\n","protected":false},"author":13,"featured_media":13523,"comment_status":"open","ping_status":"open","sticky":false,"template":"","format":"standard","meta":{"footnotes":""},"categories":[4806],"tags":[255,5972,5952,5973,900],"class_list":["post-13516","post","type-post","status-publish","format-standard","has-post-thumbnail","hentry","category-videos","tag-culture","tag-journees-theatrales-de-carthage","tag-jtc","tag-lassaad-jamoussi","tag-theatre"],"yoast_head":"<!-- This site is optimized with the Yoast SEO plugin v26.6 - https:\/\/yoast.com\/wordpress\/plugins\/seo\/ -->\n<title>Les grandes lignes des JTC 2015 - Kapitalis<\/title>\n<meta name=\"robots\" content=\"index, follow, max-snippet:-1, max-image-preview:large, max-video-preview:-1\" \/>\n<link rel=\"canonical\" href=\"https:\/\/kapitalis.com\/tunisie\/2015\/09\/11\/les-grandes-lignes-des-jtc-2015\/\" \/>\n<meta property=\"og:locale\" content=\"fr_FR\" \/>\n<meta property=\"og:type\" content=\"article\" \/>\n<meta property=\"og:title\" content=\"Les grandes lignes des JTC 2015 - Kapitalis\" \/>\n<meta property=\"og:description\" content=\"M. Lassaad Jamoussi pr\u00e9sente le programme de la 17\u00e8me \u00e9dition des journ\u00e9es th\u00e9\u00e2trales de Carthage (JTC) qui, baptis\u00e9e \u00ab\u00a0journ\u00e9es th\u00e9\u00e2trales de Carthage dans chaque d\u00e9l\u00e9gation\u00a0\u00bb, sera marqu\u00e9e par l&rsquo;ouverture d&rsquo;une semaine th\u00e9\u00e2trale dans les r\u00e9gions, du 9 au 16 octobre; une premi\u00e8re dans l&rsquo;histoire des JTC. L&rsquo;ouverture officielle de cette \u00e9dition se fera, le 16...\" \/>\n<meta property=\"og:url\" content=\"https:\/\/kapitalis.com\/tunisie\/2015\/09\/11\/les-grandes-lignes-des-jtc-2015\/\" \/>\n<meta property=\"og:site_name\" content=\"Kapitalis\" \/>\n<meta property=\"article:publisher\" content=\"https:\/\/www.facebook.com\/KapitalisInfo\/\" \/>\n<meta property=\"article:published_time\" content=\"2015-09-11T11:08:04+00:00\" \/>\n<meta property=\"article:modified_time\" content=\"2015-09-11T11:10:33+00:00\" \/>\n<meta property=\"og:image\" content=\"https:\/\/kapitalis.com\/tunisie\/wp-content\/uploads\/2022\/05\/kapitalis-logo-fb.png\" \/>\n\t<meta property=\"og:image:width\" content=\"1200\" \/>\n\t<meta property=\"og:image:height\" content=\"630\" \/>\n\t<meta property=\"og:image:type\" content=\"image\/png\" \/>\n<meta name=\"author\" content=\"webmaster aux\" \/>\n<meta name=\"twitter:card\" content=\"summary_large_image\" \/>\n<meta name=\"twitter:creator\" content=\"@KapitalisInfo\" \/>\n<meta name=\"twitter:site\" content=\"@KapitalisInfo\" \/>\n<meta name=\"twitter:label1\" content=\"\u00c9crit par\" \/>\n\t<meta name=\"twitter:data1\" content=\"webmaster aux\" \/>\n<script type=\"application\/ld+json\" class=\"yoast-schema-graph\">{\"@context\":\"https:\/\/schema.org\",\"@graph\":[{\"@type\":\"Article\",\"@id\":\"https:\/\/kapitalis.com\/tunisie\/2015\/09\/11\/les-grandes-lignes-des-jtc-2015\/#article\",\"isPartOf\":{\"@id\":\"https:\/\/kapitalis.com\/tunisie\/2015\/09\/11\/les-grandes-lignes-des-jtc-2015\/\"},\"author\":{\"name\":\"webmaster aux\",\"@id\":\"https:\/\/kapitalis.com\/tunisie\/#\/schema\/person\/aa8b4a429805c4e3f0713a3c3f95212b\"},\"headline\":\"Les grandes lignes des JTC 2015\",\"datePublished\":\"2015-09-11T11:08:04+00:00\",\"dateModified\":\"2015-09-11T11:10:33+00:00\",\"mainEntityOfPage\":{\"@id\":\"https:\/\/kapitalis.com\/tunisie\/2015\/09\/11\/les-grandes-lignes-des-jtc-2015\/\"},\"wordCount\":79,\"commentCount\":0,\"publisher\":{\"@id\":\"https:\/\/kapitalis.com\/tunisie\/#organization\"},\"image\":{\"@id\":\"https:\/\/kapitalis.com\/tunisie\/2015\/09\/11\/les-grandes-lignes-des-jtc-2015\/#primaryimage\"},\"thumbnailUrl\":\"\",\"keywords\":[\"culture\",\"journ\u00e9es th\u00e9\u00e2trales de Carthage\",\"JTC\",\"Lassaad Jamoussi\",\"Th\u00e9\u00e2tre\"],\"articleSection\":[\"VIDEOS\"],\"inLanguage\":\"fr-FR\",\"potentialAction\":[{\"@type\":\"CommentAction\",\"name\":\"Comment\",\"target\":[\"https:\/\/kapitalis.com\/tunisie\/2015\/09\/11\/les-grandes-lignes-des-jtc-2015\/#respond\"]}]},{\"@type\":\"WebPage\",\"@id\":\"https:\/\/kapitalis.com\/tunisie\/2015\/09\/11\/les-grandes-lignes-des-jtc-2015\/\",\"url\":\"https:\/\/kapitalis.com\/tunisie\/2015\/09\/11\/les-grandes-lignes-des-jtc-2015\/\",\"name\":\"Les grandes lignes des JTC 2015 - Kapitalis\",\"isPartOf\":{\"@id\":\"https:\/\/kapitalis.com\/tunisie\/#website\"},\"primaryImageOfPage\":{\"@id\":\"https:\/\/kapitalis.com\/tunisie\/2015\/09\/11\/les-grandes-lignes-des-jtc-2015\/#primaryimage\"},\"image\":{\"@id\":\"https:\/\/kapitalis.com\/tunisie\/2015\/09\/11\/les-grandes-lignes-des-jtc-2015\/#primaryimage\"},\"thumbnailUrl\":\"\",\"datePublished\":\"2015-09-11T11:08:04+00:00\",\"dateModified\":\"2015-09-11T11:10:33+00:00\",\"breadcrumb\":{\"@id\":\"https:\/\/kapitalis.com\/tunisie\/2015\/09\/11\/les-grandes-lignes-des-jtc-2015\/#breadcrumb\"},\"inLanguage\":\"fr-FR\",\"potentialAction\":[{\"@type\":\"ReadAction\",\"target\":[\"https:\/\/kapitalis.com\/tunisie\/2015\/09\/11\/les-grandes-lignes-des-jtc-2015\/\"]}]},{\"@type\":\"ImageObject\",\"inLanguage\":\"fr-FR\",\"@id\":\"https:\/\/kapitalis.com\/tunisie\/2015\/09\/11\/les-grandes-lignes-des-jtc-2015\/#primaryimage\",\"url\":\"\",\"contentUrl\":\"\"},{\"@type\":\"BreadcrumbList\",\"@id\":\"https:\/\/kapitalis.com\/tunisie\/2015\/09\/11\/les-grandes-lignes-des-jtc-2015\/#breadcrumb\",\"itemListElement\":[{\"@type\":\"ListItem\",\"position\":1,\"name\":\"Accueil\",\"item\":\"https:\/\/kapitalis.com\/tunisie\/\"},{\"@type\":\"ListItem\",\"position\":2,\"name\":\"Les grandes lignes des JTC 2015\"}]},{\"@type\":\"WebSite\",\"@id\":\"https:\/\/kapitalis.com\/tunisie\/#website\",\"url\":\"https:\/\/kapitalis.com\/tunisie\/\",\"name\":\"Kapitalis\",\"description\":\"L&#039;actualit\u00e9 en Tunisie et dans le monde\",\"publisher\":{\"@id\":\"https:\/\/kapitalis.com\/tunisie\/#organization\"},\"potentialAction\":[{\"@type\":\"SearchAction\",\"target\":{\"@type\":\"EntryPoint\",\"urlTemplate\":\"https:\/\/kapitalis.com\/tunisie\/?s={search_term_string}\"},\"query-input\":{\"@type\":\"PropertyValueSpecification\",\"valueRequired\":true,\"valueName\":\"search_term_string\"}}],\"inLanguage\":\"fr-FR\"},{\"@type\":\"Organization\",\"@id\":\"https:\/\/kapitalis.com\/tunisie\/#organization\",\"name\":\"Kapitalis\",\"url\":\"https:\/\/kapitalis.com\/tunisie\/\",\"logo\":{\"@type\":\"ImageObject\",\"inLanguage\":\"fr-FR\",\"@id\":\"https:\/\/kapitalis.com\/tunisie\/#\/schema\/logo\/image\/\",\"url\":\"https:\/\/kapitalis.com\/tunisie\/wp-content\/uploads\/2022\/05\/Kapitalis-big-size.png\",\"contentUrl\":\"https:\/\/kapitalis.com\/tunisie\/wp-content\/uploads\/2022\/05\/Kapitalis-big-size.png\",\"width\":5000,\"height\":1500,\"caption\":\"Kapitalis\"},\"image\":{\"@id\":\"https:\/\/kapitalis.com\/tunisie\/#\/schema\/logo\/image\/\"},\"sameAs\":[\"https:\/\/www.facebook.com\/KapitalisInfo\/\",\"https:\/\/x.com\/KapitalisInfo\",\"https:\/\/www.youtube.com\/channel\/UC-yDYrHyfFBWWZaOw3FPg9Q\"]},{\"@type\":\"Person\",\"@id\":\"https:\/\/kapitalis.com\/tunisie\/#\/schema\/person\/aa8b4a429805c4e3f0713a3c3f95212b\",\"name\":\"webmaster aux\",\"url\":\"https:\/\/kapitalis.com\/tunisie\/author\/webmasteraux\/\"}]}<\/script>\n<!-- \/ Yoast SEO plugin. -->","yoast_head_json":{"title":"Les grandes lignes des JTC 2015 - Kapitalis","robots":{"index":"index","follow":"follow","max-snippet":"max-snippet:-1","max-image-preview":"max-image-preview:large","max-video-preview":"max-video-preview:-1"},"canonical":"https:\/\/kapitalis.com\/tunisie\/2015\/09\/11\/les-grandes-lignes-des-jtc-2015\/","og_locale":"fr_FR","og_type":"article","og_title":"Les grandes lignes des JTC 2015 - Kapitalis","og_description":"M. Lassaad Jamoussi pr\u00e9sente le programme de la 17\u00e8me \u00e9dition des journ\u00e9es th\u00e9\u00e2trales de Carthage (JTC) qui, baptis\u00e9e \u00ab\u00a0journ\u00e9es th\u00e9\u00e2trales de Carthage dans chaque d\u00e9l\u00e9gation\u00a0\u00bb, sera marqu\u00e9e par l&rsquo;ouverture d&rsquo;une semaine th\u00e9\u00e2trale dans les r\u00e9gions, du 9 au 16 octobre; une premi\u00e8re dans l&rsquo;histoire des JTC. L&rsquo;ouverture officielle de cette \u00e9dition se fera, le 16...","og_url":"https:\/\/kapitalis.com\/tunisie\/2015\/09\/11\/les-grandes-lignes-des-jtc-2015\/","og_site_name":"Kapitalis","article_publisher":"https:\/\/www.facebook.com\/KapitalisInfo\/","article_published_time":"2015-09-11T11:08:04+00:00","article_modified_time":"2015-09-11T11:10:33+00:00","og_image":[{"width":1200,"height":630,"url":"https:\/\/kapitalis.com\/tunisie\/wp-content\/uploads\/2022\/05\/kapitalis-logo-fb.png","type":"image\/png"}],"author":"webmaster aux","twitter_card":"summary_large_image","twitter_creator":"@KapitalisInfo","twitter_site":"@KapitalisInfo","twitter_misc":{"\u00c9crit par":"webmaster aux"},"schema":{"@context":"https:\/\/schema.org","@graph":[{"@type":"Article","@id":"https:\/\/kapitalis.com\/tunisie\/2015\/09\/11\/les-grandes-lignes-des-jtc-2015\/#article","isPartOf":{"@id":"https:\/\/kapitalis.com\/tunisie\/2015\/09\/11\/les-grandes-lignes-des-jtc-2015\/"},"author":{"name":"webmaster aux","@id":"https:\/\/kapitalis.com\/tunisie\/#\/schema\/person\/aa8b4a429805c4e3f0713a3c3f95212b"},"headline":"Les grandes lignes des JTC 2015","datePublished":"2015-09-11T11:08:04+00:00","dateModified":"2015-09-11T11:10:33+00:00","mainEntityOfPage":{"@id":"https:\/\/kapitalis.com\/tunisie\/2015\/09\/11\/les-grandes-lignes-des-jtc-2015\/"},"wordCount":79,"commentCount":0,"publisher":{"@id":"https:\/\/kapitalis.com\/tunisie\/#organization"},"image":{"@id":"https:\/\/kapitalis.com\/tunisie\/2015\/09\/11\/les-grandes-lignes-des-jtc-2015\/#primaryimage"},"thumbnailUrl":"","keywords":["culture","journ\u00e9es th\u00e9\u00e2trales de Carthage","JTC","Lassaad Jamoussi","Th\u00e9\u00e2tre"],"articleSection":["VIDEOS"],"inLanguage":"fr-FR","potentialAction":[{"@type":"CommentAction","name":"Comment","target":["https:\/\/kapitalis.com\/tunisie\/2015\/09\/11\/les-grandes-lignes-des-jtc-2015\/#respond"]}]},{"@type":"WebPage","@id":"https:\/\/kapitalis.com\/tunisie\/2015\/09\/11\/les-grandes-lignes-des-jtc-2015\/","url":"https:\/\/kapitalis.com\/tunisie\/2015\/09\/11\/les-grandes-lignes-des-jtc-2015\/","name":"Les grandes lignes des JTC 2015 - Kapitalis","isPartOf":{"@id":"https:\/\/kapitalis.com\/tunisie\/#website"},"primaryImageOfPage":{"@id":"https:\/\/kapitalis.com\/tunisie\/2015\/09\/11\/les-grandes-lignes-des-jtc-2015\/#primaryimage"},"image":{"@id":"https:\/\/kapitalis.com\/tunisie\/2015\/09\/11\/les-grandes-lignes-des-jtc-2015\/#primaryimage"},"thumbnailUrl":"","datePublished":"2015-09-11T11:08:04+00:00","dateModified":"2015-09-11T11:10:33+00:00","breadcrumb":{"@id":"https:\/\/kapitalis.com\/tunisie\/2015\/09\/11\/les-grandes-lignes-des-jtc-2015\/#breadcrumb"},"inLanguage":"fr-FR","potentialAction":[{"@type":"ReadAction","target":["https:\/\/kapitalis.com\/tunisie\/2015\/09\/11\/les-grandes-lignes-des-jtc-2015\/"]}]},{"@type":"ImageObject","inLanguage":"fr-FR","@id":"https:\/\/kapitalis.com\/tunisie\/2015\/09\/11\/les-grandes-lignes-des-jtc-2015\/#primaryimage","url":"","contentUrl":""},{"@type":"BreadcrumbList","@id":"https:\/\/kapitalis.com\/tunisie\/2015\/09\/11\/les-grandes-lignes-des-jtc-2015\/#breadcrumb","itemListElement":[{"@type":"ListItem","position":1,"name":"Accueil","item":"https:\/\/kapitalis.com\/tunisie\/"},{"@type":"ListItem","position":2,"name":"Les grandes lignes des JTC 2015"}]},{"@type":"WebSite","@id":"https:\/\/kapitalis.com\/tunisie\/#website","url":"https:\/\/kapitalis.com\/tunisie\/","name":"Kapitalis","description":"L&#039;actualit\u00e9 en Tunisie et dans le monde","publisher":{"@id":"https:\/\/kapitalis.com\/tunisie\/#organization"},"potentialAction":[{"@type":"SearchAction","target":{"@type":"EntryPoint","urlTemplate":"https:\/\/kapitalis.com\/tunisie\/?s={search_term_string}"},"query-input":{"@type":"PropertyValueSpecification","valueRequired":true,"valueName":"search_term_string"}}],"inLanguage":"fr-FR"},{"@type":"Organization","@id":"https:\/\/kapitalis.com\/tunisie\/#organization","name":"Kapitalis","url":"https:\/\/kapitalis.com\/tunisie\/","logo":{"@type":"ImageObject","inLanguage":"fr-FR","@id":"https:\/\/kapitalis.com\/tunisie\/#\/schema\/logo\/image\/","url":"https:\/\/kapitalis.com\/tunisie\/wp-content\/uploads\/2022\/05\/Kapitalis-big-size.png","contentUrl":"https:\/\/kapitalis.com\/tunisie\/wp-content\/uploads\/2022\/05\/Kapitalis-big-size.png","width":5000,"height":1500,"caption":"Kapitalis"},"image":{"@id":"https:\/\/kapitalis.com\/tunisie\/#\/schema\/logo\/image\/"},"sameAs":["https:\/\/www.facebook.com\/KapitalisInfo\/","https:\/\/x.com\/KapitalisInfo","https:\/\/www.youtube.com\/channel\/UC-yDYrHyfFBWWZaOw3FPg9Q"]},{"@type":"Person","@id":"https:\/\/kapitalis.com\/tunisie\/#\/schema\/person\/aa8b4a429805c4e3f0713a3c3f95212b","name":"webmaster aux","url":"https:\/\/kapitalis.com\/tunisie\/author\/webmasteraux\/"}]}},"_links":{"self":[{"href":"https:\/\/kapitalis.com\/tunisie\/wp-json\/wp\/v2\/posts\/13516","targetHints":{"allow":["GET"]}}],"collection":[{"href":"https:\/\/kapitalis.com\/tunisie\/wp-json\/wp\/v2\/posts"}],"about":[{"href":"https:\/\/kapitalis.com\/tunisie\/wp-json\/wp\/v2\/types\/post"}],"author":[{"embeddable":true,"href":"https:\/\/kapitalis.com\/tunisie\/wp-json\/wp\/v2\/users\/13"}],"replies":[{"embeddable":true,"href":"https:\/\/kapitalis.com\/tunisie\/wp-json\/wp\/v2\/comments?post=13516"}],"version-history":[{"count":0,"href":"https:\/\/kapitalis.com\/tunisie\/wp-json\/wp\/v2\/posts\/13516\/revisions"}],"wp:featuredmedia":[{"embeddable":true,"href":"https:\/\/kapitalis.com\/tunisie\/wp-json\/wp\/v2\/media\/13523"}],"wp:attachment":[{"href":"https:\/\/kapitalis.com\/tunisie\/wp-json\/wp\/v2\/media?parent=13516"}],"wp:term":[{"taxonomy":"category","embeddable":true,"href":"https:\/\/kapitalis.com\/tunisie\/wp-json\/wp\/v2\/categories?post=13516"},{"taxonomy":"post_tag","embeddable":true,"href":"https:\/\/kapitalis.com\/tunisie\/wp-json\/wp\/v2\/tags?post=13516"}],"curies":[{"name":"wp","href":"https:\/\/api.w.org\/{rel}","templated":true}]}}