{"id":13532706,"date":"2024-07-09T12:09:56","date_gmt":"2024-07-09T11:09:56","guid":{"rendered":"https:\/\/kapitalis.com\/tunisie\/?p=13532706"},"modified":"2024-07-09T12:09:58","modified_gmt":"2024-07-09T11:09:58","slug":"ali-jemal-rempile-pour-deux-ans-avec-letoile-du-sahel","status":"publish","type":"post","link":"https:\/\/kapitalis.com\/tunisie\/2024\/07\/09\/ali-jemal-rempile-pour-deux-ans-avec-letoile-du-sahel\/","title":{"rendered":"Ali Jemal rempile pour deux ans avec l\u2019Etoile du Sahel"},"content":{"rendered":"\n<p><strong><em>Le gardien de but de l\u2019Etoile sportive du Sahel (ESS), Ali Jemal, rempile pour deux saisons suppl\u00e9mentaires avec le club de Sousse, apprend-on ce mardi 9 juillet 2024 de sources proches du joueur.<\/em><\/strong><\/p>\n\n\n\n<!--more-->\n\n\n\n<p>L\u2019ancien gardien de but de l\u2019Esp\u00e9rance de Tunis et du Stade tunisien, aujourd\u2019hui \u00e2g\u00e9 de 34 ans, s\u2019est \u00e9panoui depuis qu\u2019il a rejoint, en 2021, l\u2019ESS o\u00f9 il a eu enfin la chance de montrer tout ce dont il est capable. Il s\u2019impose aujourd\u2019hui comme l\u2019un des meilleurs gardiens de la Ligue 1 en Tunisie. Et il doit cette r\u00e9ussite \u00e0 son travail et \u00e0 son s\u00e9rieux, lui qui fut longtemps rempla\u00e7ant de Moez Ben Cherifia mais qui n\u2019a jamais dout\u00e9 de ses qualit\u00e9s. \u00a0Un exemple \u00e0 suivre pour beaucoup de joueurs qui cire le banc. <\/p>\n\n\n\n<p class=\"has-text-align-right\"><strong>I. B.<\/strong> <\/p>\n","protected":false},"excerpt":{"rendered":"<p>Le gardien de but de l\u2019Etoile sportive du Sahel (ESS), Ali Jemal, rempile pour deux saisons suppl\u00e9mentaires. <\/p>\n","protected":false},"author":8,"featured_media":13532782,"comment_status":"closed","ping_status":"open","sticky":false,"template":"","format":"standard","meta":{"footnotes":""},"categories":[999,2433],"tags":[36740,1619,1295,24858,854,2579],"class_list":["post-13532706","post","type-post","status-publish","format-standard","has-post-thumbnail","hentry","category-sport","category-tunisie","tag-ali-jemal","tag-esperance-de-tunis","tag-etoile-du-sahel","tag-moez-ben-cherifia","tag-sousse","tag-stade-tunisien"],"yoast_head":"<!-- This site is optimized with the Yoast SEO plugin v26.6 - https:\/\/yoast.com\/wordpress\/plugins\/seo\/ -->\n<title>Ali Jemal rempile pour deux ans avec l\u2019Etoile du Sahel - Kapitalis<\/title>\n<meta name=\"robots\" content=\"index, follow, max-snippet:-1, max-image-preview:large, max-video-preview:-1\" \/>\n<link rel=\"canonical\" href=\"https:\/\/kapitalis.com\/tunisie\/2024\/07\/09\/ali-jemal-rempile-pour-deux-ans-avec-letoile-du-sahel\/\" \/>\n<meta property=\"og:locale\" content=\"fr_FR\" \/>\n<meta property=\"og:type\" content=\"article\" \/>\n<meta property=\"og:title\" content=\"Ali Jemal rempile pour deux ans avec l\u2019Etoile du Sahel - Kapitalis\" \/>\n<meta property=\"og:description\" content=\"Le gardien de but de l\u2019Etoile sportive du Sahel (ESS), Ali Jemal, rempile pour deux saisons suppl\u00e9mentaires.\" \/>\n<meta property=\"og:url\" content=\"https:\/\/kapitalis.com\/tunisie\/2024\/07\/09\/ali-jemal-rempile-pour-deux-ans-avec-letoile-du-sahel\/\" \/>\n<meta property=\"og:site_name\" content=\"Kapitalis\" \/>\n<meta property=\"article:publisher\" content=\"https:\/\/www.facebook.com\/KapitalisInfo\/\" \/>\n<meta property=\"article:published_time\" content=\"2024-07-09T11:09:56+00:00\" \/>\n<meta property=\"article:modified_time\" content=\"2024-07-09T11:09:58+00:00\" \/>\n<meta property=\"og:image\" content=\"https:\/\/kapitalis.com\/tunisie\/wp-content\/uploads\/2024\/07\/Ali-Jemal.jpg\" \/>\n\t<meta property=\"og:image:width\" content=\"1200\" \/>\n\t<meta property=\"og:image:height\" content=\"630\" \/>\n\t<meta property=\"og:image:type\" content=\"image\/jpeg\" \/>\n<meta name=\"author\" content=\"webmaster kapitalis\" \/>\n<meta name=\"twitter:card\" content=\"summary_large_image\" \/>\n<meta name=\"twitter:creator\" content=\"@KapitalisInfo\" \/>\n<meta name=\"twitter:site\" content=\"@KapitalisInfo\" \/>\n<meta name=\"twitter:label1\" content=\"\u00c9crit par\" \/>\n\t<meta name=\"twitter:data1\" content=\"webmaster kapitalis\" \/>\n\t<meta name=\"twitter:label2\" content=\"Dur\u00e9e de lecture estim\u00e9e\" \/>\n\t<meta name=\"twitter:data2\" content=\"1 minute\" \/>\n<script type=\"application\/ld+json\" class=\"yoast-schema-graph\">{\"@context\":\"https:\/\/schema.org\",\"@graph\":[{\"@type\":\"Article\",\"@id\":\"https:\/\/kapitalis.com\/tunisie\/2024\/07\/09\/ali-jemal-rempile-pour-deux-ans-avec-letoile-du-sahel\/#article\",\"isPartOf\":{\"@id\":\"https:\/\/kapitalis.com\/tunisie\/2024\/07\/09\/ali-jemal-rempile-pour-deux-ans-avec-letoile-du-sahel\/\"},\"author\":{\"name\":\"webmaster kapitalis\",\"@id\":\"https:\/\/kapitalis.com\/tunisie\/#\/schema\/person\/d71f33a9ca44f7bad4698210b480c8e9\"},\"headline\":\"Ali Jemal rempile pour deux ans avec l\u2019Etoile du Sahel\",\"datePublished\":\"2024-07-09T11:09:56+00:00\",\"dateModified\":\"2024-07-09T11:09:58+00:00\",\"mainEntityOfPage\":{\"@id\":\"https:\/\/kapitalis.com\/tunisie\/2024\/07\/09\/ali-jemal-rempile-pour-deux-ans-avec-letoile-du-sahel\/\"},\"wordCount\":151,\"publisher\":{\"@id\":\"https:\/\/kapitalis.com\/tunisie\/#organization\"},\"image\":{\"@id\":\"https:\/\/kapitalis.com\/tunisie\/2024\/07\/09\/ali-jemal-rempile-pour-deux-ans-avec-letoile-du-sahel\/#primaryimage\"},\"thumbnailUrl\":\"https:\/\/kapitalis.com\/tunisie\/wp-content\/uploads\/2024\/07\/Ali-Jemal.jpg\",\"keywords\":[\"Ali Jemal\",\"Esp\u00e9rance de Tunis\",\"Etoile du Sahel\",\"Moez Ben Cherifia\",\"Sousse\",\"Stade tunisien\"],\"articleSection\":[\"SPORT\",\"Tunisie\"],\"inLanguage\":\"fr-FR\"},{\"@type\":\"WebPage\",\"@id\":\"https:\/\/kapitalis.com\/tunisie\/2024\/07\/09\/ali-jemal-rempile-pour-deux-ans-avec-letoile-du-sahel\/\",\"url\":\"https:\/\/kapitalis.com\/tunisie\/2024\/07\/09\/ali-jemal-rempile-pour-deux-ans-avec-letoile-du-sahel\/\",\"name\":\"Ali Jemal rempile pour deux ans avec l\u2019Etoile du Sahel - Kapitalis\",\"isPartOf\":{\"@id\":\"https:\/\/kapitalis.com\/tunisie\/#website\"},\"primaryImageOfPage\":{\"@id\":\"https:\/\/kapitalis.com\/tunisie\/2024\/07\/09\/ali-jemal-rempile-pour-deux-ans-avec-letoile-du-sahel\/#primaryimage\"},\"image\":{\"@id\":\"https:\/\/kapitalis.com\/tunisie\/2024\/07\/09\/ali-jemal-rempile-pour-deux-ans-avec-letoile-du-sahel\/#primaryimage\"},\"thumbnailUrl\":\"https:\/\/kapitalis.com\/tunisie\/wp-content\/uploads\/2024\/07\/Ali-Jemal.jpg\",\"datePublished\":\"2024-07-09T11:09:56+00:00\",\"dateModified\":\"2024-07-09T11:09:58+00:00\",\"breadcrumb\":{\"@id\":\"https:\/\/kapitalis.com\/tunisie\/2024\/07\/09\/ali-jemal-rempile-pour-deux-ans-avec-letoile-du-sahel\/#breadcrumb\"},\"inLanguage\":\"fr-FR\",\"potentialAction\":[{\"@type\":\"ReadAction\",\"target\":[\"https:\/\/kapitalis.com\/tunisie\/2024\/07\/09\/ali-jemal-rempile-pour-deux-ans-avec-letoile-du-sahel\/\"]}]},{\"@type\":\"ImageObject\",\"inLanguage\":\"fr-FR\",\"@id\":\"https:\/\/kapitalis.com\/tunisie\/2024\/07\/09\/ali-jemal-rempile-pour-deux-ans-avec-letoile-du-sahel\/#primaryimage\",\"url\":\"https:\/\/kapitalis.com\/tunisie\/wp-content\/uploads\/2024\/07\/Ali-Jemal.jpg\",\"contentUrl\":\"https:\/\/kapitalis.com\/tunisie\/wp-content\/uploads\/2024\/07\/Ali-Jemal.jpg\",\"width\":1200,\"height\":630},{\"@type\":\"BreadcrumbList\",\"@id\":\"https:\/\/kapitalis.com\/tunisie\/2024\/07\/09\/ali-jemal-rempile-pour-deux-ans-avec-letoile-du-sahel\/#breadcrumb\",\"itemListElement\":[{\"@type\":\"ListItem\",\"position\":1,\"name\":\"Accueil\",\"item\":\"https:\/\/kapitalis.com\/tunisie\/\"},{\"@type\":\"ListItem\",\"position\":2,\"name\":\"Ali Jemal rempile pour deux ans avec l\u2019Etoile du Sahel\"}]},{\"@type\":\"WebSite\",\"@id\":\"https:\/\/kapitalis.com\/tunisie\/#website\",\"url\":\"https:\/\/kapitalis.com\/tunisie\/\",\"name\":\"Kapitalis\",\"description\":\"L&#039;actualit\u00e9 en Tunisie et dans le monde\",\"publisher\":{\"@id\":\"https:\/\/kapitalis.com\/tunisie\/#organization\"},\"potentialAction\":[{\"@type\":\"SearchAction\",\"target\":{\"@type\":\"EntryPoint\",\"urlTemplate\":\"https:\/\/kapitalis.com\/tunisie\/?s={search_term_string}\"},\"query-input\":{\"@type\":\"PropertyValueSpecification\",\"valueRequired\":true,\"valueName\":\"search_term_string\"}}],\"inLanguage\":\"fr-FR\"},{\"@type\":\"Organization\",\"@id\":\"https:\/\/kapitalis.com\/tunisie\/#organization\",\"name\":\"Kapitalis\",\"url\":\"https:\/\/kapitalis.com\/tunisie\/\",\"logo\":{\"@type\":\"ImageObject\",\"inLanguage\":\"fr-FR\",\"@id\":\"https:\/\/kapitalis.com\/tunisie\/#\/schema\/logo\/image\/\",\"url\":\"https:\/\/kapitalis.com\/tunisie\/wp-content\/uploads\/2022\/05\/Kapitalis-big-size.png\",\"contentUrl\":\"https:\/\/kapitalis.com\/tunisie\/wp-content\/uploads\/2022\/05\/Kapitalis-big-size.png\",\"width\":5000,\"height\":1500,\"caption\":\"Kapitalis\"},\"image\":{\"@id\":\"https:\/\/kapitalis.com\/tunisie\/#\/schema\/logo\/image\/\"},\"sameAs\":[\"https:\/\/www.facebook.com\/KapitalisInfo\/\",\"https:\/\/x.com\/KapitalisInfo\",\"https:\/\/www.youtube.com\/channel\/UC-yDYrHyfFBWWZaOw3FPg9Q\"]},{\"@type\":\"Person\",\"@id\":\"https:\/\/kapitalis.com\/tunisie\/#\/schema\/person\/d71f33a9ca44f7bad4698210b480c8e9\",\"name\":\"webmaster kapitalis\",\"url\":\"https:\/\/kapitalis.com\/tunisie\/author\/webmaster-kapitalis\/\"}]}<\/script>\n<!-- \/ Yoast SEO plugin. -->","yoast_head_json":{"title":"Ali Jemal rempile pour deux ans avec l\u2019Etoile du Sahel - Kapitalis","robots":{"index":"index","follow":"follow","max-snippet":"max-snippet:-1","max-image-preview":"max-image-preview:large","max-video-preview":"max-video-preview:-1"},"canonical":"https:\/\/kapitalis.com\/tunisie\/2024\/07\/09\/ali-jemal-rempile-pour-deux-ans-avec-letoile-du-sahel\/","og_locale":"fr_FR","og_type":"article","og_title":"Ali Jemal rempile pour deux ans avec l\u2019Etoile du Sahel - Kapitalis","og_description":"Le gardien de but de l\u2019Etoile sportive du Sahel (ESS), Ali Jemal, rempile pour deux saisons suppl\u00e9mentaires.","og_url":"https:\/\/kapitalis.com\/tunisie\/2024\/07\/09\/ali-jemal-rempile-pour-deux-ans-avec-letoile-du-sahel\/","og_site_name":"Kapitalis","article_publisher":"https:\/\/www.facebook.com\/KapitalisInfo\/","article_published_time":"2024-07-09T11:09:56+00:00","article_modified_time":"2024-07-09T11:09:58+00:00","og_image":[{"width":1200,"height":630,"url":"https:\/\/kapitalis.com\/tunisie\/wp-content\/uploads\/2024\/07\/Ali-Jemal.jpg","type":"image\/jpeg"}],"author":"webmaster kapitalis","twitter_card":"summary_large_image","twitter_creator":"@KapitalisInfo","twitter_site":"@KapitalisInfo","twitter_misc":{"\u00c9crit par":"webmaster kapitalis","Dur\u00e9e de lecture estim\u00e9e":"1 minute"},"schema":{"@context":"https:\/\/schema.org","@graph":[{"@type":"Article","@id":"https:\/\/kapitalis.com\/tunisie\/2024\/07\/09\/ali-jemal-rempile-pour-deux-ans-avec-letoile-du-sahel\/#article","isPartOf":{"@id":"https:\/\/kapitalis.com\/tunisie\/2024\/07\/09\/ali-jemal-rempile-pour-deux-ans-avec-letoile-du-sahel\/"},"author":{"name":"webmaster kapitalis","@id":"https:\/\/kapitalis.com\/tunisie\/#\/schema\/person\/d71f33a9ca44f7bad4698210b480c8e9"},"headline":"Ali Jemal rempile pour deux ans avec l\u2019Etoile du Sahel","datePublished":"2024-07-09T11:09:56+00:00","dateModified":"2024-07-09T11:09:58+00:00","mainEntityOfPage":{"@id":"https:\/\/kapitalis.com\/tunisie\/2024\/07\/09\/ali-jemal-rempile-pour-deux-ans-avec-letoile-du-sahel\/"},"wordCount":151,"publisher":{"@id":"https:\/\/kapitalis.com\/tunisie\/#organization"},"image":{"@id":"https:\/\/kapitalis.com\/tunisie\/2024\/07\/09\/ali-jemal-rempile-pour-deux-ans-avec-letoile-du-sahel\/#primaryimage"},"thumbnailUrl":"https:\/\/kapitalis.com\/tunisie\/wp-content\/uploads\/2024\/07\/Ali-Jemal.jpg","keywords":["Ali Jemal","Esp\u00e9rance de Tunis","Etoile du Sahel","Moez Ben Cherifia","Sousse","Stade tunisien"],"articleSection":["SPORT","Tunisie"],"inLanguage":"fr-FR"},{"@type":"WebPage","@id":"https:\/\/kapitalis.com\/tunisie\/2024\/07\/09\/ali-jemal-rempile-pour-deux-ans-avec-letoile-du-sahel\/","url":"https:\/\/kapitalis.com\/tunisie\/2024\/07\/09\/ali-jemal-rempile-pour-deux-ans-avec-letoile-du-sahel\/","name":"Ali Jemal rempile pour deux ans avec l\u2019Etoile du Sahel - Kapitalis","isPartOf":{"@id":"https:\/\/kapitalis.com\/tunisie\/#website"},"primaryImageOfPage":{"@id":"https:\/\/kapitalis.com\/tunisie\/2024\/07\/09\/ali-jemal-rempile-pour-deux-ans-avec-letoile-du-sahel\/#primaryimage"},"image":{"@id":"https:\/\/kapitalis.com\/tunisie\/2024\/07\/09\/ali-jemal-rempile-pour-deux-ans-avec-letoile-du-sahel\/#primaryimage"},"thumbnailUrl":"https:\/\/kapitalis.com\/tunisie\/wp-content\/uploads\/2024\/07\/Ali-Jemal.jpg","datePublished":"2024-07-09T11:09:56+00:00","dateModified":"2024-07-09T11:09:58+00:00","breadcrumb":{"@id":"https:\/\/kapitalis.com\/tunisie\/2024\/07\/09\/ali-jemal-rempile-pour-deux-ans-avec-letoile-du-sahel\/#breadcrumb"},"inLanguage":"fr-FR","potentialAction":[{"@type":"ReadAction","target":["https:\/\/kapitalis.com\/tunisie\/2024\/07\/09\/ali-jemal-rempile-pour-deux-ans-avec-letoile-du-sahel\/"]}]},{"@type":"ImageObject","inLanguage":"fr-FR","@id":"https:\/\/kapitalis.com\/tunisie\/2024\/07\/09\/ali-jemal-rempile-pour-deux-ans-avec-letoile-du-sahel\/#primaryimage","url":"https:\/\/kapitalis.com\/tunisie\/wp-content\/uploads\/2024\/07\/Ali-Jemal.jpg","contentUrl":"https:\/\/kapitalis.com\/tunisie\/wp-content\/uploads\/2024\/07\/Ali-Jemal.jpg","width":1200,"height":630},{"@type":"BreadcrumbList","@id":"https:\/\/kapitalis.com\/tunisie\/2024\/07\/09\/ali-jemal-rempile-pour-deux-ans-avec-letoile-du-sahel\/#breadcrumb","itemListElement":[{"@type":"ListItem","position":1,"name":"Accueil","item":"https:\/\/kapitalis.com\/tunisie\/"},{"@type":"ListItem","position":2,"name":"Ali Jemal rempile pour deux ans avec l\u2019Etoile du Sahel"}]},{"@type":"WebSite","@id":"https:\/\/kapitalis.com\/tunisie\/#website","url":"https:\/\/kapitalis.com\/tunisie\/","name":"Kapitalis","description":"L&#039;actualit\u00e9 en Tunisie et dans le monde","publisher":{"@id":"https:\/\/kapitalis.com\/tunisie\/#organization"},"potentialAction":[{"@type":"SearchAction","target":{"@type":"EntryPoint","urlTemplate":"https:\/\/kapitalis.com\/tunisie\/?s={search_term_string}"},"query-input":{"@type":"PropertyValueSpecification","valueRequired":true,"valueName":"search_term_string"}}],"inLanguage":"fr-FR"},{"@type":"Organization","@id":"https:\/\/kapitalis.com\/tunisie\/#organization","name":"Kapitalis","url":"https:\/\/kapitalis.com\/tunisie\/","logo":{"@type":"ImageObject","inLanguage":"fr-FR","@id":"https:\/\/kapitalis.com\/tunisie\/#\/schema\/logo\/image\/","url":"https:\/\/kapitalis.com\/tunisie\/wp-content\/uploads\/2022\/05\/Kapitalis-big-size.png","contentUrl":"https:\/\/kapitalis.com\/tunisie\/wp-content\/uploads\/2022\/05\/Kapitalis-big-size.png","width":5000,"height":1500,"caption":"Kapitalis"},"image":{"@id":"https:\/\/kapitalis.com\/tunisie\/#\/schema\/logo\/image\/"},"sameAs":["https:\/\/www.facebook.com\/KapitalisInfo\/","https:\/\/x.com\/KapitalisInfo","https:\/\/www.youtube.com\/channel\/UC-yDYrHyfFBWWZaOw3FPg9Q"]},{"@type":"Person","@id":"https:\/\/kapitalis.com\/tunisie\/#\/schema\/person\/d71f33a9ca44f7bad4698210b480c8e9","name":"webmaster kapitalis","url":"https:\/\/kapitalis.com\/tunisie\/author\/webmaster-kapitalis\/"}]}},"_links":{"self":[{"href":"https:\/\/kapitalis.com\/tunisie\/wp-json\/wp\/v2\/posts\/13532706","targetHints":{"allow":["GET"]}}],"collection":[{"href":"https:\/\/kapitalis.com\/tunisie\/wp-json\/wp\/v2\/posts"}],"about":[{"href":"https:\/\/kapitalis.com\/tunisie\/wp-json\/wp\/v2\/types\/post"}],"author":[{"embeddable":true,"href":"https:\/\/kapitalis.com\/tunisie\/wp-json\/wp\/v2\/users\/8"}],"replies":[{"embeddable":true,"href":"https:\/\/kapitalis.com\/tunisie\/wp-json\/wp\/v2\/comments?post=13532706"}],"version-history":[{"count":1,"href":"https:\/\/kapitalis.com\/tunisie\/wp-json\/wp\/v2\/posts\/13532706\/revisions"}],"predecessor-version":[{"id":13532788,"href":"https:\/\/kapitalis.com\/tunisie\/wp-json\/wp\/v2\/posts\/13532706\/revisions\/13532788"}],"wp:featuredmedia":[{"embeddable":true,"href":"https:\/\/kapitalis.com\/tunisie\/wp-json\/wp\/v2\/media\/13532782"}],"wp:attachment":[{"href":"https:\/\/kapitalis.com\/tunisie\/wp-json\/wp\/v2\/media?parent=13532706"}],"wp:term":[{"taxonomy":"category","embeddable":true,"href":"https:\/\/kapitalis.com\/tunisie\/wp-json\/wp\/v2\/categories?post=13532706"},{"taxonomy":"post_tag","embeddable":true,"href":"https:\/\/kapitalis.com\/tunisie\/wp-json\/wp\/v2\/tags?post=13532706"}],"curies":[{"name":"wp","href":"https:\/\/api.w.org\/{rel}","templated":true}]}}