{"id":13537795,"date":"2024-07-10T08:13:08","date_gmt":"2024-07-10T07:13:08","guid":{"rendered":"https:\/\/kapitalis.com\/tunisie\/?p=13537795"},"modified":"2024-07-10T08:13:37","modified_gmt":"2024-07-10T07:13:37","slug":"melenchon-defend-lhonneur-de-la-france","status":"publish","type":"post","link":"https:\/\/kapitalis.com\/tunisie\/2024\/07\/10\/melenchon-defend-lhonneur-de-la-france\/","title":{"rendered":"M\u00e9lenchon d\u00e9fend l\u2019honneur de la France"},"content":{"rendered":"\n<p><strong><em>Merci Monsieur M\u00e9lenchon, les Tunisiens \u2013 les Maghr\u00e9bins, les Africains, tous les immigr\u00e9s et les binationaux, et les Palestiniens tr\u00e8s certainement \u2013 vous saluent ainsi que vos camarades.<\/em><\/strong><\/p>\n\n\n\n<p><strong>Elyes Kasri <\/strong>*<\/p>\n\n\n\n<!--more-->\n\n\n<div class=\"wp-block-image\">\n<figure class=\"alignleft size-full\"><img decoding=\"async\" src=\"http:\/\/kapitalis.com\/tunisie\/wp-content\/uploads\/2021\/06\/Elyes-Kasri.jpg\" alt=\"\" class=\"wp-image-352204\"\/><\/figure>\n<\/div>\n\n\n<p>Alors que la vague x\u00e9nophobe et anti-Maghr\u00e9bins avait atteint des niveaux historiques en France, mena\u00e7ant tour \u00e0 tour les r\u00e9guliers et les irr\u00e9guliers de m\u00eame que les binationaux, notamment un million de Tunisiens, et que la propagande sioniste battait son plein pour inverser les r\u00f4les et faire des Palestiniens des bourreaux et des g\u00e9nocidaires isra\u00e9liens des victimes, un homme politique fran\u00e7ais s\u2019est illustr\u00e9 particuli\u00e8rement en montant courageusement au cr\u00e9neau et en d\u00e9fendant l\u2019honneur de la France et le sort de millions de Maghr\u00e9bins toutes cat\u00e9gories confondues.<\/p>\n\n\n\n<h2 class=\"wp-block-heading\">Une pernicieuse diabolisation<\/h2>\n\n\n\n<p>Le retournement de situation entre le premier et le deuxi\u00e8me tour des \u00e9lections l\u00e9gislatives fran\u00e7aises o\u00f9 l\u2019extr\u00eame droite raciste, x\u00e9nophobe et islamophobe \u00e9tait \u00e0 deux doigts de prendre les r\u00eanes du pouvoir en France et de mettre en \u0153uvre son programme funeste qui aurait caus\u00e9 l\u2019exode de dizaines de milliers d\u2019immigr\u00e9s \u00e9tablis en France, est du au Nouveau Front Populaire (NFP) et particuli\u00e8rement \u00e0 Jean-Luc M\u00e9lenchon qui a tenu t\u00eate \u00e0 une op\u00e9ration savamment orchestr\u00e9e de diabolisation pour en faire paradoxalement un personnage plus d\u00e9testable que les Lepen p\u00e8te et filles pourtant au pass\u00e9 et \u00e0 la r\u00e9putation sulfureux.<\/p>\n\n\n\n<p>Alors que de nombreuses voix en Tunisie r\u00e9p\u00e9taient inconsciemment ou par une ignorance r\u00e9pr\u00e9hensible des cons\u00e9quences de leurs propos des vues et positions proches des th\u00e8ses les plus x\u00e9nophobes de l\u2019extr\u00eame droite qui allaient se retourner contre nos filles et fils en France, Jean-Luc M\u00e9lenchon, fid\u00e8le \u00e0 la tradition g\u00e9n\u00e9reuse de la gauche militante fran\u00e7aise et de la France, pays des droits de l\u2019homme et dont la devise est libert\u00e9, \u00e9galit\u00e9 et fraternit\u00e9, d\u00e9fendait avec une bravoure remarquable les droits des \u00e9trangers et des binationaux ainsi que ceux des<a href=\"https:\/\/kapitalis.com\/tunisie\/2024\/03\/10\/melonchon-le-peuple-de-france-se-tient-aux-cotes-de-ses-soeurs-et-freres-palestiniens-victimes-de-barbarie\/\" target=\"_blank\" rel=\"noreferrer noopener\"> Palestiniens<\/a> confront\u00e9s \u00e0 une machine de guerre g\u00e9nocidaire et \u00e0 une propagande d\u2019une insolence et d\u2019une perversion inou\u00efes.<\/p>\n\n\n\n<figure class=\"wp-block-embed is-type-wp-embed is-provider-kapitalis wp-block-embed-kapitalis\"><div class=\"wp-block-embed__wrapper\">\n<blockquote class=\"wp-embedded-content\" data-secret=\"yfjXdqfhEw\"><a href=\"https:\/\/kapitalis.com\/tunisie\/2024\/03\/10\/melonchon-le-peuple-de-france-se-tient-aux-cotes-de-ses-soeurs-et-freres-palestiniens-victimes-de-barbarie\/\">M\u00e9lenchon\u00a0: \u00abLe peuple de France se tient aux c\u00f4t\u00e9s de ses s\u0153urs et fr\u00e8res Palestiniens victimes de barbarie\u00bb<\/a><\/blockquote><iframe loading=\"lazy\" class=\"wp-embedded-content\" sandbox=\"allow-scripts\" security=\"restricted\" style=\"position: absolute; clip: rect(1px, 1px, 1px, 1px);\" title=\"\u00ab\u00a0M\u00e9lenchon\u00a0: \u00abLe peuple de France se tient aux c\u00f4t\u00e9s de ses s\u0153urs et fr\u00e8res Palestiniens victimes de barbarie\u00bb\u00a0\u00bb &#8212; Kapitalis\" src=\"https:\/\/kapitalis.com\/tunisie\/2024\/03\/10\/melonchon-le-peuple-de-france-se-tient-aux-cotes-de-ses-soeurs-et-freres-palestiniens-victimes-de-barbarie\/embed\/#?secret=XwpLemOgLS#?secret=yfjXdqfhEw\" data-secret=\"yfjXdqfhEw\" width=\"600\" height=\"338\" frameborder=\"0\" marginwidth=\"0\" marginheight=\"0\" scrolling=\"no\"><\/iframe>\n<\/div><\/figure>\n\n\n\n<p>Personne, ni en Tunisie ni ailleurs dans le monde, ne peut pr\u00e9tendre avoir fait autant que Jean-Luc M\u00e9lenchon pour \u00e9pargner au million de Tunisiens en France, entre autres, une vague de brimades, de pers\u00e9cutions et d\u2019atteintes \u00e0 leurs droits les plus \u00e9l\u00e9mentaires.<\/p>\n\n\n\n<h2 class=\"wp-block-heading\">Un rendez-vous avec l\u2019histoire<\/h2>\n\n\n\n<p>Merci Monsieur M\u00e9lenchon, les Tunisiens \u2013 les Maghr\u00e9bins, les Africains, tous les immigr\u00e9s et les binationaux, et les Palestiniens tr\u00e8s certainement \u2013 vous saluent ainsi que vos camarades.<\/p>\n\n\n\n<p>Beaucoup d\u2019hommes politiques commettent l\u2019erreur de rater le rendez-vous avec l\u2019histoire.<\/p>\n\n\n\n<p>Vous \u00e9tiez pr\u00e9sent au premier rang, avec la bravoure et le panache dont vous avez toujours fait preuve.<\/p>\n\n\n\n<p>L\u2019histoire et la m\u00e9moire des hommes ne sont pas pr\u00e8s de l\u2019oublier.<\/p>\n\n\n\n<p>* <em>Ancien ambassadeur.<\/em><\/p>\n\n\n\n<figure class=\"wp-block-embed is-type-wp-embed is-provider-kapitalis wp-block-embed-kapitalis\"><div class=\"wp-block-embed__wrapper\">\n<blockquote class=\"wp-embedded-content\" data-secret=\"gbbwP88fyC\"><a href=\"https:\/\/kapitalis.com\/tunisie\/2023\/10\/13\/guerre-au-proche-orient-melenchon-dans-le-sens-de-lhistoire\/\">Guerre au Proche-Orient\u00a0: M\u00e9lenchon dans le sens de l\u2019Histoire \u00a0<\/a><\/blockquote><iframe loading=\"lazy\" class=\"wp-embedded-content\" sandbox=\"allow-scripts\" security=\"restricted\" style=\"position: absolute; clip: rect(1px, 1px, 1px, 1px);\" title=\"\u00ab\u00a0Guerre au Proche-Orient\u00a0: M\u00e9lenchon dans le sens de l\u2019Histoire \u00a0\u00a0\u00bb &#8212; Kapitalis\" src=\"https:\/\/kapitalis.com\/tunisie\/2023\/10\/13\/guerre-au-proche-orient-melenchon-dans-le-sens-de-lhistoire\/embed\/#?secret=k80lw20rXY#?secret=gbbwP88fyC\" data-secret=\"gbbwP88fyC\" width=\"600\" height=\"338\" frameborder=\"0\" marginwidth=\"0\" marginheight=\"0\" scrolling=\"no\"><\/iframe>\n<\/div><\/figure>\n","protected":false},"excerpt":{"rendered":"<p>Jean-Luc M\u00e9lenchon reste fid\u00e8le \u00e0 la tradition g\u00e9n\u00e9reuse de la gauche militante fran\u00e7aise et de la France. <\/p>\n","protected":false},"author":8,"featured_media":13537850,"comment_status":"closed","ping_status":"open","sticky":false,"template":"","format":"standard","meta":{"footnotes":""},"categories":[992,997,1000,2433],"tags":[1614,72639,98871,395,99218,2507,116324,2739,1117],"class_list":["post-13537795","post","type-post","status-publish","format-standard","has-post-thumbnail","hentry","category-a-la-une","category-politique","category-tribune","category-tunisie","tag-africains","tag-binationaux","tag-extreme-droite-2","tag-france","tag-jean-luc-melenchon-2","tag-maghrebins","tag-nouveau-front-populaire","tag-palestiniens","tag-tunisiens"],"yoast_head":"<!-- This site is optimized with the Yoast SEO plugin v26.6 - https:\/\/yoast.com\/wordpress\/plugins\/seo\/ -->\n<title>M\u00e9lenchon d\u00e9fend l\u2019honneur de la France - Kapitalis<\/title>\n<meta name=\"robots\" content=\"index, follow, max-snippet:-1, max-image-preview:large, max-video-preview:-1\" \/>\n<link rel=\"canonical\" href=\"https:\/\/kapitalis.com\/tunisie\/2024\/07\/10\/melenchon-defend-lhonneur-de-la-france\/\" \/>\n<meta property=\"og:locale\" content=\"fr_FR\" \/>\n<meta property=\"og:type\" content=\"article\" \/>\n<meta property=\"og:title\" content=\"M\u00e9lenchon d\u00e9fend l\u2019honneur de la France - Kapitalis\" \/>\n<meta property=\"og:description\" content=\"Jean-Luc M\u00e9lenchon reste fid\u00e8le \u00e0 la tradition g\u00e9n\u00e9reuse de la gauche militante fran\u00e7aise et de la France.\" \/>\n<meta property=\"og:url\" content=\"https:\/\/kapitalis.com\/tunisie\/2024\/07\/10\/melenchon-defend-lhonneur-de-la-france\/\" \/>\n<meta property=\"og:site_name\" content=\"Kapitalis\" \/>\n<meta property=\"article:publisher\" content=\"https:\/\/www.facebook.com\/KapitalisInfo\/\" \/>\n<meta property=\"article:published_time\" content=\"2024-07-10T07:13:08+00:00\" \/>\n<meta property=\"article:modified_time\" content=\"2024-07-10T07:13:37+00:00\" \/>\n<meta property=\"og:image\" content=\"https:\/\/kapitalis.com\/tunisie\/wp-content\/uploads\/2024\/07\/Nouveau-Front-populaire.jpg\" \/>\n\t<meta property=\"og:image:width\" content=\"1200\" \/>\n\t<meta property=\"og:image:height\" content=\"630\" \/>\n\t<meta property=\"og:image:type\" content=\"image\/jpeg\" \/>\n<meta name=\"author\" content=\"webmaster kapitalis\" \/>\n<meta name=\"twitter:card\" content=\"summary_large_image\" \/>\n<meta name=\"twitter:creator\" content=\"@KapitalisInfo\" \/>\n<meta name=\"twitter:site\" content=\"@KapitalisInfo\" \/>\n<meta name=\"twitter:label1\" content=\"\u00c9crit par\" \/>\n\t<meta name=\"twitter:data1\" content=\"webmaster kapitalis\" \/>\n\t<meta name=\"twitter:label2\" content=\"Dur\u00e9e de lecture estim\u00e9e\" \/>\n\t<meta name=\"twitter:data2\" content=\"3 minutes\" \/>\n<script type=\"application\/ld+json\" class=\"yoast-schema-graph\">{\"@context\":\"https:\/\/schema.org\",\"@graph\":[{\"@type\":\"Article\",\"@id\":\"https:\/\/kapitalis.com\/tunisie\/2024\/07\/10\/melenchon-defend-lhonneur-de-la-france\/#article\",\"isPartOf\":{\"@id\":\"https:\/\/kapitalis.com\/tunisie\/2024\/07\/10\/melenchon-defend-lhonneur-de-la-france\/\"},\"author\":{\"name\":\"webmaster kapitalis\",\"@id\":\"https:\/\/kapitalis.com\/tunisie\/#\/schema\/person\/d71f33a9ca44f7bad4698210b480c8e9\"},\"headline\":\"M\u00e9lenchon d\u00e9fend l\u2019honneur de la France\",\"datePublished\":\"2024-07-10T07:13:08+00:00\",\"dateModified\":\"2024-07-10T07:13:37+00:00\",\"mainEntityOfPage\":{\"@id\":\"https:\/\/kapitalis.com\/tunisie\/2024\/07\/10\/melenchon-defend-lhonneur-de-la-france\/\"},\"wordCount\":526,\"publisher\":{\"@id\":\"https:\/\/kapitalis.com\/tunisie\/#organization\"},\"image\":{\"@id\":\"https:\/\/kapitalis.com\/tunisie\/2024\/07\/10\/melenchon-defend-lhonneur-de-la-france\/#primaryimage\"},\"thumbnailUrl\":\"https:\/\/kapitalis.com\/tunisie\/wp-content\/uploads\/2024\/07\/Nouveau-Front-populaire.jpg\",\"keywords\":[\"africains\",\"binationaux\",\"extr\u00eame droite\",\"France\",\"Jean-Luc M\u00e9lenchon\",\"Maghr\u00e9bins\",\"Nouveau Front populaire\",\"Palestiniens\",\"tunisiens\"],\"articleSection\":[\"A LA UNE\",\"POLITIQUE\",\"TRIBUNE\",\"Tunisie\"],\"inLanguage\":\"fr-FR\"},{\"@type\":\"WebPage\",\"@id\":\"https:\/\/kapitalis.com\/tunisie\/2024\/07\/10\/melenchon-defend-lhonneur-de-la-france\/\",\"url\":\"https:\/\/kapitalis.com\/tunisie\/2024\/07\/10\/melenchon-defend-lhonneur-de-la-france\/\",\"name\":\"M\u00e9lenchon d\u00e9fend l\u2019honneur de la France - Kapitalis\",\"isPartOf\":{\"@id\":\"https:\/\/kapitalis.com\/tunisie\/#website\"},\"primaryImageOfPage\":{\"@id\":\"https:\/\/kapitalis.com\/tunisie\/2024\/07\/10\/melenchon-defend-lhonneur-de-la-france\/#primaryimage\"},\"image\":{\"@id\":\"https:\/\/kapitalis.com\/tunisie\/2024\/07\/10\/melenchon-defend-lhonneur-de-la-france\/#primaryimage\"},\"thumbnailUrl\":\"https:\/\/kapitalis.com\/tunisie\/wp-content\/uploads\/2024\/07\/Nouveau-Front-populaire.jpg\",\"datePublished\":\"2024-07-10T07:13:08+00:00\",\"dateModified\":\"2024-07-10T07:13:37+00:00\",\"breadcrumb\":{\"@id\":\"https:\/\/kapitalis.com\/tunisie\/2024\/07\/10\/melenchon-defend-lhonneur-de-la-france\/#breadcrumb\"},\"inLanguage\":\"fr-FR\",\"potentialAction\":[{\"@type\":\"ReadAction\",\"target\":[\"https:\/\/kapitalis.com\/tunisie\/2024\/07\/10\/melenchon-defend-lhonneur-de-la-france\/\"]}]},{\"@type\":\"ImageObject\",\"inLanguage\":\"fr-FR\",\"@id\":\"https:\/\/kapitalis.com\/tunisie\/2024\/07\/10\/melenchon-defend-lhonneur-de-la-france\/#primaryimage\",\"url\":\"https:\/\/kapitalis.com\/tunisie\/wp-content\/uploads\/2024\/07\/Nouveau-Front-populaire.jpg\",\"contentUrl\":\"https:\/\/kapitalis.com\/tunisie\/wp-content\/uploads\/2024\/07\/Nouveau-Front-populaire.jpg\",\"width\":1200,\"height\":630},{\"@type\":\"BreadcrumbList\",\"@id\":\"https:\/\/kapitalis.com\/tunisie\/2024\/07\/10\/melenchon-defend-lhonneur-de-la-france\/#breadcrumb\",\"itemListElement\":[{\"@type\":\"ListItem\",\"position\":1,\"name\":\"Accueil\",\"item\":\"https:\/\/kapitalis.com\/tunisie\/\"},{\"@type\":\"ListItem\",\"position\":2,\"name\":\"M\u00e9lenchon d\u00e9fend l\u2019honneur de la France\"}]},{\"@type\":\"WebSite\",\"@id\":\"https:\/\/kapitalis.com\/tunisie\/#website\",\"url\":\"https:\/\/kapitalis.com\/tunisie\/\",\"name\":\"Kapitalis\",\"description\":\"L&#039;actualit\u00e9 en Tunisie et dans le monde\",\"publisher\":{\"@id\":\"https:\/\/kapitalis.com\/tunisie\/#organization\"},\"potentialAction\":[{\"@type\":\"SearchAction\",\"target\":{\"@type\":\"EntryPoint\",\"urlTemplate\":\"https:\/\/kapitalis.com\/tunisie\/?s={search_term_string}\"},\"query-input\":{\"@type\":\"PropertyValueSpecification\",\"valueRequired\":true,\"valueName\":\"search_term_string\"}}],\"inLanguage\":\"fr-FR\"},{\"@type\":\"Organization\",\"@id\":\"https:\/\/kapitalis.com\/tunisie\/#organization\",\"name\":\"Kapitalis\",\"url\":\"https:\/\/kapitalis.com\/tunisie\/\",\"logo\":{\"@type\":\"ImageObject\",\"inLanguage\":\"fr-FR\",\"@id\":\"https:\/\/kapitalis.com\/tunisie\/#\/schema\/logo\/image\/\",\"url\":\"https:\/\/kapitalis.com\/tunisie\/wp-content\/uploads\/2022\/05\/Kapitalis-big-size.png\",\"contentUrl\":\"https:\/\/kapitalis.com\/tunisie\/wp-content\/uploads\/2022\/05\/Kapitalis-big-size.png\",\"width\":5000,\"height\":1500,\"caption\":\"Kapitalis\"},\"image\":{\"@id\":\"https:\/\/kapitalis.com\/tunisie\/#\/schema\/logo\/image\/\"},\"sameAs\":[\"https:\/\/www.facebook.com\/KapitalisInfo\/\",\"https:\/\/x.com\/KapitalisInfo\",\"https:\/\/www.youtube.com\/channel\/UC-yDYrHyfFBWWZaOw3FPg9Q\"]},{\"@type\":\"Person\",\"@id\":\"https:\/\/kapitalis.com\/tunisie\/#\/schema\/person\/d71f33a9ca44f7bad4698210b480c8e9\",\"name\":\"webmaster kapitalis\",\"url\":\"https:\/\/kapitalis.com\/tunisie\/author\/webmaster-kapitalis\/\"}]}<\/script>\n<!-- \/ Yoast SEO plugin. -->","yoast_head_json":{"title":"M\u00e9lenchon d\u00e9fend l\u2019honneur de la France - Kapitalis","robots":{"index":"index","follow":"follow","max-snippet":"max-snippet:-1","max-image-preview":"max-image-preview:large","max-video-preview":"max-video-preview:-1"},"canonical":"https:\/\/kapitalis.com\/tunisie\/2024\/07\/10\/melenchon-defend-lhonneur-de-la-france\/","og_locale":"fr_FR","og_type":"article","og_title":"M\u00e9lenchon d\u00e9fend l\u2019honneur de la France - Kapitalis","og_description":"Jean-Luc M\u00e9lenchon reste fid\u00e8le \u00e0 la tradition g\u00e9n\u00e9reuse de la gauche militante fran\u00e7aise et de la France.","og_url":"https:\/\/kapitalis.com\/tunisie\/2024\/07\/10\/melenchon-defend-lhonneur-de-la-france\/","og_site_name":"Kapitalis","article_publisher":"https:\/\/www.facebook.com\/KapitalisInfo\/","article_published_time":"2024-07-10T07:13:08+00:00","article_modified_time":"2024-07-10T07:13:37+00:00","og_image":[{"width":1200,"height":630,"url":"https:\/\/kapitalis.com\/tunisie\/wp-content\/uploads\/2024\/07\/Nouveau-Front-populaire.jpg","type":"image\/jpeg"}],"author":"webmaster kapitalis","twitter_card":"summary_large_image","twitter_creator":"@KapitalisInfo","twitter_site":"@KapitalisInfo","twitter_misc":{"\u00c9crit par":"webmaster kapitalis","Dur\u00e9e de lecture estim\u00e9e":"3 minutes"},"schema":{"@context":"https:\/\/schema.org","@graph":[{"@type":"Article","@id":"https:\/\/kapitalis.com\/tunisie\/2024\/07\/10\/melenchon-defend-lhonneur-de-la-france\/#article","isPartOf":{"@id":"https:\/\/kapitalis.com\/tunisie\/2024\/07\/10\/melenchon-defend-lhonneur-de-la-france\/"},"author":{"name":"webmaster kapitalis","@id":"https:\/\/kapitalis.com\/tunisie\/#\/schema\/person\/d71f33a9ca44f7bad4698210b480c8e9"},"headline":"M\u00e9lenchon d\u00e9fend l\u2019honneur de la France","datePublished":"2024-07-10T07:13:08+00:00","dateModified":"2024-07-10T07:13:37+00:00","mainEntityOfPage":{"@id":"https:\/\/kapitalis.com\/tunisie\/2024\/07\/10\/melenchon-defend-lhonneur-de-la-france\/"},"wordCount":526,"publisher":{"@id":"https:\/\/kapitalis.com\/tunisie\/#organization"},"image":{"@id":"https:\/\/kapitalis.com\/tunisie\/2024\/07\/10\/melenchon-defend-lhonneur-de-la-france\/#primaryimage"},"thumbnailUrl":"https:\/\/kapitalis.com\/tunisie\/wp-content\/uploads\/2024\/07\/Nouveau-Front-populaire.jpg","keywords":["africains","binationaux","extr\u00eame droite","France","Jean-Luc M\u00e9lenchon","Maghr\u00e9bins","Nouveau Front populaire","Palestiniens","tunisiens"],"articleSection":["A LA UNE","POLITIQUE","TRIBUNE","Tunisie"],"inLanguage":"fr-FR"},{"@type":"WebPage","@id":"https:\/\/kapitalis.com\/tunisie\/2024\/07\/10\/melenchon-defend-lhonneur-de-la-france\/","url":"https:\/\/kapitalis.com\/tunisie\/2024\/07\/10\/melenchon-defend-lhonneur-de-la-france\/","name":"M\u00e9lenchon d\u00e9fend l\u2019honneur de la France - Kapitalis","isPartOf":{"@id":"https:\/\/kapitalis.com\/tunisie\/#website"},"primaryImageOfPage":{"@id":"https:\/\/kapitalis.com\/tunisie\/2024\/07\/10\/melenchon-defend-lhonneur-de-la-france\/#primaryimage"},"image":{"@id":"https:\/\/kapitalis.com\/tunisie\/2024\/07\/10\/melenchon-defend-lhonneur-de-la-france\/#primaryimage"},"thumbnailUrl":"https:\/\/kapitalis.com\/tunisie\/wp-content\/uploads\/2024\/07\/Nouveau-Front-populaire.jpg","datePublished":"2024-07-10T07:13:08+00:00","dateModified":"2024-07-10T07:13:37+00:00","breadcrumb":{"@id":"https:\/\/kapitalis.com\/tunisie\/2024\/07\/10\/melenchon-defend-lhonneur-de-la-france\/#breadcrumb"},"inLanguage":"fr-FR","potentialAction":[{"@type":"ReadAction","target":["https:\/\/kapitalis.com\/tunisie\/2024\/07\/10\/melenchon-defend-lhonneur-de-la-france\/"]}]},{"@type":"ImageObject","inLanguage":"fr-FR","@id":"https:\/\/kapitalis.com\/tunisie\/2024\/07\/10\/melenchon-defend-lhonneur-de-la-france\/#primaryimage","url":"https:\/\/kapitalis.com\/tunisie\/wp-content\/uploads\/2024\/07\/Nouveau-Front-populaire.jpg","contentUrl":"https:\/\/kapitalis.com\/tunisie\/wp-content\/uploads\/2024\/07\/Nouveau-Front-populaire.jpg","width":1200,"height":630},{"@type":"BreadcrumbList","@id":"https:\/\/kapitalis.com\/tunisie\/2024\/07\/10\/melenchon-defend-lhonneur-de-la-france\/#breadcrumb","itemListElement":[{"@type":"ListItem","position":1,"name":"Accueil","item":"https:\/\/kapitalis.com\/tunisie\/"},{"@type":"ListItem","position":2,"name":"M\u00e9lenchon d\u00e9fend l\u2019honneur de la France"}]},{"@type":"WebSite","@id":"https:\/\/kapitalis.com\/tunisie\/#website","url":"https:\/\/kapitalis.com\/tunisie\/","name":"Kapitalis","description":"L&#039;actualit\u00e9 en Tunisie et dans le monde","publisher":{"@id":"https:\/\/kapitalis.com\/tunisie\/#organization"},"potentialAction":[{"@type":"SearchAction","target":{"@type":"EntryPoint","urlTemplate":"https:\/\/kapitalis.com\/tunisie\/?s={search_term_string}"},"query-input":{"@type":"PropertyValueSpecification","valueRequired":true,"valueName":"search_term_string"}}],"inLanguage":"fr-FR"},{"@type":"Organization","@id":"https:\/\/kapitalis.com\/tunisie\/#organization","name":"Kapitalis","url":"https:\/\/kapitalis.com\/tunisie\/","logo":{"@type":"ImageObject","inLanguage":"fr-FR","@id":"https:\/\/kapitalis.com\/tunisie\/#\/schema\/logo\/image\/","url":"https:\/\/kapitalis.com\/tunisie\/wp-content\/uploads\/2022\/05\/Kapitalis-big-size.png","contentUrl":"https:\/\/kapitalis.com\/tunisie\/wp-content\/uploads\/2022\/05\/Kapitalis-big-size.png","width":5000,"height":1500,"caption":"Kapitalis"},"image":{"@id":"https:\/\/kapitalis.com\/tunisie\/#\/schema\/logo\/image\/"},"sameAs":["https:\/\/www.facebook.com\/KapitalisInfo\/","https:\/\/x.com\/KapitalisInfo","https:\/\/www.youtube.com\/channel\/UC-yDYrHyfFBWWZaOw3FPg9Q"]},{"@type":"Person","@id":"https:\/\/kapitalis.com\/tunisie\/#\/schema\/person\/d71f33a9ca44f7bad4698210b480c8e9","name":"webmaster kapitalis","url":"https:\/\/kapitalis.com\/tunisie\/author\/webmaster-kapitalis\/"}]}},"_links":{"self":[{"href":"https:\/\/kapitalis.com\/tunisie\/wp-json\/wp\/v2\/posts\/13537795","targetHints":{"allow":["GET"]}}],"collection":[{"href":"https:\/\/kapitalis.com\/tunisie\/wp-json\/wp\/v2\/posts"}],"about":[{"href":"https:\/\/kapitalis.com\/tunisie\/wp-json\/wp\/v2\/types\/post"}],"author":[{"embeddable":true,"href":"https:\/\/kapitalis.com\/tunisie\/wp-json\/wp\/v2\/users\/8"}],"replies":[{"embeddable":true,"href":"https:\/\/kapitalis.com\/tunisie\/wp-json\/wp\/v2\/comments?post=13537795"}],"version-history":[{"count":2,"href":"https:\/\/kapitalis.com\/tunisie\/wp-json\/wp\/v2\/posts\/13537795\/revisions"}],"predecessor-version":[{"id":13537866,"href":"https:\/\/kapitalis.com\/tunisie\/wp-json\/wp\/v2\/posts\/13537795\/revisions\/13537866"}],"wp:featuredmedia":[{"embeddable":true,"href":"https:\/\/kapitalis.com\/tunisie\/wp-json\/wp\/v2\/media\/13537850"}],"wp:attachment":[{"href":"https:\/\/kapitalis.com\/tunisie\/wp-json\/wp\/v2\/media?parent=13537795"}],"wp:term":[{"taxonomy":"category","embeddable":true,"href":"https:\/\/kapitalis.com\/tunisie\/wp-json\/wp\/v2\/categories?post=13537795"},{"taxonomy":"post_tag","embeddable":true,"href":"https:\/\/kapitalis.com\/tunisie\/wp-json\/wp\/v2\/tags?post=13537795"}],"curies":[{"name":"wp","href":"https:\/\/api.w.org\/{rel}","templated":true}]}}